{"id":67460,"date":"2024-12-03T19:20:30","date_gmt":"2024-12-03T18:20:30","guid":{"rendered":"https:\/\/blog.brand-architecture.at\/2024\/12\/03\/topregal-com-festa-de-colocacao-da-primeira-pedra-para-instalacao-de-armazenamento-e-producao-em-pasewalk\/"},"modified":"2024-12-03T19:20:30","modified_gmt":"2024-12-03T18:20:30","slug":"topregal-com-festa-de-colocacao-da-primeira-pedra-para-instalacao-de-armazenamento-e-producao-em-pasewalk","status":"publish","type":"post","link":"https:\/\/loginfo24.com\/pt-pt\/2024\/12\/03\/topregal-com-festa-de-colocacao-da-primeira-pedra-para-instalacao-de-armazenamento-e-producao-em-pasewalk\/","title":{"rendered":"Topregal com festa de coloca\u00e7\u00e3o da primeira pedra para instala\u00e7\u00e3o de armazenamento e produ\u00e7\u00e3o em Pasewalk"},"content":{"rendered":"<h5>A expans\u00e3o da instala\u00e7\u00e3o de armazenamento e produ\u00e7\u00e3o da TOPREGAL no Parque Industrial de Berlim-Estetino em Pasewalk avan\u00e7a constantemente: Apenas tr\u00eas anos ap\u00f3s a instala\u00e7\u00e3o no parque industrial e a conclus\u00e3o dos primeiros quatro armaz\u00e9ns, a empresa de m\u00e9dio porte especializada em equipamentos de armazenamento e opera\u00e7\u00e3o celebrou no dia 3 de dezembro de 2024 a festa de coloca\u00e7\u00e3o da primeira pedra para dois novos armaz\u00e9ns.<\/h5>\n<p>(Filderstadt\/Pasewalk) Em um ambiente festivo, numerosos convidados \u2013 incluindo a Ministra-Presidente do Estado de Mecklemburgo-Pomer\u00e2nia Ocidental, Manuela Schwesig, o Ministro designado para Economia, Infraestrutura, Turismo e Trabalho do Estado de Mecklemburgo-Pomer\u00e2nia Ocidental, Wolfgang Blank, o Secret\u00e1rio de Estado Parlamentar para Vorpommern e o leste de Mecklemburgo, Heiko Mira\u00df, o chefe de departamento do Minist\u00e9rio da Economia, Infraestrutura, Turismo e Trabalho de Mecklemburgo-Pomer\u00e2nia Ocidental, Ralf Sippel, o presidente do distrito de Vorpommern-Greifswald, Michael Sack, e o prefeito da cidade de Pasewalk, Danny Rodewald \u2013 se informaram sobre a \u00e1rea industrial de Pasewalk. Ap\u00f3s uma recep\u00e7\u00e3o por J\u00fcrgen Effner e Gino Klatt, diretores da TOPREGAL GmbH, seguiu-se a tradicional b\u00ean\u00e7\u00e3o da obra por J\u00f6rg Heuer, chefe do escrit\u00f3rio da Goldbeck em Schwerin. Em seguida, Manuela Schwesig fez um discurso. &#8220;A TOPREGAL deu vida ao Parque Industrial de Berlim-Estetino com os primeiros quatro armaz\u00e9ns. Isso foi em 2021. Agora, dois novos armaz\u00e9ns est\u00e3o sendo adicionados. Pelo menos 20 novos postos de trabalho devem ser criados. Estou muito feliz que a TOPREGAL tenha se estabelecido t\u00e3o bem em Pasewalk. O parque industrial \u00e9 um bom exemplo do que o governo estadual deseja alcan\u00e7ar com seu conceito industrial para Mecklemburgo-Pomer\u00e2nia Ocidental: Mais ind\u00fastria. Mais valor agregado. Mais empregos&#8221;, disse a Ministra-Presidente.<\/p>\n<p>&#8220;Ap\u00f3s a conclus\u00e3o dos nossos primeiros quatro armaz\u00e9ns com mais de 20.000 metros quadrados, ficou claro rapidamente que quer\u00edamos expandir ainda mais nossa localiza\u00e7\u00e3o em Pasewalk. Portanto, est\u00e3o sendo constru\u00eddos esses dois novos armaz\u00e9ns em uma \u00e1rea adjacente, cada um com 5.000 metros quadrados. Assim, podemos atender \u00e0 grande demanda por nossos produtos da marca SoloPort e criar mais postos de trabalho. No futuro, aqui ser\u00e3o fabricadas, armazenadas e enviadas novidades como coberturas solares para estacionamentos&#8221;, relata J\u00fcrgen Effner.<\/p>\n<h5>Pronto para ocupa\u00e7\u00e3o no segundo semestre de 2025<\/h5>\n<p>Para a constru\u00e7\u00e3o dos dois novos armaz\u00e9ns, a TOPREGAL, assim como nos primeiros quatro, conta com a empresa Goldbeck. Ambos os armaz\u00e9ns ter\u00e3o modernas instala\u00e7\u00f5es fotovoltaicas de 550 kWp no telhado. No total, os seis armaz\u00e9ns, ap\u00f3s a conclus\u00e3o, gerar\u00e3o 3,4 megawatts pico de pot\u00eancia. Uma parte da energia gerada \u00e9 utilizada pela TOPREGAL para consumo pr\u00f3prio, fluindo diretamente para a produ\u00e7\u00e3o. No entanto, a maior parte ser\u00e1 injetada na rede para abastecer a regi\u00e3o. &#8220;Nossa localiza\u00e7\u00e3o de produ\u00e7\u00e3o e armazenamento no Parque Industrial de Berlim-Estetino em Pasewalk abrange, portanto, um total de 82.000 metros quadrados. Os dois armaz\u00e9ns devem estar prontos para ocupa\u00e7\u00e3o no segundo semestre de 2025&#8221;, conclui Effner.<\/p>\n<p>Foto: \u00a9 Topregal \/ <em><strong>Legenda da imagem:<\/strong> Para a festa de coloca\u00e7\u00e3o da primeira pedra do novo im\u00f3vel log\u00edstico da Topregal, at\u00e9 mesmo Manuela Schwesig (\u00e0 esquerda), a Ministra-Presidente de Mecklemburgo-Pomer\u00e2nia Ocidental, compareceu<\/em><\/p>\n","protected":false},"excerpt":{"rendered":"<p>A expans\u00e3o da instala\u00e7\u00e3o de armazenamento e produ\u00e7\u00e3o da TOPREGAL no Parque Industrial de Berlim-Estetino em Pasewalk avan\u00e7a constantemente: Apenas tr\u00eas anos ap\u00f3s a instala\u00e7\u00e3o no<span class=\"excerpt-hellip\"> [\u2026]<\/span><\/p>\n","protected":false},"author":0,"featured_media":5641,"comment_status":"open","ping_status":"open","sticky":false,"template":"","format":"standard","meta":{"_acf_changed":false,"footnotes":""},"categories":[1557,1560,1561],"tags":[],"class_list":["post-67460","post","type-post","status-publish","format-standard","has-post-thumbnail","hentry","category-forwarding-logistics","category-intralogistics","category-regions"],"acf":[],"yoast_head":"<!-- This site is optimized with the Yoast SEO plugin v27.3 - https:\/\/yoast.com\/product\/yoast-seo-wordpress\/ -->\n<title>Topregal com festa de coloca\u00e7\u00e3o da primeira pedra para instala\u00e7\u00e3o de armazenamento e produ\u00e7\u00e3o em Pasewalk - Loginfo24<\/title>\n<meta name=\"robots\" content=\"index, follow, max-snippet:-1, max-image-preview:large, max-video-preview:-1\" \/>\n<link rel=\"canonical\" href=\"https:\/\/loginfo24.com\/pt-pt\/2024\/12\/03\/topregal-com-festa-de-colocacao-da-primeira-pedra-para-instalacao-de-armazenamento-e-producao-em-pasewalk\/\" \/>\n<meta property=\"og:locale\" content=\"pt_PT\" \/>\n<meta property=\"og:type\" content=\"article\" \/>\n<meta property=\"og:title\" content=\"Topregal com festa de coloca\u00e7\u00e3o da primeira pedra para instala\u00e7\u00e3o de armazenamento e produ\u00e7\u00e3o em Pasewalk - Loginfo24\" \/>\n<meta property=\"og:description\" content=\"A expans\u00e3o da instala\u00e7\u00e3o de armazenamento e produ\u00e7\u00e3o da TOPREGAL no Parque Industrial de Berlim-Estetino em Pasewalk avan\u00e7a constantemente: Apenas tr\u00eas anos ap\u00f3s a instala\u00e7\u00e3o no [\u2026]\" \/>\n<meta property=\"og:url\" content=\"https:\/\/loginfo24.com\/pt-pt\/2024\/12\/03\/topregal-com-festa-de-colocacao-da-primeira-pedra-para-instalacao-de-armazenamento-e-producao-em-pasewalk\/\" \/>\n<meta property=\"og:site_name\" content=\"Loginfo24\" \/>\n<meta property=\"article:publisher\" content=\"https:\/\/www.facebook.com\/people\/Loginfo24\/100057360583332\/\" \/>\n<meta property=\"article:published_time\" content=\"2024-12-03T18:20:30+00:00\" \/>\n<meta property=\"og:image\" content=\"https:\/\/loginfo24.com\/wp-content\/uploads\/sites\/7\/2025\/12\/Topregal_3.12.24.jpg\" \/>\n\t<meta property=\"og:image:width\" content=\"1401\" \/>\n\t<meta property=\"og:image:height\" content=\"774\" \/>\n\t<meta property=\"og:image:type\" content=\"image\/jpeg\" \/>\n<meta name=\"twitter:card\" content=\"summary_large_image\" \/>\n<meta name=\"twitter:label1\" content=\"Tempo estimado de leitura\" \/>\n\t<meta name=\"twitter:data1\" content=\"3 minutos\" \/>\n<script type=\"application\/ld+json\" class=\"yoast-schema-graph\">{\"@context\":\"https:\\\/\\\/schema.org\",\"@graph\":[{\"@type\":\"Article\",\"@id\":\"https:\\\/\\\/loginfo24.com\\\/pt-pt\\\/2024\\\/12\\\/03\\\/topregal-com-festa-de-colocacao-da-primeira-pedra-para-instalacao-de-armazenamento-e-producao-em-pasewalk\\\/#article\",\"isPartOf\":{\"@id\":\"https:\\\/\\\/loginfo24.com\\\/pt-pt\\\/2024\\\/12\\\/03\\\/topregal-com-festa-de-colocacao-da-primeira-pedra-para-instalacao-de-armazenamento-e-producao-em-pasewalk\\\/\"},\"author\":{\"name\":\"\",\"@id\":\"\"},\"headline\":\"Topregal com festa de coloca\u00e7\u00e3o da primeira pedra para instala\u00e7\u00e3o de armazenamento e produ\u00e7\u00e3o em Pasewalk\",\"datePublished\":\"2024-12-03T18:20:30+00:00\",\"mainEntityOfPage\":{\"@id\":\"https:\\\/\\\/loginfo24.com\\\/pt-pt\\\/2024\\\/12\\\/03\\\/topregal-com-festa-de-colocacao-da-primeira-pedra-para-instalacao-de-armazenamento-e-producao-em-pasewalk\\\/\"},\"wordCount\":568,\"commentCount\":0,\"publisher\":{\"@id\":\"https:\\\/\\\/loginfo24.com\\\/pt-pt\\\/#organization\"},\"image\":{\"@id\":\"https:\\\/\\\/loginfo24.com\\\/pt-pt\\\/2024\\\/12\\\/03\\\/topregal-com-festa-de-colocacao-da-primeira-pedra-para-instalacao-de-armazenamento-e-producao-em-pasewalk\\\/#primaryimage\"},\"thumbnailUrl\":\"https:\\\/\\\/loginfo24.com\\\/wp-content\\\/uploads\\\/sites\\\/7\\\/2025\\\/12\\\/Topregal_3.12.24.jpg\",\"articleSection\":[\"Forwarding &amp; Logistics\",\"Intralogistics\",\"Regions\"],\"inLanguage\":\"pt-PT\",\"potentialAction\":[{\"@type\":\"CommentAction\",\"name\":\"Comment\",\"target\":[\"https:\\\/\\\/loginfo24.com\\\/pt-pt\\\/2024\\\/12\\\/03\\\/topregal-com-festa-de-colocacao-da-primeira-pedra-para-instalacao-de-armazenamento-e-producao-em-pasewalk\\\/#respond\"]}]},{\"@type\":\"WebPage\",\"@id\":\"https:\\\/\\\/loginfo24.com\\\/pt-pt\\\/2024\\\/12\\\/03\\\/topregal-com-festa-de-colocacao-da-primeira-pedra-para-instalacao-de-armazenamento-e-producao-em-pasewalk\\\/\",\"url\":\"https:\\\/\\\/loginfo24.com\\\/pt-pt\\\/2024\\\/12\\\/03\\\/topregal-com-festa-de-colocacao-da-primeira-pedra-para-instalacao-de-armazenamento-e-producao-em-pasewalk\\\/\",\"name\":\"Topregal com festa de coloca\u00e7\u00e3o da primeira pedra para instala\u00e7\u00e3o de armazenamento e produ\u00e7\u00e3o em Pasewalk - Loginfo24\",\"isPartOf\":{\"@id\":\"https:\\\/\\\/loginfo24.com\\\/pt-pt\\\/#website\"},\"primaryImageOfPage\":{\"@id\":\"https:\\\/\\\/loginfo24.com\\\/pt-pt\\\/2024\\\/12\\\/03\\\/topregal-com-festa-de-colocacao-da-primeira-pedra-para-instalacao-de-armazenamento-e-producao-em-pasewalk\\\/#primaryimage\"},\"image\":{\"@id\":\"https:\\\/\\\/loginfo24.com\\\/pt-pt\\\/2024\\\/12\\\/03\\\/topregal-com-festa-de-colocacao-da-primeira-pedra-para-instalacao-de-armazenamento-e-producao-em-pasewalk\\\/#primaryimage\"},\"thumbnailUrl\":\"https:\\\/\\\/loginfo24.com\\\/wp-content\\\/uploads\\\/sites\\\/7\\\/2025\\\/12\\\/Topregal_3.12.24.jpg\",\"datePublished\":\"2024-12-03T18:20:30+00:00\",\"breadcrumb\":{\"@id\":\"https:\\\/\\\/loginfo24.com\\\/pt-pt\\\/2024\\\/12\\\/03\\\/topregal-com-festa-de-colocacao-da-primeira-pedra-para-instalacao-de-armazenamento-e-producao-em-pasewalk\\\/#breadcrumb\"},\"inLanguage\":\"pt-PT\",\"potentialAction\":[{\"@type\":\"ReadAction\",\"target\":[\"https:\\\/\\\/loginfo24.com\\\/pt-pt\\\/2024\\\/12\\\/03\\\/topregal-com-festa-de-colocacao-da-primeira-pedra-para-instalacao-de-armazenamento-e-producao-em-pasewalk\\\/\"]}]},{\"@type\":\"ImageObject\",\"inLanguage\":\"pt-PT\",\"@id\":\"https:\\\/\\\/loginfo24.com\\\/pt-pt\\\/2024\\\/12\\\/03\\\/topregal-com-festa-de-colocacao-da-primeira-pedra-para-instalacao-de-armazenamento-e-producao-em-pasewalk\\\/#primaryimage\",\"url\":\"https:\\\/\\\/loginfo24.com\\\/wp-content\\\/uploads\\\/sites\\\/7\\\/2025\\\/12\\\/Topregal_3.12.24.jpg\",\"contentUrl\":\"https:\\\/\\\/loginfo24.com\\\/wp-content\\\/uploads\\\/sites\\\/7\\\/2025\\\/12\\\/Topregal_3.12.24.jpg\",\"width\":1401,\"height\":774},{\"@type\":\"BreadcrumbList\",\"@id\":\"https:\\\/\\\/loginfo24.com\\\/pt-pt\\\/2024\\\/12\\\/03\\\/topregal-com-festa-de-colocacao-da-primeira-pedra-para-instalacao-de-armazenamento-e-producao-em-pasewalk\\\/#breadcrumb\",\"itemListElement\":[{\"@type\":\"ListItem\",\"position\":1,\"name\":\"Startseite\",\"item\":\"https:\\\/\\\/loginfo24.com\\\/pt-pt\\\/\"},{\"@type\":\"ListItem\",\"position\":2,\"name\":\"Topregal com festa de coloca\u00e7\u00e3o da primeira pedra para instala\u00e7\u00e3o de armazenamento e produ\u00e7\u00e3o em Pasewalk\"}]},{\"@type\":\"WebSite\",\"@id\":\"https:\\\/\\\/loginfo24.com\\\/pt-pt\\\/#website\",\"url\":\"https:\\\/\\\/loginfo24.com\\\/pt-pt\\\/\",\"name\":\"Loginfo24\",\"description\":\"Loginfo24 \u00e9 a plataforma dedicada \u00e0 log\u00edstica e \u00e0s cadeias de abastecimento, com informa\u00e7\u00f5es dispon\u00edveis 24 horas por dia.\",\"publisher\":{\"@id\":\"https:\\\/\\\/loginfo24.com\\\/pt-pt\\\/#organization\"},\"potentialAction\":[{\"@type\":\"SearchAction\",\"target\":{\"@type\":\"EntryPoint\",\"urlTemplate\":\"https:\\\/\\\/loginfo24.com\\\/pt-pt\\\/?s={search_term_string}\"},\"query-input\":{\"@type\":\"PropertyValueSpecification\",\"valueRequired\":true,\"valueName\":\"search_term_string\"}}],\"inLanguage\":\"pt-PT\"},{\"@type\":\"Organization\",\"@id\":\"https:\\\/\\\/loginfo24.com\\\/pt-pt\\\/#organization\",\"name\":\"Logismedia Group AG\",\"url\":\"https:\\\/\\\/loginfo24.com\\\/pt-pt\\\/\",\"logo\":{\"@type\":\"ImageObject\",\"inLanguage\":\"pt-PT\",\"@id\":\"https:\\\/\\\/loginfo24.com\\\/pt-pt\\\/#\\\/schema\\\/logo\\\/image\\\/\",\"url\":\"https:\\\/\\\/loginfo24.com\\\/wp-content\\\/uploads\\\/sites\\\/7\\\/2026\\\/01\\\/Logo_LogInfo24.png\",\"contentUrl\":\"https:\\\/\\\/loginfo24.com\\\/wp-content\\\/uploads\\\/sites\\\/7\\\/2026\\\/01\\\/Logo_LogInfo24.png\",\"width\":938,\"height\":351,\"caption\":\"Logismedia Group AG\"},\"image\":{\"@id\":\"https:\\\/\\\/loginfo24.com\\\/pt-pt\\\/#\\\/schema\\\/logo\\\/image\\\/\"},\"sameAs\":[\"https:\\\/\\\/www.facebook.com\\\/people\\\/Loginfo24\\\/100057360583332\\\/\",\"https:\\\/\\\/www.linkedin.com\\\/company\\\/lofinfo24\\\/\"]}]}<\/script>\n<!-- \/ Yoast SEO plugin. -->","yoast_head_json":{"title":"Topregal com festa de coloca\u00e7\u00e3o da primeira pedra para instala\u00e7\u00e3o de armazenamento e produ\u00e7\u00e3o em Pasewalk - Loginfo24","robots":{"index":"index","follow":"follow","max-snippet":"max-snippet:-1","max-image-preview":"max-image-preview:large","max-video-preview":"max-video-preview:-1"},"canonical":"https:\/\/loginfo24.com\/pt-pt\/2024\/12\/03\/topregal-com-festa-de-colocacao-da-primeira-pedra-para-instalacao-de-armazenamento-e-producao-em-pasewalk\/","og_locale":"pt_PT","og_type":"article","og_title":"Topregal com festa de coloca\u00e7\u00e3o da primeira pedra para instala\u00e7\u00e3o de armazenamento e produ\u00e7\u00e3o em Pasewalk - Loginfo24","og_description":"A expans\u00e3o da instala\u00e7\u00e3o de armazenamento e produ\u00e7\u00e3o da TOPREGAL no Parque Industrial de Berlim-Estetino em Pasewalk avan\u00e7a constantemente: Apenas tr\u00eas anos ap\u00f3s a instala\u00e7\u00e3o no [\u2026]","og_url":"https:\/\/loginfo24.com\/pt-pt\/2024\/12\/03\/topregal-com-festa-de-colocacao-da-primeira-pedra-para-instalacao-de-armazenamento-e-producao-em-pasewalk\/","og_site_name":"Loginfo24","article_publisher":"https:\/\/www.facebook.com\/people\/Loginfo24\/100057360583332\/","article_published_time":"2024-12-03T18:20:30+00:00","og_image":[{"width":1401,"height":774,"url":"https:\/\/loginfo24.com\/wp-content\/uploads\/sites\/7\/2025\/12\/Topregal_3.12.24.jpg","type":"image\/jpeg"}],"twitter_card":"summary_large_image","twitter_misc":{"Tempo estimado de leitura":"3 minutos"},"schema":{"@context":"https:\/\/schema.org","@graph":[{"@type":"Article","@id":"https:\/\/loginfo24.com\/pt-pt\/2024\/12\/03\/topregal-com-festa-de-colocacao-da-primeira-pedra-para-instalacao-de-armazenamento-e-producao-em-pasewalk\/#article","isPartOf":{"@id":"https:\/\/loginfo24.com\/pt-pt\/2024\/12\/03\/topregal-com-festa-de-colocacao-da-primeira-pedra-para-instalacao-de-armazenamento-e-producao-em-pasewalk\/"},"author":{"name":"","@id":""},"headline":"Topregal com festa de coloca\u00e7\u00e3o da primeira pedra para instala\u00e7\u00e3o de armazenamento e produ\u00e7\u00e3o em Pasewalk","datePublished":"2024-12-03T18:20:30+00:00","mainEntityOfPage":{"@id":"https:\/\/loginfo24.com\/pt-pt\/2024\/12\/03\/topregal-com-festa-de-colocacao-da-primeira-pedra-para-instalacao-de-armazenamento-e-producao-em-pasewalk\/"},"wordCount":568,"commentCount":0,"publisher":{"@id":"https:\/\/loginfo24.com\/pt-pt\/#organization"},"image":{"@id":"https:\/\/loginfo24.com\/pt-pt\/2024\/12\/03\/topregal-com-festa-de-colocacao-da-primeira-pedra-para-instalacao-de-armazenamento-e-producao-em-pasewalk\/#primaryimage"},"thumbnailUrl":"https:\/\/loginfo24.com\/wp-content\/uploads\/sites\/7\/2025\/12\/Topregal_3.12.24.jpg","articleSection":["Forwarding &amp; Logistics","Intralogistics","Regions"],"inLanguage":"pt-PT","potentialAction":[{"@type":"CommentAction","name":"Comment","target":["https:\/\/loginfo24.com\/pt-pt\/2024\/12\/03\/topregal-com-festa-de-colocacao-da-primeira-pedra-para-instalacao-de-armazenamento-e-producao-em-pasewalk\/#respond"]}]},{"@type":"WebPage","@id":"https:\/\/loginfo24.com\/pt-pt\/2024\/12\/03\/topregal-com-festa-de-colocacao-da-primeira-pedra-para-instalacao-de-armazenamento-e-producao-em-pasewalk\/","url":"https:\/\/loginfo24.com\/pt-pt\/2024\/12\/03\/topregal-com-festa-de-colocacao-da-primeira-pedra-para-instalacao-de-armazenamento-e-producao-em-pasewalk\/","name":"Topregal com festa de coloca\u00e7\u00e3o da primeira pedra para instala\u00e7\u00e3o de armazenamento e produ\u00e7\u00e3o em Pasewalk - Loginfo24","isPartOf":{"@id":"https:\/\/loginfo24.com\/pt-pt\/#website"},"primaryImageOfPage":{"@id":"https:\/\/loginfo24.com\/pt-pt\/2024\/12\/03\/topregal-com-festa-de-colocacao-da-primeira-pedra-para-instalacao-de-armazenamento-e-producao-em-pasewalk\/#primaryimage"},"image":{"@id":"https:\/\/loginfo24.com\/pt-pt\/2024\/12\/03\/topregal-com-festa-de-colocacao-da-primeira-pedra-para-instalacao-de-armazenamento-e-producao-em-pasewalk\/#primaryimage"},"thumbnailUrl":"https:\/\/loginfo24.com\/wp-content\/uploads\/sites\/7\/2025\/12\/Topregal_3.12.24.jpg","datePublished":"2024-12-03T18:20:30+00:00","breadcrumb":{"@id":"https:\/\/loginfo24.com\/pt-pt\/2024\/12\/03\/topregal-com-festa-de-colocacao-da-primeira-pedra-para-instalacao-de-armazenamento-e-producao-em-pasewalk\/#breadcrumb"},"inLanguage":"pt-PT","potentialAction":[{"@type":"ReadAction","target":["https:\/\/loginfo24.com\/pt-pt\/2024\/12\/03\/topregal-com-festa-de-colocacao-da-primeira-pedra-para-instalacao-de-armazenamento-e-producao-em-pasewalk\/"]}]},{"@type":"ImageObject","inLanguage":"pt-PT","@id":"https:\/\/loginfo24.com\/pt-pt\/2024\/12\/03\/topregal-com-festa-de-colocacao-da-primeira-pedra-para-instalacao-de-armazenamento-e-producao-em-pasewalk\/#primaryimage","url":"https:\/\/loginfo24.com\/wp-content\/uploads\/sites\/7\/2025\/12\/Topregal_3.12.24.jpg","contentUrl":"https:\/\/loginfo24.com\/wp-content\/uploads\/sites\/7\/2025\/12\/Topregal_3.12.24.jpg","width":1401,"height":774},{"@type":"BreadcrumbList","@id":"https:\/\/loginfo24.com\/pt-pt\/2024\/12\/03\/topregal-com-festa-de-colocacao-da-primeira-pedra-para-instalacao-de-armazenamento-e-producao-em-pasewalk\/#breadcrumb","itemListElement":[{"@type":"ListItem","position":1,"name":"Startseite","item":"https:\/\/loginfo24.com\/pt-pt\/"},{"@type":"ListItem","position":2,"name":"Topregal com festa de coloca\u00e7\u00e3o da primeira pedra para instala\u00e7\u00e3o de armazenamento e produ\u00e7\u00e3o em Pasewalk"}]},{"@type":"WebSite","@id":"https:\/\/loginfo24.com\/pt-pt\/#website","url":"https:\/\/loginfo24.com\/pt-pt\/","name":"Loginfo24","description":"Loginfo24 \u00e9 a plataforma dedicada \u00e0 log\u00edstica e \u00e0s cadeias de abastecimento, com informa\u00e7\u00f5es dispon\u00edveis 24 horas por dia.","publisher":{"@id":"https:\/\/loginfo24.com\/pt-pt\/#organization"},"potentialAction":[{"@type":"SearchAction","target":{"@type":"EntryPoint","urlTemplate":"https:\/\/loginfo24.com\/pt-pt\/?s={search_term_string}"},"query-input":{"@type":"PropertyValueSpecification","valueRequired":true,"valueName":"search_term_string"}}],"inLanguage":"pt-PT"},{"@type":"Organization","@id":"https:\/\/loginfo24.com\/pt-pt\/#organization","name":"Logismedia Group AG","url":"https:\/\/loginfo24.com\/pt-pt\/","logo":{"@type":"ImageObject","inLanguage":"pt-PT","@id":"https:\/\/loginfo24.com\/pt-pt\/#\/schema\/logo\/image\/","url":"https:\/\/loginfo24.com\/wp-content\/uploads\/sites\/7\/2026\/01\/Logo_LogInfo24.png","contentUrl":"https:\/\/loginfo24.com\/wp-content\/uploads\/sites\/7\/2026\/01\/Logo_LogInfo24.png","width":938,"height":351,"caption":"Logismedia Group AG"},"image":{"@id":"https:\/\/loginfo24.com\/pt-pt\/#\/schema\/logo\/image\/"},"sameAs":["https:\/\/www.facebook.com\/people\/Loginfo24\/100057360583332\/","https:\/\/www.linkedin.com\/company\/lofinfo24\/"]}]}},"_links":{"self":[{"href":"https:\/\/loginfo24.com\/pt-pt\/wp-json\/wp\/v2\/posts\/67460","targetHints":{"allow":["GET"]}}],"collection":[{"href":"https:\/\/loginfo24.com\/pt-pt\/wp-json\/wp\/v2\/posts"}],"about":[{"href":"https:\/\/loginfo24.com\/pt-pt\/wp-json\/wp\/v2\/types\/post"}],"replies":[{"embeddable":true,"href":"https:\/\/loginfo24.com\/pt-pt\/wp-json\/wp\/v2\/comments?post=67460"}],"version-history":[{"count":0,"href":"https:\/\/loginfo24.com\/pt-pt\/wp-json\/wp\/v2\/posts\/67460\/revisions"}],"wp:featuredmedia":[{"embeddable":true,"href":"https:\/\/loginfo24.com\/pt-pt\/wp-json\/wp\/v2\/media\/5641"}],"wp:attachment":[{"href":"https:\/\/loginfo24.com\/pt-pt\/wp-json\/wp\/v2\/media?parent=67460"}],"wp:term":[{"taxonomy":"category","embeddable":true,"href":"https:\/\/loginfo24.com\/pt-pt\/wp-json\/wp\/v2\/categories?post=67460"},{"taxonomy":"post_tag","embeddable":true,"href":"https:\/\/loginfo24.com\/pt-pt\/wp-json\/wp\/v2\/tags?post=67460"}],"curies":[{"name":"wp","href":"https:\/\/api.w.org\/{rel}","templated":true}]}}