{"id":67034,"date":"2024-10-29T18:23:43","date_gmt":"2024-10-29T17:23:43","guid":{"rendered":"https:\/\/blog.brand-architecture.at\/2024\/10\/29\/a-lufthansa-cargo-inicia-o-servico-de-transporte-de-carga-transpacifico\/"},"modified":"2024-10-29T18:23:43","modified_gmt":"2024-10-29T17:23:43","slug":"a-lufthansa-cargo-inicia-o-servico-de-transporte-de-carga-transpacifico","status":"publish","type":"post","link":"https:\/\/loginfo24.com\/pt-pt\/2024\/10\/29\/a-lufthansa-cargo-inicia-o-servico-de-transporte-de-carga-transpacifico\/","title":{"rendered":"A Lufthansa Cargo inicia o servi\u00e7o de transporte de carga transpac\u00edfico"},"content":{"rendered":"<h5>Com o in\u00edcio do hor\u00e1rio de voos de inverno no passado fim de semana, a Lufthansa Cargo lan\u00e7ou seu primeiro servi\u00e7o direto de transporte de carga transpac\u00edfico da \u00c1sia para a Am\u00e9rica do Norte. No domingo, 27 de outubro de 2024, o voo LH8019 de Ho Chi Minh, Vietn\u00e3 (SGN), decolou em dire\u00e7\u00e3o a Los Angeles, EUA (LAX), realizado pela subsidi\u00e1ria JV AeroLogic.<\/h5>\n<p>(Frankfurt\/Los Angeles\/Ho Chi Minh) Antes disso, a aeronave, identificada como D-AALO, partiu de Frankfurt (FRA) em dire\u00e7\u00e3o ao Vietn\u00e3 no s\u00e1bado, 26 de outubro de 2024. Ela retornou de Los Angeles no domingo, 27 de outubro de 2024, e chegou na segunda-feira, 28 de outubro de 2024, ao hub da companhia a\u00e9rea.<\/p>\n<p>&#8220;Esta nova conex\u00e3o de carga sublinha nosso compromisso em conectar mercados, respondendo \u00e0 demanda da economia em r\u00e1pido crescimento do Vietn\u00e3, que agora pode ser ligada aos EUA de forma ainda mais r\u00e1pida e fluida. Esta oferta destaca nosso objetivo de possibilitar neg\u00f3cios globais. Por isso, estamos continuamente avaliando as oportunidades de estabelecer novas rotas e crescer em ambientes de mercado din\u00e2micos&#8221;, explica Ashwin Bhat, CEO da Lufthansa Cargo.<\/p>\n<p>Com o novo hor\u00e1rio de voos, a Lufthansa Cargo oferece agora a seus clientes 89 conex\u00f5es semanais de cargueiros B777F em todo o mundo. Dentre elas, est\u00e3o 50 frequ\u00eancias para 17 destinos na regi\u00e3o asi\u00e1tica, refletindo a forte demanda na \u00e1rea. A crescente ind\u00fastria de eCommerce, entre outros fatores, impulsiona esse desenvolvimento, ao qual a Lufthansa Cargo pode reagir de forma r\u00e1pida e flex\u00edvel devido a prepara\u00e7\u00f5es antecipadas.<\/p>\n<h5>350 destinos em 100 pa\u00edses<\/h5>\n<p>Gra\u00e7as \u00e0 sua pr\u00f3pria frota de cargueiros A321 para rotas curtas e m\u00e9dias, bem como \u00e0 capacidade de carga comercializada na extensa rede da Lufthansa Airlines, Austrian Airlines, Brussels Airlines, Discover Airlines e SunExpress, a Lufthansa Cargo pode oferecer a seus clientes, no hor\u00e1rio de voos de inverno, capacidades para mais de 350 destinos em 100 pa\u00edses.<\/p>\n<p>Foto: \u00a9 Lufthansa Cargo<\/p>\n","protected":false},"excerpt":{"rendered":"<p>Com o in\u00edcio do hor\u00e1rio de voos de inverno no passado fim de semana, a Lufthansa Cargo lan\u00e7ou seu primeiro servi\u00e7o direto de transporte de carga<span class=\"excerpt-hellip\"> [\u2026]<\/span><\/p>\n","protected":false},"author":0,"featured_media":5812,"comment_status":"open","ping_status":"open","sticky":false,"template":"","format":"standard","meta":{"_acf_changed":false,"footnotes":""},"categories":[1559],"tags":[],"class_list":["post-67034","post","type-post","status-publish","format-standard","has-post-thumbnail","hentry","category-shipping-ports"],"acf":[],"yoast_head":"<!-- This site is optimized with the Yoast SEO plugin v27.3 - https:\/\/yoast.com\/product\/yoast-seo-wordpress\/ -->\n<title>A Lufthansa Cargo inicia o servi\u00e7o de transporte de carga transpac\u00edfico - Loginfo24<\/title>\n<meta name=\"robots\" content=\"index, follow, max-snippet:-1, max-image-preview:large, max-video-preview:-1\" \/>\n<link rel=\"canonical\" href=\"https:\/\/loginfo24.com\/pt-pt\/2024\/10\/29\/a-lufthansa-cargo-inicia-o-servico-de-transporte-de-carga-transpacifico\/\" \/>\n<meta property=\"og:locale\" content=\"pt_PT\" \/>\n<meta property=\"og:type\" content=\"article\" \/>\n<meta property=\"og:title\" content=\"A Lufthansa Cargo inicia o servi\u00e7o de transporte de carga transpac\u00edfico - Loginfo24\" \/>\n<meta property=\"og:description\" content=\"Com o in\u00edcio do hor\u00e1rio de voos de inverno no passado fim de semana, a Lufthansa Cargo lan\u00e7ou seu primeiro servi\u00e7o direto de transporte de carga [\u2026]\" \/>\n<meta property=\"og:url\" content=\"https:\/\/loginfo24.com\/pt-pt\/2024\/10\/29\/a-lufthansa-cargo-inicia-o-servico-de-transporte-de-carga-transpacifico\/\" \/>\n<meta property=\"og:site_name\" content=\"Loginfo24\" \/>\n<meta property=\"article:publisher\" content=\"https:\/\/www.facebook.com\/people\/Loginfo24\/100057360583332\/\" \/>\n<meta property=\"article:published_time\" content=\"2024-10-29T17:23:43+00:00\" \/>\n<meta property=\"og:image\" content=\"https:\/\/loginfo24.com\/wp-content\/uploads\/sites\/7\/2025\/12\/Lufthansa_Cargo_29.10.24.jpg\" \/>\n\t<meta property=\"og:image:width\" content=\"1572\" \/>\n\t<meta property=\"og:image:height\" content=\"748\" \/>\n\t<meta property=\"og:image:type\" content=\"image\/jpeg\" \/>\n<meta name=\"twitter:card\" content=\"summary_large_image\" \/>\n<meta name=\"twitter:label1\" content=\"Tempo estimado de leitura\" \/>\n\t<meta name=\"twitter:data1\" content=\"2 minutos\" \/>\n<script type=\"application\/ld+json\" class=\"yoast-schema-graph\">{\"@context\":\"https:\\\/\\\/schema.org\",\"@graph\":[{\"@type\":\"Article\",\"@id\":\"https:\\\/\\\/loginfo24.com\\\/pt-pt\\\/2024\\\/10\\\/29\\\/a-lufthansa-cargo-inicia-o-servico-de-transporte-de-carga-transpacifico\\\/#article\",\"isPartOf\":{\"@id\":\"https:\\\/\\\/loginfo24.com\\\/pt-pt\\\/2024\\\/10\\\/29\\\/a-lufthansa-cargo-inicia-o-servico-de-transporte-de-carga-transpacifico\\\/\"},\"author\":{\"name\":\"\",\"@id\":\"\"},\"headline\":\"A Lufthansa Cargo inicia o servi\u00e7o de transporte de carga transpac\u00edfico\",\"datePublished\":\"2024-10-29T17:23:43+00:00\",\"mainEntityOfPage\":{\"@id\":\"https:\\\/\\\/loginfo24.com\\\/pt-pt\\\/2024\\\/10\\\/29\\\/a-lufthansa-cargo-inicia-o-servico-de-transporte-de-carga-transpacifico\\\/\"},\"wordCount\":347,\"commentCount\":0,\"publisher\":{\"@id\":\"https:\\\/\\\/loginfo24.com\\\/pt-pt\\\/#organization\"},\"image\":{\"@id\":\"https:\\\/\\\/loginfo24.com\\\/pt-pt\\\/2024\\\/10\\\/29\\\/a-lufthansa-cargo-inicia-o-servico-de-transporte-de-carga-transpacifico\\\/#primaryimage\"},\"thumbnailUrl\":\"https:\\\/\\\/loginfo24.com\\\/wp-content\\\/uploads\\\/sites\\\/7\\\/2025\\\/12\\\/Lufthansa_Cargo_29.10.24.jpg\",\"articleSection\":[\"Shipping &amp; Ports\"],\"inLanguage\":\"pt-PT\",\"potentialAction\":[{\"@type\":\"CommentAction\",\"name\":\"Comment\",\"target\":[\"https:\\\/\\\/loginfo24.com\\\/pt-pt\\\/2024\\\/10\\\/29\\\/a-lufthansa-cargo-inicia-o-servico-de-transporte-de-carga-transpacifico\\\/#respond\"]}]},{\"@type\":\"WebPage\",\"@id\":\"https:\\\/\\\/loginfo24.com\\\/pt-pt\\\/2024\\\/10\\\/29\\\/a-lufthansa-cargo-inicia-o-servico-de-transporte-de-carga-transpacifico\\\/\",\"url\":\"https:\\\/\\\/loginfo24.com\\\/pt-pt\\\/2024\\\/10\\\/29\\\/a-lufthansa-cargo-inicia-o-servico-de-transporte-de-carga-transpacifico\\\/\",\"name\":\"A Lufthansa Cargo inicia o servi\u00e7o de transporte de carga transpac\u00edfico - Loginfo24\",\"isPartOf\":{\"@id\":\"https:\\\/\\\/loginfo24.com\\\/pt-pt\\\/#website\"},\"primaryImageOfPage\":{\"@id\":\"https:\\\/\\\/loginfo24.com\\\/pt-pt\\\/2024\\\/10\\\/29\\\/a-lufthansa-cargo-inicia-o-servico-de-transporte-de-carga-transpacifico\\\/#primaryimage\"},\"image\":{\"@id\":\"https:\\\/\\\/loginfo24.com\\\/pt-pt\\\/2024\\\/10\\\/29\\\/a-lufthansa-cargo-inicia-o-servico-de-transporte-de-carga-transpacifico\\\/#primaryimage\"},\"thumbnailUrl\":\"https:\\\/\\\/loginfo24.com\\\/wp-content\\\/uploads\\\/sites\\\/7\\\/2025\\\/12\\\/Lufthansa_Cargo_29.10.24.jpg\",\"datePublished\":\"2024-10-29T17:23:43+00:00\",\"breadcrumb\":{\"@id\":\"https:\\\/\\\/loginfo24.com\\\/pt-pt\\\/2024\\\/10\\\/29\\\/a-lufthansa-cargo-inicia-o-servico-de-transporte-de-carga-transpacifico\\\/#breadcrumb\"},\"inLanguage\":\"pt-PT\",\"potentialAction\":[{\"@type\":\"ReadAction\",\"target\":[\"https:\\\/\\\/loginfo24.com\\\/pt-pt\\\/2024\\\/10\\\/29\\\/a-lufthansa-cargo-inicia-o-servico-de-transporte-de-carga-transpacifico\\\/\"]}]},{\"@type\":\"ImageObject\",\"inLanguage\":\"pt-PT\",\"@id\":\"https:\\\/\\\/loginfo24.com\\\/pt-pt\\\/2024\\\/10\\\/29\\\/a-lufthansa-cargo-inicia-o-servico-de-transporte-de-carga-transpacifico\\\/#primaryimage\",\"url\":\"https:\\\/\\\/loginfo24.com\\\/wp-content\\\/uploads\\\/sites\\\/7\\\/2025\\\/12\\\/Lufthansa_Cargo_29.10.24.jpg\",\"contentUrl\":\"https:\\\/\\\/loginfo24.com\\\/wp-content\\\/uploads\\\/sites\\\/7\\\/2025\\\/12\\\/Lufthansa_Cargo_29.10.24.jpg\",\"width\":1572,\"height\":748},{\"@type\":\"BreadcrumbList\",\"@id\":\"https:\\\/\\\/loginfo24.com\\\/pt-pt\\\/2024\\\/10\\\/29\\\/a-lufthansa-cargo-inicia-o-servico-de-transporte-de-carga-transpacifico\\\/#breadcrumb\",\"itemListElement\":[{\"@type\":\"ListItem\",\"position\":1,\"name\":\"Startseite\",\"item\":\"https:\\\/\\\/loginfo24.com\\\/pt-pt\\\/\"},{\"@type\":\"ListItem\",\"position\":2,\"name\":\"A Lufthansa Cargo inicia o servi\u00e7o de transporte de carga transpac\u00edfico\"}]},{\"@type\":\"WebSite\",\"@id\":\"https:\\\/\\\/loginfo24.com\\\/pt-pt\\\/#website\",\"url\":\"https:\\\/\\\/loginfo24.com\\\/pt-pt\\\/\",\"name\":\"Loginfo24\",\"description\":\"Loginfo24 \u00e9 a plataforma dedicada \u00e0 log\u00edstica e \u00e0s cadeias de abastecimento, com informa\u00e7\u00f5es dispon\u00edveis 24 horas por dia.\",\"publisher\":{\"@id\":\"https:\\\/\\\/loginfo24.com\\\/pt-pt\\\/#organization\"},\"potentialAction\":[{\"@type\":\"SearchAction\",\"target\":{\"@type\":\"EntryPoint\",\"urlTemplate\":\"https:\\\/\\\/loginfo24.com\\\/pt-pt\\\/?s={search_term_string}\"},\"query-input\":{\"@type\":\"PropertyValueSpecification\",\"valueRequired\":true,\"valueName\":\"search_term_string\"}}],\"inLanguage\":\"pt-PT\"},{\"@type\":\"Organization\",\"@id\":\"https:\\\/\\\/loginfo24.com\\\/pt-pt\\\/#organization\",\"name\":\"Logismedia Group AG\",\"url\":\"https:\\\/\\\/loginfo24.com\\\/pt-pt\\\/\",\"logo\":{\"@type\":\"ImageObject\",\"inLanguage\":\"pt-PT\",\"@id\":\"https:\\\/\\\/loginfo24.com\\\/pt-pt\\\/#\\\/schema\\\/logo\\\/image\\\/\",\"url\":\"https:\\\/\\\/loginfo24.com\\\/wp-content\\\/uploads\\\/sites\\\/7\\\/2026\\\/01\\\/Logo_LogInfo24.png\",\"contentUrl\":\"https:\\\/\\\/loginfo24.com\\\/wp-content\\\/uploads\\\/sites\\\/7\\\/2026\\\/01\\\/Logo_LogInfo24.png\",\"width\":938,\"height\":351,\"caption\":\"Logismedia Group AG\"},\"image\":{\"@id\":\"https:\\\/\\\/loginfo24.com\\\/pt-pt\\\/#\\\/schema\\\/logo\\\/image\\\/\"},\"sameAs\":[\"https:\\\/\\\/www.facebook.com\\\/people\\\/Loginfo24\\\/100057360583332\\\/\",\"https:\\\/\\\/www.linkedin.com\\\/company\\\/lofinfo24\\\/\"]}]}<\/script>\n<!-- \/ Yoast SEO plugin. -->","yoast_head_json":{"title":"A Lufthansa Cargo inicia o servi\u00e7o de transporte de carga transpac\u00edfico - Loginfo24","robots":{"index":"index","follow":"follow","max-snippet":"max-snippet:-1","max-image-preview":"max-image-preview:large","max-video-preview":"max-video-preview:-1"},"canonical":"https:\/\/loginfo24.com\/pt-pt\/2024\/10\/29\/a-lufthansa-cargo-inicia-o-servico-de-transporte-de-carga-transpacifico\/","og_locale":"pt_PT","og_type":"article","og_title":"A Lufthansa Cargo inicia o servi\u00e7o de transporte de carga transpac\u00edfico - Loginfo24","og_description":"Com o in\u00edcio do hor\u00e1rio de voos de inverno no passado fim de semana, a Lufthansa Cargo lan\u00e7ou seu primeiro servi\u00e7o direto de transporte de carga [\u2026]","og_url":"https:\/\/loginfo24.com\/pt-pt\/2024\/10\/29\/a-lufthansa-cargo-inicia-o-servico-de-transporte-de-carga-transpacifico\/","og_site_name":"Loginfo24","article_publisher":"https:\/\/www.facebook.com\/people\/Loginfo24\/100057360583332\/","article_published_time":"2024-10-29T17:23:43+00:00","og_image":[{"width":1572,"height":748,"url":"https:\/\/loginfo24.com\/wp-content\/uploads\/sites\/7\/2025\/12\/Lufthansa_Cargo_29.10.24.jpg","type":"image\/jpeg"}],"twitter_card":"summary_large_image","twitter_misc":{"Tempo estimado de leitura":"2 minutos"},"schema":{"@context":"https:\/\/schema.org","@graph":[{"@type":"Article","@id":"https:\/\/loginfo24.com\/pt-pt\/2024\/10\/29\/a-lufthansa-cargo-inicia-o-servico-de-transporte-de-carga-transpacifico\/#article","isPartOf":{"@id":"https:\/\/loginfo24.com\/pt-pt\/2024\/10\/29\/a-lufthansa-cargo-inicia-o-servico-de-transporte-de-carga-transpacifico\/"},"author":{"name":"","@id":""},"headline":"A Lufthansa Cargo inicia o servi\u00e7o de transporte de carga transpac\u00edfico","datePublished":"2024-10-29T17:23:43+00:00","mainEntityOfPage":{"@id":"https:\/\/loginfo24.com\/pt-pt\/2024\/10\/29\/a-lufthansa-cargo-inicia-o-servico-de-transporte-de-carga-transpacifico\/"},"wordCount":347,"commentCount":0,"publisher":{"@id":"https:\/\/loginfo24.com\/pt-pt\/#organization"},"image":{"@id":"https:\/\/loginfo24.com\/pt-pt\/2024\/10\/29\/a-lufthansa-cargo-inicia-o-servico-de-transporte-de-carga-transpacifico\/#primaryimage"},"thumbnailUrl":"https:\/\/loginfo24.com\/wp-content\/uploads\/sites\/7\/2025\/12\/Lufthansa_Cargo_29.10.24.jpg","articleSection":["Shipping &amp; Ports"],"inLanguage":"pt-PT","potentialAction":[{"@type":"CommentAction","name":"Comment","target":["https:\/\/loginfo24.com\/pt-pt\/2024\/10\/29\/a-lufthansa-cargo-inicia-o-servico-de-transporte-de-carga-transpacifico\/#respond"]}]},{"@type":"WebPage","@id":"https:\/\/loginfo24.com\/pt-pt\/2024\/10\/29\/a-lufthansa-cargo-inicia-o-servico-de-transporte-de-carga-transpacifico\/","url":"https:\/\/loginfo24.com\/pt-pt\/2024\/10\/29\/a-lufthansa-cargo-inicia-o-servico-de-transporte-de-carga-transpacifico\/","name":"A Lufthansa Cargo inicia o servi\u00e7o de transporte de carga transpac\u00edfico - Loginfo24","isPartOf":{"@id":"https:\/\/loginfo24.com\/pt-pt\/#website"},"primaryImageOfPage":{"@id":"https:\/\/loginfo24.com\/pt-pt\/2024\/10\/29\/a-lufthansa-cargo-inicia-o-servico-de-transporte-de-carga-transpacifico\/#primaryimage"},"image":{"@id":"https:\/\/loginfo24.com\/pt-pt\/2024\/10\/29\/a-lufthansa-cargo-inicia-o-servico-de-transporte-de-carga-transpacifico\/#primaryimage"},"thumbnailUrl":"https:\/\/loginfo24.com\/wp-content\/uploads\/sites\/7\/2025\/12\/Lufthansa_Cargo_29.10.24.jpg","datePublished":"2024-10-29T17:23:43+00:00","breadcrumb":{"@id":"https:\/\/loginfo24.com\/pt-pt\/2024\/10\/29\/a-lufthansa-cargo-inicia-o-servico-de-transporte-de-carga-transpacifico\/#breadcrumb"},"inLanguage":"pt-PT","potentialAction":[{"@type":"ReadAction","target":["https:\/\/loginfo24.com\/pt-pt\/2024\/10\/29\/a-lufthansa-cargo-inicia-o-servico-de-transporte-de-carga-transpacifico\/"]}]},{"@type":"ImageObject","inLanguage":"pt-PT","@id":"https:\/\/loginfo24.com\/pt-pt\/2024\/10\/29\/a-lufthansa-cargo-inicia-o-servico-de-transporte-de-carga-transpacifico\/#primaryimage","url":"https:\/\/loginfo24.com\/wp-content\/uploads\/sites\/7\/2025\/12\/Lufthansa_Cargo_29.10.24.jpg","contentUrl":"https:\/\/loginfo24.com\/wp-content\/uploads\/sites\/7\/2025\/12\/Lufthansa_Cargo_29.10.24.jpg","width":1572,"height":748},{"@type":"BreadcrumbList","@id":"https:\/\/loginfo24.com\/pt-pt\/2024\/10\/29\/a-lufthansa-cargo-inicia-o-servico-de-transporte-de-carga-transpacifico\/#breadcrumb","itemListElement":[{"@type":"ListItem","position":1,"name":"Startseite","item":"https:\/\/loginfo24.com\/pt-pt\/"},{"@type":"ListItem","position":2,"name":"A Lufthansa Cargo inicia o servi\u00e7o de transporte de carga transpac\u00edfico"}]},{"@type":"WebSite","@id":"https:\/\/loginfo24.com\/pt-pt\/#website","url":"https:\/\/loginfo24.com\/pt-pt\/","name":"Loginfo24","description":"Loginfo24 \u00e9 a plataforma dedicada \u00e0 log\u00edstica e \u00e0s cadeias de abastecimento, com informa\u00e7\u00f5es dispon\u00edveis 24 horas por dia.","publisher":{"@id":"https:\/\/loginfo24.com\/pt-pt\/#organization"},"potentialAction":[{"@type":"SearchAction","target":{"@type":"EntryPoint","urlTemplate":"https:\/\/loginfo24.com\/pt-pt\/?s={search_term_string}"},"query-input":{"@type":"PropertyValueSpecification","valueRequired":true,"valueName":"search_term_string"}}],"inLanguage":"pt-PT"},{"@type":"Organization","@id":"https:\/\/loginfo24.com\/pt-pt\/#organization","name":"Logismedia Group AG","url":"https:\/\/loginfo24.com\/pt-pt\/","logo":{"@type":"ImageObject","inLanguage":"pt-PT","@id":"https:\/\/loginfo24.com\/pt-pt\/#\/schema\/logo\/image\/","url":"https:\/\/loginfo24.com\/wp-content\/uploads\/sites\/7\/2026\/01\/Logo_LogInfo24.png","contentUrl":"https:\/\/loginfo24.com\/wp-content\/uploads\/sites\/7\/2026\/01\/Logo_LogInfo24.png","width":938,"height":351,"caption":"Logismedia Group AG"},"image":{"@id":"https:\/\/loginfo24.com\/pt-pt\/#\/schema\/logo\/image\/"},"sameAs":["https:\/\/www.facebook.com\/people\/Loginfo24\/100057360583332\/","https:\/\/www.linkedin.com\/company\/lofinfo24\/"]}]}},"_links":{"self":[{"href":"https:\/\/loginfo24.com\/pt-pt\/wp-json\/wp\/v2\/posts\/67034","targetHints":{"allow":["GET"]}}],"collection":[{"href":"https:\/\/loginfo24.com\/pt-pt\/wp-json\/wp\/v2\/posts"}],"about":[{"href":"https:\/\/loginfo24.com\/pt-pt\/wp-json\/wp\/v2\/types\/post"}],"replies":[{"embeddable":true,"href":"https:\/\/loginfo24.com\/pt-pt\/wp-json\/wp\/v2\/comments?post=67034"}],"version-history":[{"count":0,"href":"https:\/\/loginfo24.com\/pt-pt\/wp-json\/wp\/v2\/posts\/67034\/revisions"}],"wp:featuredmedia":[{"embeddable":true,"href":"https:\/\/loginfo24.com\/pt-pt\/wp-json\/wp\/v2\/media\/5812"}],"wp:attachment":[{"href":"https:\/\/loginfo24.com\/pt-pt\/wp-json\/wp\/v2\/media?parent=67034"}],"wp:term":[{"taxonomy":"category","embeddable":true,"href":"https:\/\/loginfo24.com\/pt-pt\/wp-json\/wp\/v2\/categories?post=67034"},{"taxonomy":"post_tag","embeddable":true,"href":"https:\/\/loginfo24.com\/pt-pt\/wp-json\/wp\/v2\/tags?post=67034"}],"curies":[{"name":"wp","href":"https:\/\/api.w.org\/{rel}","templated":true}]}}