{"id":66962,"date":"2024-10-22T17:29:33","date_gmt":"2024-10-22T15:29:33","guid":{"rendered":"https:\/\/blog.brand-architecture.at\/2024\/10\/22\/associacoes-ferroviarias-exigem-aumento-do-subsidio-para-tarifas-de-infraestrutura\/"},"modified":"2024-10-22T17:29:33","modified_gmt":"2024-10-22T15:29:33","slug":"associacoes-ferroviarias-exigem-aumento-do-subsidio-para-tarifas-de-infraestrutura","status":"publish","type":"post","link":"https:\/\/loginfo24.com\/pt-pt\/2024\/10\/22\/associacoes-ferroviarias-exigem-aumento-do-subsidio-para-tarifas-de-infraestrutura\/","title":{"rendered":"Associa\u00e7\u00f5es ferrovi\u00e1rias exigem aumento do subs\u00eddio para tarifas de infraestrutura"},"content":{"rendered":"<h5><strong>Uma alian\u00e7a composta pela DIE G\u00dcTERBAHNEN, pela Associa\u00e7\u00e3o da Ind\u00fastria Qu\u00edmica (VCI), pela Associa\u00e7\u00e3o Alem\u00e3 de Empresas de Transporte (VDV), pela Allianz pro Schiene e pela Associa\u00e7\u00e3o dos Propriet\u00e1rios de Vag\u00f5es (VPI) exige que o subs\u00eddio seja elevado para o valor habitual de pelo menos 350 milh\u00f5es de euros at\u00e9 o final de 2023, e que seja corrigido at\u00e9 a sess\u00e3o de ajuste em 14 de novembro.<\/strong><\/h5>\n<p>Um amplo cons\u00f3rcio de associa\u00e7\u00f5es apela aos respons\u00e1veis pelo or\u00e7amento para amenizar o dr\u00e1stico aumento das tarifas de infraestrutura. O aumento do subs\u00eddio para tarifas de infraestrutura no transporte ferrovi\u00e1rio de mercadorias, solicitado por diversos atores do setor, ainda n\u00e3o foi considerado. Como consequ\u00eancia, o transporte de mercadorias por ferrovia corre o risco de se tornar mais caro.<\/p>\n<p>At\u00e9 agora, o governo federal alocou cerca de 275 milh\u00f5es de euros para o subs\u00eddio das tarifas de infraestrutura no transporte ferrovi\u00e1rio de mercadorias em seu projeto or\u00e7ament\u00e1rio. Para o setor, esse valor significa que a taxa de subs\u00eddio esperada para 2025 dever\u00e1 ficar um pouco acima de 30%. At\u00e9 2023, um subs\u00eddio de at\u00e9 60% era comum. Isso representa um desafio significativo para as empresas, que atualmente est\u00e3o em negocia\u00e7\u00f5es com seus clientes para o pr\u00f3ximo ano. Elas s\u00e3o novamente for\u00e7adas a conduzir todas as negocia\u00e7\u00f5es apenas &#8220;sob reserva&#8221;. Aumento de custos, diante de um aumento das tarifas de infraestrutura de 16,2% a partir do final de 2024 e do subs\u00eddio insuficiente, ser\u00e1 repassado aos clientes do transporte de mercadorias. Isso ter\u00e1 consequ\u00eancias negativas para a competitividade do transporte ferrovi\u00e1rio de mercadorias \u2013 e provavelmente levar\u00e1 \u00e0 perda de tr\u00e1fego para o transporte rodovi\u00e1rio, que \u00e9 mais barato.<\/p>\n<p>Neele Wesseln, diretora da G\u00dcTERBAHNEN: &#8220;Nossos membros nos refletem que as tarifas de infraestrutura dominam suas conversas com os clientes. O Minist\u00e9rio dos Transportes est\u00e1 preocupado h\u00e1 mais de um ano e promete solu\u00e7\u00f5es \u2013 at\u00e9 agora sem conversas com as empresas afetadas. O Parlamento pode e deve agir imediatamente em prol da nossa economia clim\u00e1tica, se houver consenso de que n\u00e3o queremos mais caminh\u00f5es entupindo nossas estradas no futuro.&#8221;<\/p>\n<p>Thilo H\u00f6chst, chefe de departamento de prote\u00e7\u00e3o ambiental, seguran\u00e7a de instala\u00e7\u00f5es e transporte da VCI: &#8220;A ferrovia \u00e9 uma art\u00e9ria principal para a ind\u00fastria qu\u00edmica. O aumento acentuado das tarifas de infraestrutura tamb\u00e9m afeta nosso setor. As empresas da ind\u00fastria qu\u00edmica gostariam de transportar mais por ferrovia. Portanto, o aumento do subs\u00eddio para tarifas de infraestrutura \u00e9 ainda mais importante como al\u00edvio a curto prazo.&#8221;<\/p>\n<p>O vice-presidente do VDV, Joachim Berends: \u201c40% ou mais dos custos operacionais de algumas empresas ferrovi\u00e1rias s\u00e3o agora atribu\u00eddos apenas \u00e0s tarifas de infraestrutura. Isso n\u00e3o \u00e9 mais economicamente vi\u00e1vel. O objetivo principal deve ser garantir que tanto as ferrovias de carga quanto as ferrovias de passageiros permane\u00e7am competitivas e n\u00e3o sejam levadas \u00e0 fal\u00eancia por custos cada vez mais altos. O VDV prop\u00f5e uma reestrutura\u00e7\u00e3o abrangente do sistema de tarifas de infraestrutura das ferrovias federais e apresentou duas propostas funcionais.\u201d<\/p>\n<p>Dirk Flege, diretor da Allianz pro Schiene: \u201cSe o Bundestag e o governo federal n\u00e3o agirem no \u00faltimo momento, teremos o oposto da pol\u00edtica de deslocamento anunciada para o transporte de mercadorias. Um aumento t\u00e3o acentuado nas tarifas de infraestrutura n\u00e3o apenas atua como um freio \u00e0 transfer\u00eancia do transporte rodovi\u00e1rio para a ferrovia, mas, ao contr\u00e1rio, leva at\u00e9 mesmo \u00e0 migra\u00e7\u00e3o para a estrada. Para resolver isso rapidamente, s\u00f3 um subs\u00eddio significativamente maior para tarifas de infraestrutura ajudar\u00e1.\u201d<\/p>\n<h5>Prejudicar o meio ambiente de forma sustent\u00e1vel<\/h5>\n<p>Malte Lawrenz, presidente do VPI: \u201cUm aumento maci\u00e7o das tarifas de infraestrutura amea\u00e7a prejudicar de forma sustent\u00e1vel o meio de transporte mais ecol\u00f3gico e roubar sua competitividade. N\u00f3s, como propriet\u00e1rios de vag\u00f5es e oficinas, tamb\u00e9m sentimos as consequ\u00eancias. Em nosso documento de posi\u00e7\u00e3o &#8220;Propriet\u00e1rios de vag\u00f5es soam o alarme&#8221;, exigimos da pol\u00edtica tanto um al\u00edvio por meio de um aumento do subs\u00eddio para tarifas de infraestrutura para o pr\u00f3ximo ano quanto uma reforma fundamental do sistema de tarifas de infraestrutura, para sair da espiral de pre\u00e7os.\u201d<\/p>\n<p>Foto: \u00a9 Loginfo24<\/p>\n","protected":false},"excerpt":{"rendered":"<p>Uma alian\u00e7a composta pela DIE G\u00dcTERBAHNEN, pela Associa\u00e7\u00e3o da Ind\u00fastria Qu\u00edmica (VCI), pela Associa\u00e7\u00e3o Alem\u00e3 de Empresas de Transporte (VDV), pela Allianz pro Schiene e pela<span class=\"excerpt-hellip\"> [\u2026]<\/span><\/p>\n","protected":false},"author":0,"featured_media":5839,"comment_status":"open","ping_status":"open","sticky":false,"template":"","format":"standard","meta":{"_acf_changed":false,"footnotes":""},"categories":[1557,1561],"tags":[],"class_list":["post-66962","post","type-post","status-publish","format-standard","has-post-thumbnail","hentry","category-forwarding-logistics","category-regions"],"acf":[],"yoast_head":"<!-- This site is optimized with the Yoast SEO plugin v27.3 - https:\/\/yoast.com\/product\/yoast-seo-wordpress\/ -->\n<title>Associa\u00e7\u00f5es ferrovi\u00e1rias exigem aumento do subs\u00eddio para tarifas de infraestrutura - Loginfo24<\/title>\n<meta name=\"robots\" content=\"index, follow, max-snippet:-1, max-image-preview:large, max-video-preview:-1\" \/>\n<link rel=\"canonical\" href=\"https:\/\/loginfo24.com\/pt-pt\/2024\/10\/22\/associacoes-ferroviarias-exigem-aumento-do-subsidio-para-tarifas-de-infraestrutura\/\" \/>\n<meta property=\"og:locale\" content=\"pt_PT\" \/>\n<meta property=\"og:type\" content=\"article\" \/>\n<meta property=\"og:title\" content=\"Associa\u00e7\u00f5es ferrovi\u00e1rias exigem aumento do subs\u00eddio para tarifas de infraestrutura - Loginfo24\" \/>\n<meta property=\"og:description\" content=\"Uma alian\u00e7a composta pela DIE G\u00dcTERBAHNEN, pela Associa\u00e7\u00e3o da Ind\u00fastria Qu\u00edmica (VCI), pela Associa\u00e7\u00e3o Alem\u00e3 de Empresas de Transporte (VDV), pela Allianz pro Schiene e pela [\u2026]\" \/>\n<meta property=\"og:url\" content=\"https:\/\/loginfo24.com\/pt-pt\/2024\/10\/22\/associacoes-ferroviarias-exigem-aumento-do-subsidio-para-tarifas-de-infraestrutura\/\" \/>\n<meta property=\"og:site_name\" content=\"Loginfo24\" \/>\n<meta property=\"article:publisher\" content=\"https:\/\/www.facebook.com\/people\/Loginfo24\/100057360583332\/\" \/>\n<meta property=\"article:published_time\" content=\"2024-10-22T15:29:33+00:00\" \/>\n<meta property=\"og:image\" content=\"https:\/\/loginfo24.com\/wp-content\/uploads\/sites\/7\/2025\/12\/NEE_11.1.24.jpg\" \/>\n\t<meta property=\"og:image:width\" content=\"1024\" \/>\n\t<meta property=\"og:image:height\" content=\"679\" \/>\n\t<meta property=\"og:image:type\" content=\"image\/jpeg\" \/>\n<meta name=\"twitter:card\" content=\"summary_large_image\" \/>\n<meta name=\"twitter:label1\" content=\"Tempo estimado de leitura\" \/>\n\t<meta name=\"twitter:data1\" content=\"4 minutos\" \/>\n<script type=\"application\/ld+json\" class=\"yoast-schema-graph\">{\"@context\":\"https:\\\/\\\/schema.org\",\"@graph\":[{\"@type\":\"Article\",\"@id\":\"https:\\\/\\\/loginfo24.com\\\/pt-pt\\\/2024\\\/10\\\/22\\\/associacoes-ferroviarias-exigem-aumento-do-subsidio-para-tarifas-de-infraestrutura\\\/#article\",\"isPartOf\":{\"@id\":\"https:\\\/\\\/loginfo24.com\\\/pt-pt\\\/2024\\\/10\\\/22\\\/associacoes-ferroviarias-exigem-aumento-do-subsidio-para-tarifas-de-infraestrutura\\\/\"},\"author\":{\"name\":\"\",\"@id\":\"\"},\"headline\":\"Associa\u00e7\u00f5es ferrovi\u00e1rias exigem aumento do subs\u00eddio para tarifas de infraestrutura\",\"datePublished\":\"2024-10-22T15:29:33+00:00\",\"mainEntityOfPage\":{\"@id\":\"https:\\\/\\\/loginfo24.com\\\/pt-pt\\\/2024\\\/10\\\/22\\\/associacoes-ferroviarias-exigem-aumento-do-subsidio-para-tarifas-de-infraestrutura\\\/\"},\"wordCount\":749,\"commentCount\":0,\"publisher\":{\"@id\":\"https:\\\/\\\/loginfo24.com\\\/pt-pt\\\/#organization\"},\"image\":{\"@id\":\"https:\\\/\\\/loginfo24.com\\\/pt-pt\\\/2024\\\/10\\\/22\\\/associacoes-ferroviarias-exigem-aumento-do-subsidio-para-tarifas-de-infraestrutura\\\/#primaryimage\"},\"thumbnailUrl\":\"https:\\\/\\\/loginfo24.com\\\/wp-content\\\/uploads\\\/sites\\\/7\\\/2025\\\/12\\\/NEE_11.1.24.jpg\",\"articleSection\":[\"Forwarding &amp; Logistics\",\"Regions\"],\"inLanguage\":\"pt-PT\",\"potentialAction\":[{\"@type\":\"CommentAction\",\"name\":\"Comment\",\"target\":[\"https:\\\/\\\/loginfo24.com\\\/pt-pt\\\/2024\\\/10\\\/22\\\/associacoes-ferroviarias-exigem-aumento-do-subsidio-para-tarifas-de-infraestrutura\\\/#respond\"]}]},{\"@type\":\"WebPage\",\"@id\":\"https:\\\/\\\/loginfo24.com\\\/pt-pt\\\/2024\\\/10\\\/22\\\/associacoes-ferroviarias-exigem-aumento-do-subsidio-para-tarifas-de-infraestrutura\\\/\",\"url\":\"https:\\\/\\\/loginfo24.com\\\/pt-pt\\\/2024\\\/10\\\/22\\\/associacoes-ferroviarias-exigem-aumento-do-subsidio-para-tarifas-de-infraestrutura\\\/\",\"name\":\"Associa\u00e7\u00f5es ferrovi\u00e1rias exigem aumento do subs\u00eddio para tarifas de infraestrutura - Loginfo24\",\"isPartOf\":{\"@id\":\"https:\\\/\\\/loginfo24.com\\\/pt-pt\\\/#website\"},\"primaryImageOfPage\":{\"@id\":\"https:\\\/\\\/loginfo24.com\\\/pt-pt\\\/2024\\\/10\\\/22\\\/associacoes-ferroviarias-exigem-aumento-do-subsidio-para-tarifas-de-infraestrutura\\\/#primaryimage\"},\"image\":{\"@id\":\"https:\\\/\\\/loginfo24.com\\\/pt-pt\\\/2024\\\/10\\\/22\\\/associacoes-ferroviarias-exigem-aumento-do-subsidio-para-tarifas-de-infraestrutura\\\/#primaryimage\"},\"thumbnailUrl\":\"https:\\\/\\\/loginfo24.com\\\/wp-content\\\/uploads\\\/sites\\\/7\\\/2025\\\/12\\\/NEE_11.1.24.jpg\",\"datePublished\":\"2024-10-22T15:29:33+00:00\",\"breadcrumb\":{\"@id\":\"https:\\\/\\\/loginfo24.com\\\/pt-pt\\\/2024\\\/10\\\/22\\\/associacoes-ferroviarias-exigem-aumento-do-subsidio-para-tarifas-de-infraestrutura\\\/#breadcrumb\"},\"inLanguage\":\"pt-PT\",\"potentialAction\":[{\"@type\":\"ReadAction\",\"target\":[\"https:\\\/\\\/loginfo24.com\\\/pt-pt\\\/2024\\\/10\\\/22\\\/associacoes-ferroviarias-exigem-aumento-do-subsidio-para-tarifas-de-infraestrutura\\\/\"]}]},{\"@type\":\"ImageObject\",\"inLanguage\":\"pt-PT\",\"@id\":\"https:\\\/\\\/loginfo24.com\\\/pt-pt\\\/2024\\\/10\\\/22\\\/associacoes-ferroviarias-exigem-aumento-do-subsidio-para-tarifas-de-infraestrutura\\\/#primaryimage\",\"url\":\"https:\\\/\\\/loginfo24.com\\\/wp-content\\\/uploads\\\/sites\\\/7\\\/2025\\\/12\\\/NEE_11.1.24.jpg\",\"contentUrl\":\"https:\\\/\\\/loginfo24.com\\\/wp-content\\\/uploads\\\/sites\\\/7\\\/2025\\\/12\\\/NEE_11.1.24.jpg\",\"width\":1024,\"height\":679},{\"@type\":\"BreadcrumbList\",\"@id\":\"https:\\\/\\\/loginfo24.com\\\/pt-pt\\\/2024\\\/10\\\/22\\\/associacoes-ferroviarias-exigem-aumento-do-subsidio-para-tarifas-de-infraestrutura\\\/#breadcrumb\",\"itemListElement\":[{\"@type\":\"ListItem\",\"position\":1,\"name\":\"Startseite\",\"item\":\"https:\\\/\\\/loginfo24.com\\\/pt-pt\\\/\"},{\"@type\":\"ListItem\",\"position\":2,\"name\":\"Associa\u00e7\u00f5es ferrovi\u00e1rias exigem aumento do subs\u00eddio para tarifas de infraestrutura\"}]},{\"@type\":\"WebSite\",\"@id\":\"https:\\\/\\\/loginfo24.com\\\/pt-pt\\\/#website\",\"url\":\"https:\\\/\\\/loginfo24.com\\\/pt-pt\\\/\",\"name\":\"Loginfo24\",\"description\":\"Loginfo24 \u00e9 a plataforma dedicada \u00e0 log\u00edstica e \u00e0s cadeias de abastecimento, com informa\u00e7\u00f5es dispon\u00edveis 24 horas por dia.\",\"publisher\":{\"@id\":\"https:\\\/\\\/loginfo24.com\\\/pt-pt\\\/#organization\"},\"potentialAction\":[{\"@type\":\"SearchAction\",\"target\":{\"@type\":\"EntryPoint\",\"urlTemplate\":\"https:\\\/\\\/loginfo24.com\\\/pt-pt\\\/?s={search_term_string}\"},\"query-input\":{\"@type\":\"PropertyValueSpecification\",\"valueRequired\":true,\"valueName\":\"search_term_string\"}}],\"inLanguage\":\"pt-PT\"},{\"@type\":\"Organization\",\"@id\":\"https:\\\/\\\/loginfo24.com\\\/pt-pt\\\/#organization\",\"name\":\"Logismedia Group AG\",\"url\":\"https:\\\/\\\/loginfo24.com\\\/pt-pt\\\/\",\"logo\":{\"@type\":\"ImageObject\",\"inLanguage\":\"pt-PT\",\"@id\":\"https:\\\/\\\/loginfo24.com\\\/pt-pt\\\/#\\\/schema\\\/logo\\\/image\\\/\",\"url\":\"https:\\\/\\\/loginfo24.com\\\/wp-content\\\/uploads\\\/sites\\\/7\\\/2026\\\/01\\\/Logo_LogInfo24.png\",\"contentUrl\":\"https:\\\/\\\/loginfo24.com\\\/wp-content\\\/uploads\\\/sites\\\/7\\\/2026\\\/01\\\/Logo_LogInfo24.png\",\"width\":938,\"height\":351,\"caption\":\"Logismedia Group AG\"},\"image\":{\"@id\":\"https:\\\/\\\/loginfo24.com\\\/pt-pt\\\/#\\\/schema\\\/logo\\\/image\\\/\"},\"sameAs\":[\"https:\\\/\\\/www.facebook.com\\\/people\\\/Loginfo24\\\/100057360583332\\\/\",\"https:\\\/\\\/www.linkedin.com\\\/company\\\/lofinfo24\\\/\"]}]}<\/script>\n<!-- \/ Yoast SEO plugin. -->","yoast_head_json":{"title":"Associa\u00e7\u00f5es ferrovi\u00e1rias exigem aumento do subs\u00eddio para tarifas de infraestrutura - Loginfo24","robots":{"index":"index","follow":"follow","max-snippet":"max-snippet:-1","max-image-preview":"max-image-preview:large","max-video-preview":"max-video-preview:-1"},"canonical":"https:\/\/loginfo24.com\/pt-pt\/2024\/10\/22\/associacoes-ferroviarias-exigem-aumento-do-subsidio-para-tarifas-de-infraestrutura\/","og_locale":"pt_PT","og_type":"article","og_title":"Associa\u00e7\u00f5es ferrovi\u00e1rias exigem aumento do subs\u00eddio para tarifas de infraestrutura - Loginfo24","og_description":"Uma alian\u00e7a composta pela DIE G\u00dcTERBAHNEN, pela Associa\u00e7\u00e3o da Ind\u00fastria Qu\u00edmica (VCI), pela Associa\u00e7\u00e3o Alem\u00e3 de Empresas de Transporte (VDV), pela Allianz pro Schiene e pela [\u2026]","og_url":"https:\/\/loginfo24.com\/pt-pt\/2024\/10\/22\/associacoes-ferroviarias-exigem-aumento-do-subsidio-para-tarifas-de-infraestrutura\/","og_site_name":"Loginfo24","article_publisher":"https:\/\/www.facebook.com\/people\/Loginfo24\/100057360583332\/","article_published_time":"2024-10-22T15:29:33+00:00","og_image":[{"width":1024,"height":679,"url":"https:\/\/loginfo24.com\/wp-content\/uploads\/sites\/7\/2025\/12\/NEE_11.1.24.jpg","type":"image\/jpeg"}],"twitter_card":"summary_large_image","twitter_misc":{"Tempo estimado de leitura":"4 minutos"},"schema":{"@context":"https:\/\/schema.org","@graph":[{"@type":"Article","@id":"https:\/\/loginfo24.com\/pt-pt\/2024\/10\/22\/associacoes-ferroviarias-exigem-aumento-do-subsidio-para-tarifas-de-infraestrutura\/#article","isPartOf":{"@id":"https:\/\/loginfo24.com\/pt-pt\/2024\/10\/22\/associacoes-ferroviarias-exigem-aumento-do-subsidio-para-tarifas-de-infraestrutura\/"},"author":{"name":"","@id":""},"headline":"Associa\u00e7\u00f5es ferrovi\u00e1rias exigem aumento do subs\u00eddio para tarifas de infraestrutura","datePublished":"2024-10-22T15:29:33+00:00","mainEntityOfPage":{"@id":"https:\/\/loginfo24.com\/pt-pt\/2024\/10\/22\/associacoes-ferroviarias-exigem-aumento-do-subsidio-para-tarifas-de-infraestrutura\/"},"wordCount":749,"commentCount":0,"publisher":{"@id":"https:\/\/loginfo24.com\/pt-pt\/#organization"},"image":{"@id":"https:\/\/loginfo24.com\/pt-pt\/2024\/10\/22\/associacoes-ferroviarias-exigem-aumento-do-subsidio-para-tarifas-de-infraestrutura\/#primaryimage"},"thumbnailUrl":"https:\/\/loginfo24.com\/wp-content\/uploads\/sites\/7\/2025\/12\/NEE_11.1.24.jpg","articleSection":["Forwarding &amp; Logistics","Regions"],"inLanguage":"pt-PT","potentialAction":[{"@type":"CommentAction","name":"Comment","target":["https:\/\/loginfo24.com\/pt-pt\/2024\/10\/22\/associacoes-ferroviarias-exigem-aumento-do-subsidio-para-tarifas-de-infraestrutura\/#respond"]}]},{"@type":"WebPage","@id":"https:\/\/loginfo24.com\/pt-pt\/2024\/10\/22\/associacoes-ferroviarias-exigem-aumento-do-subsidio-para-tarifas-de-infraestrutura\/","url":"https:\/\/loginfo24.com\/pt-pt\/2024\/10\/22\/associacoes-ferroviarias-exigem-aumento-do-subsidio-para-tarifas-de-infraestrutura\/","name":"Associa\u00e7\u00f5es ferrovi\u00e1rias exigem aumento do subs\u00eddio para tarifas de infraestrutura - Loginfo24","isPartOf":{"@id":"https:\/\/loginfo24.com\/pt-pt\/#website"},"primaryImageOfPage":{"@id":"https:\/\/loginfo24.com\/pt-pt\/2024\/10\/22\/associacoes-ferroviarias-exigem-aumento-do-subsidio-para-tarifas-de-infraestrutura\/#primaryimage"},"image":{"@id":"https:\/\/loginfo24.com\/pt-pt\/2024\/10\/22\/associacoes-ferroviarias-exigem-aumento-do-subsidio-para-tarifas-de-infraestrutura\/#primaryimage"},"thumbnailUrl":"https:\/\/loginfo24.com\/wp-content\/uploads\/sites\/7\/2025\/12\/NEE_11.1.24.jpg","datePublished":"2024-10-22T15:29:33+00:00","breadcrumb":{"@id":"https:\/\/loginfo24.com\/pt-pt\/2024\/10\/22\/associacoes-ferroviarias-exigem-aumento-do-subsidio-para-tarifas-de-infraestrutura\/#breadcrumb"},"inLanguage":"pt-PT","potentialAction":[{"@type":"ReadAction","target":["https:\/\/loginfo24.com\/pt-pt\/2024\/10\/22\/associacoes-ferroviarias-exigem-aumento-do-subsidio-para-tarifas-de-infraestrutura\/"]}]},{"@type":"ImageObject","inLanguage":"pt-PT","@id":"https:\/\/loginfo24.com\/pt-pt\/2024\/10\/22\/associacoes-ferroviarias-exigem-aumento-do-subsidio-para-tarifas-de-infraestrutura\/#primaryimage","url":"https:\/\/loginfo24.com\/wp-content\/uploads\/sites\/7\/2025\/12\/NEE_11.1.24.jpg","contentUrl":"https:\/\/loginfo24.com\/wp-content\/uploads\/sites\/7\/2025\/12\/NEE_11.1.24.jpg","width":1024,"height":679},{"@type":"BreadcrumbList","@id":"https:\/\/loginfo24.com\/pt-pt\/2024\/10\/22\/associacoes-ferroviarias-exigem-aumento-do-subsidio-para-tarifas-de-infraestrutura\/#breadcrumb","itemListElement":[{"@type":"ListItem","position":1,"name":"Startseite","item":"https:\/\/loginfo24.com\/pt-pt\/"},{"@type":"ListItem","position":2,"name":"Associa\u00e7\u00f5es ferrovi\u00e1rias exigem aumento do subs\u00eddio para tarifas de infraestrutura"}]},{"@type":"WebSite","@id":"https:\/\/loginfo24.com\/pt-pt\/#website","url":"https:\/\/loginfo24.com\/pt-pt\/","name":"Loginfo24","description":"Loginfo24 \u00e9 a plataforma dedicada \u00e0 log\u00edstica e \u00e0s cadeias de abastecimento, com informa\u00e7\u00f5es dispon\u00edveis 24 horas por dia.","publisher":{"@id":"https:\/\/loginfo24.com\/pt-pt\/#organization"},"potentialAction":[{"@type":"SearchAction","target":{"@type":"EntryPoint","urlTemplate":"https:\/\/loginfo24.com\/pt-pt\/?s={search_term_string}"},"query-input":{"@type":"PropertyValueSpecification","valueRequired":true,"valueName":"search_term_string"}}],"inLanguage":"pt-PT"},{"@type":"Organization","@id":"https:\/\/loginfo24.com\/pt-pt\/#organization","name":"Logismedia Group AG","url":"https:\/\/loginfo24.com\/pt-pt\/","logo":{"@type":"ImageObject","inLanguage":"pt-PT","@id":"https:\/\/loginfo24.com\/pt-pt\/#\/schema\/logo\/image\/","url":"https:\/\/loginfo24.com\/wp-content\/uploads\/sites\/7\/2026\/01\/Logo_LogInfo24.png","contentUrl":"https:\/\/loginfo24.com\/wp-content\/uploads\/sites\/7\/2026\/01\/Logo_LogInfo24.png","width":938,"height":351,"caption":"Logismedia Group AG"},"image":{"@id":"https:\/\/loginfo24.com\/pt-pt\/#\/schema\/logo\/image\/"},"sameAs":["https:\/\/www.facebook.com\/people\/Loginfo24\/100057360583332\/","https:\/\/www.linkedin.com\/company\/lofinfo24\/"]}]}},"_links":{"self":[{"href":"https:\/\/loginfo24.com\/pt-pt\/wp-json\/wp\/v2\/posts\/66962","targetHints":{"allow":["GET"]}}],"collection":[{"href":"https:\/\/loginfo24.com\/pt-pt\/wp-json\/wp\/v2\/posts"}],"about":[{"href":"https:\/\/loginfo24.com\/pt-pt\/wp-json\/wp\/v2\/types\/post"}],"replies":[{"embeddable":true,"href":"https:\/\/loginfo24.com\/pt-pt\/wp-json\/wp\/v2\/comments?post=66962"}],"version-history":[{"count":0,"href":"https:\/\/loginfo24.com\/pt-pt\/wp-json\/wp\/v2\/posts\/66962\/revisions"}],"wp:featuredmedia":[{"embeddable":true,"href":"https:\/\/loginfo24.com\/pt-pt\/wp-json\/wp\/v2\/media\/5839"}],"wp:attachment":[{"href":"https:\/\/loginfo24.com\/pt-pt\/wp-json\/wp\/v2\/media?parent=66962"}],"wp:term":[{"taxonomy":"category","embeddable":true,"href":"https:\/\/loginfo24.com\/pt-pt\/wp-json\/wp\/v2\/categories?post=66962"},{"taxonomy":"post_tag","embeddable":true,"href":"https:\/\/loginfo24.com\/pt-pt\/wp-json\/wp\/v2\/tags?post=66962"}],"curies":[{"name":"wp","href":"https:\/\/api.w.org\/{rel}","templated":true}]}}