{"id":66046,"date":"2024-08-01T15:05:43","date_gmt":"2024-08-01T13:05:43","guid":{"rendered":"https:\/\/blog.brand-architecture.at\/2024\/08\/01\/dvf-sauda-relatorio-final-para-o-transporte-rodoviario-de-mercadorias\/"},"modified":"2024-08-01T15:05:43","modified_gmt":"2024-08-01T13:05:43","slug":"dvf-sauda-relatorio-final-para-o-transporte-rodoviario-de-mercadorias","status":"publish","type":"post","link":"https:\/\/loginfo24.com\/pt-pt\/2024\/08\/01\/dvf-sauda-relatorio-final-para-o-transporte-rodoviario-de-mercadorias\/","title":{"rendered":"DVF sa\u00fada relat\u00f3rio final para o transporte rodovi\u00e1rio de mercadorias"},"content":{"rendered":"<h5><strong>O F\u00f3rum Alem\u00e3o de Transportes (DVF) participou ativamente da comiss\u00e3o de transporte rodovi\u00e1rio de mercadorias, iniciada pelo Ministro Federal dos Transportes, Dr. Volker Wissing, como uma associa\u00e7\u00e3o de mobilidade intermodal da economia alem\u00e3. O diretor do DVF, Dr. Florian Eck, como membro da comiss\u00e3o, sa\u00fada o relat\u00f3rio final conjunto apresentado hoje.<\/strong><\/h5>\n<p>(Berlim) &#8220;O nosso objetivo era, al\u00e9m de medidas espec\u00edficas para o transporte rodovi\u00e1rio de mercadorias, fortalecer tamb\u00e9m o setor de log\u00edstica como um todo. O or\u00e7amento federal de 2024 agravou o j\u00e1 existente efeito tesoura para o setor de mobilidade e log\u00edstica, com o aumento da carga de pre\u00e7os de CO<sub>2<\/sub>, ped\u00e1gios para caminh\u00f5es, taxas de uso de infraestrutura e impostos sobre o transporte a\u00e9reo de um lado, e a retirada de recursos de investimento e incentivos do outro. Por isso, \u00e9 importante que o Ministro Wissing tenha se comprometido com a necess\u00e1ria redu\u00e7\u00e3o da burocracia para o setor e se dedique a lidar com os obst\u00e1culos cr\u00edticos junto aos minist\u00e9rios respons\u00e1veis.&#8221;<\/p>\n<p>Eck acrescenta: &#8220;Est\u00e3o acordadas simplifica\u00e7\u00f5es, entre outras, no que diz respeito ao imposto sobre o valor acrescentado na importa\u00e7\u00e3o, \u00e0 constru\u00e7\u00e3o de infraestrutura de carregamento, \u00e0s diretrizes de financiamento, ao mecanismo de compensa\u00e7\u00e3o de CO<sub>2<\/sub> CBAM e \u00e0 digitaliza\u00e7\u00e3o das obriga\u00e7\u00f5es de reporte atrav\u00e9s do arquivo de empresas de transporte VUDat. Isso significaria uma significativa redu\u00e7\u00e3o de custos para o setor, sem sobrecarregar os cofres p\u00fablicos. Isso, por sua vez, aumenta a competitividade, acelera a transforma\u00e7\u00e3o das empresas e fortalece a localiza\u00e7\u00e3o log\u00edstica da Alemanha.&#8221; Trata-se de digitalizar, simplificar e uniformizar os procedimentos administrativos em n\u00edvel federal ou at\u00e9 mesmo europeu. Por exemplo, uma das principais preocupa\u00e7\u00f5es do Minist\u00e9rio Federal dos Transportes e do setor de log\u00edstica \u00e9 simplificar o procedimento de coleta do imposto sobre o valor acrescentado na importa\u00e7\u00e3o atrav\u00e9s do chamado procedimento de compensa\u00e7\u00e3o.<\/p>\n<p>O programa imediato foi, segundo Eck, um importante sinal de disposi\u00e7\u00e3o para agir por parte do governo federal, que, apesar da situa\u00e7\u00e3o or\u00e7ament\u00e1ria tensa, disponibilizou recursos adicionais de financiamento. Em particular, o financiamento adicional para carregamento r\u00e1pido comercial demonstrou a disposi\u00e7\u00e3o para a continuidade da estrat\u00e9gia de mobilidade el\u00e9trica do Minist\u00e9rio Federal dos Transportes. A simplifica\u00e7\u00e3o das diretrizes de financiamento \u00e9 urgentemente necess\u00e1ria, de modo que o in\u00edcio antecipado dos projetos possa ocorrer por conta e risco das empresas, mesmo que a decis\u00e3o de financiamento ainda esteja pendente. &#8220;Particularmente em rela\u00e7\u00e3o \u00e0 infraestrutura de carregamento e \u00e0 renova\u00e7\u00e3o da frota, havia uma necessidade urgente de a\u00e7\u00e3o&#8221;, disse o diretor do DVF.<\/p>\n<p>Eck exige que a carga burocr\u00e1tica do setor seja regularmente revisada e aliviada: &#8220;Com cada \u00e1rea de regula\u00e7\u00e3o surgem novas obriga\u00e7\u00f5es de reporte e custos de cumprimento para as empresas de log\u00edstica. Al\u00e9m dos procedimentos aduaneiros cl\u00e1ssicos e das obriga\u00e7\u00f5es empresariais, agora surgem procedimentos adicionais, como a compensa\u00e7\u00e3o de CO<sub>2<\/sub> (CBAM), seguran\u00e7a (diretiva NIS-2 \/ lei-quadro KRITIS), lei da cadeia de suprimentos e relat\u00f3rios de sustentabilidade. Devido \u00e0s exig\u00eancias de relat\u00f3rios complexas e \u00e0s responsabilidades descentralizadas, surgem custos e atrasos, sem que as mercadorias tenham se movido um mil\u00edmetro. Isso \u00e9 ineficiente, eleva os custos log\u00edsticos e prejudica a localiza\u00e7\u00e3o. Portanto, o trabalho da comiss\u00e3o ainda n\u00e3o terminou. Agora vem o monitoramento das melhorias e a complementa\u00e7\u00e3o das medidas de al\u00edvio burocr\u00e1tico.&#8221;<\/p>\n<h5>Identificadas melhorias para o transporte rodovi\u00e1rio de mercadorias e log\u00edstica em dez \u00e1reas de a\u00e7\u00e3o:<\/h5>\n<ol>\n<li>Criar facilidades para qualifica\u00e7\u00f5es e licen\u00e7as de motoristas profissionais<\/li>\n<li>Eliminar obst\u00e1culos burocr\u00e1ticos na \u00e1rea de transforma\u00e7\u00e3o<\/li>\n<li>Otimizar processos para transportes de grande volume e pesados<\/li>\n<li>Facilitar obriga\u00e7\u00f5es de reporte para empresas de forma simples e pr\u00e1tica<\/li>\n<li>Facilitar a entrega eficaz, sem interrup\u00e7\u00f5es e segura nas cidades<\/li>\n<li>Revisar as diretrizes existentes para proibi\u00e7\u00f5es de circula\u00e7\u00e3o de caminh\u00f5es aos domingos e feriados<\/li>\n<li>Revisar e harmonizar a margem de manobra para programas de financiamento<\/li>\n<li>Eliminar desvantagens competitivas no imposto sobre o valor acrescentado na importa\u00e7\u00e3o na Alemanha<\/li>\n<li>Prevenir encargos desproporcionais na implementa\u00e7\u00e3o da lei de dilig\u00eancia da cadeia de suprimentos e da diretiva da UE sobre cadeias de suprimentos<\/li>\n<li>Evitar burocracia adicional na implementa\u00e7\u00e3o da lei de moderniza\u00e7\u00e3o postal<\/li>\n<\/ol>\n<h4><a href=\"https:\/\/bmdv.bund.de\/SharedDocs\/DE\/Pressemitteilungen\/2024\/068-wissing-kommission-strassengueterverkehr-abschlussbericht.html\" target=\"_blank\" rel=\"noopener\"><strong>Link para o relat\u00f3rio final<\/strong><\/a><strong><br \/>\n<\/strong><\/h4>\n<p>Foto: \u00a9 Loginfo24<\/p>\n","protected":false},"excerpt":{"rendered":"<p>O F\u00f3rum Alem\u00e3o de Transportes (DVF) participou ativamente da comiss\u00e3o de transporte rodovi\u00e1rio de mercadorias, iniciada pelo Ministro Federal dos Transportes, Dr. Volker Wissing, como uma<span class=\"excerpt-hellip\"> [\u2026]<\/span><\/p>\n","protected":false},"author":0,"featured_media":6206,"comment_status":"open","ping_status":"open","sticky":false,"template":"","format":"standard","meta":{"_acf_changed":false,"footnotes":""},"categories":[1557,1556,1561],"tags":[],"class_list":["post-66046","post","type-post","status-publish","format-standard","has-post-thumbnail","hentry","category-forwarding-logistics","category-intermodal-road","category-regions"],"acf":[],"yoast_head":"<!-- This site is optimized with the Yoast SEO plugin v27.3 - https:\/\/yoast.com\/product\/yoast-seo-wordpress\/ -->\n<title>DVF sa\u00fada relat\u00f3rio final para o transporte rodovi\u00e1rio de mercadorias - Loginfo24<\/title>\n<meta name=\"robots\" content=\"index, follow, max-snippet:-1, max-image-preview:large, max-video-preview:-1\" \/>\n<link rel=\"canonical\" href=\"https:\/\/loginfo24.com\/pt-pt\/2024\/08\/01\/dvf-sauda-relatorio-final-para-o-transporte-rodoviario-de-mercadorias\/\" \/>\n<meta property=\"og:locale\" content=\"pt_PT\" \/>\n<meta property=\"og:type\" content=\"article\" \/>\n<meta property=\"og:title\" content=\"DVF sa\u00fada relat\u00f3rio final para o transporte rodovi\u00e1rio de mercadorias - Loginfo24\" \/>\n<meta property=\"og:description\" content=\"O F\u00f3rum Alem\u00e3o de Transportes (DVF) participou ativamente da comiss\u00e3o de transporte rodovi\u00e1rio de mercadorias, iniciada pelo Ministro Federal dos Transportes, Dr. Volker Wissing, como uma [\u2026]\" \/>\n<meta property=\"og:url\" content=\"https:\/\/loginfo24.com\/pt-pt\/2024\/08\/01\/dvf-sauda-relatorio-final-para-o-transporte-rodoviario-de-mercadorias\/\" \/>\n<meta property=\"og:site_name\" content=\"Loginfo24\" \/>\n<meta property=\"article:publisher\" content=\"https:\/\/www.facebook.com\/people\/Loginfo24\/100057360583332\/\" \/>\n<meta property=\"article:published_time\" content=\"2024-08-01T13:05:43+00:00\" \/>\n<meta property=\"og:image\" content=\"https:\/\/loginfo24.com\/wp-content\/uploads\/sites\/7\/2025\/12\/LKW_Autobahn_Basel-Weil-1.jpg\" \/>\n\t<meta property=\"og:image:width\" content=\"1469\" \/>\n\t<meta property=\"og:image:height\" content=\"968\" \/>\n\t<meta property=\"og:image:type\" content=\"image\/jpeg\" \/>\n<meta name=\"twitter:card\" content=\"summary_large_image\" \/>\n<meta name=\"twitter:label1\" content=\"Tempo estimado de leitura\" \/>\n\t<meta name=\"twitter:data1\" content=\"4 minutos\" \/>\n<script type=\"application\/ld+json\" class=\"yoast-schema-graph\">{\"@context\":\"https:\\\/\\\/schema.org\",\"@graph\":[{\"@type\":\"Article\",\"@id\":\"https:\\\/\\\/loginfo24.com\\\/pt-pt\\\/2024\\\/08\\\/01\\\/dvf-sauda-relatorio-final-para-o-transporte-rodoviario-de-mercadorias\\\/#article\",\"isPartOf\":{\"@id\":\"https:\\\/\\\/loginfo24.com\\\/pt-pt\\\/2024\\\/08\\\/01\\\/dvf-sauda-relatorio-final-para-o-transporte-rodoviario-de-mercadorias\\\/\"},\"author\":{\"name\":\"\",\"@id\":\"\"},\"headline\":\"DVF sa\u00fada relat\u00f3rio final para o transporte rodovi\u00e1rio de mercadorias\",\"datePublished\":\"2024-08-01T13:05:43+00:00\",\"mainEntityOfPage\":{\"@id\":\"https:\\\/\\\/loginfo24.com\\\/pt-pt\\\/2024\\\/08\\\/01\\\/dvf-sauda-relatorio-final-para-o-transporte-rodoviario-de-mercadorias\\\/\"},\"wordCount\":775,\"commentCount\":0,\"publisher\":{\"@id\":\"https:\\\/\\\/loginfo24.com\\\/pt-pt\\\/#organization\"},\"image\":{\"@id\":\"https:\\\/\\\/loginfo24.com\\\/pt-pt\\\/2024\\\/08\\\/01\\\/dvf-sauda-relatorio-final-para-o-transporte-rodoviario-de-mercadorias\\\/#primaryimage\"},\"thumbnailUrl\":\"https:\\\/\\\/loginfo24.com\\\/wp-content\\\/uploads\\\/sites\\\/7\\\/2025\\\/12\\\/LKW_Autobahn_Basel-Weil-1.jpg\",\"articleSection\":[\"Forwarding &amp; Logistics\",\"Intermodal \\\/ Road\",\"Regions\"],\"inLanguage\":\"pt-PT\",\"potentialAction\":[{\"@type\":\"CommentAction\",\"name\":\"Comment\",\"target\":[\"https:\\\/\\\/loginfo24.com\\\/pt-pt\\\/2024\\\/08\\\/01\\\/dvf-sauda-relatorio-final-para-o-transporte-rodoviario-de-mercadorias\\\/#respond\"]}]},{\"@type\":\"WebPage\",\"@id\":\"https:\\\/\\\/loginfo24.com\\\/pt-pt\\\/2024\\\/08\\\/01\\\/dvf-sauda-relatorio-final-para-o-transporte-rodoviario-de-mercadorias\\\/\",\"url\":\"https:\\\/\\\/loginfo24.com\\\/pt-pt\\\/2024\\\/08\\\/01\\\/dvf-sauda-relatorio-final-para-o-transporte-rodoviario-de-mercadorias\\\/\",\"name\":\"DVF sa\u00fada relat\u00f3rio final para o transporte rodovi\u00e1rio de mercadorias - Loginfo24\",\"isPartOf\":{\"@id\":\"https:\\\/\\\/loginfo24.com\\\/pt-pt\\\/#website\"},\"primaryImageOfPage\":{\"@id\":\"https:\\\/\\\/loginfo24.com\\\/pt-pt\\\/2024\\\/08\\\/01\\\/dvf-sauda-relatorio-final-para-o-transporte-rodoviario-de-mercadorias\\\/#primaryimage\"},\"image\":{\"@id\":\"https:\\\/\\\/loginfo24.com\\\/pt-pt\\\/2024\\\/08\\\/01\\\/dvf-sauda-relatorio-final-para-o-transporte-rodoviario-de-mercadorias\\\/#primaryimage\"},\"thumbnailUrl\":\"https:\\\/\\\/loginfo24.com\\\/wp-content\\\/uploads\\\/sites\\\/7\\\/2025\\\/12\\\/LKW_Autobahn_Basel-Weil-1.jpg\",\"datePublished\":\"2024-08-01T13:05:43+00:00\",\"breadcrumb\":{\"@id\":\"https:\\\/\\\/loginfo24.com\\\/pt-pt\\\/2024\\\/08\\\/01\\\/dvf-sauda-relatorio-final-para-o-transporte-rodoviario-de-mercadorias\\\/#breadcrumb\"},\"inLanguage\":\"pt-PT\",\"potentialAction\":[{\"@type\":\"ReadAction\",\"target\":[\"https:\\\/\\\/loginfo24.com\\\/pt-pt\\\/2024\\\/08\\\/01\\\/dvf-sauda-relatorio-final-para-o-transporte-rodoviario-de-mercadorias\\\/\"]}]},{\"@type\":\"ImageObject\",\"inLanguage\":\"pt-PT\",\"@id\":\"https:\\\/\\\/loginfo24.com\\\/pt-pt\\\/2024\\\/08\\\/01\\\/dvf-sauda-relatorio-final-para-o-transporte-rodoviario-de-mercadorias\\\/#primaryimage\",\"url\":\"https:\\\/\\\/loginfo24.com\\\/wp-content\\\/uploads\\\/sites\\\/7\\\/2025\\\/12\\\/LKW_Autobahn_Basel-Weil-1.jpg\",\"contentUrl\":\"https:\\\/\\\/loginfo24.com\\\/wp-content\\\/uploads\\\/sites\\\/7\\\/2025\\\/12\\\/LKW_Autobahn_Basel-Weil-1.jpg\",\"width\":1469,\"height\":968},{\"@type\":\"BreadcrumbList\",\"@id\":\"https:\\\/\\\/loginfo24.com\\\/pt-pt\\\/2024\\\/08\\\/01\\\/dvf-sauda-relatorio-final-para-o-transporte-rodoviario-de-mercadorias\\\/#breadcrumb\",\"itemListElement\":[{\"@type\":\"ListItem\",\"position\":1,\"name\":\"Startseite\",\"item\":\"https:\\\/\\\/loginfo24.com\\\/pt-pt\\\/\"},{\"@type\":\"ListItem\",\"position\":2,\"name\":\"DVF sa\u00fada relat\u00f3rio final para o transporte rodovi\u00e1rio de mercadorias\"}]},{\"@type\":\"WebSite\",\"@id\":\"https:\\\/\\\/loginfo24.com\\\/pt-pt\\\/#website\",\"url\":\"https:\\\/\\\/loginfo24.com\\\/pt-pt\\\/\",\"name\":\"Loginfo24\",\"description\":\"Loginfo24 \u00e9 a plataforma dedicada \u00e0 log\u00edstica e \u00e0s cadeias de abastecimento, com informa\u00e7\u00f5es dispon\u00edveis 24 horas por dia.\",\"publisher\":{\"@id\":\"https:\\\/\\\/loginfo24.com\\\/pt-pt\\\/#organization\"},\"potentialAction\":[{\"@type\":\"SearchAction\",\"target\":{\"@type\":\"EntryPoint\",\"urlTemplate\":\"https:\\\/\\\/loginfo24.com\\\/pt-pt\\\/?s={search_term_string}\"},\"query-input\":{\"@type\":\"PropertyValueSpecification\",\"valueRequired\":true,\"valueName\":\"search_term_string\"}}],\"inLanguage\":\"pt-PT\"},{\"@type\":\"Organization\",\"@id\":\"https:\\\/\\\/loginfo24.com\\\/pt-pt\\\/#organization\",\"name\":\"Logismedia Group AG\",\"url\":\"https:\\\/\\\/loginfo24.com\\\/pt-pt\\\/\",\"logo\":{\"@type\":\"ImageObject\",\"inLanguage\":\"pt-PT\",\"@id\":\"https:\\\/\\\/loginfo24.com\\\/pt-pt\\\/#\\\/schema\\\/logo\\\/image\\\/\",\"url\":\"https:\\\/\\\/loginfo24.com\\\/wp-content\\\/uploads\\\/sites\\\/7\\\/2026\\\/01\\\/Logo_LogInfo24.png\",\"contentUrl\":\"https:\\\/\\\/loginfo24.com\\\/wp-content\\\/uploads\\\/sites\\\/7\\\/2026\\\/01\\\/Logo_LogInfo24.png\",\"width\":938,\"height\":351,\"caption\":\"Logismedia Group AG\"},\"image\":{\"@id\":\"https:\\\/\\\/loginfo24.com\\\/pt-pt\\\/#\\\/schema\\\/logo\\\/image\\\/\"},\"sameAs\":[\"https:\\\/\\\/www.facebook.com\\\/people\\\/Loginfo24\\\/100057360583332\\\/\",\"https:\\\/\\\/www.linkedin.com\\\/company\\\/lofinfo24\\\/\"]}]}<\/script>\n<!-- \/ Yoast SEO plugin. -->","yoast_head_json":{"title":"DVF sa\u00fada relat\u00f3rio final para o transporte rodovi\u00e1rio de mercadorias - Loginfo24","robots":{"index":"index","follow":"follow","max-snippet":"max-snippet:-1","max-image-preview":"max-image-preview:large","max-video-preview":"max-video-preview:-1"},"canonical":"https:\/\/loginfo24.com\/pt-pt\/2024\/08\/01\/dvf-sauda-relatorio-final-para-o-transporte-rodoviario-de-mercadorias\/","og_locale":"pt_PT","og_type":"article","og_title":"DVF sa\u00fada relat\u00f3rio final para o transporte rodovi\u00e1rio de mercadorias - Loginfo24","og_description":"O F\u00f3rum Alem\u00e3o de Transportes (DVF) participou ativamente da comiss\u00e3o de transporte rodovi\u00e1rio de mercadorias, iniciada pelo Ministro Federal dos Transportes, Dr. Volker Wissing, como uma [\u2026]","og_url":"https:\/\/loginfo24.com\/pt-pt\/2024\/08\/01\/dvf-sauda-relatorio-final-para-o-transporte-rodoviario-de-mercadorias\/","og_site_name":"Loginfo24","article_publisher":"https:\/\/www.facebook.com\/people\/Loginfo24\/100057360583332\/","article_published_time":"2024-08-01T13:05:43+00:00","og_image":[{"width":1469,"height":968,"url":"https:\/\/loginfo24.com\/wp-content\/uploads\/sites\/7\/2025\/12\/LKW_Autobahn_Basel-Weil-1.jpg","type":"image\/jpeg"}],"twitter_card":"summary_large_image","twitter_misc":{"Tempo estimado de leitura":"4 minutos"},"schema":{"@context":"https:\/\/schema.org","@graph":[{"@type":"Article","@id":"https:\/\/loginfo24.com\/pt-pt\/2024\/08\/01\/dvf-sauda-relatorio-final-para-o-transporte-rodoviario-de-mercadorias\/#article","isPartOf":{"@id":"https:\/\/loginfo24.com\/pt-pt\/2024\/08\/01\/dvf-sauda-relatorio-final-para-o-transporte-rodoviario-de-mercadorias\/"},"author":{"name":"","@id":""},"headline":"DVF sa\u00fada relat\u00f3rio final para o transporte rodovi\u00e1rio de mercadorias","datePublished":"2024-08-01T13:05:43+00:00","mainEntityOfPage":{"@id":"https:\/\/loginfo24.com\/pt-pt\/2024\/08\/01\/dvf-sauda-relatorio-final-para-o-transporte-rodoviario-de-mercadorias\/"},"wordCount":775,"commentCount":0,"publisher":{"@id":"https:\/\/loginfo24.com\/pt-pt\/#organization"},"image":{"@id":"https:\/\/loginfo24.com\/pt-pt\/2024\/08\/01\/dvf-sauda-relatorio-final-para-o-transporte-rodoviario-de-mercadorias\/#primaryimage"},"thumbnailUrl":"https:\/\/loginfo24.com\/wp-content\/uploads\/sites\/7\/2025\/12\/LKW_Autobahn_Basel-Weil-1.jpg","articleSection":["Forwarding &amp; Logistics","Intermodal \/ Road","Regions"],"inLanguage":"pt-PT","potentialAction":[{"@type":"CommentAction","name":"Comment","target":["https:\/\/loginfo24.com\/pt-pt\/2024\/08\/01\/dvf-sauda-relatorio-final-para-o-transporte-rodoviario-de-mercadorias\/#respond"]}]},{"@type":"WebPage","@id":"https:\/\/loginfo24.com\/pt-pt\/2024\/08\/01\/dvf-sauda-relatorio-final-para-o-transporte-rodoviario-de-mercadorias\/","url":"https:\/\/loginfo24.com\/pt-pt\/2024\/08\/01\/dvf-sauda-relatorio-final-para-o-transporte-rodoviario-de-mercadorias\/","name":"DVF sa\u00fada relat\u00f3rio final para o transporte rodovi\u00e1rio de mercadorias - Loginfo24","isPartOf":{"@id":"https:\/\/loginfo24.com\/pt-pt\/#website"},"primaryImageOfPage":{"@id":"https:\/\/loginfo24.com\/pt-pt\/2024\/08\/01\/dvf-sauda-relatorio-final-para-o-transporte-rodoviario-de-mercadorias\/#primaryimage"},"image":{"@id":"https:\/\/loginfo24.com\/pt-pt\/2024\/08\/01\/dvf-sauda-relatorio-final-para-o-transporte-rodoviario-de-mercadorias\/#primaryimage"},"thumbnailUrl":"https:\/\/loginfo24.com\/wp-content\/uploads\/sites\/7\/2025\/12\/LKW_Autobahn_Basel-Weil-1.jpg","datePublished":"2024-08-01T13:05:43+00:00","breadcrumb":{"@id":"https:\/\/loginfo24.com\/pt-pt\/2024\/08\/01\/dvf-sauda-relatorio-final-para-o-transporte-rodoviario-de-mercadorias\/#breadcrumb"},"inLanguage":"pt-PT","potentialAction":[{"@type":"ReadAction","target":["https:\/\/loginfo24.com\/pt-pt\/2024\/08\/01\/dvf-sauda-relatorio-final-para-o-transporte-rodoviario-de-mercadorias\/"]}]},{"@type":"ImageObject","inLanguage":"pt-PT","@id":"https:\/\/loginfo24.com\/pt-pt\/2024\/08\/01\/dvf-sauda-relatorio-final-para-o-transporte-rodoviario-de-mercadorias\/#primaryimage","url":"https:\/\/loginfo24.com\/wp-content\/uploads\/sites\/7\/2025\/12\/LKW_Autobahn_Basel-Weil-1.jpg","contentUrl":"https:\/\/loginfo24.com\/wp-content\/uploads\/sites\/7\/2025\/12\/LKW_Autobahn_Basel-Weil-1.jpg","width":1469,"height":968},{"@type":"BreadcrumbList","@id":"https:\/\/loginfo24.com\/pt-pt\/2024\/08\/01\/dvf-sauda-relatorio-final-para-o-transporte-rodoviario-de-mercadorias\/#breadcrumb","itemListElement":[{"@type":"ListItem","position":1,"name":"Startseite","item":"https:\/\/loginfo24.com\/pt-pt\/"},{"@type":"ListItem","position":2,"name":"DVF sa\u00fada relat\u00f3rio final para o transporte rodovi\u00e1rio de mercadorias"}]},{"@type":"WebSite","@id":"https:\/\/loginfo24.com\/pt-pt\/#website","url":"https:\/\/loginfo24.com\/pt-pt\/","name":"Loginfo24","description":"Loginfo24 \u00e9 a plataforma dedicada \u00e0 log\u00edstica e \u00e0s cadeias de abastecimento, com informa\u00e7\u00f5es dispon\u00edveis 24 horas por dia.","publisher":{"@id":"https:\/\/loginfo24.com\/pt-pt\/#organization"},"potentialAction":[{"@type":"SearchAction","target":{"@type":"EntryPoint","urlTemplate":"https:\/\/loginfo24.com\/pt-pt\/?s={search_term_string}"},"query-input":{"@type":"PropertyValueSpecification","valueRequired":true,"valueName":"search_term_string"}}],"inLanguage":"pt-PT"},{"@type":"Organization","@id":"https:\/\/loginfo24.com\/pt-pt\/#organization","name":"Logismedia Group AG","url":"https:\/\/loginfo24.com\/pt-pt\/","logo":{"@type":"ImageObject","inLanguage":"pt-PT","@id":"https:\/\/loginfo24.com\/pt-pt\/#\/schema\/logo\/image\/","url":"https:\/\/loginfo24.com\/wp-content\/uploads\/sites\/7\/2026\/01\/Logo_LogInfo24.png","contentUrl":"https:\/\/loginfo24.com\/wp-content\/uploads\/sites\/7\/2026\/01\/Logo_LogInfo24.png","width":938,"height":351,"caption":"Logismedia Group AG"},"image":{"@id":"https:\/\/loginfo24.com\/pt-pt\/#\/schema\/logo\/image\/"},"sameAs":["https:\/\/www.facebook.com\/people\/Loginfo24\/100057360583332\/","https:\/\/www.linkedin.com\/company\/lofinfo24\/"]}]}},"_links":{"self":[{"href":"https:\/\/loginfo24.com\/pt-pt\/wp-json\/wp\/v2\/posts\/66046","targetHints":{"allow":["GET"]}}],"collection":[{"href":"https:\/\/loginfo24.com\/pt-pt\/wp-json\/wp\/v2\/posts"}],"about":[{"href":"https:\/\/loginfo24.com\/pt-pt\/wp-json\/wp\/v2\/types\/post"}],"replies":[{"embeddable":true,"href":"https:\/\/loginfo24.com\/pt-pt\/wp-json\/wp\/v2\/comments?post=66046"}],"version-history":[{"count":0,"href":"https:\/\/loginfo24.com\/pt-pt\/wp-json\/wp\/v2\/posts\/66046\/revisions"}],"wp:featuredmedia":[{"embeddable":true,"href":"https:\/\/loginfo24.com\/pt-pt\/wp-json\/wp\/v2\/media\/6206"}],"wp:attachment":[{"href":"https:\/\/loginfo24.com\/pt-pt\/wp-json\/wp\/v2\/media?parent=66046"}],"wp:term":[{"taxonomy":"category","embeddable":true,"href":"https:\/\/loginfo24.com\/pt-pt\/wp-json\/wp\/v2\/categories?post=66046"},{"taxonomy":"post_tag","embeddable":true,"href":"https:\/\/loginfo24.com\/pt-pt\/wp-json\/wp\/v2\/tags?post=66046"}],"curies":[{"name":"wp","href":"https:\/\/api.w.org\/{rel}","templated":true}]}}