{"id":65873,"date":"2024-07-18T13:24:14","date_gmt":"2024-07-18T11:24:14","guid":{"rendered":"https:\/\/blog.brand-architecture.at\/2024\/07\/18\/a-carhartt-equipa-a-empresa-de-mudancas-haberland-com-vestuario-de-trabalho\/"},"modified":"2024-07-18T13:24:14","modified_gmt":"2024-07-18T11:24:14","slug":"a-carhartt-equipa-a-empresa-de-mudancas-haberland-com-vestuario-de-trabalho","status":"publish","type":"post","link":"https:\/\/loginfo24.com\/pt-pt\/2024\/07\/18\/a-carhartt-equipa-a-empresa-de-mudancas-haberland-com-vestuario-de-trabalho\/","title":{"rendered":"A Carhartt equipa a empresa de mudan\u00e7as Haberland com vestu\u00e1rio de trabalho"},"content":{"rendered":"<h5>H\u00e1 135 anos, a marca Carhartt representa vestu\u00e1rio de trabalho e acess\u00f3rios dur\u00e1veis. A tempo do ano do jubileu, a empresa tradicional anuncia a colabora\u00e7\u00e3o com a empresa de mudan\u00e7as Haberland. Este apoio representa para a Carhartt um passo significativo na profundidade e expans\u00e3o das rela\u00e7\u00f5es com empresas locais no mercado alem\u00e3o. Todos os funcion\u00e1rios da Haberland, uma empresa de mudan\u00e7as e log\u00edstica de m\u00e9dio porte de G\u00f6ttingen, ser\u00e3o futuramente equipados com vestu\u00e1rio de trabalho da Carhartt.<\/h5>\n<p>(Weil am Rhein\/G\u00f6ttingen) &#8220;A colabora\u00e7\u00e3o com a empresa de mudan\u00e7as Haberland enfatiza nosso compromisso em apoiar empresas locais e fornecer vestu\u00e1rio de trabalho de alta qualidade e robusto para setores importantes&#8221;, explica Marga Stehmann, Gerente de Marketing da Carhartt EMEA\/PAC. &#8220;Este passo n\u00e3o apenas fortalece nossa presen\u00e7a na Alemanha, mas tamb\u00e9m promove nossos valores centrais de qualidade e confiabilidade em setores econ\u00f4micos decisivos.&#8221;<\/p>\n<p>A diretora da empresa de mudan\u00e7as Haberland, Romina Wolff, enfatiza a import\u00e2ncia deste apoio para sua empresa: &#8220;\u00c9 uma grande honra e uma enorme responsabilidade ter a Carhartt ao nosso lado. Equipar nossos funcion\u00e1rios com vestu\u00e1rio de trabalho da Carhartt simboliza nossa aprecia\u00e7\u00e3o pelo seu trabalho \u00e1rduo e nosso compromisso com seu bem-estar e satisfa\u00e7\u00e3o no trabalho.&#8221;<\/p>\n<p>No \u00e2mbito deste apoio, os 20 funcion\u00e1rios da Haberland foram equipados com produtos selecionados da Carhartt. Vestu\u00e1rio de trabalho de alta qualidade \u00e9 essencial na empresa de mudan\u00e7as, pois aumenta o conforto dos funcion\u00e1rios e, assim, contribui diretamente para a efici\u00eancia e produtividade. Roupas robustas e funcionais ajudam os funcion\u00e1rios a desempenhar suas fun\u00e7\u00f5es de forma ideal em diversas condi\u00e7\u00f5es.<\/p>\n<h5>Fortalecer valores de marca atrav\u00e9s de apoio m\u00fatuo<\/h5>\n<p>A rela\u00e7\u00e3o estabelecida entre a Carhartt e a empresa de mudan\u00e7as Haberland n\u00e3o apenas fortalece a posi\u00e7\u00e3o de mercado de ambas as empresas, mas tamb\u00e9m permite consolidar seus respectivos valores de marca atrav\u00e9s de apoio m\u00fatuo. A Carhartt traz desde 1889 experi\u00eancia na fabrica\u00e7\u00e3o de vestu\u00e1rio de trabalho. A empresa de mudan\u00e7as Haberland, fundada em 1970, complementa esta parceria com mais de cinco d\u00e9cadas de know-how e uma abordagem inovadora na ind\u00fastria de mudan\u00e7as de m\u00f3veis.<\/p>\n<p>Foto: \u00a9 Carhartt\/PR<\/p>\n","protected":false},"excerpt":{"rendered":"<p>H\u00e1 135 anos, a marca Carhartt representa vestu\u00e1rio de trabalho e acess\u00f3rios dur\u00e1veis. A tempo do ano do jubileu, a empresa tradicional anuncia a colabora\u00e7\u00e3o com<span class=\"excerpt-hellip\"> [\u2026]<\/span><\/p>\n","protected":false},"author":0,"featured_media":6278,"comment_status":"open","ping_status":"open","sticky":false,"template":"","format":"standard","meta":{"_acf_changed":false,"footnotes":""},"categories":[1557,1556,1561],"tags":[],"class_list":["post-65873","post","type-post","status-publish","format-standard","has-post-thumbnail","hentry","category-forwarding-logistics","category-intermodal-road","category-regions"],"acf":[],"yoast_head":"<!-- This site is optimized with the Yoast SEO plugin v27.3 - https:\/\/yoast.com\/product\/yoast-seo-wordpress\/ -->\n<title>A Carhartt equipa a empresa de mudan\u00e7as Haberland com vestu\u00e1rio de trabalho - Loginfo24<\/title>\n<meta name=\"robots\" content=\"index, follow, max-snippet:-1, max-image-preview:large, max-video-preview:-1\" \/>\n<link rel=\"canonical\" href=\"https:\/\/loginfo24.com\/pt-pt\/2024\/07\/18\/a-carhartt-equipa-a-empresa-de-mudancas-haberland-com-vestuario-de-trabalho\/\" \/>\n<meta property=\"og:locale\" content=\"pt_PT\" \/>\n<meta property=\"og:type\" content=\"article\" \/>\n<meta property=\"og:title\" content=\"A Carhartt equipa a empresa de mudan\u00e7as Haberland com vestu\u00e1rio de trabalho - Loginfo24\" \/>\n<meta property=\"og:description\" content=\"H\u00e1 135 anos, a marca Carhartt representa vestu\u00e1rio de trabalho e acess\u00f3rios dur\u00e1veis. A tempo do ano do jubileu, a empresa tradicional anuncia a colabora\u00e7\u00e3o com [\u2026]\" \/>\n<meta property=\"og:url\" content=\"https:\/\/loginfo24.com\/pt-pt\/2024\/07\/18\/a-carhartt-equipa-a-empresa-de-mudancas-haberland-com-vestuario-de-trabalho\/\" \/>\n<meta property=\"og:site_name\" content=\"Loginfo24\" \/>\n<meta property=\"article:publisher\" content=\"https:\/\/www.facebook.com\/people\/Loginfo24\/100057360583332\/\" \/>\n<meta property=\"article:published_time\" content=\"2024-07-18T11:24:14+00:00\" \/>\n<meta property=\"og:image\" content=\"https:\/\/loginfo24.com\/wp-content\/uploads\/sites\/7\/2025\/12\/Haberland_18.7.24.jpg\" \/>\n\t<meta property=\"og:image:width\" content=\"1371\" \/>\n\t<meta property=\"og:image:height\" content=\"826\" \/>\n\t<meta property=\"og:image:type\" content=\"image\/jpeg\" \/>\n<meta name=\"twitter:card\" content=\"summary_large_image\" \/>\n<meta name=\"twitter:label1\" content=\"Tempo estimado de leitura\" \/>\n\t<meta name=\"twitter:data1\" content=\"2 minutos\" \/>\n<script type=\"application\/ld+json\" class=\"yoast-schema-graph\">{\"@context\":\"https:\\\/\\\/schema.org\",\"@graph\":[{\"@type\":\"Article\",\"@id\":\"https:\\\/\\\/loginfo24.com\\\/pt-pt\\\/2024\\\/07\\\/18\\\/a-carhartt-equipa-a-empresa-de-mudancas-haberland-com-vestuario-de-trabalho\\\/#article\",\"isPartOf\":{\"@id\":\"https:\\\/\\\/loginfo24.com\\\/pt-pt\\\/2024\\\/07\\\/18\\\/a-carhartt-equipa-a-empresa-de-mudancas-haberland-com-vestuario-de-trabalho\\\/\"},\"author\":{\"name\":\"\",\"@id\":\"\"},\"headline\":\"A Carhartt equipa a empresa de mudan\u00e7as Haberland com vestu\u00e1rio de trabalho\",\"datePublished\":\"2024-07-18T11:24:14+00:00\",\"mainEntityOfPage\":{\"@id\":\"https:\\\/\\\/loginfo24.com\\\/pt-pt\\\/2024\\\/07\\\/18\\\/a-carhartt-equipa-a-empresa-de-mudancas-haberland-com-vestuario-de-trabalho\\\/\"},\"wordCount\":408,\"commentCount\":0,\"publisher\":{\"@id\":\"https:\\\/\\\/loginfo24.com\\\/pt-pt\\\/#organization\"},\"image\":{\"@id\":\"https:\\\/\\\/loginfo24.com\\\/pt-pt\\\/2024\\\/07\\\/18\\\/a-carhartt-equipa-a-empresa-de-mudancas-haberland-com-vestuario-de-trabalho\\\/#primaryimage\"},\"thumbnailUrl\":\"https:\\\/\\\/loginfo24.com\\\/wp-content\\\/uploads\\\/sites\\\/7\\\/2025\\\/12\\\/Haberland_18.7.24.jpg\",\"articleSection\":[\"Forwarding &amp; Logistics\",\"Intermodal \\\/ Road\",\"Regions\"],\"inLanguage\":\"pt-PT\",\"potentialAction\":[{\"@type\":\"CommentAction\",\"name\":\"Comment\",\"target\":[\"https:\\\/\\\/loginfo24.com\\\/pt-pt\\\/2024\\\/07\\\/18\\\/a-carhartt-equipa-a-empresa-de-mudancas-haberland-com-vestuario-de-trabalho\\\/#respond\"]}]},{\"@type\":\"WebPage\",\"@id\":\"https:\\\/\\\/loginfo24.com\\\/pt-pt\\\/2024\\\/07\\\/18\\\/a-carhartt-equipa-a-empresa-de-mudancas-haberland-com-vestuario-de-trabalho\\\/\",\"url\":\"https:\\\/\\\/loginfo24.com\\\/pt-pt\\\/2024\\\/07\\\/18\\\/a-carhartt-equipa-a-empresa-de-mudancas-haberland-com-vestuario-de-trabalho\\\/\",\"name\":\"A Carhartt equipa a empresa de mudan\u00e7as Haberland com vestu\u00e1rio de trabalho - Loginfo24\",\"isPartOf\":{\"@id\":\"https:\\\/\\\/loginfo24.com\\\/pt-pt\\\/#website\"},\"primaryImageOfPage\":{\"@id\":\"https:\\\/\\\/loginfo24.com\\\/pt-pt\\\/2024\\\/07\\\/18\\\/a-carhartt-equipa-a-empresa-de-mudancas-haberland-com-vestuario-de-trabalho\\\/#primaryimage\"},\"image\":{\"@id\":\"https:\\\/\\\/loginfo24.com\\\/pt-pt\\\/2024\\\/07\\\/18\\\/a-carhartt-equipa-a-empresa-de-mudancas-haberland-com-vestuario-de-trabalho\\\/#primaryimage\"},\"thumbnailUrl\":\"https:\\\/\\\/loginfo24.com\\\/wp-content\\\/uploads\\\/sites\\\/7\\\/2025\\\/12\\\/Haberland_18.7.24.jpg\",\"datePublished\":\"2024-07-18T11:24:14+00:00\",\"breadcrumb\":{\"@id\":\"https:\\\/\\\/loginfo24.com\\\/pt-pt\\\/2024\\\/07\\\/18\\\/a-carhartt-equipa-a-empresa-de-mudancas-haberland-com-vestuario-de-trabalho\\\/#breadcrumb\"},\"inLanguage\":\"pt-PT\",\"potentialAction\":[{\"@type\":\"ReadAction\",\"target\":[\"https:\\\/\\\/loginfo24.com\\\/pt-pt\\\/2024\\\/07\\\/18\\\/a-carhartt-equipa-a-empresa-de-mudancas-haberland-com-vestuario-de-trabalho\\\/\"]}]},{\"@type\":\"ImageObject\",\"inLanguage\":\"pt-PT\",\"@id\":\"https:\\\/\\\/loginfo24.com\\\/pt-pt\\\/2024\\\/07\\\/18\\\/a-carhartt-equipa-a-empresa-de-mudancas-haberland-com-vestuario-de-trabalho\\\/#primaryimage\",\"url\":\"https:\\\/\\\/loginfo24.com\\\/wp-content\\\/uploads\\\/sites\\\/7\\\/2025\\\/12\\\/Haberland_18.7.24.jpg\",\"contentUrl\":\"https:\\\/\\\/loginfo24.com\\\/wp-content\\\/uploads\\\/sites\\\/7\\\/2025\\\/12\\\/Haberland_18.7.24.jpg\",\"width\":1371,\"height\":826},{\"@type\":\"BreadcrumbList\",\"@id\":\"https:\\\/\\\/loginfo24.com\\\/pt-pt\\\/2024\\\/07\\\/18\\\/a-carhartt-equipa-a-empresa-de-mudancas-haberland-com-vestuario-de-trabalho\\\/#breadcrumb\",\"itemListElement\":[{\"@type\":\"ListItem\",\"position\":1,\"name\":\"Startseite\",\"item\":\"https:\\\/\\\/loginfo24.com\\\/pt-pt\\\/\"},{\"@type\":\"ListItem\",\"position\":2,\"name\":\"A Carhartt equipa a empresa de mudan\u00e7as Haberland com vestu\u00e1rio de trabalho\"}]},{\"@type\":\"WebSite\",\"@id\":\"https:\\\/\\\/loginfo24.com\\\/pt-pt\\\/#website\",\"url\":\"https:\\\/\\\/loginfo24.com\\\/pt-pt\\\/\",\"name\":\"Loginfo24\",\"description\":\"Loginfo24 \u00e9 a plataforma dedicada \u00e0 log\u00edstica e \u00e0s cadeias de abastecimento, com informa\u00e7\u00f5es dispon\u00edveis 24 horas por dia.\",\"publisher\":{\"@id\":\"https:\\\/\\\/loginfo24.com\\\/pt-pt\\\/#organization\"},\"potentialAction\":[{\"@type\":\"SearchAction\",\"target\":{\"@type\":\"EntryPoint\",\"urlTemplate\":\"https:\\\/\\\/loginfo24.com\\\/pt-pt\\\/?s={search_term_string}\"},\"query-input\":{\"@type\":\"PropertyValueSpecification\",\"valueRequired\":true,\"valueName\":\"search_term_string\"}}],\"inLanguage\":\"pt-PT\"},{\"@type\":\"Organization\",\"@id\":\"https:\\\/\\\/loginfo24.com\\\/pt-pt\\\/#organization\",\"name\":\"Logismedia Group AG\",\"url\":\"https:\\\/\\\/loginfo24.com\\\/pt-pt\\\/\",\"logo\":{\"@type\":\"ImageObject\",\"inLanguage\":\"pt-PT\",\"@id\":\"https:\\\/\\\/loginfo24.com\\\/pt-pt\\\/#\\\/schema\\\/logo\\\/image\\\/\",\"url\":\"https:\\\/\\\/loginfo24.com\\\/wp-content\\\/uploads\\\/sites\\\/7\\\/2026\\\/01\\\/Logo_LogInfo24.png\",\"contentUrl\":\"https:\\\/\\\/loginfo24.com\\\/wp-content\\\/uploads\\\/sites\\\/7\\\/2026\\\/01\\\/Logo_LogInfo24.png\",\"width\":938,\"height\":351,\"caption\":\"Logismedia Group AG\"},\"image\":{\"@id\":\"https:\\\/\\\/loginfo24.com\\\/pt-pt\\\/#\\\/schema\\\/logo\\\/image\\\/\"},\"sameAs\":[\"https:\\\/\\\/www.facebook.com\\\/people\\\/Loginfo24\\\/100057360583332\\\/\",\"https:\\\/\\\/www.linkedin.com\\\/company\\\/lofinfo24\\\/\"]}]}<\/script>\n<!-- \/ Yoast SEO plugin. -->","yoast_head_json":{"title":"A Carhartt equipa a empresa de mudan\u00e7as Haberland com vestu\u00e1rio de trabalho - Loginfo24","robots":{"index":"index","follow":"follow","max-snippet":"max-snippet:-1","max-image-preview":"max-image-preview:large","max-video-preview":"max-video-preview:-1"},"canonical":"https:\/\/loginfo24.com\/pt-pt\/2024\/07\/18\/a-carhartt-equipa-a-empresa-de-mudancas-haberland-com-vestuario-de-trabalho\/","og_locale":"pt_PT","og_type":"article","og_title":"A Carhartt equipa a empresa de mudan\u00e7as Haberland com vestu\u00e1rio de trabalho - Loginfo24","og_description":"H\u00e1 135 anos, a marca Carhartt representa vestu\u00e1rio de trabalho e acess\u00f3rios dur\u00e1veis. A tempo do ano do jubileu, a empresa tradicional anuncia a colabora\u00e7\u00e3o com [\u2026]","og_url":"https:\/\/loginfo24.com\/pt-pt\/2024\/07\/18\/a-carhartt-equipa-a-empresa-de-mudancas-haberland-com-vestuario-de-trabalho\/","og_site_name":"Loginfo24","article_publisher":"https:\/\/www.facebook.com\/people\/Loginfo24\/100057360583332\/","article_published_time":"2024-07-18T11:24:14+00:00","og_image":[{"width":1371,"height":826,"url":"https:\/\/loginfo24.com\/wp-content\/uploads\/sites\/7\/2025\/12\/Haberland_18.7.24.jpg","type":"image\/jpeg"}],"twitter_card":"summary_large_image","twitter_misc":{"Tempo estimado de leitura":"2 minutos"},"schema":{"@context":"https:\/\/schema.org","@graph":[{"@type":"Article","@id":"https:\/\/loginfo24.com\/pt-pt\/2024\/07\/18\/a-carhartt-equipa-a-empresa-de-mudancas-haberland-com-vestuario-de-trabalho\/#article","isPartOf":{"@id":"https:\/\/loginfo24.com\/pt-pt\/2024\/07\/18\/a-carhartt-equipa-a-empresa-de-mudancas-haberland-com-vestuario-de-trabalho\/"},"author":{"name":"","@id":""},"headline":"A Carhartt equipa a empresa de mudan\u00e7as Haberland com vestu\u00e1rio de trabalho","datePublished":"2024-07-18T11:24:14+00:00","mainEntityOfPage":{"@id":"https:\/\/loginfo24.com\/pt-pt\/2024\/07\/18\/a-carhartt-equipa-a-empresa-de-mudancas-haberland-com-vestuario-de-trabalho\/"},"wordCount":408,"commentCount":0,"publisher":{"@id":"https:\/\/loginfo24.com\/pt-pt\/#organization"},"image":{"@id":"https:\/\/loginfo24.com\/pt-pt\/2024\/07\/18\/a-carhartt-equipa-a-empresa-de-mudancas-haberland-com-vestuario-de-trabalho\/#primaryimage"},"thumbnailUrl":"https:\/\/loginfo24.com\/wp-content\/uploads\/sites\/7\/2025\/12\/Haberland_18.7.24.jpg","articleSection":["Forwarding &amp; Logistics","Intermodal \/ Road","Regions"],"inLanguage":"pt-PT","potentialAction":[{"@type":"CommentAction","name":"Comment","target":["https:\/\/loginfo24.com\/pt-pt\/2024\/07\/18\/a-carhartt-equipa-a-empresa-de-mudancas-haberland-com-vestuario-de-trabalho\/#respond"]}]},{"@type":"WebPage","@id":"https:\/\/loginfo24.com\/pt-pt\/2024\/07\/18\/a-carhartt-equipa-a-empresa-de-mudancas-haberland-com-vestuario-de-trabalho\/","url":"https:\/\/loginfo24.com\/pt-pt\/2024\/07\/18\/a-carhartt-equipa-a-empresa-de-mudancas-haberland-com-vestuario-de-trabalho\/","name":"A Carhartt equipa a empresa de mudan\u00e7as Haberland com vestu\u00e1rio de trabalho - Loginfo24","isPartOf":{"@id":"https:\/\/loginfo24.com\/pt-pt\/#website"},"primaryImageOfPage":{"@id":"https:\/\/loginfo24.com\/pt-pt\/2024\/07\/18\/a-carhartt-equipa-a-empresa-de-mudancas-haberland-com-vestuario-de-trabalho\/#primaryimage"},"image":{"@id":"https:\/\/loginfo24.com\/pt-pt\/2024\/07\/18\/a-carhartt-equipa-a-empresa-de-mudancas-haberland-com-vestuario-de-trabalho\/#primaryimage"},"thumbnailUrl":"https:\/\/loginfo24.com\/wp-content\/uploads\/sites\/7\/2025\/12\/Haberland_18.7.24.jpg","datePublished":"2024-07-18T11:24:14+00:00","breadcrumb":{"@id":"https:\/\/loginfo24.com\/pt-pt\/2024\/07\/18\/a-carhartt-equipa-a-empresa-de-mudancas-haberland-com-vestuario-de-trabalho\/#breadcrumb"},"inLanguage":"pt-PT","potentialAction":[{"@type":"ReadAction","target":["https:\/\/loginfo24.com\/pt-pt\/2024\/07\/18\/a-carhartt-equipa-a-empresa-de-mudancas-haberland-com-vestuario-de-trabalho\/"]}]},{"@type":"ImageObject","inLanguage":"pt-PT","@id":"https:\/\/loginfo24.com\/pt-pt\/2024\/07\/18\/a-carhartt-equipa-a-empresa-de-mudancas-haberland-com-vestuario-de-trabalho\/#primaryimage","url":"https:\/\/loginfo24.com\/wp-content\/uploads\/sites\/7\/2025\/12\/Haberland_18.7.24.jpg","contentUrl":"https:\/\/loginfo24.com\/wp-content\/uploads\/sites\/7\/2025\/12\/Haberland_18.7.24.jpg","width":1371,"height":826},{"@type":"BreadcrumbList","@id":"https:\/\/loginfo24.com\/pt-pt\/2024\/07\/18\/a-carhartt-equipa-a-empresa-de-mudancas-haberland-com-vestuario-de-trabalho\/#breadcrumb","itemListElement":[{"@type":"ListItem","position":1,"name":"Startseite","item":"https:\/\/loginfo24.com\/pt-pt\/"},{"@type":"ListItem","position":2,"name":"A Carhartt equipa a empresa de mudan\u00e7as Haberland com vestu\u00e1rio de trabalho"}]},{"@type":"WebSite","@id":"https:\/\/loginfo24.com\/pt-pt\/#website","url":"https:\/\/loginfo24.com\/pt-pt\/","name":"Loginfo24","description":"Loginfo24 \u00e9 a plataforma dedicada \u00e0 log\u00edstica e \u00e0s cadeias de abastecimento, com informa\u00e7\u00f5es dispon\u00edveis 24 horas por dia.","publisher":{"@id":"https:\/\/loginfo24.com\/pt-pt\/#organization"},"potentialAction":[{"@type":"SearchAction","target":{"@type":"EntryPoint","urlTemplate":"https:\/\/loginfo24.com\/pt-pt\/?s={search_term_string}"},"query-input":{"@type":"PropertyValueSpecification","valueRequired":true,"valueName":"search_term_string"}}],"inLanguage":"pt-PT"},{"@type":"Organization","@id":"https:\/\/loginfo24.com\/pt-pt\/#organization","name":"Logismedia Group AG","url":"https:\/\/loginfo24.com\/pt-pt\/","logo":{"@type":"ImageObject","inLanguage":"pt-PT","@id":"https:\/\/loginfo24.com\/pt-pt\/#\/schema\/logo\/image\/","url":"https:\/\/loginfo24.com\/wp-content\/uploads\/sites\/7\/2026\/01\/Logo_LogInfo24.png","contentUrl":"https:\/\/loginfo24.com\/wp-content\/uploads\/sites\/7\/2026\/01\/Logo_LogInfo24.png","width":938,"height":351,"caption":"Logismedia Group AG"},"image":{"@id":"https:\/\/loginfo24.com\/pt-pt\/#\/schema\/logo\/image\/"},"sameAs":["https:\/\/www.facebook.com\/people\/Loginfo24\/100057360583332\/","https:\/\/www.linkedin.com\/company\/lofinfo24\/"]}]}},"_links":{"self":[{"href":"https:\/\/loginfo24.com\/pt-pt\/wp-json\/wp\/v2\/posts\/65873","targetHints":{"allow":["GET"]}}],"collection":[{"href":"https:\/\/loginfo24.com\/pt-pt\/wp-json\/wp\/v2\/posts"}],"about":[{"href":"https:\/\/loginfo24.com\/pt-pt\/wp-json\/wp\/v2\/types\/post"}],"replies":[{"embeddable":true,"href":"https:\/\/loginfo24.com\/pt-pt\/wp-json\/wp\/v2\/comments?post=65873"}],"version-history":[{"count":0,"href":"https:\/\/loginfo24.com\/pt-pt\/wp-json\/wp\/v2\/posts\/65873\/revisions"}],"wp:featuredmedia":[{"embeddable":true,"href":"https:\/\/loginfo24.com\/pt-pt\/wp-json\/wp\/v2\/media\/6278"}],"wp:attachment":[{"href":"https:\/\/loginfo24.com\/pt-pt\/wp-json\/wp\/v2\/media?parent=65873"}],"wp:term":[{"taxonomy":"category","embeddable":true,"href":"https:\/\/loginfo24.com\/pt-pt\/wp-json\/wp\/v2\/categories?post=65873"},{"taxonomy":"post_tag","embeddable":true,"href":"https:\/\/loginfo24.com\/pt-pt\/wp-json\/wp\/v2\/tags?post=65873"}],"curies":[{"name":"wp","href":"https:\/\/api.w.org\/{rel}","templated":true}]}}