{"id":65249,"date":"2024-05-16T16:19:13","date_gmt":"2024-05-16T14:19:13","guid":{"rendered":"https:\/\/blog.brand-architecture.at\/2024\/05\/16\/astag-defende-a-modernizacao-das-estradas-nacionais\/"},"modified":"2024-05-16T16:19:13","modified_gmt":"2024-05-16T14:19:13","slug":"astag-defende-a-modernizacao-das-estradas-nacionais","status":"publish","type":"post","link":"https:\/\/loginfo24.com\/pt-pt\/2024\/05\/16\/astag-defende-a-modernizacao-das-estradas-nacionais\/","title":{"rendered":"ASTAG defende a moderniza\u00e7\u00e3o das estradas nacionais"},"content":{"rendered":"<h5><strong>O sindicato su\u00ed\u00e7o de ve\u00edculos comerciais ASTAG manifestou-se claramente na sua assembleia geral de hoje a favor da moderniza\u00e7\u00e3o das estradas nacionais. O passo de expans\u00e3o de 2023, que ser\u00e1 submetido a referendo popular no outono, \u00e9 apoiado sem reservas, como ficou claro em uma discuss\u00e3o em painel. O presidente central Thierry Burkart foi reeleito por unanimidade. Em uma transmiss\u00e3o ao vivo, o conselheiro federal Albert R\u00f6sti elogiou o setor pelo seu grande empenho em prol do abastecimento e da elimina\u00e7\u00e3o de res\u00edduos.<\/strong><\/h5>\n<p>(Berna) A rede de estradas nacionais \u00e9 a base indispens\u00e1vel para um abastecimento e elimina\u00e7\u00e3o de res\u00edduos confi\u00e1veis e seguros na Su\u00ed\u00e7a. 41% do tr\u00e1fego e at\u00e9 74% do transporte rodovi\u00e1rio de mercadorias ocorrem atrav\u00e9s das autoestradas. Mas, infelizmente, as capacidades h\u00e1 muito que n\u00e3o s\u00e3o mais suficientes \u2013 as horas de congestionamento alcan\u00e7am novos recordes negativos a cada ano.<\/p>\n<p>Para o referendo popular no outono sobre o passo de expans\u00e3o de 2023 das estradas nacionais, a Associa\u00e7\u00e3o Su\u00ed\u00e7a de Ve\u00edculos Comerciais ASTAG, portanto, recomenda um claro sim. Na assembleia de delegados deste ano em Lugano, ficou mais uma vez evidente que o setor de transporte rodovi\u00e1rio, ou seja, a economia, o com\u00e9rcio e a popula\u00e7\u00e3o, dependem urgentemente de uma infraestrutura rodovi\u00e1ria eficiente. O presidente central Thierry Burkart resumiu em sua sauda\u00e7\u00e3o: \u00abAs estradas nacionais garantem prosperidade \u2013 por isso, a decis\u00e3o popular sobre o programa de expans\u00e3o para o nosso pa\u00eds \u00e9 absolutamente decisiva!\u00bb<\/p>\n<h5><strong>Autoestradas eficientes = menos tr\u00e1fego desviado<\/strong><\/h5>\n<p>Entre os principais argumentos a favor est\u00e3o a descompress\u00e3o das localidades e, assim, a seguran\u00e7a no tr\u00e2nsito. Como destacou o deputado Benjamin Giezendanner (SVP \/ AG) e J\u00fcrg R\u00f6thlisberger, diretor do Escrit\u00f3rio Federal de Estradas ASTRA, o passo de expans\u00e3o de 2023 ajuda principalmente a evitar o tr\u00e1fego desviado atrav\u00e9s de vilarejos e aglomera\u00e7\u00f5es. Quanto mais eficientes forem as autoestradas, menor ser\u00e1 o incentivo para utilizar a rede vi\u00e1ria secund\u00e1ria \u2013 com grandes vantagens para a seguran\u00e7a no tr\u00e2nsito, por exemplo, em rotas escolares. Um desenvolvimento da infraestrutura que atenda \u00e0 demanda \u00e9 indispens\u00e1vel tanto para os trilhos quanto para as estradas. Com o deputado Michael T\u00f6ngi (SP \/ LU) e o presidente do VCS, Ruedi Blumer, tamb\u00e9m foi dada a oportunidade a dois oponentes da proposta de apresentarem seus argumentos.<\/p>\n<p>Na parte estatut\u00e1ria, Thierry Burkart foi confirmado como presidente central por unanimidade e sob grandes aplausos para mais um mandato de quatro anos, assim como Peter Galliker e Heinrich Marti (membros do comit\u00ea de administra\u00e7\u00e3o). O ponto alto da assembleia foi uma transmiss\u00e3o ao vivo do conselheiro federal Albert R\u00f6sti. O chefe do UVEK expressou seu reconhecimento pelos servi\u00e7os di\u00e1rios que o setor de transporte rodovi\u00e1rio presta para o abastecimento e a elimina\u00e7\u00e3o de res\u00edduos em toda a Su\u00ed\u00e7a.<\/p>\n<p>Foto: \u00a9 Loginfo24<\/p>\n","protected":false},"excerpt":{"rendered":"<p>O sindicato su\u00ed\u00e7o de ve\u00edculos comerciais ASTAG manifestou-se claramente na sua assembleia geral de hoje a favor da moderniza\u00e7\u00e3o das estradas nacionais. O passo de expans\u00e3o<span class=\"excerpt-hellip\"> [\u2026]<\/span><\/p>\n","protected":false},"author":0,"featured_media":6530,"comment_status":"open","ping_status":"open","sticky":false,"template":"","format":"standard","meta":{"_acf_changed":false,"footnotes":""},"categories":[1557,1556,1561],"tags":[],"class_list":["post-65249","post","type-post","status-publish","format-standard","has-post-thumbnail","hentry","category-forwarding-logistics","category-intermodal-road","category-regions"],"acf":[],"yoast_head":"<!-- This site is optimized with the Yoast SEO plugin v27.3 - https:\/\/yoast.com\/product\/yoast-seo-wordpress\/ -->\n<title>ASTAG defende a moderniza\u00e7\u00e3o das estradas nacionais - Loginfo24<\/title>\n<meta name=\"robots\" content=\"index, follow, max-snippet:-1, max-image-preview:large, max-video-preview:-1\" \/>\n<link rel=\"canonical\" href=\"https:\/\/loginfo24.com\/pt-pt\/2024\/05\/16\/astag-defende-a-modernizacao-das-estradas-nacionais\/\" \/>\n<meta property=\"og:locale\" content=\"pt_PT\" \/>\n<meta property=\"og:type\" content=\"article\" \/>\n<meta property=\"og:title\" content=\"ASTAG defende a moderniza\u00e7\u00e3o das estradas nacionais - Loginfo24\" \/>\n<meta property=\"og:description\" content=\"O sindicato su\u00ed\u00e7o de ve\u00edculos comerciais ASTAG manifestou-se claramente na sua assembleia geral de hoje a favor da moderniza\u00e7\u00e3o das estradas nacionais. O passo de expans\u00e3o [\u2026]\" \/>\n<meta property=\"og:url\" content=\"https:\/\/loginfo24.com\/pt-pt\/2024\/05\/16\/astag-defende-a-modernizacao-das-estradas-nacionais\/\" \/>\n<meta property=\"og:site_name\" content=\"Loginfo24\" \/>\n<meta property=\"article:publisher\" content=\"https:\/\/www.facebook.com\/people\/Loginfo24\/100057360583332\/\" \/>\n<meta property=\"article:published_time\" content=\"2024-05-16T14:19:13+00:00\" \/>\n<meta property=\"og:image\" content=\"https:\/\/loginfo24.com\/wp-content\/uploads\/sites\/7\/2025\/12\/Strasse.jpg\" \/>\n\t<meta property=\"og:image:width\" content=\"1471\" \/>\n\t<meta property=\"og:image:height\" content=\"972\" \/>\n\t<meta property=\"og:image:type\" content=\"image\/jpeg\" \/>\n<meta name=\"twitter:card\" content=\"summary_large_image\" \/>\n<meta name=\"twitter:label1\" content=\"Tempo estimado de leitura\" \/>\n\t<meta name=\"twitter:data1\" content=\"3 minutos\" \/>\n<script type=\"application\/ld+json\" class=\"yoast-schema-graph\">{\"@context\":\"https:\\\/\\\/schema.org\",\"@graph\":[{\"@type\":\"Article\",\"@id\":\"https:\\\/\\\/loginfo24.com\\\/pt-pt\\\/2024\\\/05\\\/16\\\/astag-defende-a-modernizacao-das-estradas-nacionais\\\/#article\",\"isPartOf\":{\"@id\":\"https:\\\/\\\/loginfo24.com\\\/pt-pt\\\/2024\\\/05\\\/16\\\/astag-defende-a-modernizacao-das-estradas-nacionais\\\/\"},\"author\":{\"name\":\"\",\"@id\":\"\"},\"headline\":\"ASTAG defende a moderniza\u00e7\u00e3o das estradas nacionais\",\"datePublished\":\"2024-05-16T14:19:13+00:00\",\"mainEntityOfPage\":{\"@id\":\"https:\\\/\\\/loginfo24.com\\\/pt-pt\\\/2024\\\/05\\\/16\\\/astag-defende-a-modernizacao-das-estradas-nacionais\\\/\"},\"wordCount\":509,\"commentCount\":0,\"publisher\":{\"@id\":\"https:\\\/\\\/loginfo24.com\\\/pt-pt\\\/#organization\"},\"image\":{\"@id\":\"https:\\\/\\\/loginfo24.com\\\/pt-pt\\\/2024\\\/05\\\/16\\\/astag-defende-a-modernizacao-das-estradas-nacionais\\\/#primaryimage\"},\"thumbnailUrl\":\"https:\\\/\\\/loginfo24.com\\\/wp-content\\\/uploads\\\/sites\\\/7\\\/2025\\\/12\\\/Strasse.jpg\",\"articleSection\":[\"Forwarding &amp; Logistics\",\"Intermodal \\\/ Road\",\"Regions\"],\"inLanguage\":\"pt-PT\",\"potentialAction\":[{\"@type\":\"CommentAction\",\"name\":\"Comment\",\"target\":[\"https:\\\/\\\/loginfo24.com\\\/pt-pt\\\/2024\\\/05\\\/16\\\/astag-defende-a-modernizacao-das-estradas-nacionais\\\/#respond\"]}]},{\"@type\":\"WebPage\",\"@id\":\"https:\\\/\\\/loginfo24.com\\\/pt-pt\\\/2024\\\/05\\\/16\\\/astag-defende-a-modernizacao-das-estradas-nacionais\\\/\",\"url\":\"https:\\\/\\\/loginfo24.com\\\/pt-pt\\\/2024\\\/05\\\/16\\\/astag-defende-a-modernizacao-das-estradas-nacionais\\\/\",\"name\":\"ASTAG defende a moderniza\u00e7\u00e3o das estradas nacionais - Loginfo24\",\"isPartOf\":{\"@id\":\"https:\\\/\\\/loginfo24.com\\\/pt-pt\\\/#website\"},\"primaryImageOfPage\":{\"@id\":\"https:\\\/\\\/loginfo24.com\\\/pt-pt\\\/2024\\\/05\\\/16\\\/astag-defende-a-modernizacao-das-estradas-nacionais\\\/#primaryimage\"},\"image\":{\"@id\":\"https:\\\/\\\/loginfo24.com\\\/pt-pt\\\/2024\\\/05\\\/16\\\/astag-defende-a-modernizacao-das-estradas-nacionais\\\/#primaryimage\"},\"thumbnailUrl\":\"https:\\\/\\\/loginfo24.com\\\/wp-content\\\/uploads\\\/sites\\\/7\\\/2025\\\/12\\\/Strasse.jpg\",\"datePublished\":\"2024-05-16T14:19:13+00:00\",\"breadcrumb\":{\"@id\":\"https:\\\/\\\/loginfo24.com\\\/pt-pt\\\/2024\\\/05\\\/16\\\/astag-defende-a-modernizacao-das-estradas-nacionais\\\/#breadcrumb\"},\"inLanguage\":\"pt-PT\",\"potentialAction\":[{\"@type\":\"ReadAction\",\"target\":[\"https:\\\/\\\/loginfo24.com\\\/pt-pt\\\/2024\\\/05\\\/16\\\/astag-defende-a-modernizacao-das-estradas-nacionais\\\/\"]}]},{\"@type\":\"ImageObject\",\"inLanguage\":\"pt-PT\",\"@id\":\"https:\\\/\\\/loginfo24.com\\\/pt-pt\\\/2024\\\/05\\\/16\\\/astag-defende-a-modernizacao-das-estradas-nacionais\\\/#primaryimage\",\"url\":\"https:\\\/\\\/loginfo24.com\\\/wp-content\\\/uploads\\\/sites\\\/7\\\/2025\\\/12\\\/Strasse.jpg\",\"contentUrl\":\"https:\\\/\\\/loginfo24.com\\\/wp-content\\\/uploads\\\/sites\\\/7\\\/2025\\\/12\\\/Strasse.jpg\",\"width\":1471,\"height\":972},{\"@type\":\"BreadcrumbList\",\"@id\":\"https:\\\/\\\/loginfo24.com\\\/pt-pt\\\/2024\\\/05\\\/16\\\/astag-defende-a-modernizacao-das-estradas-nacionais\\\/#breadcrumb\",\"itemListElement\":[{\"@type\":\"ListItem\",\"position\":1,\"name\":\"Startseite\",\"item\":\"https:\\\/\\\/loginfo24.com\\\/pt-pt\\\/\"},{\"@type\":\"ListItem\",\"position\":2,\"name\":\"ASTAG defende a moderniza\u00e7\u00e3o das estradas nacionais\"}]},{\"@type\":\"WebSite\",\"@id\":\"https:\\\/\\\/loginfo24.com\\\/pt-pt\\\/#website\",\"url\":\"https:\\\/\\\/loginfo24.com\\\/pt-pt\\\/\",\"name\":\"Loginfo24\",\"description\":\"Loginfo24 \u00e9 a plataforma dedicada \u00e0 log\u00edstica e \u00e0s cadeias de abastecimento, com informa\u00e7\u00f5es dispon\u00edveis 24 horas por dia.\",\"publisher\":{\"@id\":\"https:\\\/\\\/loginfo24.com\\\/pt-pt\\\/#organization\"},\"potentialAction\":[{\"@type\":\"SearchAction\",\"target\":{\"@type\":\"EntryPoint\",\"urlTemplate\":\"https:\\\/\\\/loginfo24.com\\\/pt-pt\\\/?s={search_term_string}\"},\"query-input\":{\"@type\":\"PropertyValueSpecification\",\"valueRequired\":true,\"valueName\":\"search_term_string\"}}],\"inLanguage\":\"pt-PT\"},{\"@type\":\"Organization\",\"@id\":\"https:\\\/\\\/loginfo24.com\\\/pt-pt\\\/#organization\",\"name\":\"Logismedia Group AG\",\"url\":\"https:\\\/\\\/loginfo24.com\\\/pt-pt\\\/\",\"logo\":{\"@type\":\"ImageObject\",\"inLanguage\":\"pt-PT\",\"@id\":\"https:\\\/\\\/loginfo24.com\\\/pt-pt\\\/#\\\/schema\\\/logo\\\/image\\\/\",\"url\":\"https:\\\/\\\/loginfo24.com\\\/wp-content\\\/uploads\\\/sites\\\/7\\\/2026\\\/01\\\/Logo_LogInfo24.png\",\"contentUrl\":\"https:\\\/\\\/loginfo24.com\\\/wp-content\\\/uploads\\\/sites\\\/7\\\/2026\\\/01\\\/Logo_LogInfo24.png\",\"width\":938,\"height\":351,\"caption\":\"Logismedia Group AG\"},\"image\":{\"@id\":\"https:\\\/\\\/loginfo24.com\\\/pt-pt\\\/#\\\/schema\\\/logo\\\/image\\\/\"},\"sameAs\":[\"https:\\\/\\\/www.facebook.com\\\/people\\\/Loginfo24\\\/100057360583332\\\/\",\"https:\\\/\\\/www.linkedin.com\\\/company\\\/lofinfo24\\\/\"]}]}<\/script>\n<!-- \/ Yoast SEO plugin. -->","yoast_head_json":{"title":"ASTAG defende a moderniza\u00e7\u00e3o das estradas nacionais - Loginfo24","robots":{"index":"index","follow":"follow","max-snippet":"max-snippet:-1","max-image-preview":"max-image-preview:large","max-video-preview":"max-video-preview:-1"},"canonical":"https:\/\/loginfo24.com\/pt-pt\/2024\/05\/16\/astag-defende-a-modernizacao-das-estradas-nacionais\/","og_locale":"pt_PT","og_type":"article","og_title":"ASTAG defende a moderniza\u00e7\u00e3o das estradas nacionais - Loginfo24","og_description":"O sindicato su\u00ed\u00e7o de ve\u00edculos comerciais ASTAG manifestou-se claramente na sua assembleia geral de hoje a favor da moderniza\u00e7\u00e3o das estradas nacionais. O passo de expans\u00e3o [\u2026]","og_url":"https:\/\/loginfo24.com\/pt-pt\/2024\/05\/16\/astag-defende-a-modernizacao-das-estradas-nacionais\/","og_site_name":"Loginfo24","article_publisher":"https:\/\/www.facebook.com\/people\/Loginfo24\/100057360583332\/","article_published_time":"2024-05-16T14:19:13+00:00","og_image":[{"width":1471,"height":972,"url":"https:\/\/loginfo24.com\/wp-content\/uploads\/sites\/7\/2025\/12\/Strasse.jpg","type":"image\/jpeg"}],"twitter_card":"summary_large_image","twitter_misc":{"Tempo estimado de leitura":"3 minutos"},"schema":{"@context":"https:\/\/schema.org","@graph":[{"@type":"Article","@id":"https:\/\/loginfo24.com\/pt-pt\/2024\/05\/16\/astag-defende-a-modernizacao-das-estradas-nacionais\/#article","isPartOf":{"@id":"https:\/\/loginfo24.com\/pt-pt\/2024\/05\/16\/astag-defende-a-modernizacao-das-estradas-nacionais\/"},"author":{"name":"","@id":""},"headline":"ASTAG defende a moderniza\u00e7\u00e3o das estradas nacionais","datePublished":"2024-05-16T14:19:13+00:00","mainEntityOfPage":{"@id":"https:\/\/loginfo24.com\/pt-pt\/2024\/05\/16\/astag-defende-a-modernizacao-das-estradas-nacionais\/"},"wordCount":509,"commentCount":0,"publisher":{"@id":"https:\/\/loginfo24.com\/pt-pt\/#organization"},"image":{"@id":"https:\/\/loginfo24.com\/pt-pt\/2024\/05\/16\/astag-defende-a-modernizacao-das-estradas-nacionais\/#primaryimage"},"thumbnailUrl":"https:\/\/loginfo24.com\/wp-content\/uploads\/sites\/7\/2025\/12\/Strasse.jpg","articleSection":["Forwarding &amp; Logistics","Intermodal \/ Road","Regions"],"inLanguage":"pt-PT","potentialAction":[{"@type":"CommentAction","name":"Comment","target":["https:\/\/loginfo24.com\/pt-pt\/2024\/05\/16\/astag-defende-a-modernizacao-das-estradas-nacionais\/#respond"]}]},{"@type":"WebPage","@id":"https:\/\/loginfo24.com\/pt-pt\/2024\/05\/16\/astag-defende-a-modernizacao-das-estradas-nacionais\/","url":"https:\/\/loginfo24.com\/pt-pt\/2024\/05\/16\/astag-defende-a-modernizacao-das-estradas-nacionais\/","name":"ASTAG defende a moderniza\u00e7\u00e3o das estradas nacionais - Loginfo24","isPartOf":{"@id":"https:\/\/loginfo24.com\/pt-pt\/#website"},"primaryImageOfPage":{"@id":"https:\/\/loginfo24.com\/pt-pt\/2024\/05\/16\/astag-defende-a-modernizacao-das-estradas-nacionais\/#primaryimage"},"image":{"@id":"https:\/\/loginfo24.com\/pt-pt\/2024\/05\/16\/astag-defende-a-modernizacao-das-estradas-nacionais\/#primaryimage"},"thumbnailUrl":"https:\/\/loginfo24.com\/wp-content\/uploads\/sites\/7\/2025\/12\/Strasse.jpg","datePublished":"2024-05-16T14:19:13+00:00","breadcrumb":{"@id":"https:\/\/loginfo24.com\/pt-pt\/2024\/05\/16\/astag-defende-a-modernizacao-das-estradas-nacionais\/#breadcrumb"},"inLanguage":"pt-PT","potentialAction":[{"@type":"ReadAction","target":["https:\/\/loginfo24.com\/pt-pt\/2024\/05\/16\/astag-defende-a-modernizacao-das-estradas-nacionais\/"]}]},{"@type":"ImageObject","inLanguage":"pt-PT","@id":"https:\/\/loginfo24.com\/pt-pt\/2024\/05\/16\/astag-defende-a-modernizacao-das-estradas-nacionais\/#primaryimage","url":"https:\/\/loginfo24.com\/wp-content\/uploads\/sites\/7\/2025\/12\/Strasse.jpg","contentUrl":"https:\/\/loginfo24.com\/wp-content\/uploads\/sites\/7\/2025\/12\/Strasse.jpg","width":1471,"height":972},{"@type":"BreadcrumbList","@id":"https:\/\/loginfo24.com\/pt-pt\/2024\/05\/16\/astag-defende-a-modernizacao-das-estradas-nacionais\/#breadcrumb","itemListElement":[{"@type":"ListItem","position":1,"name":"Startseite","item":"https:\/\/loginfo24.com\/pt-pt\/"},{"@type":"ListItem","position":2,"name":"ASTAG defende a moderniza\u00e7\u00e3o das estradas nacionais"}]},{"@type":"WebSite","@id":"https:\/\/loginfo24.com\/pt-pt\/#website","url":"https:\/\/loginfo24.com\/pt-pt\/","name":"Loginfo24","description":"Loginfo24 \u00e9 a plataforma dedicada \u00e0 log\u00edstica e \u00e0s cadeias de abastecimento, com informa\u00e7\u00f5es dispon\u00edveis 24 horas por dia.","publisher":{"@id":"https:\/\/loginfo24.com\/pt-pt\/#organization"},"potentialAction":[{"@type":"SearchAction","target":{"@type":"EntryPoint","urlTemplate":"https:\/\/loginfo24.com\/pt-pt\/?s={search_term_string}"},"query-input":{"@type":"PropertyValueSpecification","valueRequired":true,"valueName":"search_term_string"}}],"inLanguage":"pt-PT"},{"@type":"Organization","@id":"https:\/\/loginfo24.com\/pt-pt\/#organization","name":"Logismedia Group AG","url":"https:\/\/loginfo24.com\/pt-pt\/","logo":{"@type":"ImageObject","inLanguage":"pt-PT","@id":"https:\/\/loginfo24.com\/pt-pt\/#\/schema\/logo\/image\/","url":"https:\/\/loginfo24.com\/wp-content\/uploads\/sites\/7\/2026\/01\/Logo_LogInfo24.png","contentUrl":"https:\/\/loginfo24.com\/wp-content\/uploads\/sites\/7\/2026\/01\/Logo_LogInfo24.png","width":938,"height":351,"caption":"Logismedia Group AG"},"image":{"@id":"https:\/\/loginfo24.com\/pt-pt\/#\/schema\/logo\/image\/"},"sameAs":["https:\/\/www.facebook.com\/people\/Loginfo24\/100057360583332\/","https:\/\/www.linkedin.com\/company\/lofinfo24\/"]}]}},"_links":{"self":[{"href":"https:\/\/loginfo24.com\/pt-pt\/wp-json\/wp\/v2\/posts\/65249","targetHints":{"allow":["GET"]}}],"collection":[{"href":"https:\/\/loginfo24.com\/pt-pt\/wp-json\/wp\/v2\/posts"}],"about":[{"href":"https:\/\/loginfo24.com\/pt-pt\/wp-json\/wp\/v2\/types\/post"}],"replies":[{"embeddable":true,"href":"https:\/\/loginfo24.com\/pt-pt\/wp-json\/wp\/v2\/comments?post=65249"}],"version-history":[{"count":0,"href":"https:\/\/loginfo24.com\/pt-pt\/wp-json\/wp\/v2\/posts\/65249\/revisions"}],"wp:featuredmedia":[{"embeddable":true,"href":"https:\/\/loginfo24.com\/pt-pt\/wp-json\/wp\/v2\/media\/6530"}],"wp:attachment":[{"href":"https:\/\/loginfo24.com\/pt-pt\/wp-json\/wp\/v2\/media?parent=65249"}],"wp:term":[{"taxonomy":"category","embeddable":true,"href":"https:\/\/loginfo24.com\/pt-pt\/wp-json\/wp\/v2\/categories?post=65249"},{"taxonomy":"post_tag","embeddable":true,"href":"https:\/\/loginfo24.com\/pt-pt\/wp-json\/wp\/v2\/tags?post=65249"}],"curies":[{"name":"wp","href":"https:\/\/api.w.org\/{rel}","templated":true}]}}