{"id":64274,"date":"2024-02-22T15:52:19","date_gmt":"2024-02-22T14:52:19","guid":{"rendered":"https:\/\/blog.brand-architecture.at\/2024\/02\/22\/alianca-de-associacoes-opoe-se-a-uma-proibicao-de-parcerias-contratuais\/"},"modified":"2024-02-22T15:52:19","modified_gmt":"2024-02-22T14:52:19","slug":"alianca-de-associacoes-opoe-se-a-uma-proibicao-de-parcerias-contratuais","status":"publish","type":"post","link":"https:\/\/loginfo24.com\/pt-pt\/2024\/02\/22\/alianca-de-associacoes-opoe-se-a-uma-proibicao-de-parcerias-contratuais\/","title":{"rendered":"Alian\u00e7a de associa\u00e7\u00f5es op\u00f5e-se a uma proibi\u00e7\u00e3o de parcerias contratuais"},"content":{"rendered":"<h5><strong>N\u00e3o \u00e0 proibi\u00e7\u00e3o de parcerias contratuais \u2013 \u00e9 isso que a Alian\u00e7a pela economia de divis\u00e3o de trabalho defende, na qual se uniram as principais associa\u00e7\u00f5es empresariais: Associa\u00e7\u00e3o Federal de Com\u00e9rcio por Atacado, Com\u00e9rcio Exterior e Servi\u00e7os (BGA), Associa\u00e7\u00e3o Federal dos Servi\u00e7os de Mensagens Expressas (BdKEP), Associa\u00e7\u00e3o Federal de Log\u00edstica de Pacotes e Expressos (BIEK), Associa\u00e7\u00e3o Federal do Com\u00e9rcio Farmac\u00eautico (PHAGRO), Associa\u00e7\u00e3o Federal de Transporte e Log\u00edstica (DSLV), Associa\u00e7\u00e3o Federal de Log\u00edstica (BVL) e a Associa\u00e7\u00e3o Comercial da Alemanha (HDE).<\/strong><\/h5>\n<p>(Berlim) Na atual legislatura, surgiu um clima social de desejo de regulamenta\u00e7\u00e3o, que resulta em profundas interven\u00e7\u00f5es nas atividades empresariais. O exemplo mais recente \u00e9 a tentativa de impor uma proibi\u00e7\u00e3o de parcerias contratuais na reforma da lei postal. Para isso, uma vez mais, uma maioria dos estados se mobilizou atrav\u00e9s do Bundesrat. No entanto, a campanha baseia-se em empirismo aned\u00f3tico e declara\u00e7\u00f5es falsas, combinadas com a preocupa\u00e7\u00e3o disfar\u00e7ada sobre as condi\u00e7\u00f5es de trabalho no setor de pacotes.<\/p>\n<p>N\u00e3o \u00e9 necess\u00e1rio ter habilidades de adivinha\u00e7\u00e3o para perceber que n\u00e3o ficar\u00e1 apenas no setor de pacotes. Outros setores econ\u00f4micos, onde se trabalha em divis\u00e3o de trabalho com parceiros contratuais como subcontratados, tamb\u00e9m ser\u00e3o afetados no futuro.<\/p>\n<p><img loading=\"lazy\" decoding=\"async\" class=\"alignnone wp-image-25473 size-full\" src=\"https:\/\/loginfo24.com\/wp-content\/uploads\/sites\/7\/2025\/12\/Allianz_KEP_22.2.24.jpg\" alt=\"\" width=\"1000\" height=\"545\" \/>As parcerias contratuais s\u00e3o indispens\u00e1veis para a economia alem\u00e3. Uma imposi\u00e7\u00e3o de insourcing ordenada politicamente seria inexecut\u00e1vel para in\u00fameras empresas em termos organizacionais, t\u00e9cnicos, financeiros e jur\u00eddicos. Isso for\u00e7aria milhares de empreendedores independentes a fechar suas empresas e a aceitar empregos dependentes.<\/p>\n<p>A dire\u00e7\u00e3o de numerosos atores pol\u00edticos e sindicais \u00e9 \u00f3bvia: a liberdade empresarial sobre a organiza\u00e7\u00e3o de seus pr\u00f3prios processos de neg\u00f3cios na economia social de mercado deve ser substitu\u00edda pela imposi\u00e7\u00e3o diretiva de objetivos pol\u00edticos setoriais. Nem as empresas nem as regulamenta\u00e7\u00f5es estruturais na economia social de mercado, como o C\u00f3digo Comercial, s\u00e3o confi\u00e1veis nesse contexto.<\/p>\n<h5><strong>Documento de posi\u00e7\u00e3o conjunto<\/strong><\/h5>\n<p>A Alian\u00e7a pela economia de divis\u00e3o de trabalho rejeita categoricamente a proibi\u00e7\u00e3o de parcerias contratuais, tanto no setor de pacotes quanto em todos os outros setores. No documento de posi\u00e7\u00e3o <strong>\u201cPromover a Economia Social de Mercado \u2013 Evitar o Dirigismo no Social\u201d<\/strong>, as associa\u00e7\u00f5es exigem que a pol\u00edtica confie nos envolvidos para estabelecer condi\u00e7\u00f5es de trabalho adequadas de forma independente. A economia alem\u00e3 n\u00e3o pode sufocar em regulamenta\u00e7\u00f5es prejudiciais!<\/p>\n<h3><a href=\"\/Users\/andre\/Downloads\/Allianz_fuer_arbeitsteilige_Wirtschaft_Positionspapier.pdf\" target=\"_blank\" rel=\"noopener\"><strong>Leia o documento de posi\u00e7\u00e3o aqui<\/strong><\/a><\/h3>\n<p><strong>Mais informa\u00e7\u00f5es tamb\u00e9m na revista BdKEP (edi\u00e7\u00f5es 2 e 3): <\/strong><\/p>\n<p><strong><a href=\"https:\/\/loginfo24.com\/magazine\/?cate_ID=bdkep\" target=\"_blank\" rel=\"noopener\">https:\/\/loginfo24.com\/magazine\/?cate_ID=bdkep<\/a> <\/strong><\/p>\n<p>Foto\/Gr\u00e1fico: \u00a9 BdKEP e associa\u00e7\u00f5es parceiras<\/p>\n","protected":false},"excerpt":{"rendered":"<p>N\u00e3o \u00e0 proibi\u00e7\u00e3o de parcerias contratuais \u2013 \u00e9 isso que a Alian\u00e7a pela economia de divis\u00e3o de trabalho defende, na qual se uniram as principais associa\u00e7\u00f5es<span class=\"excerpt-hellip\"> [\u2026]<\/span><\/p>\n","protected":false},"author":0,"featured_media":6914,"comment_status":"open","ping_status":"open","sticky":false,"template":"","format":"standard","meta":{"_acf_changed":false,"footnotes":""},"categories":[1557,1556,1561],"tags":[],"class_list":["post-64274","post","type-post","status-publish","format-standard","has-post-thumbnail","hentry","category-forwarding-logistics","category-intermodal-road","category-regions"],"acf":[],"yoast_head":"<!-- This site is optimized with the Yoast SEO plugin v27.3 - https:\/\/yoast.com\/product\/yoast-seo-wordpress\/ -->\n<title>Alian\u00e7a de associa\u00e7\u00f5es op\u00f5e-se a uma proibi\u00e7\u00e3o de parcerias contratuais - Loginfo24<\/title>\n<meta name=\"robots\" content=\"index, follow, max-snippet:-1, max-image-preview:large, max-video-preview:-1\" \/>\n<link rel=\"canonical\" href=\"https:\/\/loginfo24.com\/pt-pt\/2024\/02\/22\/alianca-de-associacoes-opoe-se-a-uma-proibicao-de-parcerias-contratuais\/\" \/>\n<meta property=\"og:locale\" content=\"pt_PT\" \/>\n<meta property=\"og:type\" content=\"article\" \/>\n<meta property=\"og:title\" content=\"Alian\u00e7a de associa\u00e7\u00f5es op\u00f5e-se a uma proibi\u00e7\u00e3o de parcerias contratuais - Loginfo24\" \/>\n<meta property=\"og:description\" content=\"N\u00e3o \u00e0 proibi\u00e7\u00e3o de parcerias contratuais \u2013 \u00e9 isso que a Alian\u00e7a pela economia de divis\u00e3o de trabalho defende, na qual se uniram as principais associa\u00e7\u00f5es [\u2026]\" \/>\n<meta property=\"og:url\" content=\"https:\/\/loginfo24.com\/pt-pt\/2024\/02\/22\/alianca-de-associacoes-opoe-se-a-uma-proibicao-de-parcerias-contratuais\/\" \/>\n<meta property=\"og:site_name\" content=\"Loginfo24\" \/>\n<meta property=\"article:publisher\" content=\"https:\/\/www.facebook.com\/people\/Loginfo24\/100057360583332\/\" \/>\n<meta property=\"article:published_time\" content=\"2024-02-22T14:52:19+00:00\" \/>\n<meta property=\"og:image\" content=\"https:\/\/loginfo24.com\/wp-content\/uploads\/sites\/7\/2025\/12\/Lieferwagen_3.jpg\" \/>\n\t<meta property=\"og:image:width\" content=\"1474\" \/>\n\t<meta property=\"og:image:height\" content=\"928\" \/>\n\t<meta property=\"og:image:type\" content=\"image\/jpeg\" \/>\n<meta name=\"twitter:card\" content=\"summary_large_image\" \/>\n<meta name=\"twitter:label1\" content=\"Tempo estimado de leitura\" \/>\n\t<meta name=\"twitter:data1\" content=\"2 minutos\" \/>\n<script type=\"application\/ld+json\" class=\"yoast-schema-graph\">{\"@context\":\"https:\\\/\\\/schema.org\",\"@graph\":[{\"@type\":\"Article\",\"@id\":\"https:\\\/\\\/loginfo24.com\\\/pt-pt\\\/2024\\\/02\\\/22\\\/alianca-de-associacoes-opoe-se-a-uma-proibicao-de-parcerias-contratuais\\\/#article\",\"isPartOf\":{\"@id\":\"https:\\\/\\\/loginfo24.com\\\/pt-pt\\\/2024\\\/02\\\/22\\\/alianca-de-associacoes-opoe-se-a-uma-proibicao-de-parcerias-contratuais\\\/\"},\"author\":{\"name\":\"\",\"@id\":\"\"},\"headline\":\"Alian\u00e7a de associa\u00e7\u00f5es op\u00f5e-se a uma proibi\u00e7\u00e3o de parcerias contratuais\",\"datePublished\":\"2024-02-22T14:52:19+00:00\",\"mainEntityOfPage\":{\"@id\":\"https:\\\/\\\/loginfo24.com\\\/pt-pt\\\/2024\\\/02\\\/22\\\/alianca-de-associacoes-opoe-se-a-uma-proibicao-de-parcerias-contratuais\\\/\"},\"wordCount\":475,\"commentCount\":0,\"publisher\":{\"@id\":\"https:\\\/\\\/loginfo24.com\\\/pt-pt\\\/#organization\"},\"image\":{\"@id\":\"https:\\\/\\\/loginfo24.com\\\/pt-pt\\\/2024\\\/02\\\/22\\\/alianca-de-associacoes-opoe-se-a-uma-proibicao-de-parcerias-contratuais\\\/#primaryimage\"},\"thumbnailUrl\":\"https:\\\/\\\/loginfo24.com\\\/wp-content\\\/uploads\\\/sites\\\/7\\\/2025\\\/12\\\/Lieferwagen_3.jpg\",\"articleSection\":[\"Forwarding &amp; Logistics\",\"Intermodal \\\/ Road\",\"Regions\"],\"inLanguage\":\"pt-PT\",\"potentialAction\":[{\"@type\":\"CommentAction\",\"name\":\"Comment\",\"target\":[\"https:\\\/\\\/loginfo24.com\\\/pt-pt\\\/2024\\\/02\\\/22\\\/alianca-de-associacoes-opoe-se-a-uma-proibicao-de-parcerias-contratuais\\\/#respond\"]}]},{\"@type\":\"WebPage\",\"@id\":\"https:\\\/\\\/loginfo24.com\\\/pt-pt\\\/2024\\\/02\\\/22\\\/alianca-de-associacoes-opoe-se-a-uma-proibicao-de-parcerias-contratuais\\\/\",\"url\":\"https:\\\/\\\/loginfo24.com\\\/pt-pt\\\/2024\\\/02\\\/22\\\/alianca-de-associacoes-opoe-se-a-uma-proibicao-de-parcerias-contratuais\\\/\",\"name\":\"Alian\u00e7a de associa\u00e7\u00f5es op\u00f5e-se a uma proibi\u00e7\u00e3o de parcerias contratuais - Loginfo24\",\"isPartOf\":{\"@id\":\"https:\\\/\\\/loginfo24.com\\\/pt-pt\\\/#website\"},\"primaryImageOfPage\":{\"@id\":\"https:\\\/\\\/loginfo24.com\\\/pt-pt\\\/2024\\\/02\\\/22\\\/alianca-de-associacoes-opoe-se-a-uma-proibicao-de-parcerias-contratuais\\\/#primaryimage\"},\"image\":{\"@id\":\"https:\\\/\\\/loginfo24.com\\\/pt-pt\\\/2024\\\/02\\\/22\\\/alianca-de-associacoes-opoe-se-a-uma-proibicao-de-parcerias-contratuais\\\/#primaryimage\"},\"thumbnailUrl\":\"https:\\\/\\\/loginfo24.com\\\/wp-content\\\/uploads\\\/sites\\\/7\\\/2025\\\/12\\\/Lieferwagen_3.jpg\",\"datePublished\":\"2024-02-22T14:52:19+00:00\",\"breadcrumb\":{\"@id\":\"https:\\\/\\\/loginfo24.com\\\/pt-pt\\\/2024\\\/02\\\/22\\\/alianca-de-associacoes-opoe-se-a-uma-proibicao-de-parcerias-contratuais\\\/#breadcrumb\"},\"inLanguage\":\"pt-PT\",\"potentialAction\":[{\"@type\":\"ReadAction\",\"target\":[\"https:\\\/\\\/loginfo24.com\\\/pt-pt\\\/2024\\\/02\\\/22\\\/alianca-de-associacoes-opoe-se-a-uma-proibicao-de-parcerias-contratuais\\\/\"]}]},{\"@type\":\"ImageObject\",\"inLanguage\":\"pt-PT\",\"@id\":\"https:\\\/\\\/loginfo24.com\\\/pt-pt\\\/2024\\\/02\\\/22\\\/alianca-de-associacoes-opoe-se-a-uma-proibicao-de-parcerias-contratuais\\\/#primaryimage\",\"url\":\"https:\\\/\\\/loginfo24.com\\\/wp-content\\\/uploads\\\/sites\\\/7\\\/2025\\\/12\\\/Lieferwagen_3.jpg\",\"contentUrl\":\"https:\\\/\\\/loginfo24.com\\\/wp-content\\\/uploads\\\/sites\\\/7\\\/2025\\\/12\\\/Lieferwagen_3.jpg\",\"width\":1474,\"height\":928},{\"@type\":\"BreadcrumbList\",\"@id\":\"https:\\\/\\\/loginfo24.com\\\/pt-pt\\\/2024\\\/02\\\/22\\\/alianca-de-associacoes-opoe-se-a-uma-proibicao-de-parcerias-contratuais\\\/#breadcrumb\",\"itemListElement\":[{\"@type\":\"ListItem\",\"position\":1,\"name\":\"Startseite\",\"item\":\"https:\\\/\\\/loginfo24.com\\\/pt-pt\\\/\"},{\"@type\":\"ListItem\",\"position\":2,\"name\":\"Alian\u00e7a de associa\u00e7\u00f5es op\u00f5e-se a uma proibi\u00e7\u00e3o de parcerias contratuais\"}]},{\"@type\":\"WebSite\",\"@id\":\"https:\\\/\\\/loginfo24.com\\\/pt-pt\\\/#website\",\"url\":\"https:\\\/\\\/loginfo24.com\\\/pt-pt\\\/\",\"name\":\"Loginfo24\",\"description\":\"Loginfo24 \u00e9 a plataforma dedicada \u00e0 log\u00edstica e \u00e0s cadeias de abastecimento, com informa\u00e7\u00f5es dispon\u00edveis 24 horas por dia.\",\"publisher\":{\"@id\":\"https:\\\/\\\/loginfo24.com\\\/pt-pt\\\/#organization\"},\"potentialAction\":[{\"@type\":\"SearchAction\",\"target\":{\"@type\":\"EntryPoint\",\"urlTemplate\":\"https:\\\/\\\/loginfo24.com\\\/pt-pt\\\/?s={search_term_string}\"},\"query-input\":{\"@type\":\"PropertyValueSpecification\",\"valueRequired\":true,\"valueName\":\"search_term_string\"}}],\"inLanguage\":\"pt-PT\"},{\"@type\":\"Organization\",\"@id\":\"https:\\\/\\\/loginfo24.com\\\/pt-pt\\\/#organization\",\"name\":\"Logismedia Group AG\",\"url\":\"https:\\\/\\\/loginfo24.com\\\/pt-pt\\\/\",\"logo\":{\"@type\":\"ImageObject\",\"inLanguage\":\"pt-PT\",\"@id\":\"https:\\\/\\\/loginfo24.com\\\/pt-pt\\\/#\\\/schema\\\/logo\\\/image\\\/\",\"url\":\"https:\\\/\\\/loginfo24.com\\\/wp-content\\\/uploads\\\/sites\\\/7\\\/2026\\\/01\\\/Logo_LogInfo24.png\",\"contentUrl\":\"https:\\\/\\\/loginfo24.com\\\/wp-content\\\/uploads\\\/sites\\\/7\\\/2026\\\/01\\\/Logo_LogInfo24.png\",\"width\":938,\"height\":351,\"caption\":\"Logismedia Group AG\"},\"image\":{\"@id\":\"https:\\\/\\\/loginfo24.com\\\/pt-pt\\\/#\\\/schema\\\/logo\\\/image\\\/\"},\"sameAs\":[\"https:\\\/\\\/www.facebook.com\\\/people\\\/Loginfo24\\\/100057360583332\\\/\",\"https:\\\/\\\/www.linkedin.com\\\/company\\\/lofinfo24\\\/\"]}]}<\/script>\n<!-- \/ Yoast SEO plugin. -->","yoast_head_json":{"title":"Alian\u00e7a de associa\u00e7\u00f5es op\u00f5e-se a uma proibi\u00e7\u00e3o de parcerias contratuais - Loginfo24","robots":{"index":"index","follow":"follow","max-snippet":"max-snippet:-1","max-image-preview":"max-image-preview:large","max-video-preview":"max-video-preview:-1"},"canonical":"https:\/\/loginfo24.com\/pt-pt\/2024\/02\/22\/alianca-de-associacoes-opoe-se-a-uma-proibicao-de-parcerias-contratuais\/","og_locale":"pt_PT","og_type":"article","og_title":"Alian\u00e7a de associa\u00e7\u00f5es op\u00f5e-se a uma proibi\u00e7\u00e3o de parcerias contratuais - Loginfo24","og_description":"N\u00e3o \u00e0 proibi\u00e7\u00e3o de parcerias contratuais \u2013 \u00e9 isso que a Alian\u00e7a pela economia de divis\u00e3o de trabalho defende, na qual se uniram as principais associa\u00e7\u00f5es [\u2026]","og_url":"https:\/\/loginfo24.com\/pt-pt\/2024\/02\/22\/alianca-de-associacoes-opoe-se-a-uma-proibicao-de-parcerias-contratuais\/","og_site_name":"Loginfo24","article_publisher":"https:\/\/www.facebook.com\/people\/Loginfo24\/100057360583332\/","article_published_time":"2024-02-22T14:52:19+00:00","og_image":[{"width":1474,"height":928,"url":"https:\/\/loginfo24.com\/wp-content\/uploads\/sites\/7\/2025\/12\/Lieferwagen_3.jpg","type":"image\/jpeg"}],"twitter_card":"summary_large_image","twitter_misc":{"Tempo estimado de leitura":"2 minutos"},"schema":{"@context":"https:\/\/schema.org","@graph":[{"@type":"Article","@id":"https:\/\/loginfo24.com\/pt-pt\/2024\/02\/22\/alianca-de-associacoes-opoe-se-a-uma-proibicao-de-parcerias-contratuais\/#article","isPartOf":{"@id":"https:\/\/loginfo24.com\/pt-pt\/2024\/02\/22\/alianca-de-associacoes-opoe-se-a-uma-proibicao-de-parcerias-contratuais\/"},"author":{"name":"","@id":""},"headline":"Alian\u00e7a de associa\u00e7\u00f5es op\u00f5e-se a uma proibi\u00e7\u00e3o de parcerias contratuais","datePublished":"2024-02-22T14:52:19+00:00","mainEntityOfPage":{"@id":"https:\/\/loginfo24.com\/pt-pt\/2024\/02\/22\/alianca-de-associacoes-opoe-se-a-uma-proibicao-de-parcerias-contratuais\/"},"wordCount":475,"commentCount":0,"publisher":{"@id":"https:\/\/loginfo24.com\/pt-pt\/#organization"},"image":{"@id":"https:\/\/loginfo24.com\/pt-pt\/2024\/02\/22\/alianca-de-associacoes-opoe-se-a-uma-proibicao-de-parcerias-contratuais\/#primaryimage"},"thumbnailUrl":"https:\/\/loginfo24.com\/wp-content\/uploads\/sites\/7\/2025\/12\/Lieferwagen_3.jpg","articleSection":["Forwarding &amp; Logistics","Intermodal \/ Road","Regions"],"inLanguage":"pt-PT","potentialAction":[{"@type":"CommentAction","name":"Comment","target":["https:\/\/loginfo24.com\/pt-pt\/2024\/02\/22\/alianca-de-associacoes-opoe-se-a-uma-proibicao-de-parcerias-contratuais\/#respond"]}]},{"@type":"WebPage","@id":"https:\/\/loginfo24.com\/pt-pt\/2024\/02\/22\/alianca-de-associacoes-opoe-se-a-uma-proibicao-de-parcerias-contratuais\/","url":"https:\/\/loginfo24.com\/pt-pt\/2024\/02\/22\/alianca-de-associacoes-opoe-se-a-uma-proibicao-de-parcerias-contratuais\/","name":"Alian\u00e7a de associa\u00e7\u00f5es op\u00f5e-se a uma proibi\u00e7\u00e3o de parcerias contratuais - Loginfo24","isPartOf":{"@id":"https:\/\/loginfo24.com\/pt-pt\/#website"},"primaryImageOfPage":{"@id":"https:\/\/loginfo24.com\/pt-pt\/2024\/02\/22\/alianca-de-associacoes-opoe-se-a-uma-proibicao-de-parcerias-contratuais\/#primaryimage"},"image":{"@id":"https:\/\/loginfo24.com\/pt-pt\/2024\/02\/22\/alianca-de-associacoes-opoe-se-a-uma-proibicao-de-parcerias-contratuais\/#primaryimage"},"thumbnailUrl":"https:\/\/loginfo24.com\/wp-content\/uploads\/sites\/7\/2025\/12\/Lieferwagen_3.jpg","datePublished":"2024-02-22T14:52:19+00:00","breadcrumb":{"@id":"https:\/\/loginfo24.com\/pt-pt\/2024\/02\/22\/alianca-de-associacoes-opoe-se-a-uma-proibicao-de-parcerias-contratuais\/#breadcrumb"},"inLanguage":"pt-PT","potentialAction":[{"@type":"ReadAction","target":["https:\/\/loginfo24.com\/pt-pt\/2024\/02\/22\/alianca-de-associacoes-opoe-se-a-uma-proibicao-de-parcerias-contratuais\/"]}]},{"@type":"ImageObject","inLanguage":"pt-PT","@id":"https:\/\/loginfo24.com\/pt-pt\/2024\/02\/22\/alianca-de-associacoes-opoe-se-a-uma-proibicao-de-parcerias-contratuais\/#primaryimage","url":"https:\/\/loginfo24.com\/wp-content\/uploads\/sites\/7\/2025\/12\/Lieferwagen_3.jpg","contentUrl":"https:\/\/loginfo24.com\/wp-content\/uploads\/sites\/7\/2025\/12\/Lieferwagen_3.jpg","width":1474,"height":928},{"@type":"BreadcrumbList","@id":"https:\/\/loginfo24.com\/pt-pt\/2024\/02\/22\/alianca-de-associacoes-opoe-se-a-uma-proibicao-de-parcerias-contratuais\/#breadcrumb","itemListElement":[{"@type":"ListItem","position":1,"name":"Startseite","item":"https:\/\/loginfo24.com\/pt-pt\/"},{"@type":"ListItem","position":2,"name":"Alian\u00e7a de associa\u00e7\u00f5es op\u00f5e-se a uma proibi\u00e7\u00e3o de parcerias contratuais"}]},{"@type":"WebSite","@id":"https:\/\/loginfo24.com\/pt-pt\/#website","url":"https:\/\/loginfo24.com\/pt-pt\/","name":"Loginfo24","description":"Loginfo24 \u00e9 a plataforma dedicada \u00e0 log\u00edstica e \u00e0s cadeias de abastecimento, com informa\u00e7\u00f5es dispon\u00edveis 24 horas por dia.","publisher":{"@id":"https:\/\/loginfo24.com\/pt-pt\/#organization"},"potentialAction":[{"@type":"SearchAction","target":{"@type":"EntryPoint","urlTemplate":"https:\/\/loginfo24.com\/pt-pt\/?s={search_term_string}"},"query-input":{"@type":"PropertyValueSpecification","valueRequired":true,"valueName":"search_term_string"}}],"inLanguage":"pt-PT"},{"@type":"Organization","@id":"https:\/\/loginfo24.com\/pt-pt\/#organization","name":"Logismedia Group AG","url":"https:\/\/loginfo24.com\/pt-pt\/","logo":{"@type":"ImageObject","inLanguage":"pt-PT","@id":"https:\/\/loginfo24.com\/pt-pt\/#\/schema\/logo\/image\/","url":"https:\/\/loginfo24.com\/wp-content\/uploads\/sites\/7\/2026\/01\/Logo_LogInfo24.png","contentUrl":"https:\/\/loginfo24.com\/wp-content\/uploads\/sites\/7\/2026\/01\/Logo_LogInfo24.png","width":938,"height":351,"caption":"Logismedia Group AG"},"image":{"@id":"https:\/\/loginfo24.com\/pt-pt\/#\/schema\/logo\/image\/"},"sameAs":["https:\/\/www.facebook.com\/people\/Loginfo24\/100057360583332\/","https:\/\/www.linkedin.com\/company\/lofinfo24\/"]}]}},"_links":{"self":[{"href":"https:\/\/loginfo24.com\/pt-pt\/wp-json\/wp\/v2\/posts\/64274","targetHints":{"allow":["GET"]}}],"collection":[{"href":"https:\/\/loginfo24.com\/pt-pt\/wp-json\/wp\/v2\/posts"}],"about":[{"href":"https:\/\/loginfo24.com\/pt-pt\/wp-json\/wp\/v2\/types\/post"}],"replies":[{"embeddable":true,"href":"https:\/\/loginfo24.com\/pt-pt\/wp-json\/wp\/v2\/comments?post=64274"}],"version-history":[{"count":0,"href":"https:\/\/loginfo24.com\/pt-pt\/wp-json\/wp\/v2\/posts\/64274\/revisions"}],"wp:featuredmedia":[{"embeddable":true,"href":"https:\/\/loginfo24.com\/pt-pt\/wp-json\/wp\/v2\/media\/6914"}],"wp:attachment":[{"href":"https:\/\/loginfo24.com\/pt-pt\/wp-json\/wp\/v2\/media?parent=64274"}],"wp:term":[{"taxonomy":"category","embeddable":true,"href":"https:\/\/loginfo24.com\/pt-pt\/wp-json\/wp\/v2\/categories?post=64274"},{"taxonomy":"post_tag","embeddable":true,"href":"https:\/\/loginfo24.com\/pt-pt\/wp-json\/wp\/v2\/tags?post=64274"}],"curies":[{"name":"wp","href":"https:\/\/api.w.org\/{rel}","templated":true}]}}