{"id":63808,"date":"2024-01-14T09:19:27","date_gmt":"2024-01-14T08:19:27","guid":{"rendered":"https:\/\/blog.brand-architecture.at\/2024\/01\/14\/dkv-expande-rede-de-carregamento-de-elkw-em-cooperacao-com-a-milence\/"},"modified":"2024-01-14T09:19:27","modified_gmt":"2024-01-14T08:19:27","slug":"dkv-expande-rede-de-carregamento-de-elkw-em-cooperacao-com-a-milence","status":"publish","type":"post","link":"https:\/\/loginfo24.com\/pt-pt\/2024\/01\/14\/dkv-expande-rede-de-carregamento-de-elkw-em-cooperacao-com-a-milence\/","title":{"rendered":"DKV expande rede de carregamento de eLkw em coopera\u00e7\u00e3o com a Milence"},"content":{"rendered":"<h5>A DKV Mobility, a principal plataforma B2B europeia para solu\u00e7\u00f5es de pagamento na estrada, est\u00e1 a expandir a sua rede de carregamento para eTrucks com pontos de carregamento EV de alta pot\u00eancia com at\u00e9 400 kW de pot\u00eancia de carregamento. A rede de carregamento para cami\u00f5es \u00e9 fornecida pela Milence, um operador de pontos de carregamento holand\u00eas com sede em Amesterd\u00e3o, especializado em solu\u00e7\u00f5es de carregamento compat\u00edveis com cami\u00f5es.<\/h5>\n<p>A Milence e a GreenFlux, subsidi\u00e1ria da DKV Mobility que gere toda a oferta de servi\u00e7os de carregamento para ve\u00edculos el\u00e9tricos da DKV Mobility, assinaram recentemente um acordo de coopera\u00e7\u00e3o correspondente. A primeira esta\u00e7\u00e3o de carregamento adequada para cami\u00f5es foi ligada em Venlo. Na primeira metade de 2024, a Milence pretende colocar em funcionamento pontos de carregamento adicionais em outros pa\u00edses europeus. At\u00e9 2027, a Milence est\u00e1 determinada a construir e operar 1.700 pontos de carregamento p\u00fablicos de EV de alta capacidade em toda a Europa, incluindo sistemas de carregamento de megawatt. Os novos pontos de carregamento est\u00e3o acess\u00edveis atrav\u00e9s do DKV Card +Charge.<\/p>\n<p>&#8220;No caminho para uma mobilidade mais amiga do clima, as solu\u00e7\u00f5es de carregamento para o setor de transporte s\u00e3o uma alavanca central e uma parte indispens\u00e1vel do mix energ\u00e9tico do futuro. Estamos satisfeitos por, atrav\u00e9s da parceria com a Milence, estabelecer as bases para a implementa\u00e7\u00e3o de solu\u00e7\u00f5es de abastecimento adequadas para cami\u00f5es na mobilidade el\u00e9trica&#8221;, diz Sven Mehringer, Diretor Geral de Energia e Servi\u00e7os de Ve\u00edculos da DKV Mobility.<\/p>\n<h5>Rede de carregamento sem costura para cami\u00f5es em toda a Europa<\/h5>\n<p>Roel Vissers, Diretor Comercial da Milence, acrescenta: &#8220;A DKV Mobility \u00e9 um ator importante na ind\u00fastria com uma base de clientes muito forte em toda a Europa. Estamos entusiasmados por permitir que os clientes da DKV Mobility acessem os nossos pontos de carregamento e, no futuro, oferecer aos motoristas de cami\u00f5es em toda a Europa uma experi\u00eancia de carregamento sem costura, \u00e0 medida que continuamos a expandir a nossa rede. Nos nossos locais, eles encontrar\u00e3o alguns dos carregadores CCS mais potentes atualmente dispon\u00edveis* com uma pot\u00eancia de at\u00e9 400 kW. E estamos a planear uma transi\u00e7\u00e3o r\u00e1pida para a tecnologia de Sistema de Carregamento de Megawatt (MCS) assim que estiver dispon\u00edvel, para abrir caminho para velocidades de carregamento de at\u00e9 1.000 kW ou mais. Isso significa que cami\u00f5es de longa dist\u00e2ncia com pacotes de baterias de 600 kWh e uma autonomia de cerca de 500 quil\u00f3metros poder\u00e3o ser totalmente carregados em apenas 30-45 minutos atrav\u00e9s do MCS no futuro.&#8221;<\/p>\n<p>Com cerca de 564.000 pontos de carregamento p\u00fablicos e semi-p\u00fablicos de EV em toda a Europa, a DKV Mobility oferece acesso a uma das maiores redes de carregamento de ve\u00edculos el\u00e9tricos da Europa.<\/p>\n<p><em>* CCS significa Sistema de Carregamento Combinado e \u00e9 uma conex\u00e3o padr\u00e3o para carregamento r\u00e1pido.<\/em><\/p>\n<p>Foto: \u00a9 DKV Mobility<\/p>\n","protected":false},"excerpt":{"rendered":"<p>A DKV Mobility, a principal plataforma B2B europeia para solu\u00e7\u00f5es de pagamento na estrada, est\u00e1 a expandir a sua rede de carregamento para eTrucks com pontos<span class=\"excerpt-hellip\"> [\u2026]<\/span><\/p>\n","protected":false},"author":0,"featured_media":7107,"comment_status":"open","ping_status":"open","sticky":false,"template":"","format":"standard","meta":{"_acf_changed":false,"footnotes":""},"categories":[1557,1556,1561],"tags":[],"class_list":["post-63808","post","type-post","status-publish","format-standard","has-post-thumbnail","hentry","category-forwarding-logistics","category-intermodal-road","category-regions"],"acf":[],"yoast_head":"<!-- This site is optimized with the Yoast SEO plugin v27.3 - https:\/\/yoast.com\/product\/yoast-seo-wordpress\/ -->\n<title>DKV expande rede de carregamento de eLkw em coopera\u00e7\u00e3o com a Milence - Loginfo24<\/title>\n<meta name=\"robots\" content=\"index, follow, max-snippet:-1, max-image-preview:large, max-video-preview:-1\" \/>\n<link rel=\"canonical\" href=\"https:\/\/loginfo24.com\/pt-pt\/2024\/01\/14\/dkv-expande-rede-de-carregamento-de-elkw-em-cooperacao-com-a-milence\/\" \/>\n<meta property=\"og:locale\" content=\"pt_PT\" \/>\n<meta property=\"og:type\" content=\"article\" \/>\n<meta property=\"og:title\" content=\"DKV expande rede de carregamento de eLkw em coopera\u00e7\u00e3o com a Milence - Loginfo24\" \/>\n<meta property=\"og:description\" content=\"A DKV Mobility, a principal plataforma B2B europeia para solu\u00e7\u00f5es de pagamento na estrada, est\u00e1 a expandir a sua rede de carregamento para eTrucks com pontos [\u2026]\" \/>\n<meta property=\"og:url\" content=\"https:\/\/loginfo24.com\/pt-pt\/2024\/01\/14\/dkv-expande-rede-de-carregamento-de-elkw-em-cooperacao-com-a-milence\/\" \/>\n<meta property=\"og:site_name\" content=\"Loginfo24\" \/>\n<meta property=\"article:publisher\" content=\"https:\/\/www.facebook.com\/people\/Loginfo24\/100057360583332\/\" \/>\n<meta property=\"article:published_time\" content=\"2024-01-14T08:19:27+00:00\" \/>\n<meta property=\"og:image\" content=\"https:\/\/loginfo24.com\/wp-content\/uploads\/sites\/7\/2025\/12\/DKV_14.1.24.jpg\" \/>\n\t<meta property=\"og:image:width\" content=\"1250\" \/>\n\t<meta property=\"og:image:height\" content=\"781\" \/>\n\t<meta property=\"og:image:type\" content=\"image\/jpeg\" \/>\n<meta name=\"twitter:card\" content=\"summary_large_image\" \/>\n<meta name=\"twitter:label1\" content=\"Tempo estimado de leitura\" \/>\n\t<meta name=\"twitter:data1\" content=\"3 minutos\" \/>\n<script type=\"application\/ld+json\" class=\"yoast-schema-graph\">{\"@context\":\"https:\\\/\\\/schema.org\",\"@graph\":[{\"@type\":\"Article\",\"@id\":\"https:\\\/\\\/loginfo24.com\\\/pt-pt\\\/2024\\\/01\\\/14\\\/dkv-expande-rede-de-carregamento-de-elkw-em-cooperacao-com-a-milence\\\/#article\",\"isPartOf\":{\"@id\":\"https:\\\/\\\/loginfo24.com\\\/pt-pt\\\/2024\\\/01\\\/14\\\/dkv-expande-rede-de-carregamento-de-elkw-em-cooperacao-com-a-milence\\\/\"},\"author\":{\"name\":\"\",\"@id\":\"\"},\"headline\":\"DKV expande rede de carregamento de eLkw em coopera\u00e7\u00e3o com a Milence\",\"datePublished\":\"2024-01-14T08:19:27+00:00\",\"mainEntityOfPage\":{\"@id\":\"https:\\\/\\\/loginfo24.com\\\/pt-pt\\\/2024\\\/01\\\/14\\\/dkv-expande-rede-de-carregamento-de-elkw-em-cooperacao-com-a-milence\\\/\"},\"wordCount\":518,\"commentCount\":0,\"publisher\":{\"@id\":\"https:\\\/\\\/loginfo24.com\\\/pt-pt\\\/#organization\"},\"image\":{\"@id\":\"https:\\\/\\\/loginfo24.com\\\/pt-pt\\\/2024\\\/01\\\/14\\\/dkv-expande-rede-de-carregamento-de-elkw-em-cooperacao-com-a-milence\\\/#primaryimage\"},\"thumbnailUrl\":\"https:\\\/\\\/loginfo24.com\\\/wp-content\\\/uploads\\\/sites\\\/7\\\/2025\\\/12\\\/DKV_14.1.24.jpg\",\"articleSection\":[\"Forwarding &amp; Logistics\",\"Intermodal \\\/ Road\",\"Regions\"],\"inLanguage\":\"pt-PT\",\"potentialAction\":[{\"@type\":\"CommentAction\",\"name\":\"Comment\",\"target\":[\"https:\\\/\\\/loginfo24.com\\\/pt-pt\\\/2024\\\/01\\\/14\\\/dkv-expande-rede-de-carregamento-de-elkw-em-cooperacao-com-a-milence\\\/#respond\"]}]},{\"@type\":\"WebPage\",\"@id\":\"https:\\\/\\\/loginfo24.com\\\/pt-pt\\\/2024\\\/01\\\/14\\\/dkv-expande-rede-de-carregamento-de-elkw-em-cooperacao-com-a-milence\\\/\",\"url\":\"https:\\\/\\\/loginfo24.com\\\/pt-pt\\\/2024\\\/01\\\/14\\\/dkv-expande-rede-de-carregamento-de-elkw-em-cooperacao-com-a-milence\\\/\",\"name\":\"DKV expande rede de carregamento de eLkw em coopera\u00e7\u00e3o com a Milence - Loginfo24\",\"isPartOf\":{\"@id\":\"https:\\\/\\\/loginfo24.com\\\/pt-pt\\\/#website\"},\"primaryImageOfPage\":{\"@id\":\"https:\\\/\\\/loginfo24.com\\\/pt-pt\\\/2024\\\/01\\\/14\\\/dkv-expande-rede-de-carregamento-de-elkw-em-cooperacao-com-a-milence\\\/#primaryimage\"},\"image\":{\"@id\":\"https:\\\/\\\/loginfo24.com\\\/pt-pt\\\/2024\\\/01\\\/14\\\/dkv-expande-rede-de-carregamento-de-elkw-em-cooperacao-com-a-milence\\\/#primaryimage\"},\"thumbnailUrl\":\"https:\\\/\\\/loginfo24.com\\\/wp-content\\\/uploads\\\/sites\\\/7\\\/2025\\\/12\\\/DKV_14.1.24.jpg\",\"datePublished\":\"2024-01-14T08:19:27+00:00\",\"breadcrumb\":{\"@id\":\"https:\\\/\\\/loginfo24.com\\\/pt-pt\\\/2024\\\/01\\\/14\\\/dkv-expande-rede-de-carregamento-de-elkw-em-cooperacao-com-a-milence\\\/#breadcrumb\"},\"inLanguage\":\"pt-PT\",\"potentialAction\":[{\"@type\":\"ReadAction\",\"target\":[\"https:\\\/\\\/loginfo24.com\\\/pt-pt\\\/2024\\\/01\\\/14\\\/dkv-expande-rede-de-carregamento-de-elkw-em-cooperacao-com-a-milence\\\/\"]}]},{\"@type\":\"ImageObject\",\"inLanguage\":\"pt-PT\",\"@id\":\"https:\\\/\\\/loginfo24.com\\\/pt-pt\\\/2024\\\/01\\\/14\\\/dkv-expande-rede-de-carregamento-de-elkw-em-cooperacao-com-a-milence\\\/#primaryimage\",\"url\":\"https:\\\/\\\/loginfo24.com\\\/wp-content\\\/uploads\\\/sites\\\/7\\\/2025\\\/12\\\/DKV_14.1.24.jpg\",\"contentUrl\":\"https:\\\/\\\/loginfo24.com\\\/wp-content\\\/uploads\\\/sites\\\/7\\\/2025\\\/12\\\/DKV_14.1.24.jpg\",\"width\":1250,\"height\":781},{\"@type\":\"BreadcrumbList\",\"@id\":\"https:\\\/\\\/loginfo24.com\\\/pt-pt\\\/2024\\\/01\\\/14\\\/dkv-expande-rede-de-carregamento-de-elkw-em-cooperacao-com-a-milence\\\/#breadcrumb\",\"itemListElement\":[{\"@type\":\"ListItem\",\"position\":1,\"name\":\"Startseite\",\"item\":\"https:\\\/\\\/loginfo24.com\\\/pt-pt\\\/\"},{\"@type\":\"ListItem\",\"position\":2,\"name\":\"DKV expande rede de carregamento de eLkw em coopera\u00e7\u00e3o com a Milence\"}]},{\"@type\":\"WebSite\",\"@id\":\"https:\\\/\\\/loginfo24.com\\\/pt-pt\\\/#website\",\"url\":\"https:\\\/\\\/loginfo24.com\\\/pt-pt\\\/\",\"name\":\"Loginfo24\",\"description\":\"Loginfo24 \u00e9 a plataforma dedicada \u00e0 log\u00edstica e \u00e0s cadeias de abastecimento, com informa\u00e7\u00f5es dispon\u00edveis 24 horas por dia.\",\"publisher\":{\"@id\":\"https:\\\/\\\/loginfo24.com\\\/pt-pt\\\/#organization\"},\"potentialAction\":[{\"@type\":\"SearchAction\",\"target\":{\"@type\":\"EntryPoint\",\"urlTemplate\":\"https:\\\/\\\/loginfo24.com\\\/pt-pt\\\/?s={search_term_string}\"},\"query-input\":{\"@type\":\"PropertyValueSpecification\",\"valueRequired\":true,\"valueName\":\"search_term_string\"}}],\"inLanguage\":\"pt-PT\"},{\"@type\":\"Organization\",\"@id\":\"https:\\\/\\\/loginfo24.com\\\/pt-pt\\\/#organization\",\"name\":\"Logismedia Group AG\",\"url\":\"https:\\\/\\\/loginfo24.com\\\/pt-pt\\\/\",\"logo\":{\"@type\":\"ImageObject\",\"inLanguage\":\"pt-PT\",\"@id\":\"https:\\\/\\\/loginfo24.com\\\/pt-pt\\\/#\\\/schema\\\/logo\\\/image\\\/\",\"url\":\"https:\\\/\\\/loginfo24.com\\\/wp-content\\\/uploads\\\/sites\\\/7\\\/2026\\\/01\\\/Logo_LogInfo24.png\",\"contentUrl\":\"https:\\\/\\\/loginfo24.com\\\/wp-content\\\/uploads\\\/sites\\\/7\\\/2026\\\/01\\\/Logo_LogInfo24.png\",\"width\":938,\"height\":351,\"caption\":\"Logismedia Group AG\"},\"image\":{\"@id\":\"https:\\\/\\\/loginfo24.com\\\/pt-pt\\\/#\\\/schema\\\/logo\\\/image\\\/\"},\"sameAs\":[\"https:\\\/\\\/www.facebook.com\\\/people\\\/Loginfo24\\\/100057360583332\\\/\",\"https:\\\/\\\/www.linkedin.com\\\/company\\\/lofinfo24\\\/\"]}]}<\/script>\n<!-- \/ Yoast SEO plugin. -->","yoast_head_json":{"title":"DKV expande rede de carregamento de eLkw em coopera\u00e7\u00e3o com a Milence - Loginfo24","robots":{"index":"index","follow":"follow","max-snippet":"max-snippet:-1","max-image-preview":"max-image-preview:large","max-video-preview":"max-video-preview:-1"},"canonical":"https:\/\/loginfo24.com\/pt-pt\/2024\/01\/14\/dkv-expande-rede-de-carregamento-de-elkw-em-cooperacao-com-a-milence\/","og_locale":"pt_PT","og_type":"article","og_title":"DKV expande rede de carregamento de eLkw em coopera\u00e7\u00e3o com a Milence - Loginfo24","og_description":"A DKV Mobility, a principal plataforma B2B europeia para solu\u00e7\u00f5es de pagamento na estrada, est\u00e1 a expandir a sua rede de carregamento para eTrucks com pontos [\u2026]","og_url":"https:\/\/loginfo24.com\/pt-pt\/2024\/01\/14\/dkv-expande-rede-de-carregamento-de-elkw-em-cooperacao-com-a-milence\/","og_site_name":"Loginfo24","article_publisher":"https:\/\/www.facebook.com\/people\/Loginfo24\/100057360583332\/","article_published_time":"2024-01-14T08:19:27+00:00","og_image":[{"width":1250,"height":781,"url":"https:\/\/loginfo24.com\/wp-content\/uploads\/sites\/7\/2025\/12\/DKV_14.1.24.jpg","type":"image\/jpeg"}],"twitter_card":"summary_large_image","twitter_misc":{"Tempo estimado de leitura":"3 minutos"},"schema":{"@context":"https:\/\/schema.org","@graph":[{"@type":"Article","@id":"https:\/\/loginfo24.com\/pt-pt\/2024\/01\/14\/dkv-expande-rede-de-carregamento-de-elkw-em-cooperacao-com-a-milence\/#article","isPartOf":{"@id":"https:\/\/loginfo24.com\/pt-pt\/2024\/01\/14\/dkv-expande-rede-de-carregamento-de-elkw-em-cooperacao-com-a-milence\/"},"author":{"name":"","@id":""},"headline":"DKV expande rede de carregamento de eLkw em coopera\u00e7\u00e3o com a Milence","datePublished":"2024-01-14T08:19:27+00:00","mainEntityOfPage":{"@id":"https:\/\/loginfo24.com\/pt-pt\/2024\/01\/14\/dkv-expande-rede-de-carregamento-de-elkw-em-cooperacao-com-a-milence\/"},"wordCount":518,"commentCount":0,"publisher":{"@id":"https:\/\/loginfo24.com\/pt-pt\/#organization"},"image":{"@id":"https:\/\/loginfo24.com\/pt-pt\/2024\/01\/14\/dkv-expande-rede-de-carregamento-de-elkw-em-cooperacao-com-a-milence\/#primaryimage"},"thumbnailUrl":"https:\/\/loginfo24.com\/wp-content\/uploads\/sites\/7\/2025\/12\/DKV_14.1.24.jpg","articleSection":["Forwarding &amp; Logistics","Intermodal \/ Road","Regions"],"inLanguage":"pt-PT","potentialAction":[{"@type":"CommentAction","name":"Comment","target":["https:\/\/loginfo24.com\/pt-pt\/2024\/01\/14\/dkv-expande-rede-de-carregamento-de-elkw-em-cooperacao-com-a-milence\/#respond"]}]},{"@type":"WebPage","@id":"https:\/\/loginfo24.com\/pt-pt\/2024\/01\/14\/dkv-expande-rede-de-carregamento-de-elkw-em-cooperacao-com-a-milence\/","url":"https:\/\/loginfo24.com\/pt-pt\/2024\/01\/14\/dkv-expande-rede-de-carregamento-de-elkw-em-cooperacao-com-a-milence\/","name":"DKV expande rede de carregamento de eLkw em coopera\u00e7\u00e3o com a Milence - Loginfo24","isPartOf":{"@id":"https:\/\/loginfo24.com\/pt-pt\/#website"},"primaryImageOfPage":{"@id":"https:\/\/loginfo24.com\/pt-pt\/2024\/01\/14\/dkv-expande-rede-de-carregamento-de-elkw-em-cooperacao-com-a-milence\/#primaryimage"},"image":{"@id":"https:\/\/loginfo24.com\/pt-pt\/2024\/01\/14\/dkv-expande-rede-de-carregamento-de-elkw-em-cooperacao-com-a-milence\/#primaryimage"},"thumbnailUrl":"https:\/\/loginfo24.com\/wp-content\/uploads\/sites\/7\/2025\/12\/DKV_14.1.24.jpg","datePublished":"2024-01-14T08:19:27+00:00","breadcrumb":{"@id":"https:\/\/loginfo24.com\/pt-pt\/2024\/01\/14\/dkv-expande-rede-de-carregamento-de-elkw-em-cooperacao-com-a-milence\/#breadcrumb"},"inLanguage":"pt-PT","potentialAction":[{"@type":"ReadAction","target":["https:\/\/loginfo24.com\/pt-pt\/2024\/01\/14\/dkv-expande-rede-de-carregamento-de-elkw-em-cooperacao-com-a-milence\/"]}]},{"@type":"ImageObject","inLanguage":"pt-PT","@id":"https:\/\/loginfo24.com\/pt-pt\/2024\/01\/14\/dkv-expande-rede-de-carregamento-de-elkw-em-cooperacao-com-a-milence\/#primaryimage","url":"https:\/\/loginfo24.com\/wp-content\/uploads\/sites\/7\/2025\/12\/DKV_14.1.24.jpg","contentUrl":"https:\/\/loginfo24.com\/wp-content\/uploads\/sites\/7\/2025\/12\/DKV_14.1.24.jpg","width":1250,"height":781},{"@type":"BreadcrumbList","@id":"https:\/\/loginfo24.com\/pt-pt\/2024\/01\/14\/dkv-expande-rede-de-carregamento-de-elkw-em-cooperacao-com-a-milence\/#breadcrumb","itemListElement":[{"@type":"ListItem","position":1,"name":"Startseite","item":"https:\/\/loginfo24.com\/pt-pt\/"},{"@type":"ListItem","position":2,"name":"DKV expande rede de carregamento de eLkw em coopera\u00e7\u00e3o com a Milence"}]},{"@type":"WebSite","@id":"https:\/\/loginfo24.com\/pt-pt\/#website","url":"https:\/\/loginfo24.com\/pt-pt\/","name":"Loginfo24","description":"Loginfo24 \u00e9 a plataforma dedicada \u00e0 log\u00edstica e \u00e0s cadeias de abastecimento, com informa\u00e7\u00f5es dispon\u00edveis 24 horas por dia.","publisher":{"@id":"https:\/\/loginfo24.com\/pt-pt\/#organization"},"potentialAction":[{"@type":"SearchAction","target":{"@type":"EntryPoint","urlTemplate":"https:\/\/loginfo24.com\/pt-pt\/?s={search_term_string}"},"query-input":{"@type":"PropertyValueSpecification","valueRequired":true,"valueName":"search_term_string"}}],"inLanguage":"pt-PT"},{"@type":"Organization","@id":"https:\/\/loginfo24.com\/pt-pt\/#organization","name":"Logismedia Group AG","url":"https:\/\/loginfo24.com\/pt-pt\/","logo":{"@type":"ImageObject","inLanguage":"pt-PT","@id":"https:\/\/loginfo24.com\/pt-pt\/#\/schema\/logo\/image\/","url":"https:\/\/loginfo24.com\/wp-content\/uploads\/sites\/7\/2026\/01\/Logo_LogInfo24.png","contentUrl":"https:\/\/loginfo24.com\/wp-content\/uploads\/sites\/7\/2026\/01\/Logo_LogInfo24.png","width":938,"height":351,"caption":"Logismedia Group AG"},"image":{"@id":"https:\/\/loginfo24.com\/pt-pt\/#\/schema\/logo\/image\/"},"sameAs":["https:\/\/www.facebook.com\/people\/Loginfo24\/100057360583332\/","https:\/\/www.linkedin.com\/company\/lofinfo24\/"]}]}},"_links":{"self":[{"href":"https:\/\/loginfo24.com\/pt-pt\/wp-json\/wp\/v2\/posts\/63808","targetHints":{"allow":["GET"]}}],"collection":[{"href":"https:\/\/loginfo24.com\/pt-pt\/wp-json\/wp\/v2\/posts"}],"about":[{"href":"https:\/\/loginfo24.com\/pt-pt\/wp-json\/wp\/v2\/types\/post"}],"replies":[{"embeddable":true,"href":"https:\/\/loginfo24.com\/pt-pt\/wp-json\/wp\/v2\/comments?post=63808"}],"version-history":[{"count":0,"href":"https:\/\/loginfo24.com\/pt-pt\/wp-json\/wp\/v2\/posts\/63808\/revisions"}],"wp:featuredmedia":[{"embeddable":true,"href":"https:\/\/loginfo24.com\/pt-pt\/wp-json\/wp\/v2\/media\/7107"}],"wp:attachment":[{"href":"https:\/\/loginfo24.com\/pt-pt\/wp-json\/wp\/v2\/media?parent=63808"}],"wp:term":[{"taxonomy":"category","embeddable":true,"href":"https:\/\/loginfo24.com\/pt-pt\/wp-json\/wp\/v2\/categories?post=63808"},{"taxonomy":"post_tag","embeddable":true,"href":"https:\/\/loginfo24.com\/pt-pt\/wp-json\/wp\/v2\/tags?post=63808"}],"curies":[{"name":"wp","href":"https:\/\/api.w.org\/{rel}","templated":true}]}}