{"id":63778,"date":"2024-01-11T19:04:09","date_gmt":"2024-01-11T18:04:09","guid":{"rendered":"https:\/\/blog.brand-architecture.at\/2024\/01\/11\/bgl-esta-satisfeito-com-o-andamento-da-semana-de-acoes-ate-agora\/"},"modified":"2024-01-11T19:04:09","modified_gmt":"2024-01-11T18:04:09","slug":"bgl-esta-satisfeito-com-o-andamento-da-semana-de-acoes-ate-agora","status":"publish","type":"post","link":"https:\/\/loginfo24.com\/pt-pt\/2024\/01\/11\/bgl-esta-satisfeito-com-o-andamento-da-semana-de-acoes-ate-agora\/","title":{"rendered":"BGL est\u00e1 satisfeito com o andamento da semana de a\u00e7\u00f5es at\u00e9 agora"},"content":{"rendered":"<h5>O BGL est\u00e1 muito satisfeito com o andamento da semana de a\u00e7\u00f5es at\u00e9 agora e exige o fim da carga tribut\u00e1ria desproporcional e desordenada. A Associa\u00e7\u00e3o Federal de Transporte de Carga (BGL) faz um balan\u00e7o positivo na metade da semana de a\u00e7\u00f5es, que realiza em conjunto com a Associa\u00e7\u00e3o dos Agricultores desde 8 de janeiro.<\/h5>\n<p>(Frankfurt) &#8220;Juntamente com os agricultores, conseguimos deixar claro que n\u00e3o podemos continuar assim com esta pol\u00edtica de localiza\u00e7\u00e3o e econ\u00f4mica da coaliz\u00e3o sem\u00e1foro&#8221;, afirmou o porta-voz do conselho, Prof. Dr. Dirk Engelhardt. &#8220;A carga tribut\u00e1ria desproporcional e desordenada deste governo federal amea\u00e7a a exist\u00eancia de empresas e empregos tanto no setor de transporte quanto na agricultura.&#8221;<\/p>\n<p>V\u00e1rios milhares de caminh\u00f5es participaram nos \u00faltimos dias de protestos em todo o pa\u00eds. As a\u00e7\u00f5es ocorreram, em sua maioria, de forma pac\u00edfica. &#8220;Estou feliz e orgulhoso de que conseguimos, por meios democr\u00e1ticos, chamar a aten\u00e7\u00e3o para o enorme descontentamento no setor m\u00e9dio, sem nos deixarmos cooptar por nacionalistas radicais&#8221;, afirmou Engelhardt. &#8220;A Associa\u00e7\u00e3o dos Agricultores e o BGL representam um protesto claro, mas pac\u00edfico.&#8221;<\/p>\n<p>Nos pr\u00f3ximos dias, est\u00e3o planejadas mais manifesta\u00e7\u00f5es dos empres\u00e1rios de transporte de m\u00e9dio porte:<\/p>\n<p>Para quinta-feira, est\u00e3o previstas grandes manifesta\u00e7\u00f5es em Cottbus, Dresden, D\u00fcsseldorf e Kassel. Em Cottbus, durante uma demonstra\u00e7\u00e3o \u00e0 margem da cerim\u00f4nia de inaugura\u00e7\u00e3o de uma oficina de ICE, uma carta de protesto ser\u00e1 entregue ao chanceler federal.<\/p>\n<p>A \u00eanfase na sexta-feira ser\u00e1 na Baviera. L\u00e1, est\u00e1 planejada uma grande a\u00e7\u00e3o de protesto de caminh\u00f5es na Theresienwiese em Munique.<\/p>\n<p>O ponto alto da semana de a\u00e7\u00f5es ser\u00e1 uma grande manifesta\u00e7\u00e3o na segunda-feira, 15 de janeiro, \u00e0s 11:00 horas em Berlim, onde Engelhardt tamb\u00e9m falar\u00e1. O BGL espera que centenas de caminh\u00f5es participem do evento. Se e em que medida as a\u00e7\u00f5es de protesto continuar\u00e3o depois disso, o BGL depende das rea\u00e7\u00f5es pol\u00edticas.<\/p>\n<h5>As exig\u00eancias do BGL s\u00e3o:<\/h5>\n<ul>\n<li>O cumprimento da promessa da coaliz\u00e3o para evitar uma dupla tributa\u00e7\u00e3o de CO2 com ped\u00e1gio mais diesel<\/li>\n<li>A duplica\u00e7\u00e3o dos programas de harmoniza\u00e7\u00e3o de ped\u00e1gios para 900 milh\u00f5es de euros<\/li>\n<li>Mais investimentos estatais em estradas e pontes em bom estado<\/li>\n<li>Mais investimentos estatais na expans\u00e3o de \u00e1reas de estacionamento para caminh\u00f5es<\/li>\n<li>Programas de incentivo confi\u00e1veis e adequadamente equipados para a transi\u00e7\u00e3o para transportes ecol\u00f3gicos<\/li>\n<\/ul>\n<p>Foto: \u00a9 Loginfo24<\/p>\n","protected":false},"excerpt":{"rendered":"<p>O BGL est\u00e1 muito satisfeito com o andamento da semana de a\u00e7\u00f5es at\u00e9 agora e exige o fim da carga tribut\u00e1ria desproporcional e desordenada. A Associa\u00e7\u00e3o<span class=\"excerpt-hellip\"> [\u2026]<\/span><\/p>\n","protected":false},"author":0,"featured_media":7122,"comment_status":"open","ping_status":"open","sticky":false,"template":"","format":"standard","meta":{"_acf_changed":false,"footnotes":""},"categories":[1557,1556,1561],"tags":[],"class_list":["post-63778","post","type-post","status-publish","format-standard","has-post-thumbnail","hentry","category-forwarding-logistics","category-intermodal-road","category-regions"],"acf":[],"yoast_head":"<!-- This site is optimized with the Yoast SEO plugin v27.3 - https:\/\/yoast.com\/product\/yoast-seo-wordpress\/ -->\n<title>BGL est\u00e1 satisfeito com o andamento da semana de a\u00e7\u00f5es at\u00e9 agora - Loginfo24<\/title>\n<meta name=\"robots\" content=\"index, follow, max-snippet:-1, max-image-preview:large, max-video-preview:-1\" \/>\n<link rel=\"canonical\" href=\"https:\/\/loginfo24.com\/pt-pt\/2024\/01\/11\/bgl-esta-satisfeito-com-o-andamento-da-semana-de-acoes-ate-agora\/\" \/>\n<meta property=\"og:locale\" content=\"pt_PT\" \/>\n<meta property=\"og:type\" content=\"article\" \/>\n<meta property=\"og:title\" content=\"BGL est\u00e1 satisfeito com o andamento da semana de a\u00e7\u00f5es at\u00e9 agora - Loginfo24\" \/>\n<meta property=\"og:description\" content=\"O BGL est\u00e1 muito satisfeito com o andamento da semana de a\u00e7\u00f5es at\u00e9 agora e exige o fim da carga tribut\u00e1ria desproporcional e desordenada. A Associa\u00e7\u00e3o [\u2026]\" \/>\n<meta property=\"og:url\" content=\"https:\/\/loginfo24.com\/pt-pt\/2024\/01\/11\/bgl-esta-satisfeito-com-o-andamento-da-semana-de-acoes-ate-agora\/\" \/>\n<meta property=\"og:site_name\" content=\"Loginfo24\" \/>\n<meta property=\"article:publisher\" content=\"https:\/\/www.facebook.com\/people\/Loginfo24\/100057360583332\/\" \/>\n<meta property=\"article:published_time\" content=\"2024-01-11T18:04:09+00:00\" \/>\n<meta property=\"og:image\" content=\"https:\/\/loginfo24.com\/wp-content\/uploads\/sites\/7\/2025\/12\/LKW_Autobahn_Stau-3.jpg\" \/>\n\t<meta property=\"og:image:width\" content=\"1472\" \/>\n\t<meta property=\"og:image:height\" content=\"970\" \/>\n\t<meta property=\"og:image:type\" content=\"image\/jpeg\" \/>\n<meta name=\"twitter:card\" content=\"summary_large_image\" \/>\n<meta name=\"twitter:label1\" content=\"Tempo estimado de leitura\" \/>\n\t<meta name=\"twitter:data1\" content=\"2 minutos\" \/>\n<script type=\"application\/ld+json\" class=\"yoast-schema-graph\">{\"@context\":\"https:\\\/\\\/schema.org\",\"@graph\":[{\"@type\":\"Article\",\"@id\":\"https:\\\/\\\/loginfo24.com\\\/pt-pt\\\/2024\\\/01\\\/11\\\/bgl-esta-satisfeito-com-o-andamento-da-semana-de-acoes-ate-agora\\\/#article\",\"isPartOf\":{\"@id\":\"https:\\\/\\\/loginfo24.com\\\/pt-pt\\\/2024\\\/01\\\/11\\\/bgl-esta-satisfeito-com-o-andamento-da-semana-de-acoes-ate-agora\\\/\"},\"author\":{\"name\":\"\",\"@id\":\"\"},\"headline\":\"BGL est\u00e1 satisfeito com o andamento da semana de a\u00e7\u00f5es at\u00e9 agora\",\"datePublished\":\"2024-01-11T18:04:09+00:00\",\"mainEntityOfPage\":{\"@id\":\"https:\\\/\\\/loginfo24.com\\\/pt-pt\\\/2024\\\/01\\\/11\\\/bgl-esta-satisfeito-com-o-andamento-da-semana-de-acoes-ate-agora\\\/\"},\"wordCount\":440,\"commentCount\":0,\"publisher\":{\"@id\":\"https:\\\/\\\/loginfo24.com\\\/pt-pt\\\/#organization\"},\"image\":{\"@id\":\"https:\\\/\\\/loginfo24.com\\\/pt-pt\\\/2024\\\/01\\\/11\\\/bgl-esta-satisfeito-com-o-andamento-da-semana-de-acoes-ate-agora\\\/#primaryimage\"},\"thumbnailUrl\":\"https:\\\/\\\/loginfo24.com\\\/wp-content\\\/uploads\\\/sites\\\/7\\\/2025\\\/12\\\/LKW_Autobahn_Stau-3.jpg\",\"articleSection\":[\"Forwarding &amp; Logistics\",\"Intermodal \\\/ Road\",\"Regions\"],\"inLanguage\":\"pt-PT\",\"potentialAction\":[{\"@type\":\"CommentAction\",\"name\":\"Comment\",\"target\":[\"https:\\\/\\\/loginfo24.com\\\/pt-pt\\\/2024\\\/01\\\/11\\\/bgl-esta-satisfeito-com-o-andamento-da-semana-de-acoes-ate-agora\\\/#respond\"]}]},{\"@type\":\"WebPage\",\"@id\":\"https:\\\/\\\/loginfo24.com\\\/pt-pt\\\/2024\\\/01\\\/11\\\/bgl-esta-satisfeito-com-o-andamento-da-semana-de-acoes-ate-agora\\\/\",\"url\":\"https:\\\/\\\/loginfo24.com\\\/pt-pt\\\/2024\\\/01\\\/11\\\/bgl-esta-satisfeito-com-o-andamento-da-semana-de-acoes-ate-agora\\\/\",\"name\":\"BGL est\u00e1 satisfeito com o andamento da semana de a\u00e7\u00f5es at\u00e9 agora - Loginfo24\",\"isPartOf\":{\"@id\":\"https:\\\/\\\/loginfo24.com\\\/pt-pt\\\/#website\"},\"primaryImageOfPage\":{\"@id\":\"https:\\\/\\\/loginfo24.com\\\/pt-pt\\\/2024\\\/01\\\/11\\\/bgl-esta-satisfeito-com-o-andamento-da-semana-de-acoes-ate-agora\\\/#primaryimage\"},\"image\":{\"@id\":\"https:\\\/\\\/loginfo24.com\\\/pt-pt\\\/2024\\\/01\\\/11\\\/bgl-esta-satisfeito-com-o-andamento-da-semana-de-acoes-ate-agora\\\/#primaryimage\"},\"thumbnailUrl\":\"https:\\\/\\\/loginfo24.com\\\/wp-content\\\/uploads\\\/sites\\\/7\\\/2025\\\/12\\\/LKW_Autobahn_Stau-3.jpg\",\"datePublished\":\"2024-01-11T18:04:09+00:00\",\"breadcrumb\":{\"@id\":\"https:\\\/\\\/loginfo24.com\\\/pt-pt\\\/2024\\\/01\\\/11\\\/bgl-esta-satisfeito-com-o-andamento-da-semana-de-acoes-ate-agora\\\/#breadcrumb\"},\"inLanguage\":\"pt-PT\",\"potentialAction\":[{\"@type\":\"ReadAction\",\"target\":[\"https:\\\/\\\/loginfo24.com\\\/pt-pt\\\/2024\\\/01\\\/11\\\/bgl-esta-satisfeito-com-o-andamento-da-semana-de-acoes-ate-agora\\\/\"]}]},{\"@type\":\"ImageObject\",\"inLanguage\":\"pt-PT\",\"@id\":\"https:\\\/\\\/loginfo24.com\\\/pt-pt\\\/2024\\\/01\\\/11\\\/bgl-esta-satisfeito-com-o-andamento-da-semana-de-acoes-ate-agora\\\/#primaryimage\",\"url\":\"https:\\\/\\\/loginfo24.com\\\/wp-content\\\/uploads\\\/sites\\\/7\\\/2025\\\/12\\\/LKW_Autobahn_Stau-3.jpg\",\"contentUrl\":\"https:\\\/\\\/loginfo24.com\\\/wp-content\\\/uploads\\\/sites\\\/7\\\/2025\\\/12\\\/LKW_Autobahn_Stau-3.jpg\",\"width\":1472,\"height\":970},{\"@type\":\"BreadcrumbList\",\"@id\":\"https:\\\/\\\/loginfo24.com\\\/pt-pt\\\/2024\\\/01\\\/11\\\/bgl-esta-satisfeito-com-o-andamento-da-semana-de-acoes-ate-agora\\\/#breadcrumb\",\"itemListElement\":[{\"@type\":\"ListItem\",\"position\":1,\"name\":\"Startseite\",\"item\":\"https:\\\/\\\/loginfo24.com\\\/pt-pt\\\/\"},{\"@type\":\"ListItem\",\"position\":2,\"name\":\"BGL est\u00e1 satisfeito com o andamento da semana de a\u00e7\u00f5es at\u00e9 agora\"}]},{\"@type\":\"WebSite\",\"@id\":\"https:\\\/\\\/loginfo24.com\\\/pt-pt\\\/#website\",\"url\":\"https:\\\/\\\/loginfo24.com\\\/pt-pt\\\/\",\"name\":\"Loginfo24\",\"description\":\"Loginfo24 \u00e9 a plataforma dedicada \u00e0 log\u00edstica e \u00e0s cadeias de abastecimento, com informa\u00e7\u00f5es dispon\u00edveis 24 horas por dia.\",\"publisher\":{\"@id\":\"https:\\\/\\\/loginfo24.com\\\/pt-pt\\\/#organization\"},\"potentialAction\":[{\"@type\":\"SearchAction\",\"target\":{\"@type\":\"EntryPoint\",\"urlTemplate\":\"https:\\\/\\\/loginfo24.com\\\/pt-pt\\\/?s={search_term_string}\"},\"query-input\":{\"@type\":\"PropertyValueSpecification\",\"valueRequired\":true,\"valueName\":\"search_term_string\"}}],\"inLanguage\":\"pt-PT\"},{\"@type\":\"Organization\",\"@id\":\"https:\\\/\\\/loginfo24.com\\\/pt-pt\\\/#organization\",\"name\":\"Logismedia Group AG\",\"url\":\"https:\\\/\\\/loginfo24.com\\\/pt-pt\\\/\",\"logo\":{\"@type\":\"ImageObject\",\"inLanguage\":\"pt-PT\",\"@id\":\"https:\\\/\\\/loginfo24.com\\\/pt-pt\\\/#\\\/schema\\\/logo\\\/image\\\/\",\"url\":\"https:\\\/\\\/loginfo24.com\\\/wp-content\\\/uploads\\\/sites\\\/7\\\/2026\\\/01\\\/Logo_LogInfo24.png\",\"contentUrl\":\"https:\\\/\\\/loginfo24.com\\\/wp-content\\\/uploads\\\/sites\\\/7\\\/2026\\\/01\\\/Logo_LogInfo24.png\",\"width\":938,\"height\":351,\"caption\":\"Logismedia Group AG\"},\"image\":{\"@id\":\"https:\\\/\\\/loginfo24.com\\\/pt-pt\\\/#\\\/schema\\\/logo\\\/image\\\/\"},\"sameAs\":[\"https:\\\/\\\/www.facebook.com\\\/people\\\/Loginfo24\\\/100057360583332\\\/\",\"https:\\\/\\\/www.linkedin.com\\\/company\\\/lofinfo24\\\/\"]}]}<\/script>\n<!-- \/ Yoast SEO plugin. -->","yoast_head_json":{"title":"BGL est\u00e1 satisfeito com o andamento da semana de a\u00e7\u00f5es at\u00e9 agora - Loginfo24","robots":{"index":"index","follow":"follow","max-snippet":"max-snippet:-1","max-image-preview":"max-image-preview:large","max-video-preview":"max-video-preview:-1"},"canonical":"https:\/\/loginfo24.com\/pt-pt\/2024\/01\/11\/bgl-esta-satisfeito-com-o-andamento-da-semana-de-acoes-ate-agora\/","og_locale":"pt_PT","og_type":"article","og_title":"BGL est\u00e1 satisfeito com o andamento da semana de a\u00e7\u00f5es at\u00e9 agora - Loginfo24","og_description":"O BGL est\u00e1 muito satisfeito com o andamento da semana de a\u00e7\u00f5es at\u00e9 agora e exige o fim da carga tribut\u00e1ria desproporcional e desordenada. A Associa\u00e7\u00e3o [\u2026]","og_url":"https:\/\/loginfo24.com\/pt-pt\/2024\/01\/11\/bgl-esta-satisfeito-com-o-andamento-da-semana-de-acoes-ate-agora\/","og_site_name":"Loginfo24","article_publisher":"https:\/\/www.facebook.com\/people\/Loginfo24\/100057360583332\/","article_published_time":"2024-01-11T18:04:09+00:00","og_image":[{"width":1472,"height":970,"url":"https:\/\/loginfo24.com\/wp-content\/uploads\/sites\/7\/2025\/12\/LKW_Autobahn_Stau-3.jpg","type":"image\/jpeg"}],"twitter_card":"summary_large_image","twitter_misc":{"Tempo estimado de leitura":"2 minutos"},"schema":{"@context":"https:\/\/schema.org","@graph":[{"@type":"Article","@id":"https:\/\/loginfo24.com\/pt-pt\/2024\/01\/11\/bgl-esta-satisfeito-com-o-andamento-da-semana-de-acoes-ate-agora\/#article","isPartOf":{"@id":"https:\/\/loginfo24.com\/pt-pt\/2024\/01\/11\/bgl-esta-satisfeito-com-o-andamento-da-semana-de-acoes-ate-agora\/"},"author":{"name":"","@id":""},"headline":"BGL est\u00e1 satisfeito com o andamento da semana de a\u00e7\u00f5es at\u00e9 agora","datePublished":"2024-01-11T18:04:09+00:00","mainEntityOfPage":{"@id":"https:\/\/loginfo24.com\/pt-pt\/2024\/01\/11\/bgl-esta-satisfeito-com-o-andamento-da-semana-de-acoes-ate-agora\/"},"wordCount":440,"commentCount":0,"publisher":{"@id":"https:\/\/loginfo24.com\/pt-pt\/#organization"},"image":{"@id":"https:\/\/loginfo24.com\/pt-pt\/2024\/01\/11\/bgl-esta-satisfeito-com-o-andamento-da-semana-de-acoes-ate-agora\/#primaryimage"},"thumbnailUrl":"https:\/\/loginfo24.com\/wp-content\/uploads\/sites\/7\/2025\/12\/LKW_Autobahn_Stau-3.jpg","articleSection":["Forwarding &amp; Logistics","Intermodal \/ Road","Regions"],"inLanguage":"pt-PT","potentialAction":[{"@type":"CommentAction","name":"Comment","target":["https:\/\/loginfo24.com\/pt-pt\/2024\/01\/11\/bgl-esta-satisfeito-com-o-andamento-da-semana-de-acoes-ate-agora\/#respond"]}]},{"@type":"WebPage","@id":"https:\/\/loginfo24.com\/pt-pt\/2024\/01\/11\/bgl-esta-satisfeito-com-o-andamento-da-semana-de-acoes-ate-agora\/","url":"https:\/\/loginfo24.com\/pt-pt\/2024\/01\/11\/bgl-esta-satisfeito-com-o-andamento-da-semana-de-acoes-ate-agora\/","name":"BGL est\u00e1 satisfeito com o andamento da semana de a\u00e7\u00f5es at\u00e9 agora - Loginfo24","isPartOf":{"@id":"https:\/\/loginfo24.com\/pt-pt\/#website"},"primaryImageOfPage":{"@id":"https:\/\/loginfo24.com\/pt-pt\/2024\/01\/11\/bgl-esta-satisfeito-com-o-andamento-da-semana-de-acoes-ate-agora\/#primaryimage"},"image":{"@id":"https:\/\/loginfo24.com\/pt-pt\/2024\/01\/11\/bgl-esta-satisfeito-com-o-andamento-da-semana-de-acoes-ate-agora\/#primaryimage"},"thumbnailUrl":"https:\/\/loginfo24.com\/wp-content\/uploads\/sites\/7\/2025\/12\/LKW_Autobahn_Stau-3.jpg","datePublished":"2024-01-11T18:04:09+00:00","breadcrumb":{"@id":"https:\/\/loginfo24.com\/pt-pt\/2024\/01\/11\/bgl-esta-satisfeito-com-o-andamento-da-semana-de-acoes-ate-agora\/#breadcrumb"},"inLanguage":"pt-PT","potentialAction":[{"@type":"ReadAction","target":["https:\/\/loginfo24.com\/pt-pt\/2024\/01\/11\/bgl-esta-satisfeito-com-o-andamento-da-semana-de-acoes-ate-agora\/"]}]},{"@type":"ImageObject","inLanguage":"pt-PT","@id":"https:\/\/loginfo24.com\/pt-pt\/2024\/01\/11\/bgl-esta-satisfeito-com-o-andamento-da-semana-de-acoes-ate-agora\/#primaryimage","url":"https:\/\/loginfo24.com\/wp-content\/uploads\/sites\/7\/2025\/12\/LKW_Autobahn_Stau-3.jpg","contentUrl":"https:\/\/loginfo24.com\/wp-content\/uploads\/sites\/7\/2025\/12\/LKW_Autobahn_Stau-3.jpg","width":1472,"height":970},{"@type":"BreadcrumbList","@id":"https:\/\/loginfo24.com\/pt-pt\/2024\/01\/11\/bgl-esta-satisfeito-com-o-andamento-da-semana-de-acoes-ate-agora\/#breadcrumb","itemListElement":[{"@type":"ListItem","position":1,"name":"Startseite","item":"https:\/\/loginfo24.com\/pt-pt\/"},{"@type":"ListItem","position":2,"name":"BGL est\u00e1 satisfeito com o andamento da semana de a\u00e7\u00f5es at\u00e9 agora"}]},{"@type":"WebSite","@id":"https:\/\/loginfo24.com\/pt-pt\/#website","url":"https:\/\/loginfo24.com\/pt-pt\/","name":"Loginfo24","description":"Loginfo24 \u00e9 a plataforma dedicada \u00e0 log\u00edstica e \u00e0s cadeias de abastecimento, com informa\u00e7\u00f5es dispon\u00edveis 24 horas por dia.","publisher":{"@id":"https:\/\/loginfo24.com\/pt-pt\/#organization"},"potentialAction":[{"@type":"SearchAction","target":{"@type":"EntryPoint","urlTemplate":"https:\/\/loginfo24.com\/pt-pt\/?s={search_term_string}"},"query-input":{"@type":"PropertyValueSpecification","valueRequired":true,"valueName":"search_term_string"}}],"inLanguage":"pt-PT"},{"@type":"Organization","@id":"https:\/\/loginfo24.com\/pt-pt\/#organization","name":"Logismedia Group AG","url":"https:\/\/loginfo24.com\/pt-pt\/","logo":{"@type":"ImageObject","inLanguage":"pt-PT","@id":"https:\/\/loginfo24.com\/pt-pt\/#\/schema\/logo\/image\/","url":"https:\/\/loginfo24.com\/wp-content\/uploads\/sites\/7\/2026\/01\/Logo_LogInfo24.png","contentUrl":"https:\/\/loginfo24.com\/wp-content\/uploads\/sites\/7\/2026\/01\/Logo_LogInfo24.png","width":938,"height":351,"caption":"Logismedia Group AG"},"image":{"@id":"https:\/\/loginfo24.com\/pt-pt\/#\/schema\/logo\/image\/"},"sameAs":["https:\/\/www.facebook.com\/people\/Loginfo24\/100057360583332\/","https:\/\/www.linkedin.com\/company\/lofinfo24\/"]}]}},"_links":{"self":[{"href":"https:\/\/loginfo24.com\/pt-pt\/wp-json\/wp\/v2\/posts\/63778","targetHints":{"allow":["GET"]}}],"collection":[{"href":"https:\/\/loginfo24.com\/pt-pt\/wp-json\/wp\/v2\/posts"}],"about":[{"href":"https:\/\/loginfo24.com\/pt-pt\/wp-json\/wp\/v2\/types\/post"}],"replies":[{"embeddable":true,"href":"https:\/\/loginfo24.com\/pt-pt\/wp-json\/wp\/v2\/comments?post=63778"}],"version-history":[{"count":0,"href":"https:\/\/loginfo24.com\/pt-pt\/wp-json\/wp\/v2\/posts\/63778\/revisions"}],"wp:featuredmedia":[{"embeddable":true,"href":"https:\/\/loginfo24.com\/pt-pt\/wp-json\/wp\/v2\/media\/7122"}],"wp:attachment":[{"href":"https:\/\/loginfo24.com\/pt-pt\/wp-json\/wp\/v2\/media?parent=63778"}],"wp:term":[{"taxonomy":"category","embeddable":true,"href":"https:\/\/loginfo24.com\/pt-pt\/wp-json\/wp\/v2\/categories?post=63778"},{"taxonomy":"post_tag","embeddable":true,"href":"https:\/\/loginfo24.com\/pt-pt\/wp-json\/wp\/v2\/tags?post=63778"}],"curies":[{"name":"wp","href":"https:\/\/api.w.org\/{rel}","templated":true}]}}