{"id":63772,"date":"2024-01-11T18:50:00","date_gmt":"2024-01-11T17:50:00","guid":{"rendered":"https:\/\/blog.brand-architecture.at\/2024\/01\/11\/rhenus-constroi-terminal-ferroviario-no-porto-de-weser-em-bremen\/"},"modified":"2024-01-11T18:50:00","modified_gmt":"2024-01-11T17:50:00","slug":"rhenus-constroi-terminal-ferroviario-no-porto-de-weser-em-bremen","status":"publish","type":"post","link":"https:\/\/loginfo24.com\/pt-pt\/2024\/01\/11\/rhenus-constroi-terminal-ferroviario-no-porto-de-weser-em-bremen\/","title":{"rendered":"Rhenus constr\u00f3i terminal ferrovi\u00e1rio no porto de Weser em Bremen"},"content":{"rendered":"<h5><strong>H\u00e1 mais de 25 anos, a Rhenus Weserport Bremen j\u00e1 representa uma opera\u00e7\u00e3o profissional e adequada para a movimenta\u00e7\u00e3o de diversas mercadorias e mat\u00e9rias-primas. Como parte do grupo Rhenus, a ag\u00eancia portu\u00e1ria se concentrou at\u00e9 agora na movimenta\u00e7\u00e3o de navios de alto-mar para o transporte rodovi\u00e1rio e embarca\u00e7\u00f5es interiores. Para a mais recente colabora\u00e7\u00e3o com a Nabaltec AG, a Rhenus Weserport est\u00e1 agora expandindo sua conex\u00e3o ferrovi\u00e1ria existente em grande escala. O terminal ferrovi\u00e1rio no porto mar\u00edtimo mais ao sul da Alemanha servir\u00e1 para a carga de hidr\u00f3xido de alum\u00ednio e \u00f3xido de alum\u00ednio de fundi\u00e7\u00f5es no exterior.<\/strong><\/h5>\n<p> (Bremen) Como fornecedora de aditivos retardantes de chama e \u00f3xidos especiais ambientalmente amig\u00e1veis, a Nabaltec AG atende a mercados em crescimento em todo o mundo. Devido aos altos custos de energia e \u00e0 esperada desindustrializa\u00e7\u00e3o na Alemanha, a empresa est\u00e1 ampliando suas op\u00e7\u00f5es de fornecimento para as mat\u00e9rias-primas b\u00e1sicas importantes para seu portf\u00f3lio de produtos, hidr\u00f3xido de alum\u00ednio e \u00f3xido de alum\u00ednio, para fundi\u00e7\u00f5es em toda a Europa, Brasil e \u2013 dependendo da situa\u00e7\u00e3o de custos e qualidade \u2013 em todo o mundo.<\/p>\n<p>As mat\u00e9rias-primas chegam \u00e0 Alemanha por via mar\u00edtima, onde a movimenta\u00e7\u00e3o para a Nabaltec economiza custos em compara\u00e7\u00e3o com os portos mar\u00edtimos holandeses e belgas e garante seguran\u00e7a de fornecimento atrav\u00e9s do armazenamento em Bremen.<\/p>\n<p>&#8220;A decis\u00e3o de processar o hidr\u00f3xido de alum\u00ednio e o \u00f3xido de alum\u00ednio atrav\u00e9s da Rhenus Weserport foi tomada devido \u00e0 conex\u00e3o ferrovi\u00e1ria existente, que \u00e9 excelente para uma expans\u00e3o sob demanda. Outros fatores decisivos foram a conex\u00e3o direta com os tr\u00e1fegos de alto-mar e as op\u00e7\u00f5es de movimenta\u00e7\u00e3o e armazenamento dispon\u00edveis. A partir de Bremen, a mat\u00e9ria-prima chega diretamente de trem at\u00e9 n\u00f3s na Baviera. Esperamos aqui vantagens de custo devido \u00e0 amplia\u00e7\u00e3o de nosso portf\u00f3lio de fornecedores, para que possamos continuar a oferecer nossos produtos de forma competitiva&#8221;, explica Johannes Heckmann, presidente do conselho da Nabaltec AG.<\/p>\n<p>O hidr\u00f3xido de alum\u00ednio \u00e9 um componente importante retardante de chama de cabos pl\u00e1sticos e outros condutores met\u00e1licos. O \u00f3xido de alum\u00ednio \u00e9 utilizado na produ\u00e7\u00e3o de cer\u00e2mica t\u00e9cnica, bem como na ind\u00fastria de refrat\u00e1rios e polidores.<\/p>\n<p>A Rhenus Weserport j\u00e1 iniciou a movimenta\u00e7\u00e3o de mercadorias para a Nabaltec. Com a amplia\u00e7\u00e3o das op\u00e7\u00f5es de movimenta\u00e7\u00e3o para instala\u00e7\u00f5es ferrovi\u00e1rias, o prestador de servi\u00e7os portu\u00e1rios se posiciona de forma segura para o futuro. &#8220;Este novo setor de neg\u00f3cios \u00e9 um desenvolvimento importante para n\u00f3s. Com a primeira instala\u00e7\u00e3o de carga ferrovi\u00e1ria, estamos abrindo novos mercados e oportunidades de coopera\u00e7\u00e3o&#8221;, explica Rudolf Egbert, diretor-geral da Rhenus Weserport. &#8220;Particularmente em tempos de desindustrializa\u00e7\u00e3o na Alemanha, isso nos abre novas oportunidades.&#8221;<\/p>\n<h5>In\u00edcio da opera\u00e7\u00e3o previsto para o final de 2024<\/h5>\n<p> At\u00e9 que o novo terminal ferrovi\u00e1rio totalmente automatizado no Terminal 4 esteja conclu\u00eddo, a Nabaltec j\u00e1 est\u00e1 utilizando temporariamente o Terminal 2 no porto industrial de Bremen para a movimenta\u00e7\u00e3o de hidr\u00f3xido de alum\u00ednio. Os processos de aprova\u00e7\u00e3o e constru\u00e7\u00e3o para a reforma do Terminal 4 est\u00e3o em pleno andamento. A opera\u00e7\u00e3o da nova instala\u00e7\u00e3o est\u00e1 prevista para o final de 2024. A expans\u00e3o e a instala\u00e7\u00e3o autom\u00e1tica de carga ferrovi\u00e1ria permitem \u00e0 Nabaltec a movimenta\u00e7\u00e3o planejada de 70.000 a 140.000 toneladas de hidr\u00f3xido de alum\u00ednio e \u00f3xido de alum\u00ednio por ano. O contrato entre a Rhenus Weserport e a Nabaltec foi firmado por um per\u00edodo de 10 anos, com op\u00e7\u00e3o de prorroga\u00e7\u00e3o.<\/p>\n<p>Foto: \u00a9 Rhenus<\/p>\n","protected":false},"excerpt":{"rendered":"<p>H\u00e1 mais de 25 anos, a Rhenus Weserport Bremen j\u00e1 representa uma opera\u00e7\u00e3o profissional e adequada para a movimenta\u00e7\u00e3o de diversas mercadorias e mat\u00e9rias-primas. Como parte<span class=\"excerpt-hellip\"> [\u2026]<\/span><\/p>\n","protected":false},"author":0,"featured_media":7124,"comment_status":"open","ping_status":"open","sticky":false,"template":"","format":"standard","meta":{"_acf_changed":false,"footnotes":""},"categories":[1557,1560,1561,1559],"tags":[],"class_list":["post-63772","post","type-post","status-publish","format-standard","has-post-thumbnail","hentry","category-forwarding-logistics","category-intralogistics","category-regions","category-shipping-ports"],"acf":[],"yoast_head":"<!-- This site is optimized with the Yoast SEO plugin v27.3 - https:\/\/yoast.com\/product\/yoast-seo-wordpress\/ -->\n<title>Rhenus constr\u00f3i terminal ferrovi\u00e1rio no porto de Weser em Bremen - Loginfo24<\/title>\n<meta name=\"robots\" content=\"index, follow, max-snippet:-1, max-image-preview:large, max-video-preview:-1\" \/>\n<link rel=\"canonical\" href=\"https:\/\/loginfo24.com\/pt-pt\/2024\/01\/11\/rhenus-constroi-terminal-ferroviario-no-porto-de-weser-em-bremen\/\" \/>\n<meta property=\"og:locale\" content=\"pt_PT\" \/>\n<meta property=\"og:type\" content=\"article\" \/>\n<meta property=\"og:title\" content=\"Rhenus constr\u00f3i terminal ferrovi\u00e1rio no porto de Weser em Bremen - Loginfo24\" \/>\n<meta property=\"og:description\" content=\"H\u00e1 mais de 25 anos, a Rhenus Weserport Bremen j\u00e1 representa uma opera\u00e7\u00e3o profissional e adequada para a movimenta\u00e7\u00e3o de diversas mercadorias e mat\u00e9rias-primas. Como parte [\u2026]\" \/>\n<meta property=\"og:url\" content=\"https:\/\/loginfo24.com\/pt-pt\/2024\/01\/11\/rhenus-constroi-terminal-ferroviario-no-porto-de-weser-em-bremen\/\" \/>\n<meta property=\"og:site_name\" content=\"Loginfo24\" \/>\n<meta property=\"article:publisher\" content=\"https:\/\/www.facebook.com\/people\/Loginfo24\/100057360583332\/\" \/>\n<meta property=\"article:published_time\" content=\"2024-01-11T17:50:00+00:00\" \/>\n<meta property=\"og:image\" content=\"https:\/\/loginfo24.com\/wp-content\/uploads\/sites\/7\/2025\/12\/Rhenus_11.1.24.jpg\" \/>\n\t<meta property=\"og:image:width\" content=\"1377\" \/>\n\t<meta property=\"og:image:height\" content=\"791\" \/>\n\t<meta property=\"og:image:type\" content=\"image\/jpeg\" \/>\n<meta name=\"twitter:card\" content=\"summary_large_image\" \/>\n<meta name=\"twitter:label1\" content=\"Tempo estimado de leitura\" \/>\n\t<meta name=\"twitter:data1\" content=\"3 minutos\" \/>\n<script type=\"application\/ld+json\" class=\"yoast-schema-graph\">{\"@context\":\"https:\\\/\\\/schema.org\",\"@graph\":[{\"@type\":\"Article\",\"@id\":\"https:\\\/\\\/loginfo24.com\\\/pt-pt\\\/2024\\\/01\\\/11\\\/rhenus-constroi-terminal-ferroviario-no-porto-de-weser-em-bremen\\\/#article\",\"isPartOf\":{\"@id\":\"https:\\\/\\\/loginfo24.com\\\/pt-pt\\\/2024\\\/01\\\/11\\\/rhenus-constroi-terminal-ferroviario-no-porto-de-weser-em-bremen\\\/\"},\"author\":{\"name\":\"\",\"@id\":\"\"},\"headline\":\"Rhenus constr\u00f3i terminal ferrovi\u00e1rio no porto de Weser em Bremen\",\"datePublished\":\"2024-01-11T17:50:00+00:00\",\"mainEntityOfPage\":{\"@id\":\"https:\\\/\\\/loginfo24.com\\\/pt-pt\\\/2024\\\/01\\\/11\\\/rhenus-constroi-terminal-ferroviario-no-porto-de-weser-em-bremen\\\/\"},\"wordCount\":647,\"commentCount\":0,\"publisher\":{\"@id\":\"https:\\\/\\\/loginfo24.com\\\/pt-pt\\\/#organization\"},\"image\":{\"@id\":\"https:\\\/\\\/loginfo24.com\\\/pt-pt\\\/2024\\\/01\\\/11\\\/rhenus-constroi-terminal-ferroviario-no-porto-de-weser-em-bremen\\\/#primaryimage\"},\"thumbnailUrl\":\"https:\\\/\\\/loginfo24.com\\\/wp-content\\\/uploads\\\/sites\\\/7\\\/2025\\\/12\\\/Rhenus_11.1.24.jpg\",\"articleSection\":[\"Forwarding &amp; Logistics\",\"Intralogistics\",\"Regions\",\"Shipping &amp; Ports\"],\"inLanguage\":\"pt-PT\",\"potentialAction\":[{\"@type\":\"CommentAction\",\"name\":\"Comment\",\"target\":[\"https:\\\/\\\/loginfo24.com\\\/pt-pt\\\/2024\\\/01\\\/11\\\/rhenus-constroi-terminal-ferroviario-no-porto-de-weser-em-bremen\\\/#respond\"]}]},{\"@type\":\"WebPage\",\"@id\":\"https:\\\/\\\/loginfo24.com\\\/pt-pt\\\/2024\\\/01\\\/11\\\/rhenus-constroi-terminal-ferroviario-no-porto-de-weser-em-bremen\\\/\",\"url\":\"https:\\\/\\\/loginfo24.com\\\/pt-pt\\\/2024\\\/01\\\/11\\\/rhenus-constroi-terminal-ferroviario-no-porto-de-weser-em-bremen\\\/\",\"name\":\"Rhenus constr\u00f3i terminal ferrovi\u00e1rio no porto de Weser em Bremen - Loginfo24\",\"isPartOf\":{\"@id\":\"https:\\\/\\\/loginfo24.com\\\/pt-pt\\\/#website\"},\"primaryImageOfPage\":{\"@id\":\"https:\\\/\\\/loginfo24.com\\\/pt-pt\\\/2024\\\/01\\\/11\\\/rhenus-constroi-terminal-ferroviario-no-porto-de-weser-em-bremen\\\/#primaryimage\"},\"image\":{\"@id\":\"https:\\\/\\\/loginfo24.com\\\/pt-pt\\\/2024\\\/01\\\/11\\\/rhenus-constroi-terminal-ferroviario-no-porto-de-weser-em-bremen\\\/#primaryimage\"},\"thumbnailUrl\":\"https:\\\/\\\/loginfo24.com\\\/wp-content\\\/uploads\\\/sites\\\/7\\\/2025\\\/12\\\/Rhenus_11.1.24.jpg\",\"datePublished\":\"2024-01-11T17:50:00+00:00\",\"breadcrumb\":{\"@id\":\"https:\\\/\\\/loginfo24.com\\\/pt-pt\\\/2024\\\/01\\\/11\\\/rhenus-constroi-terminal-ferroviario-no-porto-de-weser-em-bremen\\\/#breadcrumb\"},\"inLanguage\":\"pt-PT\",\"potentialAction\":[{\"@type\":\"ReadAction\",\"target\":[\"https:\\\/\\\/loginfo24.com\\\/pt-pt\\\/2024\\\/01\\\/11\\\/rhenus-constroi-terminal-ferroviario-no-porto-de-weser-em-bremen\\\/\"]}]},{\"@type\":\"ImageObject\",\"inLanguage\":\"pt-PT\",\"@id\":\"https:\\\/\\\/loginfo24.com\\\/pt-pt\\\/2024\\\/01\\\/11\\\/rhenus-constroi-terminal-ferroviario-no-porto-de-weser-em-bremen\\\/#primaryimage\",\"url\":\"https:\\\/\\\/loginfo24.com\\\/wp-content\\\/uploads\\\/sites\\\/7\\\/2025\\\/12\\\/Rhenus_11.1.24.jpg\",\"contentUrl\":\"https:\\\/\\\/loginfo24.com\\\/wp-content\\\/uploads\\\/sites\\\/7\\\/2025\\\/12\\\/Rhenus_11.1.24.jpg\",\"width\":1377,\"height\":791},{\"@type\":\"BreadcrumbList\",\"@id\":\"https:\\\/\\\/loginfo24.com\\\/pt-pt\\\/2024\\\/01\\\/11\\\/rhenus-constroi-terminal-ferroviario-no-porto-de-weser-em-bremen\\\/#breadcrumb\",\"itemListElement\":[{\"@type\":\"ListItem\",\"position\":1,\"name\":\"Startseite\",\"item\":\"https:\\\/\\\/loginfo24.com\\\/pt-pt\\\/\"},{\"@type\":\"ListItem\",\"position\":2,\"name\":\"Rhenus constr\u00f3i terminal ferrovi\u00e1rio no porto de Weser em Bremen\"}]},{\"@type\":\"WebSite\",\"@id\":\"https:\\\/\\\/loginfo24.com\\\/pt-pt\\\/#website\",\"url\":\"https:\\\/\\\/loginfo24.com\\\/pt-pt\\\/\",\"name\":\"Loginfo24\",\"description\":\"Loginfo24 \u00e9 a plataforma dedicada \u00e0 log\u00edstica e \u00e0s cadeias de abastecimento, com informa\u00e7\u00f5es dispon\u00edveis 24 horas por dia.\",\"publisher\":{\"@id\":\"https:\\\/\\\/loginfo24.com\\\/pt-pt\\\/#organization\"},\"potentialAction\":[{\"@type\":\"SearchAction\",\"target\":{\"@type\":\"EntryPoint\",\"urlTemplate\":\"https:\\\/\\\/loginfo24.com\\\/pt-pt\\\/?s={search_term_string}\"},\"query-input\":{\"@type\":\"PropertyValueSpecification\",\"valueRequired\":true,\"valueName\":\"search_term_string\"}}],\"inLanguage\":\"pt-PT\"},{\"@type\":\"Organization\",\"@id\":\"https:\\\/\\\/loginfo24.com\\\/pt-pt\\\/#organization\",\"name\":\"Logismedia Group AG\",\"url\":\"https:\\\/\\\/loginfo24.com\\\/pt-pt\\\/\",\"logo\":{\"@type\":\"ImageObject\",\"inLanguage\":\"pt-PT\",\"@id\":\"https:\\\/\\\/loginfo24.com\\\/pt-pt\\\/#\\\/schema\\\/logo\\\/image\\\/\",\"url\":\"https:\\\/\\\/loginfo24.com\\\/wp-content\\\/uploads\\\/sites\\\/7\\\/2026\\\/01\\\/Logo_LogInfo24.png\",\"contentUrl\":\"https:\\\/\\\/loginfo24.com\\\/wp-content\\\/uploads\\\/sites\\\/7\\\/2026\\\/01\\\/Logo_LogInfo24.png\",\"width\":938,\"height\":351,\"caption\":\"Logismedia Group AG\"},\"image\":{\"@id\":\"https:\\\/\\\/loginfo24.com\\\/pt-pt\\\/#\\\/schema\\\/logo\\\/image\\\/\"},\"sameAs\":[\"https:\\\/\\\/www.facebook.com\\\/people\\\/Loginfo24\\\/100057360583332\\\/\",\"https:\\\/\\\/www.linkedin.com\\\/company\\\/lofinfo24\\\/\"]}]}<\/script>\n<!-- \/ Yoast SEO plugin. -->","yoast_head_json":{"title":"Rhenus constr\u00f3i terminal ferrovi\u00e1rio no porto de Weser em Bremen - Loginfo24","robots":{"index":"index","follow":"follow","max-snippet":"max-snippet:-1","max-image-preview":"max-image-preview:large","max-video-preview":"max-video-preview:-1"},"canonical":"https:\/\/loginfo24.com\/pt-pt\/2024\/01\/11\/rhenus-constroi-terminal-ferroviario-no-porto-de-weser-em-bremen\/","og_locale":"pt_PT","og_type":"article","og_title":"Rhenus constr\u00f3i terminal ferrovi\u00e1rio no porto de Weser em Bremen - Loginfo24","og_description":"H\u00e1 mais de 25 anos, a Rhenus Weserport Bremen j\u00e1 representa uma opera\u00e7\u00e3o profissional e adequada para a movimenta\u00e7\u00e3o de diversas mercadorias e mat\u00e9rias-primas. Como parte [\u2026]","og_url":"https:\/\/loginfo24.com\/pt-pt\/2024\/01\/11\/rhenus-constroi-terminal-ferroviario-no-porto-de-weser-em-bremen\/","og_site_name":"Loginfo24","article_publisher":"https:\/\/www.facebook.com\/people\/Loginfo24\/100057360583332\/","article_published_time":"2024-01-11T17:50:00+00:00","og_image":[{"width":1377,"height":791,"url":"https:\/\/loginfo24.com\/wp-content\/uploads\/sites\/7\/2025\/12\/Rhenus_11.1.24.jpg","type":"image\/jpeg"}],"twitter_card":"summary_large_image","twitter_misc":{"Tempo estimado de leitura":"3 minutos"},"schema":{"@context":"https:\/\/schema.org","@graph":[{"@type":"Article","@id":"https:\/\/loginfo24.com\/pt-pt\/2024\/01\/11\/rhenus-constroi-terminal-ferroviario-no-porto-de-weser-em-bremen\/#article","isPartOf":{"@id":"https:\/\/loginfo24.com\/pt-pt\/2024\/01\/11\/rhenus-constroi-terminal-ferroviario-no-porto-de-weser-em-bremen\/"},"author":{"name":"","@id":""},"headline":"Rhenus constr\u00f3i terminal ferrovi\u00e1rio no porto de Weser em Bremen","datePublished":"2024-01-11T17:50:00+00:00","mainEntityOfPage":{"@id":"https:\/\/loginfo24.com\/pt-pt\/2024\/01\/11\/rhenus-constroi-terminal-ferroviario-no-porto-de-weser-em-bremen\/"},"wordCount":647,"commentCount":0,"publisher":{"@id":"https:\/\/loginfo24.com\/pt-pt\/#organization"},"image":{"@id":"https:\/\/loginfo24.com\/pt-pt\/2024\/01\/11\/rhenus-constroi-terminal-ferroviario-no-porto-de-weser-em-bremen\/#primaryimage"},"thumbnailUrl":"https:\/\/loginfo24.com\/wp-content\/uploads\/sites\/7\/2025\/12\/Rhenus_11.1.24.jpg","articleSection":["Forwarding &amp; Logistics","Intralogistics","Regions","Shipping &amp; Ports"],"inLanguage":"pt-PT","potentialAction":[{"@type":"CommentAction","name":"Comment","target":["https:\/\/loginfo24.com\/pt-pt\/2024\/01\/11\/rhenus-constroi-terminal-ferroviario-no-porto-de-weser-em-bremen\/#respond"]}]},{"@type":"WebPage","@id":"https:\/\/loginfo24.com\/pt-pt\/2024\/01\/11\/rhenus-constroi-terminal-ferroviario-no-porto-de-weser-em-bremen\/","url":"https:\/\/loginfo24.com\/pt-pt\/2024\/01\/11\/rhenus-constroi-terminal-ferroviario-no-porto-de-weser-em-bremen\/","name":"Rhenus constr\u00f3i terminal ferrovi\u00e1rio no porto de Weser em Bremen - Loginfo24","isPartOf":{"@id":"https:\/\/loginfo24.com\/pt-pt\/#website"},"primaryImageOfPage":{"@id":"https:\/\/loginfo24.com\/pt-pt\/2024\/01\/11\/rhenus-constroi-terminal-ferroviario-no-porto-de-weser-em-bremen\/#primaryimage"},"image":{"@id":"https:\/\/loginfo24.com\/pt-pt\/2024\/01\/11\/rhenus-constroi-terminal-ferroviario-no-porto-de-weser-em-bremen\/#primaryimage"},"thumbnailUrl":"https:\/\/loginfo24.com\/wp-content\/uploads\/sites\/7\/2025\/12\/Rhenus_11.1.24.jpg","datePublished":"2024-01-11T17:50:00+00:00","breadcrumb":{"@id":"https:\/\/loginfo24.com\/pt-pt\/2024\/01\/11\/rhenus-constroi-terminal-ferroviario-no-porto-de-weser-em-bremen\/#breadcrumb"},"inLanguage":"pt-PT","potentialAction":[{"@type":"ReadAction","target":["https:\/\/loginfo24.com\/pt-pt\/2024\/01\/11\/rhenus-constroi-terminal-ferroviario-no-porto-de-weser-em-bremen\/"]}]},{"@type":"ImageObject","inLanguage":"pt-PT","@id":"https:\/\/loginfo24.com\/pt-pt\/2024\/01\/11\/rhenus-constroi-terminal-ferroviario-no-porto-de-weser-em-bremen\/#primaryimage","url":"https:\/\/loginfo24.com\/wp-content\/uploads\/sites\/7\/2025\/12\/Rhenus_11.1.24.jpg","contentUrl":"https:\/\/loginfo24.com\/wp-content\/uploads\/sites\/7\/2025\/12\/Rhenus_11.1.24.jpg","width":1377,"height":791},{"@type":"BreadcrumbList","@id":"https:\/\/loginfo24.com\/pt-pt\/2024\/01\/11\/rhenus-constroi-terminal-ferroviario-no-porto-de-weser-em-bremen\/#breadcrumb","itemListElement":[{"@type":"ListItem","position":1,"name":"Startseite","item":"https:\/\/loginfo24.com\/pt-pt\/"},{"@type":"ListItem","position":2,"name":"Rhenus constr\u00f3i terminal ferrovi\u00e1rio no porto de Weser em Bremen"}]},{"@type":"WebSite","@id":"https:\/\/loginfo24.com\/pt-pt\/#website","url":"https:\/\/loginfo24.com\/pt-pt\/","name":"Loginfo24","description":"Loginfo24 \u00e9 a plataforma dedicada \u00e0 log\u00edstica e \u00e0s cadeias de abastecimento, com informa\u00e7\u00f5es dispon\u00edveis 24 horas por dia.","publisher":{"@id":"https:\/\/loginfo24.com\/pt-pt\/#organization"},"potentialAction":[{"@type":"SearchAction","target":{"@type":"EntryPoint","urlTemplate":"https:\/\/loginfo24.com\/pt-pt\/?s={search_term_string}"},"query-input":{"@type":"PropertyValueSpecification","valueRequired":true,"valueName":"search_term_string"}}],"inLanguage":"pt-PT"},{"@type":"Organization","@id":"https:\/\/loginfo24.com\/pt-pt\/#organization","name":"Logismedia Group AG","url":"https:\/\/loginfo24.com\/pt-pt\/","logo":{"@type":"ImageObject","inLanguage":"pt-PT","@id":"https:\/\/loginfo24.com\/pt-pt\/#\/schema\/logo\/image\/","url":"https:\/\/loginfo24.com\/wp-content\/uploads\/sites\/7\/2026\/01\/Logo_LogInfo24.png","contentUrl":"https:\/\/loginfo24.com\/wp-content\/uploads\/sites\/7\/2026\/01\/Logo_LogInfo24.png","width":938,"height":351,"caption":"Logismedia Group AG"},"image":{"@id":"https:\/\/loginfo24.com\/pt-pt\/#\/schema\/logo\/image\/"},"sameAs":["https:\/\/www.facebook.com\/people\/Loginfo24\/100057360583332\/","https:\/\/www.linkedin.com\/company\/lofinfo24\/"]}]}},"_links":{"self":[{"href":"https:\/\/loginfo24.com\/pt-pt\/wp-json\/wp\/v2\/posts\/63772","targetHints":{"allow":["GET"]}}],"collection":[{"href":"https:\/\/loginfo24.com\/pt-pt\/wp-json\/wp\/v2\/posts"}],"about":[{"href":"https:\/\/loginfo24.com\/pt-pt\/wp-json\/wp\/v2\/types\/post"}],"replies":[{"embeddable":true,"href":"https:\/\/loginfo24.com\/pt-pt\/wp-json\/wp\/v2\/comments?post=63772"}],"version-history":[{"count":0,"href":"https:\/\/loginfo24.com\/pt-pt\/wp-json\/wp\/v2\/posts\/63772\/revisions"}],"wp:featuredmedia":[{"embeddable":true,"href":"https:\/\/loginfo24.com\/pt-pt\/wp-json\/wp\/v2\/media\/7124"}],"wp:attachment":[{"href":"https:\/\/loginfo24.com\/pt-pt\/wp-json\/wp\/v2\/media?parent=63772"}],"wp:term":[{"taxonomy":"category","embeddable":true,"href":"https:\/\/loginfo24.com\/pt-pt\/wp-json\/wp\/v2\/categories?post=63772"},{"taxonomy":"post_tag","embeddable":true,"href":"https:\/\/loginfo24.com\/pt-pt\/wp-json\/wp\/v2\/tags?post=63772"}],"curies":[{"name":"wp","href":"https:\/\/api.w.org\/{rel}","templated":true}]}}