{"id":63481,"date":"2023-11-23T18:54:30","date_gmt":"2023-11-23T17:54:30","guid":{"rendered":"https:\/\/blog.brand-architecture.at\/2023\/11\/23\/renault-trucks-inicia-producao-em-serie-de-pesados-e-trucks\/"},"modified":"2023-11-23T18:54:30","modified_gmt":"2023-11-23T17:54:30","slug":"renault-trucks-inicia-producao-em-serie-de-pesados-e-trucks","status":"publish","type":"post","link":"https:\/\/loginfo24.com\/pt-pt\/2023\/11\/23\/renault-trucks-inicia-producao-em-serie-de-pesados-e-trucks\/","title":{"rendered":"Renault Trucks inicia produ\u00e7\u00e3o em s\u00e9rie de pesados E-Trucks"},"content":{"rendered":"<h5><strong>No local de Bourg-en-Bresse (Fran\u00e7a), a produ\u00e7\u00e3o em s\u00e9rie das pesadas linhas el\u00e9tricas da Renault Trucks j\u00e1 come\u00e7ou. H\u00e1 60 anos, os caminh\u00f5es da marca s\u00e3o fabricados nesta unidade, agora tamb\u00e9m os Renault Trucks E-Tech T e C. Os pesados caminh\u00f5es s\u00e3o destinados ao transporte regional e \u00e0 constru\u00e7\u00e3o. Eles completam a oferta el\u00e9trica do fabricante franc\u00eas em 100% \u2013 com uma gama de ve\u00edculos de 2,8 t a 44 t, \u00e9 a mais extensa do mercado europeu.<\/strong><\/h5>\n<p>(Saint-Priest\/Bourg-en-Bresse) Desde 1964, os Renault Trucks s\u00e3o fabricados em Bourg-en-Bresse, e a partir de agora, os Renault Trucks E-Tech T e C tamb\u00e9m ser\u00e3o produzidos aqui. Esses caminh\u00f5es s\u00e3o destinados ao transporte regional e \u00e0 constru\u00e7\u00e3o. Com um peso bruto permitido de 44 t, eles completam a gama de modelos totalmente el\u00e9tricos do fabricante. Gra\u00e7as a essa maior gama de produtos na Europa, agora \u00e9 poss\u00edvel operar quase todas as aplica\u00e7\u00f5es urbanas e regionais de forma neutra em CO<sub>2<\/sub>.<\/p>\n<p>A Renault Trucks reformou suas instala\u00e7\u00f5es de produ\u00e7\u00e3o para fabricar esses caminh\u00f5es el\u00e9tricos de 44 t e ampliou as compet\u00eancias de seus colaboradores. O fabricante pode, assim, \u2013 aplicando os m\u00e9todos comprovados em Bourg-en-Bresse \u2013 contar com quatro anos de experi\u00eancia industrial na \u00e1rea de caminh\u00f5es el\u00e9tricos de m\u00e9dio porte (Renault Trucks E-Tech D e D Wide) em sua f\u00e1brica em Blainville-sur-Orne.<\/p>\n<p>A montagem dos modelos Renault Trucks E-Tech T e C ocorre na mesma linha de produ\u00e7\u00e3o que os modelos a diesel. No final da linha de produ\u00e7\u00e3o, os ve\u00edculos retornam a uma \u00e1rea de 5.200 m<sup>2<\/sup> \u2013 a chamada &#8220;Renault Trucks E-Tech Factory&#8221;. L\u00e1, colaboradores e t\u00e9cnicos qualificados realizam as medidas t\u00e9cnicas necess\u00e1rias para a eletrifica\u00e7\u00e3o: montagem da unidade de acionamento el\u00e9trico (<em>EDU \u2013 Electric Drive Unit<\/em>), instala\u00e7\u00e3o da transmiss\u00e3o e das baterias. Para garantir a confiabilidade e a qualidade, os caminh\u00f5es el\u00e9tricos passam novamente pelo processo de produ\u00e7\u00e3o em s\u00e9rie, incluindo testes de desempenho e testes em pista.<\/p>\n<h5><span data-color=\"#e2031c\"><strong>Descarboniza\u00e7\u00e3o de novos setores econ\u00f4micos<\/strong><\/span><\/h5>\n<p>Os Renault Trucks E-Tech T e C cobrem quase todas as aplica\u00e7\u00f5es no transporte regional e na constru\u00e7\u00e3o urbana. Isso inclui, entre outros, o transporte de mercadorias, materiais ou res\u00edduos industriais. Os ve\u00edculos podem ser equipados com tr\u00eas diferentes tipos de acionamento auxiliar (PTO) e, assim, adaptados a cada modelo de carroceria: el\u00e9trico, eletromec\u00e2nico ou na transmiss\u00e3o. Assim, surge a possibilidade de tornar novas \u00e1reas dentro das atividades urbanas e regionais neutras em CO<sub>2<\/sub>.<\/p>\n<p>Os modelos Renault Trucks E-Tech T e C \u2013 com um peso bruto permitido de at\u00e9 44 t \u2013 est\u00e3o dispon\u00edveis como caminh\u00f5es-trator 4&#215;2 e 6&#215;2 com Day Cab, Night e Day Cab e Sleeper Cab, e um entre-eixos de 3.900 mm. A configura\u00e7\u00e3o do caminh\u00e3o est\u00e1 dispon\u00edvel como 4&#215;2, 6&#215;2 e 8&#215;4 Tridem com cabine curta ou baixa, com onze diferentes entre-eixos de 3.900 a 6.700 mm.<\/p>\n<p>Os Renault Trucks E-Tech T e C podem ser equipados com dois ou tr\u00eas motores el\u00e9tricos, com uma pot\u00eancia combinada de at\u00e9 490 kW (= 660 CV).<\/p>\n<p>Os modelos Renault Trucks E-Tech T e C est\u00e3o equipados com quatro a seis pacotes de baterias de \u00edon de l\u00edtio, com uma pot\u00eancia total de 390 a 540 kWh. Assim, eles atendem \u00e0s exig\u00eancias dos clientes em termos de autonomia e uso. O carregamento das baterias \u00e9 feito com corrente alternada (AC) de at\u00e9 43 kW ou com corrente cont\u00ednua (DC) de at\u00e9 250 kW. Os caminh\u00f5es t\u00eam uma autonomia de at\u00e9 300 km com uma carga completa e, com uma carga r\u00e1pida de uma hora (250 kW), podem percorrer at\u00e9 500 km (com um ve\u00edculo com 6 pacotes de baterias).<\/p>\n<h5>As c\u00e9lulas da bateria s\u00e3o fabricadas na B\u00e9lgica<\/h5>\n<p>As c\u00e9lulas e m\u00f3dulos da bateria s\u00e3o fornecidos pela Samsung SDI e s\u00e3o fabricados em Ghent (B\u00e9lgica) em uma f\u00e1brica do grupo Volvo \u2013 ao qual a Renault Trucks pertence.<\/p>\n<p>Foto: \u00a9 Renault Trucks<\/p>\n","protected":false},"excerpt":{"rendered":"<p>No local de Bourg-en-Bresse (Fran\u00e7a), a produ\u00e7\u00e3o em s\u00e9rie das pesadas linhas el\u00e9tricas da Renault Trucks j\u00e1 come\u00e7ou. H\u00e1 60 anos, os caminh\u00f5es da marca s\u00e3o<span class=\"excerpt-hellip\"> [\u2026]<\/span><\/p>\n","protected":false},"author":0,"featured_media":7241,"comment_status":"open","ping_status":"open","sticky":false,"template":"","format":"standard","meta":{"_acf_changed":false,"footnotes":""},"categories":[1665,1557,1561],"tags":[],"class_list":["post-63481","post","type-post","status-publish","format-standard","has-post-thumbnail","hentry","category-categories","category-forwarding-logistics","category-regions"],"acf":[],"yoast_head":"<!-- This site is optimized with the Yoast SEO plugin v27.3 - https:\/\/yoast.com\/product\/yoast-seo-wordpress\/ -->\n<title>Renault Trucks inicia produ\u00e7\u00e3o em s\u00e9rie de pesados E-Trucks - Loginfo24<\/title>\n<meta name=\"robots\" content=\"index, follow, max-snippet:-1, max-image-preview:large, max-video-preview:-1\" \/>\n<link rel=\"canonical\" href=\"https:\/\/loginfo24.com\/pt-pt\/2023\/11\/23\/renault-trucks-inicia-producao-em-serie-de-pesados-e-trucks\/\" \/>\n<meta property=\"og:locale\" content=\"pt_PT\" \/>\n<meta property=\"og:type\" content=\"article\" \/>\n<meta property=\"og:title\" content=\"Renault Trucks inicia produ\u00e7\u00e3o em s\u00e9rie de pesados E-Trucks - Loginfo24\" \/>\n<meta property=\"og:description\" content=\"No local de Bourg-en-Bresse (Fran\u00e7a), a produ\u00e7\u00e3o em s\u00e9rie das pesadas linhas el\u00e9tricas da Renault Trucks j\u00e1 come\u00e7ou. H\u00e1 60 anos, os caminh\u00f5es da marca s\u00e3o [\u2026]\" \/>\n<meta property=\"og:url\" content=\"https:\/\/loginfo24.com\/pt-pt\/2023\/11\/23\/renault-trucks-inicia-producao-em-serie-de-pesados-e-trucks\/\" \/>\n<meta property=\"og:site_name\" content=\"Loginfo24\" \/>\n<meta property=\"article:publisher\" content=\"https:\/\/www.facebook.com\/people\/Loginfo24\/100057360583332\/\" \/>\n<meta property=\"article:published_time\" content=\"2023-11-23T17:54:30+00:00\" \/>\n<meta property=\"og:image\" content=\"https:\/\/loginfo24.com\/wp-content\/uploads\/sites\/7\/2025\/12\/Renault_Trucks_23.11.23.jpg\" \/>\n\t<meta property=\"og:image:width\" content=\"1213\" \/>\n\t<meta property=\"og:image:height\" content=\"704\" \/>\n\t<meta property=\"og:image:type\" content=\"image\/jpeg\" \/>\n<meta name=\"twitter:card\" content=\"summary_large_image\" \/>\n<meta name=\"twitter:label1\" content=\"Tempo estimado de leitura\" \/>\n\t<meta name=\"twitter:data1\" content=\"3 minutos\" \/>\n<script type=\"application\/ld+json\" class=\"yoast-schema-graph\">{\"@context\":\"https:\\\/\\\/schema.org\",\"@graph\":[{\"@type\":\"Article\",\"@id\":\"https:\\\/\\\/loginfo24.com\\\/pt-pt\\\/2023\\\/11\\\/23\\\/renault-trucks-inicia-producao-em-serie-de-pesados-e-trucks\\\/#article\",\"isPartOf\":{\"@id\":\"https:\\\/\\\/loginfo24.com\\\/pt-pt\\\/2023\\\/11\\\/23\\\/renault-trucks-inicia-producao-em-serie-de-pesados-e-trucks\\\/\"},\"author\":{\"name\":\"\",\"@id\":\"\"},\"headline\":\"Renault Trucks inicia produ\u00e7\u00e3o em s\u00e9rie de pesados E-Trucks\",\"datePublished\":\"2023-11-23T17:54:30+00:00\",\"mainEntityOfPage\":{\"@id\":\"https:\\\/\\\/loginfo24.com\\\/pt-pt\\\/2023\\\/11\\\/23\\\/renault-trucks-inicia-producao-em-serie-de-pesados-e-trucks\\\/\"},\"wordCount\":698,\"commentCount\":0,\"publisher\":{\"@id\":\"https:\\\/\\\/loginfo24.com\\\/pt-pt\\\/#organization\"},\"image\":{\"@id\":\"https:\\\/\\\/loginfo24.com\\\/pt-pt\\\/2023\\\/11\\\/23\\\/renault-trucks-inicia-producao-em-serie-de-pesados-e-trucks\\\/#primaryimage\"},\"thumbnailUrl\":\"https:\\\/\\\/loginfo24.com\\\/wp-content\\\/uploads\\\/sites\\\/7\\\/2025\\\/12\\\/Renault_Trucks_23.11.23.jpg\",\"articleSection\":[\"Categories\",\"Forwarding &amp; Logistics\",\"Regions\"],\"inLanguage\":\"pt-PT\",\"potentialAction\":[{\"@type\":\"CommentAction\",\"name\":\"Comment\",\"target\":[\"https:\\\/\\\/loginfo24.com\\\/pt-pt\\\/2023\\\/11\\\/23\\\/renault-trucks-inicia-producao-em-serie-de-pesados-e-trucks\\\/#respond\"]}]},{\"@type\":\"WebPage\",\"@id\":\"https:\\\/\\\/loginfo24.com\\\/pt-pt\\\/2023\\\/11\\\/23\\\/renault-trucks-inicia-producao-em-serie-de-pesados-e-trucks\\\/\",\"url\":\"https:\\\/\\\/loginfo24.com\\\/pt-pt\\\/2023\\\/11\\\/23\\\/renault-trucks-inicia-producao-em-serie-de-pesados-e-trucks\\\/\",\"name\":\"Renault Trucks inicia produ\u00e7\u00e3o em s\u00e9rie de pesados E-Trucks - Loginfo24\",\"isPartOf\":{\"@id\":\"https:\\\/\\\/loginfo24.com\\\/pt-pt\\\/#website\"},\"primaryImageOfPage\":{\"@id\":\"https:\\\/\\\/loginfo24.com\\\/pt-pt\\\/2023\\\/11\\\/23\\\/renault-trucks-inicia-producao-em-serie-de-pesados-e-trucks\\\/#primaryimage\"},\"image\":{\"@id\":\"https:\\\/\\\/loginfo24.com\\\/pt-pt\\\/2023\\\/11\\\/23\\\/renault-trucks-inicia-producao-em-serie-de-pesados-e-trucks\\\/#primaryimage\"},\"thumbnailUrl\":\"https:\\\/\\\/loginfo24.com\\\/wp-content\\\/uploads\\\/sites\\\/7\\\/2025\\\/12\\\/Renault_Trucks_23.11.23.jpg\",\"datePublished\":\"2023-11-23T17:54:30+00:00\",\"breadcrumb\":{\"@id\":\"https:\\\/\\\/loginfo24.com\\\/pt-pt\\\/2023\\\/11\\\/23\\\/renault-trucks-inicia-producao-em-serie-de-pesados-e-trucks\\\/#breadcrumb\"},\"inLanguage\":\"pt-PT\",\"potentialAction\":[{\"@type\":\"ReadAction\",\"target\":[\"https:\\\/\\\/loginfo24.com\\\/pt-pt\\\/2023\\\/11\\\/23\\\/renault-trucks-inicia-producao-em-serie-de-pesados-e-trucks\\\/\"]}]},{\"@type\":\"ImageObject\",\"inLanguage\":\"pt-PT\",\"@id\":\"https:\\\/\\\/loginfo24.com\\\/pt-pt\\\/2023\\\/11\\\/23\\\/renault-trucks-inicia-producao-em-serie-de-pesados-e-trucks\\\/#primaryimage\",\"url\":\"https:\\\/\\\/loginfo24.com\\\/wp-content\\\/uploads\\\/sites\\\/7\\\/2025\\\/12\\\/Renault_Trucks_23.11.23.jpg\",\"contentUrl\":\"https:\\\/\\\/loginfo24.com\\\/wp-content\\\/uploads\\\/sites\\\/7\\\/2025\\\/12\\\/Renault_Trucks_23.11.23.jpg\",\"width\":1213,\"height\":704},{\"@type\":\"BreadcrumbList\",\"@id\":\"https:\\\/\\\/loginfo24.com\\\/pt-pt\\\/2023\\\/11\\\/23\\\/renault-trucks-inicia-producao-em-serie-de-pesados-e-trucks\\\/#breadcrumb\",\"itemListElement\":[{\"@type\":\"ListItem\",\"position\":1,\"name\":\"Startseite\",\"item\":\"https:\\\/\\\/loginfo24.com\\\/pt-pt\\\/\"},{\"@type\":\"ListItem\",\"position\":2,\"name\":\"Renault Trucks inicia produ\u00e7\u00e3o em s\u00e9rie de pesados E-Trucks\"}]},{\"@type\":\"WebSite\",\"@id\":\"https:\\\/\\\/loginfo24.com\\\/pt-pt\\\/#website\",\"url\":\"https:\\\/\\\/loginfo24.com\\\/pt-pt\\\/\",\"name\":\"Loginfo24\",\"description\":\"Loginfo24 \u00e9 a plataforma dedicada \u00e0 log\u00edstica e \u00e0s cadeias de abastecimento, com informa\u00e7\u00f5es dispon\u00edveis 24 horas por dia.\",\"publisher\":{\"@id\":\"https:\\\/\\\/loginfo24.com\\\/pt-pt\\\/#organization\"},\"potentialAction\":[{\"@type\":\"SearchAction\",\"target\":{\"@type\":\"EntryPoint\",\"urlTemplate\":\"https:\\\/\\\/loginfo24.com\\\/pt-pt\\\/?s={search_term_string}\"},\"query-input\":{\"@type\":\"PropertyValueSpecification\",\"valueRequired\":true,\"valueName\":\"search_term_string\"}}],\"inLanguage\":\"pt-PT\"},{\"@type\":\"Organization\",\"@id\":\"https:\\\/\\\/loginfo24.com\\\/pt-pt\\\/#organization\",\"name\":\"Logismedia Group AG\",\"url\":\"https:\\\/\\\/loginfo24.com\\\/pt-pt\\\/\",\"logo\":{\"@type\":\"ImageObject\",\"inLanguage\":\"pt-PT\",\"@id\":\"https:\\\/\\\/loginfo24.com\\\/pt-pt\\\/#\\\/schema\\\/logo\\\/image\\\/\",\"url\":\"https:\\\/\\\/loginfo24.com\\\/wp-content\\\/uploads\\\/sites\\\/7\\\/2026\\\/01\\\/Logo_LogInfo24.png\",\"contentUrl\":\"https:\\\/\\\/loginfo24.com\\\/wp-content\\\/uploads\\\/sites\\\/7\\\/2026\\\/01\\\/Logo_LogInfo24.png\",\"width\":938,\"height\":351,\"caption\":\"Logismedia Group AG\"},\"image\":{\"@id\":\"https:\\\/\\\/loginfo24.com\\\/pt-pt\\\/#\\\/schema\\\/logo\\\/image\\\/\"},\"sameAs\":[\"https:\\\/\\\/www.facebook.com\\\/people\\\/Loginfo24\\\/100057360583332\\\/\",\"https:\\\/\\\/www.linkedin.com\\\/company\\\/lofinfo24\\\/\"]}]}<\/script>\n<!-- \/ Yoast SEO plugin. -->","yoast_head_json":{"title":"Renault Trucks inicia produ\u00e7\u00e3o em s\u00e9rie de pesados E-Trucks - Loginfo24","robots":{"index":"index","follow":"follow","max-snippet":"max-snippet:-1","max-image-preview":"max-image-preview:large","max-video-preview":"max-video-preview:-1"},"canonical":"https:\/\/loginfo24.com\/pt-pt\/2023\/11\/23\/renault-trucks-inicia-producao-em-serie-de-pesados-e-trucks\/","og_locale":"pt_PT","og_type":"article","og_title":"Renault Trucks inicia produ\u00e7\u00e3o em s\u00e9rie de pesados E-Trucks - Loginfo24","og_description":"No local de Bourg-en-Bresse (Fran\u00e7a), a produ\u00e7\u00e3o em s\u00e9rie das pesadas linhas el\u00e9tricas da Renault Trucks j\u00e1 come\u00e7ou. H\u00e1 60 anos, os caminh\u00f5es da marca s\u00e3o [\u2026]","og_url":"https:\/\/loginfo24.com\/pt-pt\/2023\/11\/23\/renault-trucks-inicia-producao-em-serie-de-pesados-e-trucks\/","og_site_name":"Loginfo24","article_publisher":"https:\/\/www.facebook.com\/people\/Loginfo24\/100057360583332\/","article_published_time":"2023-11-23T17:54:30+00:00","og_image":[{"width":1213,"height":704,"url":"https:\/\/loginfo24.com\/wp-content\/uploads\/sites\/7\/2025\/12\/Renault_Trucks_23.11.23.jpg","type":"image\/jpeg"}],"twitter_card":"summary_large_image","twitter_misc":{"Tempo estimado de leitura":"3 minutos"},"schema":{"@context":"https:\/\/schema.org","@graph":[{"@type":"Article","@id":"https:\/\/loginfo24.com\/pt-pt\/2023\/11\/23\/renault-trucks-inicia-producao-em-serie-de-pesados-e-trucks\/#article","isPartOf":{"@id":"https:\/\/loginfo24.com\/pt-pt\/2023\/11\/23\/renault-trucks-inicia-producao-em-serie-de-pesados-e-trucks\/"},"author":{"name":"","@id":""},"headline":"Renault Trucks inicia produ\u00e7\u00e3o em s\u00e9rie de pesados E-Trucks","datePublished":"2023-11-23T17:54:30+00:00","mainEntityOfPage":{"@id":"https:\/\/loginfo24.com\/pt-pt\/2023\/11\/23\/renault-trucks-inicia-producao-em-serie-de-pesados-e-trucks\/"},"wordCount":698,"commentCount":0,"publisher":{"@id":"https:\/\/loginfo24.com\/pt-pt\/#organization"},"image":{"@id":"https:\/\/loginfo24.com\/pt-pt\/2023\/11\/23\/renault-trucks-inicia-producao-em-serie-de-pesados-e-trucks\/#primaryimage"},"thumbnailUrl":"https:\/\/loginfo24.com\/wp-content\/uploads\/sites\/7\/2025\/12\/Renault_Trucks_23.11.23.jpg","articleSection":["Categories","Forwarding &amp; Logistics","Regions"],"inLanguage":"pt-PT","potentialAction":[{"@type":"CommentAction","name":"Comment","target":["https:\/\/loginfo24.com\/pt-pt\/2023\/11\/23\/renault-trucks-inicia-producao-em-serie-de-pesados-e-trucks\/#respond"]}]},{"@type":"WebPage","@id":"https:\/\/loginfo24.com\/pt-pt\/2023\/11\/23\/renault-trucks-inicia-producao-em-serie-de-pesados-e-trucks\/","url":"https:\/\/loginfo24.com\/pt-pt\/2023\/11\/23\/renault-trucks-inicia-producao-em-serie-de-pesados-e-trucks\/","name":"Renault Trucks inicia produ\u00e7\u00e3o em s\u00e9rie de pesados E-Trucks - Loginfo24","isPartOf":{"@id":"https:\/\/loginfo24.com\/pt-pt\/#website"},"primaryImageOfPage":{"@id":"https:\/\/loginfo24.com\/pt-pt\/2023\/11\/23\/renault-trucks-inicia-producao-em-serie-de-pesados-e-trucks\/#primaryimage"},"image":{"@id":"https:\/\/loginfo24.com\/pt-pt\/2023\/11\/23\/renault-trucks-inicia-producao-em-serie-de-pesados-e-trucks\/#primaryimage"},"thumbnailUrl":"https:\/\/loginfo24.com\/wp-content\/uploads\/sites\/7\/2025\/12\/Renault_Trucks_23.11.23.jpg","datePublished":"2023-11-23T17:54:30+00:00","breadcrumb":{"@id":"https:\/\/loginfo24.com\/pt-pt\/2023\/11\/23\/renault-trucks-inicia-producao-em-serie-de-pesados-e-trucks\/#breadcrumb"},"inLanguage":"pt-PT","potentialAction":[{"@type":"ReadAction","target":["https:\/\/loginfo24.com\/pt-pt\/2023\/11\/23\/renault-trucks-inicia-producao-em-serie-de-pesados-e-trucks\/"]}]},{"@type":"ImageObject","inLanguage":"pt-PT","@id":"https:\/\/loginfo24.com\/pt-pt\/2023\/11\/23\/renault-trucks-inicia-producao-em-serie-de-pesados-e-trucks\/#primaryimage","url":"https:\/\/loginfo24.com\/wp-content\/uploads\/sites\/7\/2025\/12\/Renault_Trucks_23.11.23.jpg","contentUrl":"https:\/\/loginfo24.com\/wp-content\/uploads\/sites\/7\/2025\/12\/Renault_Trucks_23.11.23.jpg","width":1213,"height":704},{"@type":"BreadcrumbList","@id":"https:\/\/loginfo24.com\/pt-pt\/2023\/11\/23\/renault-trucks-inicia-producao-em-serie-de-pesados-e-trucks\/#breadcrumb","itemListElement":[{"@type":"ListItem","position":1,"name":"Startseite","item":"https:\/\/loginfo24.com\/pt-pt\/"},{"@type":"ListItem","position":2,"name":"Renault Trucks inicia produ\u00e7\u00e3o em s\u00e9rie de pesados E-Trucks"}]},{"@type":"WebSite","@id":"https:\/\/loginfo24.com\/pt-pt\/#website","url":"https:\/\/loginfo24.com\/pt-pt\/","name":"Loginfo24","description":"Loginfo24 \u00e9 a plataforma dedicada \u00e0 log\u00edstica e \u00e0s cadeias de abastecimento, com informa\u00e7\u00f5es dispon\u00edveis 24 horas por dia.","publisher":{"@id":"https:\/\/loginfo24.com\/pt-pt\/#organization"},"potentialAction":[{"@type":"SearchAction","target":{"@type":"EntryPoint","urlTemplate":"https:\/\/loginfo24.com\/pt-pt\/?s={search_term_string}"},"query-input":{"@type":"PropertyValueSpecification","valueRequired":true,"valueName":"search_term_string"}}],"inLanguage":"pt-PT"},{"@type":"Organization","@id":"https:\/\/loginfo24.com\/pt-pt\/#organization","name":"Logismedia Group AG","url":"https:\/\/loginfo24.com\/pt-pt\/","logo":{"@type":"ImageObject","inLanguage":"pt-PT","@id":"https:\/\/loginfo24.com\/pt-pt\/#\/schema\/logo\/image\/","url":"https:\/\/loginfo24.com\/wp-content\/uploads\/sites\/7\/2026\/01\/Logo_LogInfo24.png","contentUrl":"https:\/\/loginfo24.com\/wp-content\/uploads\/sites\/7\/2026\/01\/Logo_LogInfo24.png","width":938,"height":351,"caption":"Logismedia Group AG"},"image":{"@id":"https:\/\/loginfo24.com\/pt-pt\/#\/schema\/logo\/image\/"},"sameAs":["https:\/\/www.facebook.com\/people\/Loginfo24\/100057360583332\/","https:\/\/www.linkedin.com\/company\/lofinfo24\/"]}]}},"_links":{"self":[{"href":"https:\/\/loginfo24.com\/pt-pt\/wp-json\/wp\/v2\/posts\/63481","targetHints":{"allow":["GET"]}}],"collection":[{"href":"https:\/\/loginfo24.com\/pt-pt\/wp-json\/wp\/v2\/posts"}],"about":[{"href":"https:\/\/loginfo24.com\/pt-pt\/wp-json\/wp\/v2\/types\/post"}],"replies":[{"embeddable":true,"href":"https:\/\/loginfo24.com\/pt-pt\/wp-json\/wp\/v2\/comments?post=63481"}],"version-history":[{"count":0,"href":"https:\/\/loginfo24.com\/pt-pt\/wp-json\/wp\/v2\/posts\/63481\/revisions"}],"wp:featuredmedia":[{"embeddable":true,"href":"https:\/\/loginfo24.com\/pt-pt\/wp-json\/wp\/v2\/media\/7241"}],"wp:attachment":[{"href":"https:\/\/loginfo24.com\/pt-pt\/wp-json\/wp\/v2\/media?parent=63481"}],"wp:term":[{"taxonomy":"category","embeddable":true,"href":"https:\/\/loginfo24.com\/pt-pt\/wp-json\/wp\/v2\/categories?post=63481"},{"taxonomy":"post_tag","embeddable":true,"href":"https:\/\/loginfo24.com\/pt-pt\/wp-json\/wp\/v2\/tags?post=63481"}],"curies":[{"name":"wp","href":"https:\/\/api.w.org\/{rel}","templated":true}]}}