{"id":63182,"date":"2023-10-26T20:29:47","date_gmt":"2023-10-26T18:29:47","guid":{"rendered":"https:\/\/blog.brand-architecture.at\/2023\/10\/26\/gian-carlo-alessi-preside-o-cluster-logistico-da-regiao-de-basileia-a-partir-de-2024\/"},"modified":"2023-10-26T20:29:47","modified_gmt":"2023-10-26T18:29:47","slug":"gian-carlo-alessi-preside-o-cluster-logistico-da-regiao-de-basileia-a-partir-de-2024","status":"publish","type":"post","link":"https:\/\/loginfo24.com\/pt-pt\/2023\/10\/26\/gian-carlo-alessi-preside-o-cluster-logistico-da-regiao-de-basileia-a-partir-de-2024\/","title":{"rendered":"Gian Carlo Alessi preside o cluster log\u00edstico da regi\u00e3o de Basileia a partir de 2024"},"content":{"rendered":"<h5><strong>A ind\u00fastria log\u00edstica regional reuniu-se para o f\u00f3rum anual do cluster log\u00edstico da regi\u00e3o de Basileia da c\u00e2mara de com\u00e9rcio de ambas as Basileias. Cerca de 150 profissionais de log\u00edstica de empresas, associa\u00e7\u00f5es, pol\u00edtica e autoridades trocaram ideias sobre sustentabilidade na log\u00edstica. Gian Carlo Alessi liderar\u00e1 a associa\u00e7\u00e3o a partir de 2024. Pela primeira vez, foi atribu\u00eddo um pr\u00eamio do p\u00fablico para a sustentabilidade para projetos da regi\u00e3o de Basileia. O vencedor foi a Felix Transport AG de Arlesheim.<\/strong><\/h5>\n<p>(Basileia\/M\u00fcnchenstein) \u00abLog\u00edstica em mudan\u00e7a \u2013 Sustentabilidade na pr\u00e1tica\u00bb \u2013 sob este lema decorreu o f\u00f3rum do cluster log\u00edstico deste ano. Cerca de 150 profissionais de log\u00edstica de empresas, associa\u00e7\u00f5es, pol\u00edtica e autoridades trocaram ideias sobre log\u00edstica verde na noite passada. \u00abA sustentabilidade e a descarboniza\u00e7\u00e3o desempenhar\u00e3o um papel cada vez maior no futuro. Precisamos, hoje, estabelecer juntos novas solu\u00e7\u00f5es para um futuro sustent\u00e1vel da ind\u00fastria log\u00edstica\u00bb, enfatizou Martin D\u00e4twyler, diretor da c\u00e2mara de com\u00e9rcio de ambas as Basileias, no in\u00edcio. Que a sustentabilidade j\u00e1 n\u00e3o \u00e9 uma palavra de ordem, mas sim uma constante na economia di\u00e1ria, foi ilustrado por ideias inovadoras e exemplos de boas pr\u00e1ticas comprovadas.<\/p>\n<p>J\u00fcrg Meier, Vice-Presidente S\u00eanior e Chefe Global de Qualidade e Sustentabilidade da K\u00fchne+Nagel Management AG, deu em sua palestra uma vis\u00e3o impressionante das atividades do l\u00edder do setor para reduzir suas emiss\u00f5es de CO<sub>2<\/sub>: \u00abComo pioneiros do setor, estabelecemos dois objetivos importantes para um futuro sem carbono: a compensa\u00e7\u00e3o das emiss\u00f5es diretas e inevit\u00e1veis de CO<sub>2<\/sub> a partir de 2020 e a melhoria da pegada de CO<sub>2<\/sub> nos transportes de nossos clientes e fornecedores\u00bb.<\/p>\n<div id=\"attachment_24520\" style=\"width: 1324px\" class=\"wp-caption alignnone\"><img loading=\"lazy\" decoding=\"async\" aria-describedby=\"caption-attachment-24520\" class=\"wp-image-24520 size-full\" src=\"https:\/\/loginfo24.com\/wp-content\/uploads\/sites\/7\/2025\/12\/LogistikCluster_26.10.23.jpg\" alt=\"\" width=\"1314\" height=\"894\" \/><p id=\"caption-attachment-24520\" class=\"wp-caption-text\">Kaspar Sutter, membro do governo de Basileia-Cidade e chefe do departamento de Economia, Social e Ambiente (WSU), dirige palavras de sauda\u00e7\u00e3o aos participantes<\/p><\/div>\n<h5><strong>10 projetos de sustentabilidade foram apresentados<\/strong><\/h5>\n<p>\u00abA ind\u00fastria de transporte e log\u00edstica regional j\u00e1 est\u00e1 investindo intensamente em projetos para alcan\u00e7ar objetivos de sustentabilidade. No entanto, essas medidas ainda recebem pouca aten\u00e7\u00e3o fora do c\u00edrculo direto de clientes\u00bb, enfatizou Gian Alessi, diretor-geral da Lamprecht Pharma Logistics AG e presidente designado do cluster log\u00edstico da regi\u00e3o de Basileia. O cluster log\u00edstico quer mudar isso e convidou os principais atores do setor a apresentarem seus projetos para alcan\u00e7ar objetivos de sustentabilidade no f\u00f3rum.<\/p>\n<p>Dez empresas atenderam ao chamado. Todas aproveitaram a oportunidade para apresentar seus projetos, trocar experi\u00eancias e iniciar novas colabora\u00e7\u00f5es. Os exemplos apresentados cobrem todas as tr\u00eas dimens\u00f5es \u2013 ecol\u00f3gica, econ\u00f4mica e social \u2013 da sustentabilidade. \u00abA ind\u00fastria de log\u00edstica e transporte assume sua responsabilidade como um setor l\u00edder em nossa localiza\u00e7\u00e3o econ\u00f4mica e contribui significativamente para alcan\u00e7ar os Objetivos de Desenvolvimento Sustent\u00e1vel (ODS). Tornamos esse compromisso vis\u00edvel\u00bb, expressou Deborah Strub, presidente do comit\u00ea executivo do cluster log\u00edstico, impressionada.<\/p>\n<h5><strong>Felix Transport ganha pr\u00eamio do p\u00fablico<\/strong><\/h5>\n<p>Entre os exemplos apresentados, o cluster log\u00edstico atribuiu pela primeira vez um pr\u00eamio do p\u00fablico. Os esfor\u00e7os da Felix Transport AG para promover mais sustentabilidade na ind\u00fastria log\u00edstica convenceram o p\u00fablico. O projeto centra-se em investimentos em uma instala\u00e7\u00e3o solar, que produz 60% da necessidade de eletricidade, bem como investimentos em um caminh\u00e3o el\u00e9trico e caminh\u00e3o a g\u00e1s natural.<\/p>\n<p>As emo\u00e7\u00f5es e a alegria da Felix Transport AG eram palp\u00e1veis no palco. Fabian Felix, diretor-geral da Felix Transport AG: \u00abEstamos orgulhosos de ser os vencedores do primeiro pr\u00eamio do p\u00fablico do cluster log\u00edstico da regi\u00e3o de Basileia. \u00c9 uma boa sensa\u00e7\u00e3o saber que podemos produzir mais da metade da eletricidade necess\u00e1ria em nossa \u00e1rea em Arlesheim e, com nosso caminh\u00e3o el\u00e9trico e os dois caminh\u00f5es a g\u00e1s natural, contribuir para que nossa regi\u00e3o continue habit\u00e1vel para as pr\u00f3ximas gera\u00e7\u00f5es\u00bb.<\/p>\n<h5><strong>Hidrog\u00eanio verde: fonte de energia do futuro<\/strong><\/h5>\n<p>O hidrog\u00eanio verde est\u00e1 assumindo uma import\u00e2ncia crescente na descarboniza\u00e7\u00e3o. Uma mesa redonda de alto n\u00edvel analisou o papel dessa nova fonte de energia para a log\u00edstica. Pois n\u00e3o apenas na aplica\u00e7\u00e3o, mas tamb\u00e9m na log\u00edstica surgem desafios e oportunidades.<\/p>\n<div id=\"attachment_24521\" style=\"width: 1405px\" class=\"wp-caption alignnone\"><img loading=\"lazy\" decoding=\"async\" aria-describedby=\"caption-attachment-24521\" class=\"wp-image-24521 size-full\" src=\"https:\/\/loginfo24.com\/wp-content\/uploads\/sites\/7\/2025\/12\/LogistikCluster_26.10.23.jpg_4.jpg\" alt=\"\" width=\"1395\" height=\"839\" \/><p id=\"caption-attachment-24521\" class=\"wp-caption-text\">Discutindo sobre a import\u00e2ncia do hidrog\u00eanio (da esquerda para a direita) Urs Zimmerli, CEO da GETEC Plataforma Su\u00ed\u00e7a, Florian R\u00f6thlingsh\u00f6fer, diretor dos Portos Su\u00ed\u00e7os, e Lukas Curschellas, COO da Rhenus Port Logistics AG<\/p><\/div>\n<p>Para Urs Zimmerli, CEO da GETEC Plataforma Su\u00ed\u00e7a, estava claro: \u00abA regi\u00e3o est\u00e1 predestinada a se tornar o centro su\u00ed\u00e7o para hidrog\u00eanio verde. Por isso, fundamos na regi\u00e3o de Basileia, com parceiros, o H<sub>2<\/sub>-Hub Su\u00ed\u00e7a. Este \u00f3rg\u00e3o deve promover a produ\u00e7\u00e3o e aplica\u00e7\u00e3o de hidrog\u00eanio verde na regi\u00e3o\u00bb. Sobre a log\u00edstica do hidrog\u00eanio, Lukas Curschellas, COO da Rhenus Port Logistics AG, comentou: \u00abO hidrog\u00eanio produzido mundialmente \u00e9 transportado e armazenado em produtos l\u00edquidos como metanol verde. Para esses transportes, a navega\u00e7\u00e3o interior \u00e9 ideal\u00bb. Florian R\u00f6thlingsh\u00f6fer, diretor dos Portos Su\u00ed\u00e7os, apoiou totalmente isso e enfatizou: \u00abA ind\u00fastria portu\u00e1ria tem os especialistas para assumir a log\u00edstica de energia, ou seja, o manuseio, armazenamento e redistribui\u00e7\u00e3o de hidrog\u00eanio verde e seus derivados l\u00edquidos\u00bb. <\/p>\n<h5>A regi\u00e3o de Basileia deve estruturar corretamente as infraestruturas log\u00edsticas<\/h5>\n<p>Martin D\u00e4twyler resumiu: \u00abA regi\u00e3o de Basileia deve estruturar corretamente suas infraestruturas log\u00edsticas hoje, para que no futuro pr\u00f3ximo possa surgir um ecossistema de hidrog\u00eanio funcional e nossa regi\u00e3o n\u00e3o seja apenas o H<sub>2<\/sub>-Hub da Su\u00ed\u00e7a, mas tamb\u00e9m um pioneiro em termos de sustentabilidade\u00bb. <\/p>\n<p>Fotos: \u00a9 Robert Altermatt \/ <em><strong>Legenda da imagem<\/strong> (da esquerda para a direita) Fabian Felix (centro), CEO da Felix Transport AG, celebra junto com Gian Carlo Alessi (esquerda) e Martin D\u00e4twyler (direita) o pr\u00eamio de sustentabilidade ganho<\/em><\/p>\n","protected":false},"excerpt":{"rendered":"<p>A ind\u00fastria log\u00edstica regional reuniu-se para o f\u00f3rum anual do cluster log\u00edstico da regi\u00e3o de Basileia da c\u00e2mara de com\u00e9rcio de ambas as Basileias. Cerca de<span class=\"excerpt-hellip\"> [\u2026]<\/span><\/p>\n","protected":false},"author":0,"featured_media":7381,"comment_status":"open","ping_status":"open","sticky":false,"template":"","format":"standard","meta":{"_acf_changed":false,"footnotes":""},"categories":[1665,1557,1561],"tags":[],"class_list":["post-63182","post","type-post","status-publish","format-standard","has-post-thumbnail","hentry","category-categories","category-forwarding-logistics","category-regions"],"acf":[],"yoast_head":"<!-- This site is optimized with the Yoast SEO plugin v27.3 - https:\/\/yoast.com\/product\/yoast-seo-wordpress\/ -->\n<title>Gian Carlo Alessi preside o cluster log\u00edstico da regi\u00e3o de Basileia a partir de 2024 - Loginfo24<\/title>\n<meta name=\"robots\" content=\"index, follow, max-snippet:-1, max-image-preview:large, max-video-preview:-1\" \/>\n<link rel=\"canonical\" href=\"https:\/\/loginfo24.com\/pt-pt\/2023\/10\/26\/gian-carlo-alessi-preside-o-cluster-logistico-da-regiao-de-basileia-a-partir-de-2024\/\" \/>\n<meta property=\"og:locale\" content=\"pt_PT\" \/>\n<meta property=\"og:type\" content=\"article\" \/>\n<meta property=\"og:title\" content=\"Gian Carlo Alessi preside o cluster log\u00edstico da regi\u00e3o de Basileia a partir de 2024 - Loginfo24\" \/>\n<meta property=\"og:description\" content=\"A ind\u00fastria log\u00edstica regional reuniu-se para o f\u00f3rum anual do cluster log\u00edstico da regi\u00e3o de Basileia da c\u00e2mara de com\u00e9rcio de ambas as Basileias. Cerca de [\u2026]\" \/>\n<meta property=\"og:url\" content=\"https:\/\/loginfo24.com\/pt-pt\/2023\/10\/26\/gian-carlo-alessi-preside-o-cluster-logistico-da-regiao-de-basileia-a-partir-de-2024\/\" \/>\n<meta property=\"og:site_name\" content=\"Loginfo24\" \/>\n<meta property=\"article:publisher\" content=\"https:\/\/www.facebook.com\/people\/Loginfo24\/100057360583332\/\" \/>\n<meta property=\"article:published_time\" content=\"2023-10-26T18:29:47+00:00\" \/>\n<meta property=\"og:image\" content=\"https:\/\/loginfo24.com\/wp-content\/uploads\/sites\/7\/2025\/12\/LogistikCluster_26.10.23_1.jpg\" \/>\n\t<meta property=\"og:image:width\" content=\"1467\" \/>\n\t<meta property=\"og:image:height\" content=\"974\" \/>\n\t<meta property=\"og:image:type\" content=\"image\/jpeg\" \/>\n<meta name=\"twitter:card\" content=\"summary_large_image\" \/>\n<meta name=\"twitter:label1\" content=\"Tempo estimado de leitura\" \/>\n\t<meta name=\"twitter:data1\" content=\"5 minutos\" \/>\n<script type=\"application\/ld+json\" class=\"yoast-schema-graph\">{\"@context\":\"https:\\\/\\\/schema.org\",\"@graph\":[{\"@type\":\"Article\",\"@id\":\"https:\\\/\\\/loginfo24.com\\\/pt-pt\\\/2023\\\/10\\\/26\\\/gian-carlo-alessi-preside-o-cluster-logistico-da-regiao-de-basileia-a-partir-de-2024\\\/#article\",\"isPartOf\":{\"@id\":\"https:\\\/\\\/loginfo24.com\\\/pt-pt\\\/2023\\\/10\\\/26\\\/gian-carlo-alessi-preside-o-cluster-logistico-da-regiao-de-basileia-a-partir-de-2024\\\/\"},\"author\":{\"name\":\"\",\"@id\":\"\"},\"headline\":\"Gian Carlo Alessi preside o cluster log\u00edstico da regi\u00e3o de Basileia a partir de 2024\",\"datePublished\":\"2023-10-26T18:29:47+00:00\",\"mainEntityOfPage\":{\"@id\":\"https:\\\/\\\/loginfo24.com\\\/pt-pt\\\/2023\\\/10\\\/26\\\/gian-carlo-alessi-preside-o-cluster-logistico-da-regiao-de-basileia-a-partir-de-2024\\\/\"},\"wordCount\":1060,\"commentCount\":0,\"publisher\":{\"@id\":\"https:\\\/\\\/loginfo24.com\\\/pt-pt\\\/#organization\"},\"image\":{\"@id\":\"https:\\\/\\\/loginfo24.com\\\/pt-pt\\\/2023\\\/10\\\/26\\\/gian-carlo-alessi-preside-o-cluster-logistico-da-regiao-de-basileia-a-partir-de-2024\\\/#primaryimage\"},\"thumbnailUrl\":\"https:\\\/\\\/loginfo24.com\\\/wp-content\\\/uploads\\\/sites\\\/7\\\/2025\\\/12\\\/LogistikCluster_26.10.23_1.jpg\",\"articleSection\":[\"Categories\",\"Forwarding &amp; Logistics\",\"Regions\"],\"inLanguage\":\"pt-PT\",\"potentialAction\":[{\"@type\":\"CommentAction\",\"name\":\"Comment\",\"target\":[\"https:\\\/\\\/loginfo24.com\\\/pt-pt\\\/2023\\\/10\\\/26\\\/gian-carlo-alessi-preside-o-cluster-logistico-da-regiao-de-basileia-a-partir-de-2024\\\/#respond\"]}]},{\"@type\":\"WebPage\",\"@id\":\"https:\\\/\\\/loginfo24.com\\\/pt-pt\\\/2023\\\/10\\\/26\\\/gian-carlo-alessi-preside-o-cluster-logistico-da-regiao-de-basileia-a-partir-de-2024\\\/\",\"url\":\"https:\\\/\\\/loginfo24.com\\\/pt-pt\\\/2023\\\/10\\\/26\\\/gian-carlo-alessi-preside-o-cluster-logistico-da-regiao-de-basileia-a-partir-de-2024\\\/\",\"name\":\"Gian Carlo Alessi preside o cluster log\u00edstico da regi\u00e3o de Basileia a partir de 2024 - Loginfo24\",\"isPartOf\":{\"@id\":\"https:\\\/\\\/loginfo24.com\\\/pt-pt\\\/#website\"},\"primaryImageOfPage\":{\"@id\":\"https:\\\/\\\/loginfo24.com\\\/pt-pt\\\/2023\\\/10\\\/26\\\/gian-carlo-alessi-preside-o-cluster-logistico-da-regiao-de-basileia-a-partir-de-2024\\\/#primaryimage\"},\"image\":{\"@id\":\"https:\\\/\\\/loginfo24.com\\\/pt-pt\\\/2023\\\/10\\\/26\\\/gian-carlo-alessi-preside-o-cluster-logistico-da-regiao-de-basileia-a-partir-de-2024\\\/#primaryimage\"},\"thumbnailUrl\":\"https:\\\/\\\/loginfo24.com\\\/wp-content\\\/uploads\\\/sites\\\/7\\\/2025\\\/12\\\/LogistikCluster_26.10.23_1.jpg\",\"datePublished\":\"2023-10-26T18:29:47+00:00\",\"breadcrumb\":{\"@id\":\"https:\\\/\\\/loginfo24.com\\\/pt-pt\\\/2023\\\/10\\\/26\\\/gian-carlo-alessi-preside-o-cluster-logistico-da-regiao-de-basileia-a-partir-de-2024\\\/#breadcrumb\"},\"inLanguage\":\"pt-PT\",\"potentialAction\":[{\"@type\":\"ReadAction\",\"target\":[\"https:\\\/\\\/loginfo24.com\\\/pt-pt\\\/2023\\\/10\\\/26\\\/gian-carlo-alessi-preside-o-cluster-logistico-da-regiao-de-basileia-a-partir-de-2024\\\/\"]}]},{\"@type\":\"ImageObject\",\"inLanguage\":\"pt-PT\",\"@id\":\"https:\\\/\\\/loginfo24.com\\\/pt-pt\\\/2023\\\/10\\\/26\\\/gian-carlo-alessi-preside-o-cluster-logistico-da-regiao-de-basileia-a-partir-de-2024\\\/#primaryimage\",\"url\":\"https:\\\/\\\/loginfo24.com\\\/wp-content\\\/uploads\\\/sites\\\/7\\\/2025\\\/12\\\/LogistikCluster_26.10.23_1.jpg\",\"contentUrl\":\"https:\\\/\\\/loginfo24.com\\\/wp-content\\\/uploads\\\/sites\\\/7\\\/2025\\\/12\\\/LogistikCluster_26.10.23_1.jpg\",\"width\":1467,\"height\":974},{\"@type\":\"BreadcrumbList\",\"@id\":\"https:\\\/\\\/loginfo24.com\\\/pt-pt\\\/2023\\\/10\\\/26\\\/gian-carlo-alessi-preside-o-cluster-logistico-da-regiao-de-basileia-a-partir-de-2024\\\/#breadcrumb\",\"itemListElement\":[{\"@type\":\"ListItem\",\"position\":1,\"name\":\"Startseite\",\"item\":\"https:\\\/\\\/loginfo24.com\\\/pt-pt\\\/\"},{\"@type\":\"ListItem\",\"position\":2,\"name\":\"Gian Carlo Alessi preside o cluster log\u00edstico da regi\u00e3o de Basileia a partir de 2024\"}]},{\"@type\":\"WebSite\",\"@id\":\"https:\\\/\\\/loginfo24.com\\\/pt-pt\\\/#website\",\"url\":\"https:\\\/\\\/loginfo24.com\\\/pt-pt\\\/\",\"name\":\"Loginfo24\",\"description\":\"Loginfo24 \u00e9 a plataforma dedicada \u00e0 log\u00edstica e \u00e0s cadeias de abastecimento, com informa\u00e7\u00f5es dispon\u00edveis 24 horas por dia.\",\"publisher\":{\"@id\":\"https:\\\/\\\/loginfo24.com\\\/pt-pt\\\/#organization\"},\"potentialAction\":[{\"@type\":\"SearchAction\",\"target\":{\"@type\":\"EntryPoint\",\"urlTemplate\":\"https:\\\/\\\/loginfo24.com\\\/pt-pt\\\/?s={search_term_string}\"},\"query-input\":{\"@type\":\"PropertyValueSpecification\",\"valueRequired\":true,\"valueName\":\"search_term_string\"}}],\"inLanguage\":\"pt-PT\"},{\"@type\":\"Organization\",\"@id\":\"https:\\\/\\\/loginfo24.com\\\/pt-pt\\\/#organization\",\"name\":\"Logismedia Group AG\",\"url\":\"https:\\\/\\\/loginfo24.com\\\/pt-pt\\\/\",\"logo\":{\"@type\":\"ImageObject\",\"inLanguage\":\"pt-PT\",\"@id\":\"https:\\\/\\\/loginfo24.com\\\/pt-pt\\\/#\\\/schema\\\/logo\\\/image\\\/\",\"url\":\"https:\\\/\\\/loginfo24.com\\\/wp-content\\\/uploads\\\/sites\\\/7\\\/2026\\\/01\\\/Logo_LogInfo24.png\",\"contentUrl\":\"https:\\\/\\\/loginfo24.com\\\/wp-content\\\/uploads\\\/sites\\\/7\\\/2026\\\/01\\\/Logo_LogInfo24.png\",\"width\":938,\"height\":351,\"caption\":\"Logismedia Group AG\"},\"image\":{\"@id\":\"https:\\\/\\\/loginfo24.com\\\/pt-pt\\\/#\\\/schema\\\/logo\\\/image\\\/\"},\"sameAs\":[\"https:\\\/\\\/www.facebook.com\\\/people\\\/Loginfo24\\\/100057360583332\\\/\",\"https:\\\/\\\/www.linkedin.com\\\/company\\\/lofinfo24\\\/\"]}]}<\/script>\n<!-- \/ Yoast SEO plugin. -->","yoast_head_json":{"title":"Gian Carlo Alessi preside o cluster log\u00edstico da regi\u00e3o de Basileia a partir de 2024 - Loginfo24","robots":{"index":"index","follow":"follow","max-snippet":"max-snippet:-1","max-image-preview":"max-image-preview:large","max-video-preview":"max-video-preview:-1"},"canonical":"https:\/\/loginfo24.com\/pt-pt\/2023\/10\/26\/gian-carlo-alessi-preside-o-cluster-logistico-da-regiao-de-basileia-a-partir-de-2024\/","og_locale":"pt_PT","og_type":"article","og_title":"Gian Carlo Alessi preside o cluster log\u00edstico da regi\u00e3o de Basileia a partir de 2024 - Loginfo24","og_description":"A ind\u00fastria log\u00edstica regional reuniu-se para o f\u00f3rum anual do cluster log\u00edstico da regi\u00e3o de Basileia da c\u00e2mara de com\u00e9rcio de ambas as Basileias. Cerca de [\u2026]","og_url":"https:\/\/loginfo24.com\/pt-pt\/2023\/10\/26\/gian-carlo-alessi-preside-o-cluster-logistico-da-regiao-de-basileia-a-partir-de-2024\/","og_site_name":"Loginfo24","article_publisher":"https:\/\/www.facebook.com\/people\/Loginfo24\/100057360583332\/","article_published_time":"2023-10-26T18:29:47+00:00","og_image":[{"width":1467,"height":974,"url":"https:\/\/loginfo24.com\/wp-content\/uploads\/sites\/7\/2025\/12\/LogistikCluster_26.10.23_1.jpg","type":"image\/jpeg"}],"twitter_card":"summary_large_image","twitter_misc":{"Tempo estimado de leitura":"5 minutos"},"schema":{"@context":"https:\/\/schema.org","@graph":[{"@type":"Article","@id":"https:\/\/loginfo24.com\/pt-pt\/2023\/10\/26\/gian-carlo-alessi-preside-o-cluster-logistico-da-regiao-de-basileia-a-partir-de-2024\/#article","isPartOf":{"@id":"https:\/\/loginfo24.com\/pt-pt\/2023\/10\/26\/gian-carlo-alessi-preside-o-cluster-logistico-da-regiao-de-basileia-a-partir-de-2024\/"},"author":{"name":"","@id":""},"headline":"Gian Carlo Alessi preside o cluster log\u00edstico da regi\u00e3o de Basileia a partir de 2024","datePublished":"2023-10-26T18:29:47+00:00","mainEntityOfPage":{"@id":"https:\/\/loginfo24.com\/pt-pt\/2023\/10\/26\/gian-carlo-alessi-preside-o-cluster-logistico-da-regiao-de-basileia-a-partir-de-2024\/"},"wordCount":1060,"commentCount":0,"publisher":{"@id":"https:\/\/loginfo24.com\/pt-pt\/#organization"},"image":{"@id":"https:\/\/loginfo24.com\/pt-pt\/2023\/10\/26\/gian-carlo-alessi-preside-o-cluster-logistico-da-regiao-de-basileia-a-partir-de-2024\/#primaryimage"},"thumbnailUrl":"https:\/\/loginfo24.com\/wp-content\/uploads\/sites\/7\/2025\/12\/LogistikCluster_26.10.23_1.jpg","articleSection":["Categories","Forwarding &amp; Logistics","Regions"],"inLanguage":"pt-PT","potentialAction":[{"@type":"CommentAction","name":"Comment","target":["https:\/\/loginfo24.com\/pt-pt\/2023\/10\/26\/gian-carlo-alessi-preside-o-cluster-logistico-da-regiao-de-basileia-a-partir-de-2024\/#respond"]}]},{"@type":"WebPage","@id":"https:\/\/loginfo24.com\/pt-pt\/2023\/10\/26\/gian-carlo-alessi-preside-o-cluster-logistico-da-regiao-de-basileia-a-partir-de-2024\/","url":"https:\/\/loginfo24.com\/pt-pt\/2023\/10\/26\/gian-carlo-alessi-preside-o-cluster-logistico-da-regiao-de-basileia-a-partir-de-2024\/","name":"Gian Carlo Alessi preside o cluster log\u00edstico da regi\u00e3o de Basileia a partir de 2024 - Loginfo24","isPartOf":{"@id":"https:\/\/loginfo24.com\/pt-pt\/#website"},"primaryImageOfPage":{"@id":"https:\/\/loginfo24.com\/pt-pt\/2023\/10\/26\/gian-carlo-alessi-preside-o-cluster-logistico-da-regiao-de-basileia-a-partir-de-2024\/#primaryimage"},"image":{"@id":"https:\/\/loginfo24.com\/pt-pt\/2023\/10\/26\/gian-carlo-alessi-preside-o-cluster-logistico-da-regiao-de-basileia-a-partir-de-2024\/#primaryimage"},"thumbnailUrl":"https:\/\/loginfo24.com\/wp-content\/uploads\/sites\/7\/2025\/12\/LogistikCluster_26.10.23_1.jpg","datePublished":"2023-10-26T18:29:47+00:00","breadcrumb":{"@id":"https:\/\/loginfo24.com\/pt-pt\/2023\/10\/26\/gian-carlo-alessi-preside-o-cluster-logistico-da-regiao-de-basileia-a-partir-de-2024\/#breadcrumb"},"inLanguage":"pt-PT","potentialAction":[{"@type":"ReadAction","target":["https:\/\/loginfo24.com\/pt-pt\/2023\/10\/26\/gian-carlo-alessi-preside-o-cluster-logistico-da-regiao-de-basileia-a-partir-de-2024\/"]}]},{"@type":"ImageObject","inLanguage":"pt-PT","@id":"https:\/\/loginfo24.com\/pt-pt\/2023\/10\/26\/gian-carlo-alessi-preside-o-cluster-logistico-da-regiao-de-basileia-a-partir-de-2024\/#primaryimage","url":"https:\/\/loginfo24.com\/wp-content\/uploads\/sites\/7\/2025\/12\/LogistikCluster_26.10.23_1.jpg","contentUrl":"https:\/\/loginfo24.com\/wp-content\/uploads\/sites\/7\/2025\/12\/LogistikCluster_26.10.23_1.jpg","width":1467,"height":974},{"@type":"BreadcrumbList","@id":"https:\/\/loginfo24.com\/pt-pt\/2023\/10\/26\/gian-carlo-alessi-preside-o-cluster-logistico-da-regiao-de-basileia-a-partir-de-2024\/#breadcrumb","itemListElement":[{"@type":"ListItem","position":1,"name":"Startseite","item":"https:\/\/loginfo24.com\/pt-pt\/"},{"@type":"ListItem","position":2,"name":"Gian Carlo Alessi preside o cluster log\u00edstico da regi\u00e3o de Basileia a partir de 2024"}]},{"@type":"WebSite","@id":"https:\/\/loginfo24.com\/pt-pt\/#website","url":"https:\/\/loginfo24.com\/pt-pt\/","name":"Loginfo24","description":"Loginfo24 \u00e9 a plataforma dedicada \u00e0 log\u00edstica e \u00e0s cadeias de abastecimento, com informa\u00e7\u00f5es dispon\u00edveis 24 horas por dia.","publisher":{"@id":"https:\/\/loginfo24.com\/pt-pt\/#organization"},"potentialAction":[{"@type":"SearchAction","target":{"@type":"EntryPoint","urlTemplate":"https:\/\/loginfo24.com\/pt-pt\/?s={search_term_string}"},"query-input":{"@type":"PropertyValueSpecification","valueRequired":true,"valueName":"search_term_string"}}],"inLanguage":"pt-PT"},{"@type":"Organization","@id":"https:\/\/loginfo24.com\/pt-pt\/#organization","name":"Logismedia Group AG","url":"https:\/\/loginfo24.com\/pt-pt\/","logo":{"@type":"ImageObject","inLanguage":"pt-PT","@id":"https:\/\/loginfo24.com\/pt-pt\/#\/schema\/logo\/image\/","url":"https:\/\/loginfo24.com\/wp-content\/uploads\/sites\/7\/2026\/01\/Logo_LogInfo24.png","contentUrl":"https:\/\/loginfo24.com\/wp-content\/uploads\/sites\/7\/2026\/01\/Logo_LogInfo24.png","width":938,"height":351,"caption":"Logismedia Group AG"},"image":{"@id":"https:\/\/loginfo24.com\/pt-pt\/#\/schema\/logo\/image\/"},"sameAs":["https:\/\/www.facebook.com\/people\/Loginfo24\/100057360583332\/","https:\/\/www.linkedin.com\/company\/lofinfo24\/"]}]}},"_links":{"self":[{"href":"https:\/\/loginfo24.com\/pt-pt\/wp-json\/wp\/v2\/posts\/63182","targetHints":{"allow":["GET"]}}],"collection":[{"href":"https:\/\/loginfo24.com\/pt-pt\/wp-json\/wp\/v2\/posts"}],"about":[{"href":"https:\/\/loginfo24.com\/pt-pt\/wp-json\/wp\/v2\/types\/post"}],"replies":[{"embeddable":true,"href":"https:\/\/loginfo24.com\/pt-pt\/wp-json\/wp\/v2\/comments?post=63182"}],"version-history":[{"count":0,"href":"https:\/\/loginfo24.com\/pt-pt\/wp-json\/wp\/v2\/posts\/63182\/revisions"}],"wp:featuredmedia":[{"embeddable":true,"href":"https:\/\/loginfo24.com\/pt-pt\/wp-json\/wp\/v2\/media\/7381"}],"wp:attachment":[{"href":"https:\/\/loginfo24.com\/pt-pt\/wp-json\/wp\/v2\/media?parent=63182"}],"wp:term":[{"taxonomy":"category","embeddable":true,"href":"https:\/\/loginfo24.com\/pt-pt\/wp-json\/wp\/v2\/categories?post=63182"},{"taxonomy":"post_tag","embeddable":true,"href":"https:\/\/loginfo24.com\/pt-pt\/wp-json\/wp\/v2\/tags?post=63182"}],"curies":[{"name":"wp","href":"https:\/\/api.w.org\/{rel}","templated":true}]}}