{"id":62452,"date":"2023-08-25T19:32:36","date_gmt":"2023-08-25T17:32:36","guid":{"rendered":"https:\/\/blog.brand-architecture.at\/2023\/08\/25\/dachser-e-fercam-fundam-uma-joint-venture\/"},"modified":"2023-08-25T19:32:36","modified_gmt":"2023-08-25T17:32:36","slug":"dachser-e-fercam-fundam-uma-joint-venture","status":"publish","type":"post","link":"https:\/\/loginfo24.com\/pt-pt\/2023\/08\/25\/dachser-e-fercam-fundam-uma-joint-venture\/","title":{"rendered":"DACHSER e FERCAM fundam uma joint venture"},"content":{"rendered":"<h5>A DACHSER e a FERCAM t\u00eam uma parceria de longa data. A empresa familiar de Bolzano realiza desde 2003 a distribui\u00e7\u00e3o de todas as remessas de carga fracionada com bens industriais e de consumo da rede europeia da DACHSER na It\u00e1lia e insere as respectivas remessas da It\u00e1lia nesta rede. Ambas as empresas t\u00eam muito em comum \u2013 isso tamb\u00e9m se aplica \u00e0 hist\u00f3ria da empresa.<\/h5>\n<div class=\"article__item-wrap\">\n<div class=\"article__item\">\n<p>(Kempten\/Bolzano) A conex\u00e3o entre ferrovia e caminh\u00e3o \u2013 isso \u00e9 o que representa o nome FERCAM. A palavra composta a partir das s\u00edlabas das palavras italianas &#8220;ferrovia&#8221; para ferrovia e &#8220;camion&#8221; para caminh\u00e3o expressa a base do modelo de neg\u00f3cios do transportador log\u00edstico italiano quando foi fundado em 1949 em Bolzano, no Tirol do Sul: O transporte de mercadorias por ferrovia e caminh\u00e3o.<\/p>\n<p>Em 1963, a fam\u00edlia Baumgartner assumiu a empresa de transporte local. A partir de ent\u00e3o, a integra\u00e7\u00e3o dos dois modos de transporte, ferrovia e estrada, a constante internacionaliza\u00e7\u00e3o e a expans\u00e3o dos neg\u00f3cios tornaram-se o foco do desenvolvimento da jovem empresa do norte da It\u00e1lia. Ap\u00f3s a virada do mil\u00eanio, a FERCAM tamb\u00e9m cresceu fora da It\u00e1lia e estabeleceu filiais, por exemplo, na Eslov\u00e1quia e na Rom\u00eania. Em 2005, a empresa familiar entrou no transporte a\u00e9reo e mar\u00edtimo, estabelecendo assim a base para seus neg\u00f3cios internacionais. Em 2007, a FERCAM iniciou transportes no Magreb, onde j\u00e1 possu\u00eda uma filial na \u00e9poca, e em 2012 a empresa abriu uma nova filial na Tun\u00edsia. Mas tamb\u00e9m no mercado dom\u00e9stico italiano, a FERCAM cresceu fortemente, expandindo sua localiza\u00e7\u00e3o na sede em Bolzano e investindo em seus centros log\u00edsticos em Mil\u00e3o, P\u00e1dua, Bolonha e perto de Pavia.<\/p>\n<h5>Parceria forte resulta em joint venture<\/h5>\n<\/div>\n<\/div>\n<div class=\"article__item-wrap\">\n<div class=\"article__item\">\n<p>A FERCAM e a DACHSER s\u00e3o parceiras no manuseio operacional de carga fracionada desde 2003. Ambas as empresas familiares compartilham uma cultura de valores claros, onde a responsabilidade e o respeito pelos clientes, colaboradores e pelo meio ambiente s\u00e3o altamente valorizados. Al\u00e9m disso, h\u00e1 a ambi\u00e7\u00e3o de desenvolver inova\u00e7\u00f5es e oferecer solu\u00e7\u00f5es log\u00edsticas com a mais alta qualidade.<\/p>\n<p>A longa e bem-sucedida parceria agora resulta na funda\u00e7\u00e3o de uma joint venture. De acordo com o contrato celebrado entre as duas empresas, a FERCAM ir\u00e1 desmembrar suas \u00e1reas de neg\u00f3cios FERCAM Distribution (carga fracionada) e FERCAM Logistics (log\u00edstica contratual) com 920 colaboradores e uma receita de cerca de 400 milh\u00f5es de euros em 2022 at\u00e9 o final de 2023, transferindo-as para uma nova empresa, da qual a DACHSER deter\u00e1 80% das a\u00e7\u00f5es.<\/p>\n<p>A partir de janeiro de 2024, a joint venture ser\u00e1 registrada como uma sociedade independente sob o nome &#8220;DACHSER &amp; FERCAM Italia S.r.l.&#8221; e reportar\u00e1 diretamente a Alexander Tonn, COO de Log\u00edstica Rodovi\u00e1ria da DACHSER. A FERCAM AG manter\u00e1 20% da nova empresa.<\/p>\n<p>A FERCAM Transport (transporte rodovi\u00e1rio e ferrovi\u00e1rio nacional e internacional), FERCAM Air &amp; Ocean e FERCAM Special Services (log\u00edstica de arte e feiras, servi\u00e7os de mudan\u00e7a e reloca\u00e7\u00e3o, bem como servi\u00e7os de arquivo e gest\u00e3o de documentos) incluindo todas as subsidi\u00e1rias no exterior permanecer\u00e3o de propriedade exclusiva da FERCAM AG e n\u00e3o ser\u00e3o transferidas para a joint venture. A FERCAM ir\u00e1, no futuro, impulsionar ainda mais o crescimento e a internacionaliza\u00e7\u00e3o, tamb\u00e9m no exterior, dessas \u00e1reas.<\/p>\n<p>Al\u00e9m disso, em termos de sustentabilidade, existem algumas semelhan\u00e7as entre as empresas. A FERCAM lan\u00e7ou \u2013 assim como a DACHSER \u2013 em 2021 um &#8220;Projeto Sem Emiss\u00f5es&#8221; para a entrega de cidades sem emiss\u00f5es. No que diz respeito a combust\u00edveis alternativos, a FERCAM tamb\u00e9m est\u00e1 ativa e participa desde 2020 de uma empresa de biog\u00e1s no Tirol do Sul.<\/p>\n<h5>Abrindo potenciais de crescimento e criando estabilidade<\/h5>\n<p>Com a transfer\u00eancia das \u00e1reas de neg\u00f3cios de carga fracionada e log\u00edstica contratual para a joint venture com a DACHSER, a fam\u00edlia propriet\u00e1ria da FERCAM agora d\u00e1 mais um passo para abrir potenciais de crescimento adicionais e criar seguran\u00e7a e estabilidade para o futuro. Um novo cap\u00edtulo na hist\u00f3ria do antigo transportador ferrovi\u00e1rio e rodovi\u00e1rio do Tirol do Sul est\u00e1 sendo escrito.<\/p>\n<p>Foto: \u00a9 FERCAM<\/p>\n<\/div>\n<\/div>\n","protected":false},"excerpt":{"rendered":"<p>A DACHSER e a FERCAM t\u00eam uma parceria de longa data. A empresa familiar de Bolzano realiza desde 2003 a distribui\u00e7\u00e3o de todas as remessas de<span class=\"excerpt-hellip\"> [\u2026]<\/span><\/p>\n","protected":false},"author":0,"featured_media":7685,"comment_status":"open","ping_status":"open","sticky":false,"template":"","format":"standard","meta":{"_acf_changed":false,"footnotes":""},"categories":[1557,1561],"tags":[],"class_list":["post-62452","post","type-post","status-publish","format-standard","has-post-thumbnail","hentry","category-forwarding-logistics","category-regions"],"acf":[],"yoast_head":"<!-- This site is optimized with the Yoast SEO plugin v27.3 - https:\/\/yoast.com\/product\/yoast-seo-wordpress\/ -->\n<title>DACHSER e FERCAM fundam uma joint venture - Loginfo24<\/title>\n<meta name=\"robots\" content=\"index, follow, max-snippet:-1, max-image-preview:large, max-video-preview:-1\" \/>\n<link rel=\"canonical\" href=\"https:\/\/loginfo24.com\/pt-pt\/2023\/08\/25\/dachser-e-fercam-fundam-uma-joint-venture\/\" \/>\n<meta property=\"og:locale\" content=\"pt_PT\" \/>\n<meta property=\"og:type\" content=\"article\" \/>\n<meta property=\"og:title\" content=\"DACHSER e FERCAM fundam uma joint venture - Loginfo24\" \/>\n<meta property=\"og:description\" content=\"A DACHSER e a FERCAM t\u00eam uma parceria de longa data. A empresa familiar de Bolzano realiza desde 2003 a distribui\u00e7\u00e3o de todas as remessas de [\u2026]\" \/>\n<meta property=\"og:url\" content=\"https:\/\/loginfo24.com\/pt-pt\/2023\/08\/25\/dachser-e-fercam-fundam-uma-joint-venture\/\" \/>\n<meta property=\"og:site_name\" content=\"Loginfo24\" \/>\n<meta property=\"article:publisher\" content=\"https:\/\/www.facebook.com\/people\/Loginfo24\/100057360583332\/\" \/>\n<meta property=\"article:published_time\" content=\"2023-08-25T17:32:36+00:00\" \/>\n<meta property=\"og:image\" content=\"https:\/\/loginfo24.com\/wp-content\/uploads\/sites\/7\/2025\/12\/Dachser_25.8.23.jpg\" \/>\n\t<meta property=\"og:image:width\" content=\"1259\" \/>\n\t<meta property=\"og:image:height\" content=\"753\" \/>\n\t<meta property=\"og:image:type\" content=\"image\/jpeg\" \/>\n<meta name=\"twitter:card\" content=\"summary_large_image\" \/>\n<meta name=\"twitter:label1\" content=\"Tempo estimado de leitura\" \/>\n\t<meta name=\"twitter:data1\" content=\"4 minutos\" \/>\n<script type=\"application\/ld+json\" class=\"yoast-schema-graph\">{\"@context\":\"https:\\\/\\\/schema.org\",\"@graph\":[{\"@type\":\"Article\",\"@id\":\"https:\\\/\\\/loginfo24.com\\\/pt-pt\\\/2023\\\/08\\\/25\\\/dachser-e-fercam-fundam-uma-joint-venture\\\/#article\",\"isPartOf\":{\"@id\":\"https:\\\/\\\/loginfo24.com\\\/pt-pt\\\/2023\\\/08\\\/25\\\/dachser-e-fercam-fundam-uma-joint-venture\\\/\"},\"author\":{\"name\":\"\",\"@id\":\"\"},\"headline\":\"DACHSER e FERCAM fundam uma joint venture\",\"datePublished\":\"2023-08-25T17:32:36+00:00\",\"mainEntityOfPage\":{\"@id\":\"https:\\\/\\\/loginfo24.com\\\/pt-pt\\\/2023\\\/08\\\/25\\\/dachser-e-fercam-fundam-uma-joint-venture\\\/\"},\"wordCount\":734,\"commentCount\":0,\"publisher\":{\"@id\":\"https:\\\/\\\/loginfo24.com\\\/pt-pt\\\/#organization\"},\"image\":{\"@id\":\"https:\\\/\\\/loginfo24.com\\\/pt-pt\\\/2023\\\/08\\\/25\\\/dachser-e-fercam-fundam-uma-joint-venture\\\/#primaryimage\"},\"thumbnailUrl\":\"https:\\\/\\\/loginfo24.com\\\/wp-content\\\/uploads\\\/sites\\\/7\\\/2025\\\/12\\\/Dachser_25.8.23.jpg\",\"articleSection\":[\"Forwarding &amp; Logistics\",\"Regions\"],\"inLanguage\":\"pt-PT\",\"potentialAction\":[{\"@type\":\"CommentAction\",\"name\":\"Comment\",\"target\":[\"https:\\\/\\\/loginfo24.com\\\/pt-pt\\\/2023\\\/08\\\/25\\\/dachser-e-fercam-fundam-uma-joint-venture\\\/#respond\"]}]},{\"@type\":\"WebPage\",\"@id\":\"https:\\\/\\\/loginfo24.com\\\/pt-pt\\\/2023\\\/08\\\/25\\\/dachser-e-fercam-fundam-uma-joint-venture\\\/\",\"url\":\"https:\\\/\\\/loginfo24.com\\\/pt-pt\\\/2023\\\/08\\\/25\\\/dachser-e-fercam-fundam-uma-joint-venture\\\/\",\"name\":\"DACHSER e FERCAM fundam uma joint venture - Loginfo24\",\"isPartOf\":{\"@id\":\"https:\\\/\\\/loginfo24.com\\\/pt-pt\\\/#website\"},\"primaryImageOfPage\":{\"@id\":\"https:\\\/\\\/loginfo24.com\\\/pt-pt\\\/2023\\\/08\\\/25\\\/dachser-e-fercam-fundam-uma-joint-venture\\\/#primaryimage\"},\"image\":{\"@id\":\"https:\\\/\\\/loginfo24.com\\\/pt-pt\\\/2023\\\/08\\\/25\\\/dachser-e-fercam-fundam-uma-joint-venture\\\/#primaryimage\"},\"thumbnailUrl\":\"https:\\\/\\\/loginfo24.com\\\/wp-content\\\/uploads\\\/sites\\\/7\\\/2025\\\/12\\\/Dachser_25.8.23.jpg\",\"datePublished\":\"2023-08-25T17:32:36+00:00\",\"breadcrumb\":{\"@id\":\"https:\\\/\\\/loginfo24.com\\\/pt-pt\\\/2023\\\/08\\\/25\\\/dachser-e-fercam-fundam-uma-joint-venture\\\/#breadcrumb\"},\"inLanguage\":\"pt-PT\",\"potentialAction\":[{\"@type\":\"ReadAction\",\"target\":[\"https:\\\/\\\/loginfo24.com\\\/pt-pt\\\/2023\\\/08\\\/25\\\/dachser-e-fercam-fundam-uma-joint-venture\\\/\"]}]},{\"@type\":\"ImageObject\",\"inLanguage\":\"pt-PT\",\"@id\":\"https:\\\/\\\/loginfo24.com\\\/pt-pt\\\/2023\\\/08\\\/25\\\/dachser-e-fercam-fundam-uma-joint-venture\\\/#primaryimage\",\"url\":\"https:\\\/\\\/loginfo24.com\\\/wp-content\\\/uploads\\\/sites\\\/7\\\/2025\\\/12\\\/Dachser_25.8.23.jpg\",\"contentUrl\":\"https:\\\/\\\/loginfo24.com\\\/wp-content\\\/uploads\\\/sites\\\/7\\\/2025\\\/12\\\/Dachser_25.8.23.jpg\",\"width\":1259,\"height\":753},{\"@type\":\"BreadcrumbList\",\"@id\":\"https:\\\/\\\/loginfo24.com\\\/pt-pt\\\/2023\\\/08\\\/25\\\/dachser-e-fercam-fundam-uma-joint-venture\\\/#breadcrumb\",\"itemListElement\":[{\"@type\":\"ListItem\",\"position\":1,\"name\":\"Startseite\",\"item\":\"https:\\\/\\\/loginfo24.com\\\/pt-pt\\\/\"},{\"@type\":\"ListItem\",\"position\":2,\"name\":\"DACHSER e FERCAM fundam uma joint venture\"}]},{\"@type\":\"WebSite\",\"@id\":\"https:\\\/\\\/loginfo24.com\\\/pt-pt\\\/#website\",\"url\":\"https:\\\/\\\/loginfo24.com\\\/pt-pt\\\/\",\"name\":\"Loginfo24\",\"description\":\"Loginfo24 \u00e9 a plataforma dedicada \u00e0 log\u00edstica e \u00e0s cadeias de abastecimento, com informa\u00e7\u00f5es dispon\u00edveis 24 horas por dia.\",\"publisher\":{\"@id\":\"https:\\\/\\\/loginfo24.com\\\/pt-pt\\\/#organization\"},\"potentialAction\":[{\"@type\":\"SearchAction\",\"target\":{\"@type\":\"EntryPoint\",\"urlTemplate\":\"https:\\\/\\\/loginfo24.com\\\/pt-pt\\\/?s={search_term_string}\"},\"query-input\":{\"@type\":\"PropertyValueSpecification\",\"valueRequired\":true,\"valueName\":\"search_term_string\"}}],\"inLanguage\":\"pt-PT\"},{\"@type\":\"Organization\",\"@id\":\"https:\\\/\\\/loginfo24.com\\\/pt-pt\\\/#organization\",\"name\":\"Logismedia Group AG\",\"url\":\"https:\\\/\\\/loginfo24.com\\\/pt-pt\\\/\",\"logo\":{\"@type\":\"ImageObject\",\"inLanguage\":\"pt-PT\",\"@id\":\"https:\\\/\\\/loginfo24.com\\\/pt-pt\\\/#\\\/schema\\\/logo\\\/image\\\/\",\"url\":\"https:\\\/\\\/loginfo24.com\\\/wp-content\\\/uploads\\\/sites\\\/7\\\/2026\\\/01\\\/Logo_LogInfo24.png\",\"contentUrl\":\"https:\\\/\\\/loginfo24.com\\\/wp-content\\\/uploads\\\/sites\\\/7\\\/2026\\\/01\\\/Logo_LogInfo24.png\",\"width\":938,\"height\":351,\"caption\":\"Logismedia Group AG\"},\"image\":{\"@id\":\"https:\\\/\\\/loginfo24.com\\\/pt-pt\\\/#\\\/schema\\\/logo\\\/image\\\/\"},\"sameAs\":[\"https:\\\/\\\/www.facebook.com\\\/people\\\/Loginfo24\\\/100057360583332\\\/\",\"https:\\\/\\\/www.linkedin.com\\\/company\\\/lofinfo24\\\/\"]}]}<\/script>\n<!-- \/ Yoast SEO plugin. -->","yoast_head_json":{"title":"DACHSER e FERCAM fundam uma joint venture - Loginfo24","robots":{"index":"index","follow":"follow","max-snippet":"max-snippet:-1","max-image-preview":"max-image-preview:large","max-video-preview":"max-video-preview:-1"},"canonical":"https:\/\/loginfo24.com\/pt-pt\/2023\/08\/25\/dachser-e-fercam-fundam-uma-joint-venture\/","og_locale":"pt_PT","og_type":"article","og_title":"DACHSER e FERCAM fundam uma joint venture - Loginfo24","og_description":"A DACHSER e a FERCAM t\u00eam uma parceria de longa data. A empresa familiar de Bolzano realiza desde 2003 a distribui\u00e7\u00e3o de todas as remessas de [\u2026]","og_url":"https:\/\/loginfo24.com\/pt-pt\/2023\/08\/25\/dachser-e-fercam-fundam-uma-joint-venture\/","og_site_name":"Loginfo24","article_publisher":"https:\/\/www.facebook.com\/people\/Loginfo24\/100057360583332\/","article_published_time":"2023-08-25T17:32:36+00:00","og_image":[{"width":1259,"height":753,"url":"https:\/\/loginfo24.com\/wp-content\/uploads\/sites\/7\/2025\/12\/Dachser_25.8.23.jpg","type":"image\/jpeg"}],"twitter_card":"summary_large_image","twitter_misc":{"Tempo estimado de leitura":"4 minutos"},"schema":{"@context":"https:\/\/schema.org","@graph":[{"@type":"Article","@id":"https:\/\/loginfo24.com\/pt-pt\/2023\/08\/25\/dachser-e-fercam-fundam-uma-joint-venture\/#article","isPartOf":{"@id":"https:\/\/loginfo24.com\/pt-pt\/2023\/08\/25\/dachser-e-fercam-fundam-uma-joint-venture\/"},"author":{"name":"","@id":""},"headline":"DACHSER e FERCAM fundam uma joint venture","datePublished":"2023-08-25T17:32:36+00:00","mainEntityOfPage":{"@id":"https:\/\/loginfo24.com\/pt-pt\/2023\/08\/25\/dachser-e-fercam-fundam-uma-joint-venture\/"},"wordCount":734,"commentCount":0,"publisher":{"@id":"https:\/\/loginfo24.com\/pt-pt\/#organization"},"image":{"@id":"https:\/\/loginfo24.com\/pt-pt\/2023\/08\/25\/dachser-e-fercam-fundam-uma-joint-venture\/#primaryimage"},"thumbnailUrl":"https:\/\/loginfo24.com\/wp-content\/uploads\/sites\/7\/2025\/12\/Dachser_25.8.23.jpg","articleSection":["Forwarding &amp; Logistics","Regions"],"inLanguage":"pt-PT","potentialAction":[{"@type":"CommentAction","name":"Comment","target":["https:\/\/loginfo24.com\/pt-pt\/2023\/08\/25\/dachser-e-fercam-fundam-uma-joint-venture\/#respond"]}]},{"@type":"WebPage","@id":"https:\/\/loginfo24.com\/pt-pt\/2023\/08\/25\/dachser-e-fercam-fundam-uma-joint-venture\/","url":"https:\/\/loginfo24.com\/pt-pt\/2023\/08\/25\/dachser-e-fercam-fundam-uma-joint-venture\/","name":"DACHSER e FERCAM fundam uma joint venture - Loginfo24","isPartOf":{"@id":"https:\/\/loginfo24.com\/pt-pt\/#website"},"primaryImageOfPage":{"@id":"https:\/\/loginfo24.com\/pt-pt\/2023\/08\/25\/dachser-e-fercam-fundam-uma-joint-venture\/#primaryimage"},"image":{"@id":"https:\/\/loginfo24.com\/pt-pt\/2023\/08\/25\/dachser-e-fercam-fundam-uma-joint-venture\/#primaryimage"},"thumbnailUrl":"https:\/\/loginfo24.com\/wp-content\/uploads\/sites\/7\/2025\/12\/Dachser_25.8.23.jpg","datePublished":"2023-08-25T17:32:36+00:00","breadcrumb":{"@id":"https:\/\/loginfo24.com\/pt-pt\/2023\/08\/25\/dachser-e-fercam-fundam-uma-joint-venture\/#breadcrumb"},"inLanguage":"pt-PT","potentialAction":[{"@type":"ReadAction","target":["https:\/\/loginfo24.com\/pt-pt\/2023\/08\/25\/dachser-e-fercam-fundam-uma-joint-venture\/"]}]},{"@type":"ImageObject","inLanguage":"pt-PT","@id":"https:\/\/loginfo24.com\/pt-pt\/2023\/08\/25\/dachser-e-fercam-fundam-uma-joint-venture\/#primaryimage","url":"https:\/\/loginfo24.com\/wp-content\/uploads\/sites\/7\/2025\/12\/Dachser_25.8.23.jpg","contentUrl":"https:\/\/loginfo24.com\/wp-content\/uploads\/sites\/7\/2025\/12\/Dachser_25.8.23.jpg","width":1259,"height":753},{"@type":"BreadcrumbList","@id":"https:\/\/loginfo24.com\/pt-pt\/2023\/08\/25\/dachser-e-fercam-fundam-uma-joint-venture\/#breadcrumb","itemListElement":[{"@type":"ListItem","position":1,"name":"Startseite","item":"https:\/\/loginfo24.com\/pt-pt\/"},{"@type":"ListItem","position":2,"name":"DACHSER e FERCAM fundam uma joint venture"}]},{"@type":"WebSite","@id":"https:\/\/loginfo24.com\/pt-pt\/#website","url":"https:\/\/loginfo24.com\/pt-pt\/","name":"Loginfo24","description":"Loginfo24 \u00e9 a plataforma dedicada \u00e0 log\u00edstica e \u00e0s cadeias de abastecimento, com informa\u00e7\u00f5es dispon\u00edveis 24 horas por dia.","publisher":{"@id":"https:\/\/loginfo24.com\/pt-pt\/#organization"},"potentialAction":[{"@type":"SearchAction","target":{"@type":"EntryPoint","urlTemplate":"https:\/\/loginfo24.com\/pt-pt\/?s={search_term_string}"},"query-input":{"@type":"PropertyValueSpecification","valueRequired":true,"valueName":"search_term_string"}}],"inLanguage":"pt-PT"},{"@type":"Organization","@id":"https:\/\/loginfo24.com\/pt-pt\/#organization","name":"Logismedia Group AG","url":"https:\/\/loginfo24.com\/pt-pt\/","logo":{"@type":"ImageObject","inLanguage":"pt-PT","@id":"https:\/\/loginfo24.com\/pt-pt\/#\/schema\/logo\/image\/","url":"https:\/\/loginfo24.com\/wp-content\/uploads\/sites\/7\/2026\/01\/Logo_LogInfo24.png","contentUrl":"https:\/\/loginfo24.com\/wp-content\/uploads\/sites\/7\/2026\/01\/Logo_LogInfo24.png","width":938,"height":351,"caption":"Logismedia Group AG"},"image":{"@id":"https:\/\/loginfo24.com\/pt-pt\/#\/schema\/logo\/image\/"},"sameAs":["https:\/\/www.facebook.com\/people\/Loginfo24\/100057360583332\/","https:\/\/www.linkedin.com\/company\/lofinfo24\/"]}]}},"_links":{"self":[{"href":"https:\/\/loginfo24.com\/pt-pt\/wp-json\/wp\/v2\/posts\/62452","targetHints":{"allow":["GET"]}}],"collection":[{"href":"https:\/\/loginfo24.com\/pt-pt\/wp-json\/wp\/v2\/posts"}],"about":[{"href":"https:\/\/loginfo24.com\/pt-pt\/wp-json\/wp\/v2\/types\/post"}],"replies":[{"embeddable":true,"href":"https:\/\/loginfo24.com\/pt-pt\/wp-json\/wp\/v2\/comments?post=62452"}],"version-history":[{"count":0,"href":"https:\/\/loginfo24.com\/pt-pt\/wp-json\/wp\/v2\/posts\/62452\/revisions"}],"wp:featuredmedia":[{"embeddable":true,"href":"https:\/\/loginfo24.com\/pt-pt\/wp-json\/wp\/v2\/media\/7685"}],"wp:attachment":[{"href":"https:\/\/loginfo24.com\/pt-pt\/wp-json\/wp\/v2\/media?parent=62452"}],"wp:term":[{"taxonomy":"category","embeddable":true,"href":"https:\/\/loginfo24.com\/pt-pt\/wp-json\/wp\/v2\/categories?post=62452"},{"taxonomy":"post_tag","embeddable":true,"href":"https:\/\/loginfo24.com\/pt-pt\/wp-json\/wp\/v2\/tags?post=62452"}],"curies":[{"name":"wp","href":"https:\/\/api.w.org\/{rel}","templated":true}]}}