{"id":62126,"date":"2023-07-31T19:11:36","date_gmt":"2023-07-31T17:11:36","guid":{"rendered":"https:\/\/blog.brand-architecture.at\/2023\/07\/31\/dra-julia-boppert-assume-a-presidencia-do-cluster-logistico-schwaben\/"},"modified":"2023-07-31T19:11:36","modified_gmt":"2023-07-31T17:11:36","slug":"dra-julia-boppert-assume-a-presidencia-do-cluster-logistico-schwaben","status":"publish","type":"post","link":"https:\/\/loginfo24.com\/pt-pt\/2023\/07\/31\/dra-julia-boppert-assume-a-presidencia-do-cluster-logistico-schwaben\/","title":{"rendered":"Dra. Julia Boppert assume a presid\u00eancia do Cluster Log\u00edstico Schwaben"},"content":{"rendered":"<h5><strong>No Logistik-Cluster Schwaben (LCS) e. V., os membros elegeram seu novo conselho. Com a sess\u00e3o constitutiva, as tarefas foram distribu\u00eddas: Dra. Julia Boppert assume a presid\u00eancia do conselho de oito membros do Logistik-Cluster Schwaben e. V.<\/strong><strong> Na 12\u00aa assembleia geral de membros na Grieshaber Logistik em Weingarten, 32 das atualmente 84 empresas membros estavam representadas.<\/strong><\/h5>\n<p>(Augsburg\/Weingarten) As elei\u00e7\u00f5es do conselho ocorreram online, com uma participa\u00e7\u00e3o superior a dois ter\u00e7os. Novos no conselho est\u00e3o Carsten Wachtendorf (AIS alfaplan GmbH), Peter Wachinger (Oskar Schunck GmbH), Simon Pfl\u00fcger (IHK Ulm), Julia Boppert (trilogIQa) e Johannes Birzele (Dachser SE). Jochen Wild (Max Wild GmbH), Peter St\u00f6ferle (IHK Schwaben) e Ralph Ehmann (IWL AG) continuam seu trabalho no conselho.<\/p>\n<p>Na sess\u00e3o constitutiva em 25 de julho de 2023, o \u00f3rg\u00e3o elegeu Julia Boppert como presidente. A equipe do conselho colocou os temas de digitaliza\u00e7\u00e3o, escassez de m\u00e3o de obra qualificada e resili\u00eancia das cadeias de suprimento no centro do trabalho da associa\u00e7\u00e3o. O foco est\u00e1 nos temas de IA e automa\u00e7\u00e3o, bem como na inicia\u00e7\u00e3o de coopera\u00e7\u00f5es adequadas entre empresas e startups.<\/p>\n<p>O conselho deseja fortalecer a localiza\u00e7\u00e3o log\u00edstica de Schwaben por meio de atividades direcionadas e melhor conectar todos os envolvidos ao longo da cadeia de suprimento. Uma an\u00e1lise das oportunidades e desafios, mas tamb\u00e9m dos riscos, deve levar a medidas adequadas.<\/p>\n<p>A primeira grande reuni\u00e3o de trabalho do conselho volunt\u00e1rio est\u00e1 prevista para 14 de setembro de 2023. Presidente Julia Boppert: &#8220;Como equipe do conselho, estamos firmemente determinados a acompanhar o processo de oportunidades em andamento de forma engajada, mas tamb\u00e9m com prud\u00eancia. Vamos concretizar nossas ideias e definir os primeiros passos para conectar o maior n\u00famero poss\u00edvel de empresas na associa\u00e7\u00e3o&#8221;.<\/p>\n<h5><strong>Uma mistura equilibrada de diferentes \u00e1reas da log\u00edstica<\/strong><\/h5>\n<p>Do conselho, foram despedidos Petra Engstler-Karrasch, Karen Klement, Ulrich Gruber e Petra Straub. Christian Schulz continua seu trabalho como auditor financeiro junto com J\u00fcrgen Fink, que substitui Christian Schober. A diretora executiva Ingrid Eibner: &#8220;Nossa nova equipe do conselho \u00e9 uma mistura equilibrada de diferentes \u00e1reas da log\u00edstica. Ela reflete a estrutura de nossos membros da associa\u00e7\u00e3o e re\u00fane uma diversidade de experi\u00eancias, habilidades e perspectivas. Com isso, estamos bem posicionados para fortalecer a log\u00edstica na regi\u00e3o de Schwaben&#8221;.<\/p>\n<p>Foto: \u00a9 Gisela Blaas \/ <strong><em>Legenda da imagem:<\/em><\/strong><em> O novo conselho do LCS da esquerda para a direita: Simon Pfl\u00fcger, Ralph Ehmann, Peter Wachinger, Johannes Birzele, Peter St\u00f6ferle, Jochen Wild e em primeiro plano Julia Boppert (presidente) e Carsten Wachtendorf (n\u00e3o na imagem).<\/em><\/p>\n","protected":false},"excerpt":{"rendered":"<p>No Logistik-Cluster Schwaben (LCS) e. V., os membros elegeram seu novo conselho. Com a sess\u00e3o constitutiva, as tarefas foram distribu\u00eddas: Dra. Julia Boppert assume a presid\u00eancia<span class=\"excerpt-hellip\"> [\u2026]<\/span><\/p>\n","protected":false},"author":0,"featured_media":7823,"comment_status":"open","ping_status":"open","sticky":false,"template":"","format":"standard","meta":{"_acf_changed":false,"footnotes":""},"categories":[1557,1561],"tags":[],"class_list":["post-62126","post","type-post","status-publish","format-standard","has-post-thumbnail","hentry","category-forwarding-logistics","category-regions"],"acf":[],"yoast_head":"<!-- This site is optimized with the Yoast SEO plugin v27.3 - https:\/\/yoast.com\/product\/yoast-seo-wordpress\/ -->\n<title>Dra. Julia Boppert assume a presid\u00eancia do Cluster Log\u00edstico Schwaben - Loginfo24<\/title>\n<meta name=\"robots\" content=\"index, follow, max-snippet:-1, max-image-preview:large, max-video-preview:-1\" \/>\n<link rel=\"canonical\" href=\"https:\/\/loginfo24.com\/pt-pt\/2023\/07\/31\/dra-julia-boppert-assume-a-presidencia-do-cluster-logistico-schwaben\/\" \/>\n<meta property=\"og:locale\" content=\"pt_PT\" \/>\n<meta property=\"og:type\" content=\"article\" \/>\n<meta property=\"og:title\" content=\"Dra. Julia Boppert assume a presid\u00eancia do Cluster Log\u00edstico Schwaben - Loginfo24\" \/>\n<meta property=\"og:description\" content=\"No Logistik-Cluster Schwaben (LCS) e. V., os membros elegeram seu novo conselho. Com a sess\u00e3o constitutiva, as tarefas foram distribu\u00eddas: Dra. Julia Boppert assume a presid\u00eancia [\u2026]\" \/>\n<meta property=\"og:url\" content=\"https:\/\/loginfo24.com\/pt-pt\/2023\/07\/31\/dra-julia-boppert-assume-a-presidencia-do-cluster-logistico-schwaben\/\" \/>\n<meta property=\"og:site_name\" content=\"Loginfo24\" \/>\n<meta property=\"article:publisher\" content=\"https:\/\/www.facebook.com\/people\/Loginfo24\/100057360583332\/\" \/>\n<meta property=\"article:published_time\" content=\"2023-07-31T17:11:36+00:00\" \/>\n<meta property=\"og:image\" content=\"https:\/\/loginfo24.com\/wp-content\/uploads\/sites\/7\/2025\/12\/Logistikcluster_Schwaben_31.7.23.jpg\" \/>\n\t<meta property=\"og:image:width\" content=\"1272\" \/>\n\t<meta property=\"og:image:height\" content=\"747\" \/>\n\t<meta property=\"og:image:type\" content=\"image\/jpeg\" \/>\n<meta name=\"twitter:card\" content=\"summary_large_image\" \/>\n<meta name=\"twitter:label1\" content=\"Tempo estimado de leitura\" \/>\n\t<meta name=\"twitter:data1\" content=\"2 minutos\" \/>\n<script type=\"application\/ld+json\" class=\"yoast-schema-graph\">{\"@context\":\"https:\\\/\\\/schema.org\",\"@graph\":[{\"@type\":\"Article\",\"@id\":\"https:\\\/\\\/loginfo24.com\\\/pt-pt\\\/2023\\\/07\\\/31\\\/dra-julia-boppert-assume-a-presidencia-do-cluster-logistico-schwaben\\\/#article\",\"isPartOf\":{\"@id\":\"https:\\\/\\\/loginfo24.com\\\/pt-pt\\\/2023\\\/07\\\/31\\\/dra-julia-boppert-assume-a-presidencia-do-cluster-logistico-schwaben\\\/\"},\"author\":{\"name\":\"\",\"@id\":\"\"},\"headline\":\"Dra. Julia Boppert assume a presid\u00eancia do Cluster Log\u00edstico Schwaben\",\"datePublished\":\"2023-07-31T17:11:36+00:00\",\"mainEntityOfPage\":{\"@id\":\"https:\\\/\\\/loginfo24.com\\\/pt-pt\\\/2023\\\/07\\\/31\\\/dra-julia-boppert-assume-a-presidencia-do-cluster-logistico-schwaben\\\/\"},\"wordCount\":452,\"commentCount\":0,\"publisher\":{\"@id\":\"https:\\\/\\\/loginfo24.com\\\/pt-pt\\\/#organization\"},\"image\":{\"@id\":\"https:\\\/\\\/loginfo24.com\\\/pt-pt\\\/2023\\\/07\\\/31\\\/dra-julia-boppert-assume-a-presidencia-do-cluster-logistico-schwaben\\\/#primaryimage\"},\"thumbnailUrl\":\"https:\\\/\\\/loginfo24.com\\\/wp-content\\\/uploads\\\/sites\\\/7\\\/2025\\\/12\\\/Logistikcluster_Schwaben_31.7.23.jpg\",\"articleSection\":[\"Forwarding &amp; Logistics\",\"Regions\"],\"inLanguage\":\"pt-PT\",\"potentialAction\":[{\"@type\":\"CommentAction\",\"name\":\"Comment\",\"target\":[\"https:\\\/\\\/loginfo24.com\\\/pt-pt\\\/2023\\\/07\\\/31\\\/dra-julia-boppert-assume-a-presidencia-do-cluster-logistico-schwaben\\\/#respond\"]}]},{\"@type\":\"WebPage\",\"@id\":\"https:\\\/\\\/loginfo24.com\\\/pt-pt\\\/2023\\\/07\\\/31\\\/dra-julia-boppert-assume-a-presidencia-do-cluster-logistico-schwaben\\\/\",\"url\":\"https:\\\/\\\/loginfo24.com\\\/pt-pt\\\/2023\\\/07\\\/31\\\/dra-julia-boppert-assume-a-presidencia-do-cluster-logistico-schwaben\\\/\",\"name\":\"Dra. Julia Boppert assume a presid\u00eancia do Cluster Log\u00edstico Schwaben - Loginfo24\",\"isPartOf\":{\"@id\":\"https:\\\/\\\/loginfo24.com\\\/pt-pt\\\/#website\"},\"primaryImageOfPage\":{\"@id\":\"https:\\\/\\\/loginfo24.com\\\/pt-pt\\\/2023\\\/07\\\/31\\\/dra-julia-boppert-assume-a-presidencia-do-cluster-logistico-schwaben\\\/#primaryimage\"},\"image\":{\"@id\":\"https:\\\/\\\/loginfo24.com\\\/pt-pt\\\/2023\\\/07\\\/31\\\/dra-julia-boppert-assume-a-presidencia-do-cluster-logistico-schwaben\\\/#primaryimage\"},\"thumbnailUrl\":\"https:\\\/\\\/loginfo24.com\\\/wp-content\\\/uploads\\\/sites\\\/7\\\/2025\\\/12\\\/Logistikcluster_Schwaben_31.7.23.jpg\",\"datePublished\":\"2023-07-31T17:11:36+00:00\",\"breadcrumb\":{\"@id\":\"https:\\\/\\\/loginfo24.com\\\/pt-pt\\\/2023\\\/07\\\/31\\\/dra-julia-boppert-assume-a-presidencia-do-cluster-logistico-schwaben\\\/#breadcrumb\"},\"inLanguage\":\"pt-PT\",\"potentialAction\":[{\"@type\":\"ReadAction\",\"target\":[\"https:\\\/\\\/loginfo24.com\\\/pt-pt\\\/2023\\\/07\\\/31\\\/dra-julia-boppert-assume-a-presidencia-do-cluster-logistico-schwaben\\\/\"]}]},{\"@type\":\"ImageObject\",\"inLanguage\":\"pt-PT\",\"@id\":\"https:\\\/\\\/loginfo24.com\\\/pt-pt\\\/2023\\\/07\\\/31\\\/dra-julia-boppert-assume-a-presidencia-do-cluster-logistico-schwaben\\\/#primaryimage\",\"url\":\"https:\\\/\\\/loginfo24.com\\\/wp-content\\\/uploads\\\/sites\\\/7\\\/2025\\\/12\\\/Logistikcluster_Schwaben_31.7.23.jpg\",\"contentUrl\":\"https:\\\/\\\/loginfo24.com\\\/wp-content\\\/uploads\\\/sites\\\/7\\\/2025\\\/12\\\/Logistikcluster_Schwaben_31.7.23.jpg\",\"width\":1272,\"height\":747},{\"@type\":\"BreadcrumbList\",\"@id\":\"https:\\\/\\\/loginfo24.com\\\/pt-pt\\\/2023\\\/07\\\/31\\\/dra-julia-boppert-assume-a-presidencia-do-cluster-logistico-schwaben\\\/#breadcrumb\",\"itemListElement\":[{\"@type\":\"ListItem\",\"position\":1,\"name\":\"Startseite\",\"item\":\"https:\\\/\\\/loginfo24.com\\\/pt-pt\\\/\"},{\"@type\":\"ListItem\",\"position\":2,\"name\":\"Dra. Julia Boppert assume a presid\u00eancia do Cluster Log\u00edstico Schwaben\"}]},{\"@type\":\"WebSite\",\"@id\":\"https:\\\/\\\/loginfo24.com\\\/pt-pt\\\/#website\",\"url\":\"https:\\\/\\\/loginfo24.com\\\/pt-pt\\\/\",\"name\":\"Loginfo24\",\"description\":\"Loginfo24 \u00e9 a plataforma dedicada \u00e0 log\u00edstica e \u00e0s cadeias de abastecimento, com informa\u00e7\u00f5es dispon\u00edveis 24 horas por dia.\",\"publisher\":{\"@id\":\"https:\\\/\\\/loginfo24.com\\\/pt-pt\\\/#organization\"},\"potentialAction\":[{\"@type\":\"SearchAction\",\"target\":{\"@type\":\"EntryPoint\",\"urlTemplate\":\"https:\\\/\\\/loginfo24.com\\\/pt-pt\\\/?s={search_term_string}\"},\"query-input\":{\"@type\":\"PropertyValueSpecification\",\"valueRequired\":true,\"valueName\":\"search_term_string\"}}],\"inLanguage\":\"pt-PT\"},{\"@type\":\"Organization\",\"@id\":\"https:\\\/\\\/loginfo24.com\\\/pt-pt\\\/#organization\",\"name\":\"Logismedia Group AG\",\"url\":\"https:\\\/\\\/loginfo24.com\\\/pt-pt\\\/\",\"logo\":{\"@type\":\"ImageObject\",\"inLanguage\":\"pt-PT\",\"@id\":\"https:\\\/\\\/loginfo24.com\\\/pt-pt\\\/#\\\/schema\\\/logo\\\/image\\\/\",\"url\":\"https:\\\/\\\/loginfo24.com\\\/wp-content\\\/uploads\\\/sites\\\/7\\\/2026\\\/01\\\/Logo_LogInfo24.png\",\"contentUrl\":\"https:\\\/\\\/loginfo24.com\\\/wp-content\\\/uploads\\\/sites\\\/7\\\/2026\\\/01\\\/Logo_LogInfo24.png\",\"width\":938,\"height\":351,\"caption\":\"Logismedia Group AG\"},\"image\":{\"@id\":\"https:\\\/\\\/loginfo24.com\\\/pt-pt\\\/#\\\/schema\\\/logo\\\/image\\\/\"},\"sameAs\":[\"https:\\\/\\\/www.facebook.com\\\/people\\\/Loginfo24\\\/100057360583332\\\/\",\"https:\\\/\\\/www.linkedin.com\\\/company\\\/lofinfo24\\\/\"]}]}<\/script>\n<!-- \/ Yoast SEO plugin. -->","yoast_head_json":{"title":"Dra. Julia Boppert assume a presid\u00eancia do Cluster Log\u00edstico Schwaben - Loginfo24","robots":{"index":"index","follow":"follow","max-snippet":"max-snippet:-1","max-image-preview":"max-image-preview:large","max-video-preview":"max-video-preview:-1"},"canonical":"https:\/\/loginfo24.com\/pt-pt\/2023\/07\/31\/dra-julia-boppert-assume-a-presidencia-do-cluster-logistico-schwaben\/","og_locale":"pt_PT","og_type":"article","og_title":"Dra. Julia Boppert assume a presid\u00eancia do Cluster Log\u00edstico Schwaben - Loginfo24","og_description":"No Logistik-Cluster Schwaben (LCS) e. V., os membros elegeram seu novo conselho. Com a sess\u00e3o constitutiva, as tarefas foram distribu\u00eddas: Dra. Julia Boppert assume a presid\u00eancia [\u2026]","og_url":"https:\/\/loginfo24.com\/pt-pt\/2023\/07\/31\/dra-julia-boppert-assume-a-presidencia-do-cluster-logistico-schwaben\/","og_site_name":"Loginfo24","article_publisher":"https:\/\/www.facebook.com\/people\/Loginfo24\/100057360583332\/","article_published_time":"2023-07-31T17:11:36+00:00","og_image":[{"width":1272,"height":747,"url":"https:\/\/loginfo24.com\/wp-content\/uploads\/sites\/7\/2025\/12\/Logistikcluster_Schwaben_31.7.23.jpg","type":"image\/jpeg"}],"twitter_card":"summary_large_image","twitter_misc":{"Tempo estimado de leitura":"2 minutos"},"schema":{"@context":"https:\/\/schema.org","@graph":[{"@type":"Article","@id":"https:\/\/loginfo24.com\/pt-pt\/2023\/07\/31\/dra-julia-boppert-assume-a-presidencia-do-cluster-logistico-schwaben\/#article","isPartOf":{"@id":"https:\/\/loginfo24.com\/pt-pt\/2023\/07\/31\/dra-julia-boppert-assume-a-presidencia-do-cluster-logistico-schwaben\/"},"author":{"name":"","@id":""},"headline":"Dra. Julia Boppert assume a presid\u00eancia do Cluster Log\u00edstico Schwaben","datePublished":"2023-07-31T17:11:36+00:00","mainEntityOfPage":{"@id":"https:\/\/loginfo24.com\/pt-pt\/2023\/07\/31\/dra-julia-boppert-assume-a-presidencia-do-cluster-logistico-schwaben\/"},"wordCount":452,"commentCount":0,"publisher":{"@id":"https:\/\/loginfo24.com\/pt-pt\/#organization"},"image":{"@id":"https:\/\/loginfo24.com\/pt-pt\/2023\/07\/31\/dra-julia-boppert-assume-a-presidencia-do-cluster-logistico-schwaben\/#primaryimage"},"thumbnailUrl":"https:\/\/loginfo24.com\/wp-content\/uploads\/sites\/7\/2025\/12\/Logistikcluster_Schwaben_31.7.23.jpg","articleSection":["Forwarding &amp; Logistics","Regions"],"inLanguage":"pt-PT","potentialAction":[{"@type":"CommentAction","name":"Comment","target":["https:\/\/loginfo24.com\/pt-pt\/2023\/07\/31\/dra-julia-boppert-assume-a-presidencia-do-cluster-logistico-schwaben\/#respond"]}]},{"@type":"WebPage","@id":"https:\/\/loginfo24.com\/pt-pt\/2023\/07\/31\/dra-julia-boppert-assume-a-presidencia-do-cluster-logistico-schwaben\/","url":"https:\/\/loginfo24.com\/pt-pt\/2023\/07\/31\/dra-julia-boppert-assume-a-presidencia-do-cluster-logistico-schwaben\/","name":"Dra. Julia Boppert assume a presid\u00eancia do Cluster Log\u00edstico Schwaben - Loginfo24","isPartOf":{"@id":"https:\/\/loginfo24.com\/pt-pt\/#website"},"primaryImageOfPage":{"@id":"https:\/\/loginfo24.com\/pt-pt\/2023\/07\/31\/dra-julia-boppert-assume-a-presidencia-do-cluster-logistico-schwaben\/#primaryimage"},"image":{"@id":"https:\/\/loginfo24.com\/pt-pt\/2023\/07\/31\/dra-julia-boppert-assume-a-presidencia-do-cluster-logistico-schwaben\/#primaryimage"},"thumbnailUrl":"https:\/\/loginfo24.com\/wp-content\/uploads\/sites\/7\/2025\/12\/Logistikcluster_Schwaben_31.7.23.jpg","datePublished":"2023-07-31T17:11:36+00:00","breadcrumb":{"@id":"https:\/\/loginfo24.com\/pt-pt\/2023\/07\/31\/dra-julia-boppert-assume-a-presidencia-do-cluster-logistico-schwaben\/#breadcrumb"},"inLanguage":"pt-PT","potentialAction":[{"@type":"ReadAction","target":["https:\/\/loginfo24.com\/pt-pt\/2023\/07\/31\/dra-julia-boppert-assume-a-presidencia-do-cluster-logistico-schwaben\/"]}]},{"@type":"ImageObject","inLanguage":"pt-PT","@id":"https:\/\/loginfo24.com\/pt-pt\/2023\/07\/31\/dra-julia-boppert-assume-a-presidencia-do-cluster-logistico-schwaben\/#primaryimage","url":"https:\/\/loginfo24.com\/wp-content\/uploads\/sites\/7\/2025\/12\/Logistikcluster_Schwaben_31.7.23.jpg","contentUrl":"https:\/\/loginfo24.com\/wp-content\/uploads\/sites\/7\/2025\/12\/Logistikcluster_Schwaben_31.7.23.jpg","width":1272,"height":747},{"@type":"BreadcrumbList","@id":"https:\/\/loginfo24.com\/pt-pt\/2023\/07\/31\/dra-julia-boppert-assume-a-presidencia-do-cluster-logistico-schwaben\/#breadcrumb","itemListElement":[{"@type":"ListItem","position":1,"name":"Startseite","item":"https:\/\/loginfo24.com\/pt-pt\/"},{"@type":"ListItem","position":2,"name":"Dra. Julia Boppert assume a presid\u00eancia do Cluster Log\u00edstico Schwaben"}]},{"@type":"WebSite","@id":"https:\/\/loginfo24.com\/pt-pt\/#website","url":"https:\/\/loginfo24.com\/pt-pt\/","name":"Loginfo24","description":"Loginfo24 \u00e9 a plataforma dedicada \u00e0 log\u00edstica e \u00e0s cadeias de abastecimento, com informa\u00e7\u00f5es dispon\u00edveis 24 horas por dia.","publisher":{"@id":"https:\/\/loginfo24.com\/pt-pt\/#organization"},"potentialAction":[{"@type":"SearchAction","target":{"@type":"EntryPoint","urlTemplate":"https:\/\/loginfo24.com\/pt-pt\/?s={search_term_string}"},"query-input":{"@type":"PropertyValueSpecification","valueRequired":true,"valueName":"search_term_string"}}],"inLanguage":"pt-PT"},{"@type":"Organization","@id":"https:\/\/loginfo24.com\/pt-pt\/#organization","name":"Logismedia Group AG","url":"https:\/\/loginfo24.com\/pt-pt\/","logo":{"@type":"ImageObject","inLanguage":"pt-PT","@id":"https:\/\/loginfo24.com\/pt-pt\/#\/schema\/logo\/image\/","url":"https:\/\/loginfo24.com\/wp-content\/uploads\/sites\/7\/2026\/01\/Logo_LogInfo24.png","contentUrl":"https:\/\/loginfo24.com\/wp-content\/uploads\/sites\/7\/2026\/01\/Logo_LogInfo24.png","width":938,"height":351,"caption":"Logismedia Group AG"},"image":{"@id":"https:\/\/loginfo24.com\/pt-pt\/#\/schema\/logo\/image\/"},"sameAs":["https:\/\/www.facebook.com\/people\/Loginfo24\/100057360583332\/","https:\/\/www.linkedin.com\/company\/lofinfo24\/"]}]}},"_links":{"self":[{"href":"https:\/\/loginfo24.com\/pt-pt\/wp-json\/wp\/v2\/posts\/62126","targetHints":{"allow":["GET"]}}],"collection":[{"href":"https:\/\/loginfo24.com\/pt-pt\/wp-json\/wp\/v2\/posts"}],"about":[{"href":"https:\/\/loginfo24.com\/pt-pt\/wp-json\/wp\/v2\/types\/post"}],"replies":[{"embeddable":true,"href":"https:\/\/loginfo24.com\/pt-pt\/wp-json\/wp\/v2\/comments?post=62126"}],"version-history":[{"count":0,"href":"https:\/\/loginfo24.com\/pt-pt\/wp-json\/wp\/v2\/posts\/62126\/revisions"}],"wp:featuredmedia":[{"embeddable":true,"href":"https:\/\/loginfo24.com\/pt-pt\/wp-json\/wp\/v2\/media\/7823"}],"wp:attachment":[{"href":"https:\/\/loginfo24.com\/pt-pt\/wp-json\/wp\/v2\/media?parent=62126"}],"wp:term":[{"taxonomy":"category","embeddable":true,"href":"https:\/\/loginfo24.com\/pt-pt\/wp-json\/wp\/v2\/categories?post=62126"},{"taxonomy":"post_tag","embeddable":true,"href":"https:\/\/loginfo24.com\/pt-pt\/wp-json\/wp\/v2\/tags?post=62126"}],"curies":[{"name":"wp","href":"https:\/\/api.w.org\/{rel}","templated":true}]}}