{"id":61760,"date":"2023-06-21T15:57:17","date_gmt":"2023-06-21T13:57:17","guid":{"rendered":"https:\/\/blog.brand-architecture.at\/2023\/06\/21\/vdr-recebe-18-principais-nacoes-maritimas-do-mundo-em-berlim\/"},"modified":"2023-06-21T15:57:17","modified_gmt":"2023-06-21T13:57:17","slug":"vdr-recebe-18-principais-nacoes-maritimas-do-mundo-em-berlim","status":"publish","type":"post","link":"https:\/\/loginfo24.com\/pt-pt\/2023\/06\/21\/vdr-recebe-18-principais-nacoes-maritimas-do-mundo-em-berlim\/","title":{"rendered":"VDR recebe 18 principais na\u00e7\u00f5es mar\u00edtimas do mundo em Berlim"},"content":{"rendered":"<h5>Seeluft zog durch die deutsche Hauptstadt Berlin, als der Verband Deutscher Reeder (VDR) zusammen mit dem internationalen Reederverband International Chamber of Shipping (ICS) Vertreter der 18 wichtigsten Schifffahrtsnationen dieser Welt in Berlin begru\u0308\u00dfte.<\/h5>\n<p>(Hamburg\/Berlin) Sem transporte mar\u00edtimo, nada funciona \u2013 esse \u00e9 o tom das discuss\u00f5es entre representantes de estados e l\u00edderes da ind\u00fastria. &#8220;Particularmente em tempos de crises, guerras e tens\u00f5es geopol\u00edticas, \u00e9 crucial garantir a funcionalidade do transporte mar\u00edtimo, que \u00e9 t\u00e3o importante para o com\u00e9rcio internacional e para os estados-na\u00e7\u00e3o&#8221;, diz a chefe da delega\u00e7\u00e3o da ind\u00fastria mar\u00edtima, Caroline Yang, vice-presidente da ICS e presidente da associa\u00e7\u00e3o de armadores de Cingapura. Esta \u00e9 uma das li\u00e7\u00f5es que os participantes da confer\u00eancia em Berlim tiraram das experi\u00eancias dos \u00faltimos anos da pandemia e da guerra na Ucr\u00e2nia.<\/p>\n<p>&#8220;N\u00e3o se pode enfatizar o suficiente que \u00e9 o transporte mar\u00edtimo que possibilita a vida moderna de nossas sociedades complexas e rela\u00e7\u00f5es comerciais&#8221;, acrescenta Gaby Bornheim, presidente do Verband Deutscher Reeder.<\/p>\n<h5><strong>Sem transporte mar\u00edtimo, sem compras!<\/strong><\/h5>\n<p>&#8220;Sem o transporte mar\u00edtimo, n\u00e3o haveria troca de bens de consumo, mat\u00e9rias-primas ou energia no mundo. Sem o transporte mar\u00edtimo, congelar\u00edamos no inverno, pois o g\u00e1s do exterior n\u00e3o poderia chegar at\u00e9 n\u00f3s. Ter\u00edamos que abrir m\u00e3o de grande parte dos bens de consumo que amamos. Tamb\u00e9m n\u00e3o poder\u00edamos construir turbinas e\u00f3licas e baterias para a transi\u00e7\u00e3o energ\u00e9tica, pois nos faltariam as mat\u00e9rias-primas&#8221;, diz Bornheim.<\/p>\n<p>O transporte mar\u00edtimo hoje transporta cerca de 90% de todas as mercadorias no mundo. Somente na Alemanha, cerca de 60% de todas as importa\u00e7\u00f5es e exporta\u00e7\u00f5es ocorrem por via mar\u00edtima. A frota comercial alem\u00e3, com cerca de 1.900 navios, \u00e9 uma das maiores do mundo. &#8220;Muitas vezes se esquece que s\u00e3o os navios alem\u00e3es que, no com\u00e9rcio mar\u00edtimo, ditam o tom internacionalmente&#8221;, acrescenta Martin Kr\u00f6ger, diretor executivo da importante associa\u00e7\u00e3o econ\u00f4mica VDR. &#8220;A partir da Alemanha, a maior frota de navios porta-cont\u00eaineres do mundo \u00e9 operada. A Alemanha \u00e9, portanto, uma das maiores na\u00e7\u00f5es mar\u00edtimas do mundo. Para a Alemanha, isso \u00e9 um enorme ativo, pois as empresas de navega\u00e7\u00e3o alem\u00e3s garantem a lideran\u00e7a global do nosso pa\u00eds em um dos setores industriais e de servi\u00e7os mais estrat\u00e9gicos do mundo&#8221;, diz Kr\u00f6ger.<\/p>\n<p>Os participantes da confer\u00eancia vieram de v\u00e1rias partes do mundo e concordaram que, al\u00e9m da transforma\u00e7\u00e3o do transporte mar\u00edtimo em um meio de transporte neutro em carbono, a funcionalidade do transporte mar\u00edtimo, das rotas comerciais mar\u00edtimas e a liberdade dos mares precisam ser urgentemente protegidas e mantidas.<\/p>\n<h5>Interesse em uma forte frota comercial alem\u00e3<\/h5>\n<p>&#8220;Quando olhamos para os interesses alem\u00e3es no concerto dos locais de neg\u00f3cios internacionais, vemos que precisamos de um local de transporte mar\u00edtimo competitivo, que se destaque na dura concorr\u00eancia internacional&#8221;, explica Martin Kr\u00f6ger. &#8220;Temos um interesse vital na Alemanha em uma forte frota comercial alem\u00e3, que seja operada a partir da Alemanha&#8221;, diz Kr\u00f6ger.<\/p>\n<p>A presidente Bornheim acrescenta: &#8220;Exigimos que o governo federal tamb\u00e9m mantenha um olhar atento sobre a concorr\u00eancia no exterior. Existem muitos locais que competem pela prefer\u00eancia das empresas de navega\u00e7\u00e3o alem\u00e3s. A concorr\u00eancia no exterior n\u00e3o dorme, por isso \u00e9 importante que a Alemanha, atrav\u00e9s da manuten\u00e7\u00e3o e, onde necess\u00e1rio, da expans\u00e3o de suas condi\u00e7\u00f5es estruturais, continue a ser um local de transporte mar\u00edtimo atraente a longo prazo&#8221;.<\/p>\n<p>Poucos dias antes da pr\u00f3xima importante reuni\u00e3o do comit\u00ea ambiental da Organiza\u00e7\u00e3o Mar\u00edtima Internacional (IMO) em Londres, onde a estrat\u00e9gia de gases de efeito estufa para o transporte mar\u00edtimo deve ser revisada, a transforma\u00e7\u00e3o do transporte mar\u00edtimo tamb\u00e9m foi discutida intensamente na reuni\u00e3o de Berlim.<\/p>\n<p>&#8220;A ind\u00fastria mar\u00edtima j\u00e1 expressou seu compromisso com uma maior proatividade na prote\u00e7\u00e3o clim\u00e1tica. Queremos operar nossos navios de forma neutra em carbono at\u00e9 2050. Esperamos que os estados tamb\u00e9m apoiem essa dire\u00e7\u00e3o na reuni\u00e3o do MEPC&#8221;, explica a vice-presidente da ICS, Caroline Yang.<\/p>\n<h5>O transporte mar\u00edtimo alem\u00e3o representa qualidade e confiabilidade<\/h5>\n<p>&#8220;O transporte mar\u00edtimo alem\u00e3o representa qualidade e confiabilidade, inova\u00e7\u00e3o, neutralidade clim\u00e1tica at\u00e9 2050 e prote\u00e7\u00e3o dos espa\u00e7os marinhos que utiliza para suas atividades econ\u00f4micas&#8221;, acrescenta Bornheim. &#8220;No entanto, a velocidade da transi\u00e7\u00e3o energ\u00e9tica no transporte mar\u00edtimo ser\u00e1, em \u00faltima an\u00e1lise, determinada pela disponibilidade de energia renov\u00e1vel e hidrog\u00eanio verde, bem como pela velocidade de expans\u00e3o das capacidades de produ\u00e7\u00e3o de combust\u00edveis alternativos. A ascens\u00e3o do mercado em condi\u00e7\u00f5es competitivas requer um quadro jur\u00eddico global e consistente, que ofere\u00e7a tanto aos fornecedores de energia e combust\u00edveis quanto \u00e0 ind\u00fastria mar\u00edtima a necess\u00e1ria seguran\u00e7a de planejamento e investimento&#8221;, enfatiza a presidente do VDR.<\/p>\n<blockquote><p><em>Nos dias 19 e 20 de junho de 2023, a &#8220;Consultative Shipping Group \u2013 CSG&#8221; se reuniu em Berlim com a Associa\u00e7\u00e3o Internacional de Armadores ICS, alguns de seus sindicatos membros, incluindo a Associa\u00e7\u00e3o de Armadores Alem\u00e3es. O CSG \u00e9 composto por 18 pa\u00edses da Europa e \u00c1sia, al\u00e9m do Canad\u00e1, que seguem os mesmos valores e princ\u00edpios de acesso aberto e irrestrito aos mercados mar\u00edtimos internacionais. A principal tarefa do CSG, que se re\u00fane anualmente, \u00e9 monitorar medidas discriminat\u00f3rias, restritivas ou unilaterais no setor mar\u00edtimo. Em setembro de 2007, a Dinamarca assumiu a presid\u00eancia e a fun\u00e7\u00e3o de secretariado do CSG.<\/em><\/p><\/blockquote>\n<p>Foto: \u00a9 Loginfo24<\/p>\n","protected":false},"excerpt":{"rendered":"<p>Seeluft zog durch die deutsche Hauptstadt Berlin, als der Verband Deutscher Reeder (VDR) zusammen mit dem internationalen Reederverband International Chamber of Shipping (ICS) Vertreter der 18<span class=\"excerpt-hellip\"> [\u2026]<\/span><\/p>\n","protected":false},"author":0,"featured_media":7997,"comment_status":"open","ping_status":"open","sticky":false,"template":"","format":"standard","meta":{"_acf_changed":false,"footnotes":""},"categories":[1557,1561,1559],"tags":[],"class_list":["post-61760","post","type-post","status-publish","format-standard","has-post-thumbnail","hentry","category-forwarding-logistics","category-regions","category-shipping-ports"],"acf":[],"yoast_head":"<!-- This site is optimized with the Yoast SEO plugin v27.3 - https:\/\/yoast.com\/product\/yoast-seo-wordpress\/ -->\n<title>VDR recebe 18 principais na\u00e7\u00f5es mar\u00edtimas do mundo em Berlim - Loginfo24<\/title>\n<meta name=\"robots\" content=\"index, follow, max-snippet:-1, max-image-preview:large, max-video-preview:-1\" \/>\n<link rel=\"canonical\" href=\"https:\/\/loginfo24.com\/pt-pt\/2023\/06\/21\/vdr-recebe-18-principais-nacoes-maritimas-do-mundo-em-berlim\/\" \/>\n<meta property=\"og:locale\" content=\"pt_PT\" \/>\n<meta property=\"og:type\" content=\"article\" \/>\n<meta property=\"og:title\" content=\"VDR recebe 18 principais na\u00e7\u00f5es mar\u00edtimas do mundo em Berlim - Loginfo24\" \/>\n<meta property=\"og:description\" content=\"Seeluft zog durch die deutsche Hauptstadt Berlin, als der Verband Deutscher Reeder (VDR) zusammen mit dem internationalen Reederverband International Chamber of Shipping (ICS) Vertreter der 18 [\u2026]\" \/>\n<meta property=\"og:url\" content=\"https:\/\/loginfo24.com\/pt-pt\/2023\/06\/21\/vdr-recebe-18-principais-nacoes-maritimas-do-mundo-em-berlim\/\" \/>\n<meta property=\"og:site_name\" content=\"Loginfo24\" \/>\n<meta property=\"article:publisher\" content=\"https:\/\/www.facebook.com\/people\/Loginfo24\/100057360583332\/\" \/>\n<meta property=\"article:published_time\" content=\"2023-06-21T13:57:17+00:00\" \/>\n<meta property=\"og:image\" content=\"https:\/\/loginfo24.com\/wp-content\/uploads\/sites\/7\/2025\/12\/Schiff_Container_1-4.jpg\" \/>\n\t<meta property=\"og:image:width\" content=\"1901\" \/>\n\t<meta property=\"og:image:height\" content=\"898\" \/>\n\t<meta property=\"og:image:type\" content=\"image\/jpeg\" \/>\n<meta name=\"twitter:card\" content=\"summary_large_image\" \/>\n<meta name=\"twitter:label1\" content=\"Tempo estimado de leitura\" \/>\n\t<meta name=\"twitter:data1\" content=\"5 minutos\" \/>\n<script type=\"application\/ld+json\" class=\"yoast-schema-graph\">{\"@context\":\"https:\\\/\\\/schema.org\",\"@graph\":[{\"@type\":\"Article\",\"@id\":\"https:\\\/\\\/loginfo24.com\\\/pt-pt\\\/2023\\\/06\\\/21\\\/vdr-recebe-18-principais-nacoes-maritimas-do-mundo-em-berlim\\\/#article\",\"isPartOf\":{\"@id\":\"https:\\\/\\\/loginfo24.com\\\/pt-pt\\\/2023\\\/06\\\/21\\\/vdr-recebe-18-principais-nacoes-maritimas-do-mundo-em-berlim\\\/\"},\"author\":{\"name\":\"\",\"@id\":\"\"},\"headline\":\"VDR recebe 18 principais na\u00e7\u00f5es mar\u00edtimas do mundo em Berlim\",\"datePublished\":\"2023-06-21T13:57:17+00:00\",\"mainEntityOfPage\":{\"@id\":\"https:\\\/\\\/loginfo24.com\\\/pt-pt\\\/2023\\\/06\\\/21\\\/vdr-recebe-18-principais-nacoes-maritimas-do-mundo-em-berlim\\\/\"},\"wordCount\":970,\"commentCount\":0,\"publisher\":{\"@id\":\"https:\\\/\\\/loginfo24.com\\\/pt-pt\\\/#organization\"},\"image\":{\"@id\":\"https:\\\/\\\/loginfo24.com\\\/pt-pt\\\/2023\\\/06\\\/21\\\/vdr-recebe-18-principais-nacoes-maritimas-do-mundo-em-berlim\\\/#primaryimage\"},\"thumbnailUrl\":\"https:\\\/\\\/loginfo24.com\\\/wp-content\\\/uploads\\\/sites\\\/7\\\/2025\\\/12\\\/Schiff_Container_1-4.jpg\",\"articleSection\":[\"Forwarding &amp; Logistics\",\"Regions\",\"Shipping &amp; Ports\"],\"inLanguage\":\"pt-PT\",\"potentialAction\":[{\"@type\":\"CommentAction\",\"name\":\"Comment\",\"target\":[\"https:\\\/\\\/loginfo24.com\\\/pt-pt\\\/2023\\\/06\\\/21\\\/vdr-recebe-18-principais-nacoes-maritimas-do-mundo-em-berlim\\\/#respond\"]}]},{\"@type\":\"WebPage\",\"@id\":\"https:\\\/\\\/loginfo24.com\\\/pt-pt\\\/2023\\\/06\\\/21\\\/vdr-recebe-18-principais-nacoes-maritimas-do-mundo-em-berlim\\\/\",\"url\":\"https:\\\/\\\/loginfo24.com\\\/pt-pt\\\/2023\\\/06\\\/21\\\/vdr-recebe-18-principais-nacoes-maritimas-do-mundo-em-berlim\\\/\",\"name\":\"VDR recebe 18 principais na\u00e7\u00f5es mar\u00edtimas do mundo em Berlim - Loginfo24\",\"isPartOf\":{\"@id\":\"https:\\\/\\\/loginfo24.com\\\/pt-pt\\\/#website\"},\"primaryImageOfPage\":{\"@id\":\"https:\\\/\\\/loginfo24.com\\\/pt-pt\\\/2023\\\/06\\\/21\\\/vdr-recebe-18-principais-nacoes-maritimas-do-mundo-em-berlim\\\/#primaryimage\"},\"image\":{\"@id\":\"https:\\\/\\\/loginfo24.com\\\/pt-pt\\\/2023\\\/06\\\/21\\\/vdr-recebe-18-principais-nacoes-maritimas-do-mundo-em-berlim\\\/#primaryimage\"},\"thumbnailUrl\":\"https:\\\/\\\/loginfo24.com\\\/wp-content\\\/uploads\\\/sites\\\/7\\\/2025\\\/12\\\/Schiff_Container_1-4.jpg\",\"datePublished\":\"2023-06-21T13:57:17+00:00\",\"breadcrumb\":{\"@id\":\"https:\\\/\\\/loginfo24.com\\\/pt-pt\\\/2023\\\/06\\\/21\\\/vdr-recebe-18-principais-nacoes-maritimas-do-mundo-em-berlim\\\/#breadcrumb\"},\"inLanguage\":\"pt-PT\",\"potentialAction\":[{\"@type\":\"ReadAction\",\"target\":[\"https:\\\/\\\/loginfo24.com\\\/pt-pt\\\/2023\\\/06\\\/21\\\/vdr-recebe-18-principais-nacoes-maritimas-do-mundo-em-berlim\\\/\"]}]},{\"@type\":\"ImageObject\",\"inLanguage\":\"pt-PT\",\"@id\":\"https:\\\/\\\/loginfo24.com\\\/pt-pt\\\/2023\\\/06\\\/21\\\/vdr-recebe-18-principais-nacoes-maritimas-do-mundo-em-berlim\\\/#primaryimage\",\"url\":\"https:\\\/\\\/loginfo24.com\\\/wp-content\\\/uploads\\\/sites\\\/7\\\/2025\\\/12\\\/Schiff_Container_1-4.jpg\",\"contentUrl\":\"https:\\\/\\\/loginfo24.com\\\/wp-content\\\/uploads\\\/sites\\\/7\\\/2025\\\/12\\\/Schiff_Container_1-4.jpg\",\"width\":1901,\"height\":898},{\"@type\":\"BreadcrumbList\",\"@id\":\"https:\\\/\\\/loginfo24.com\\\/pt-pt\\\/2023\\\/06\\\/21\\\/vdr-recebe-18-principais-nacoes-maritimas-do-mundo-em-berlim\\\/#breadcrumb\",\"itemListElement\":[{\"@type\":\"ListItem\",\"position\":1,\"name\":\"Startseite\",\"item\":\"https:\\\/\\\/loginfo24.com\\\/pt-pt\\\/\"},{\"@type\":\"ListItem\",\"position\":2,\"name\":\"VDR recebe 18 principais na\u00e7\u00f5es mar\u00edtimas do mundo em Berlim\"}]},{\"@type\":\"WebSite\",\"@id\":\"https:\\\/\\\/loginfo24.com\\\/pt-pt\\\/#website\",\"url\":\"https:\\\/\\\/loginfo24.com\\\/pt-pt\\\/\",\"name\":\"Loginfo24\",\"description\":\"Loginfo24 \u00e9 a plataforma dedicada \u00e0 log\u00edstica e \u00e0s cadeias de abastecimento, com informa\u00e7\u00f5es dispon\u00edveis 24 horas por dia.\",\"publisher\":{\"@id\":\"https:\\\/\\\/loginfo24.com\\\/pt-pt\\\/#organization\"},\"potentialAction\":[{\"@type\":\"SearchAction\",\"target\":{\"@type\":\"EntryPoint\",\"urlTemplate\":\"https:\\\/\\\/loginfo24.com\\\/pt-pt\\\/?s={search_term_string}\"},\"query-input\":{\"@type\":\"PropertyValueSpecification\",\"valueRequired\":true,\"valueName\":\"search_term_string\"}}],\"inLanguage\":\"pt-PT\"},{\"@type\":\"Organization\",\"@id\":\"https:\\\/\\\/loginfo24.com\\\/pt-pt\\\/#organization\",\"name\":\"Logismedia Group AG\",\"url\":\"https:\\\/\\\/loginfo24.com\\\/pt-pt\\\/\",\"logo\":{\"@type\":\"ImageObject\",\"inLanguage\":\"pt-PT\",\"@id\":\"https:\\\/\\\/loginfo24.com\\\/pt-pt\\\/#\\\/schema\\\/logo\\\/image\\\/\",\"url\":\"https:\\\/\\\/loginfo24.com\\\/wp-content\\\/uploads\\\/sites\\\/7\\\/2026\\\/01\\\/Logo_LogInfo24.png\",\"contentUrl\":\"https:\\\/\\\/loginfo24.com\\\/wp-content\\\/uploads\\\/sites\\\/7\\\/2026\\\/01\\\/Logo_LogInfo24.png\",\"width\":938,\"height\":351,\"caption\":\"Logismedia Group AG\"},\"image\":{\"@id\":\"https:\\\/\\\/loginfo24.com\\\/pt-pt\\\/#\\\/schema\\\/logo\\\/image\\\/\"},\"sameAs\":[\"https:\\\/\\\/www.facebook.com\\\/people\\\/Loginfo24\\\/100057360583332\\\/\",\"https:\\\/\\\/www.linkedin.com\\\/company\\\/lofinfo24\\\/\"]}]}<\/script>\n<!-- \/ Yoast SEO plugin. -->","yoast_head_json":{"title":"VDR recebe 18 principais na\u00e7\u00f5es mar\u00edtimas do mundo em Berlim - Loginfo24","robots":{"index":"index","follow":"follow","max-snippet":"max-snippet:-1","max-image-preview":"max-image-preview:large","max-video-preview":"max-video-preview:-1"},"canonical":"https:\/\/loginfo24.com\/pt-pt\/2023\/06\/21\/vdr-recebe-18-principais-nacoes-maritimas-do-mundo-em-berlim\/","og_locale":"pt_PT","og_type":"article","og_title":"VDR recebe 18 principais na\u00e7\u00f5es mar\u00edtimas do mundo em Berlim - Loginfo24","og_description":"Seeluft zog durch die deutsche Hauptstadt Berlin, als der Verband Deutscher Reeder (VDR) zusammen mit dem internationalen Reederverband International Chamber of Shipping (ICS) Vertreter der 18 [\u2026]","og_url":"https:\/\/loginfo24.com\/pt-pt\/2023\/06\/21\/vdr-recebe-18-principais-nacoes-maritimas-do-mundo-em-berlim\/","og_site_name":"Loginfo24","article_publisher":"https:\/\/www.facebook.com\/people\/Loginfo24\/100057360583332\/","article_published_time":"2023-06-21T13:57:17+00:00","og_image":[{"width":1901,"height":898,"url":"https:\/\/loginfo24.com\/wp-content\/uploads\/sites\/7\/2025\/12\/Schiff_Container_1-4.jpg","type":"image\/jpeg"}],"twitter_card":"summary_large_image","twitter_misc":{"Tempo estimado de leitura":"5 minutos"},"schema":{"@context":"https:\/\/schema.org","@graph":[{"@type":"Article","@id":"https:\/\/loginfo24.com\/pt-pt\/2023\/06\/21\/vdr-recebe-18-principais-nacoes-maritimas-do-mundo-em-berlim\/#article","isPartOf":{"@id":"https:\/\/loginfo24.com\/pt-pt\/2023\/06\/21\/vdr-recebe-18-principais-nacoes-maritimas-do-mundo-em-berlim\/"},"author":{"name":"","@id":""},"headline":"VDR recebe 18 principais na\u00e7\u00f5es mar\u00edtimas do mundo em Berlim","datePublished":"2023-06-21T13:57:17+00:00","mainEntityOfPage":{"@id":"https:\/\/loginfo24.com\/pt-pt\/2023\/06\/21\/vdr-recebe-18-principais-nacoes-maritimas-do-mundo-em-berlim\/"},"wordCount":970,"commentCount":0,"publisher":{"@id":"https:\/\/loginfo24.com\/pt-pt\/#organization"},"image":{"@id":"https:\/\/loginfo24.com\/pt-pt\/2023\/06\/21\/vdr-recebe-18-principais-nacoes-maritimas-do-mundo-em-berlim\/#primaryimage"},"thumbnailUrl":"https:\/\/loginfo24.com\/wp-content\/uploads\/sites\/7\/2025\/12\/Schiff_Container_1-4.jpg","articleSection":["Forwarding &amp; Logistics","Regions","Shipping &amp; Ports"],"inLanguage":"pt-PT","potentialAction":[{"@type":"CommentAction","name":"Comment","target":["https:\/\/loginfo24.com\/pt-pt\/2023\/06\/21\/vdr-recebe-18-principais-nacoes-maritimas-do-mundo-em-berlim\/#respond"]}]},{"@type":"WebPage","@id":"https:\/\/loginfo24.com\/pt-pt\/2023\/06\/21\/vdr-recebe-18-principais-nacoes-maritimas-do-mundo-em-berlim\/","url":"https:\/\/loginfo24.com\/pt-pt\/2023\/06\/21\/vdr-recebe-18-principais-nacoes-maritimas-do-mundo-em-berlim\/","name":"VDR recebe 18 principais na\u00e7\u00f5es mar\u00edtimas do mundo em Berlim - Loginfo24","isPartOf":{"@id":"https:\/\/loginfo24.com\/pt-pt\/#website"},"primaryImageOfPage":{"@id":"https:\/\/loginfo24.com\/pt-pt\/2023\/06\/21\/vdr-recebe-18-principais-nacoes-maritimas-do-mundo-em-berlim\/#primaryimage"},"image":{"@id":"https:\/\/loginfo24.com\/pt-pt\/2023\/06\/21\/vdr-recebe-18-principais-nacoes-maritimas-do-mundo-em-berlim\/#primaryimage"},"thumbnailUrl":"https:\/\/loginfo24.com\/wp-content\/uploads\/sites\/7\/2025\/12\/Schiff_Container_1-4.jpg","datePublished":"2023-06-21T13:57:17+00:00","breadcrumb":{"@id":"https:\/\/loginfo24.com\/pt-pt\/2023\/06\/21\/vdr-recebe-18-principais-nacoes-maritimas-do-mundo-em-berlim\/#breadcrumb"},"inLanguage":"pt-PT","potentialAction":[{"@type":"ReadAction","target":["https:\/\/loginfo24.com\/pt-pt\/2023\/06\/21\/vdr-recebe-18-principais-nacoes-maritimas-do-mundo-em-berlim\/"]}]},{"@type":"ImageObject","inLanguage":"pt-PT","@id":"https:\/\/loginfo24.com\/pt-pt\/2023\/06\/21\/vdr-recebe-18-principais-nacoes-maritimas-do-mundo-em-berlim\/#primaryimage","url":"https:\/\/loginfo24.com\/wp-content\/uploads\/sites\/7\/2025\/12\/Schiff_Container_1-4.jpg","contentUrl":"https:\/\/loginfo24.com\/wp-content\/uploads\/sites\/7\/2025\/12\/Schiff_Container_1-4.jpg","width":1901,"height":898},{"@type":"BreadcrumbList","@id":"https:\/\/loginfo24.com\/pt-pt\/2023\/06\/21\/vdr-recebe-18-principais-nacoes-maritimas-do-mundo-em-berlim\/#breadcrumb","itemListElement":[{"@type":"ListItem","position":1,"name":"Startseite","item":"https:\/\/loginfo24.com\/pt-pt\/"},{"@type":"ListItem","position":2,"name":"VDR recebe 18 principais na\u00e7\u00f5es mar\u00edtimas do mundo em Berlim"}]},{"@type":"WebSite","@id":"https:\/\/loginfo24.com\/pt-pt\/#website","url":"https:\/\/loginfo24.com\/pt-pt\/","name":"Loginfo24","description":"Loginfo24 \u00e9 a plataforma dedicada \u00e0 log\u00edstica e \u00e0s cadeias de abastecimento, com informa\u00e7\u00f5es dispon\u00edveis 24 horas por dia.","publisher":{"@id":"https:\/\/loginfo24.com\/pt-pt\/#organization"},"potentialAction":[{"@type":"SearchAction","target":{"@type":"EntryPoint","urlTemplate":"https:\/\/loginfo24.com\/pt-pt\/?s={search_term_string}"},"query-input":{"@type":"PropertyValueSpecification","valueRequired":true,"valueName":"search_term_string"}}],"inLanguage":"pt-PT"},{"@type":"Organization","@id":"https:\/\/loginfo24.com\/pt-pt\/#organization","name":"Logismedia Group AG","url":"https:\/\/loginfo24.com\/pt-pt\/","logo":{"@type":"ImageObject","inLanguage":"pt-PT","@id":"https:\/\/loginfo24.com\/pt-pt\/#\/schema\/logo\/image\/","url":"https:\/\/loginfo24.com\/wp-content\/uploads\/sites\/7\/2026\/01\/Logo_LogInfo24.png","contentUrl":"https:\/\/loginfo24.com\/wp-content\/uploads\/sites\/7\/2026\/01\/Logo_LogInfo24.png","width":938,"height":351,"caption":"Logismedia Group AG"},"image":{"@id":"https:\/\/loginfo24.com\/pt-pt\/#\/schema\/logo\/image\/"},"sameAs":["https:\/\/www.facebook.com\/people\/Loginfo24\/100057360583332\/","https:\/\/www.linkedin.com\/company\/lofinfo24\/"]}]}},"_links":{"self":[{"href":"https:\/\/loginfo24.com\/pt-pt\/wp-json\/wp\/v2\/posts\/61760","targetHints":{"allow":["GET"]}}],"collection":[{"href":"https:\/\/loginfo24.com\/pt-pt\/wp-json\/wp\/v2\/posts"}],"about":[{"href":"https:\/\/loginfo24.com\/pt-pt\/wp-json\/wp\/v2\/types\/post"}],"replies":[{"embeddable":true,"href":"https:\/\/loginfo24.com\/pt-pt\/wp-json\/wp\/v2\/comments?post=61760"}],"version-history":[{"count":0,"href":"https:\/\/loginfo24.com\/pt-pt\/wp-json\/wp\/v2\/posts\/61760\/revisions"}],"wp:featuredmedia":[{"embeddable":true,"href":"https:\/\/loginfo24.com\/pt-pt\/wp-json\/wp\/v2\/media\/7997"}],"wp:attachment":[{"href":"https:\/\/loginfo24.com\/pt-pt\/wp-json\/wp\/v2\/media?parent=61760"}],"wp:term":[{"taxonomy":"category","embeddable":true,"href":"https:\/\/loginfo24.com\/pt-pt\/wp-json\/wp\/v2\/categories?post=61760"},{"taxonomy":"post_tag","embeddable":true,"href":"https:\/\/loginfo24.com\/pt-pt\/wp-json\/wp\/v2\/tags?post=61760"}],"curies":[{"name":"wp","href":"https:\/\/api.w.org\/{rel}","templated":true}]}}