{"id":61517,"date":"2023-05-22T17:45:29","date_gmt":"2023-05-22T15:45:29","guid":{"rendered":"https:\/\/blog.brand-architecture.at\/2023\/05\/22\/producao-do-novo-fuso-ecanter-comeca-em-portugal\/"},"modified":"2023-05-22T17:45:29","modified_gmt":"2023-05-22T15:45:29","slug":"producao-do-novo-fuso-ecanter-comeca-em-portugal","status":"publish","type":"post","link":"https:\/\/loginfo24.com\/pt-pt\/2023\/05\/22\/producao-do-novo-fuso-ecanter-comeca-em-portugal\/","title":{"rendered":"Produ\u00e7\u00e3o do novo FUSO eCanter come\u00e7a em Portugal"},"content":{"rendered":"<div class=\"uiTruncateProperties uiTruncatedLinesWrap\">\n<div class=\"topicText property-value DAIMLER_NMS_PRESS_TEXT_PRESS_ARTICLE\">\n<h5>Mais potente, ainda mais eficiente, maior autonomia \u2013 al\u00e9m de uma grande variedade de aplica\u00e7\u00f5es e opera\u00e7\u00e3o neutra em CO<sub>2<\/sub>: assim pode ser resumido o Next Generation eCanter da FUSO. Ap\u00f3s a estreia europeia na IAA Transportation em Hannover em setembro de 2022, a Daimler Truck, subsidi\u00e1ria da FUSO, celebra o in\u00edcio da produ\u00e7\u00e3o do caminh\u00e3o leve totalmente el\u00e9trico na Europa.<\/h5>\n<p>(Leinfelden-Echterdingen\/Tramagal) No evento na f\u00e1brica da Mitsubishi FUSO Europe (&#8220;MFTE&#8221;) em Tramagal, Portugal, em celebra\u00e7\u00e3o da sa\u00edda da linha de produ\u00e7\u00e3o do primeiro Next Generation eCanter produzido na Europa, representantes da empresa e convidados da pol\u00edtica e da economia se reuniram.<\/p>\n<p>Para Karl Deppen, CEO da Daimler Truck Asia, o in\u00edcio da produ\u00e7\u00e3o do FUSO eCanter marca um marco: &#8220;N\u00f3s, da Daimler Truck, estamos comprometidos com o Acordo de Paris e queremos levar o transporte sustent\u00e1vel ao sucesso. Queremos oferecer apenas ve\u00edculos que sejam neutros em CO<sub>2<\/sub> em opera\u00e7\u00e3o at\u00e9 2039 em nossos principais mercados globais. Com a nova gera\u00e7\u00e3o do eCanter aqui de Tramagal, tornamos a transi\u00e7\u00e3o para a mobilidade el\u00e9trica especialmente f\u00e1cil para nossos clientes. Estamos dando um passo importante em dire\u00e7\u00e3o ao transporte neutro em CO<sub>2<\/sub>.&#8221;<\/p>\n<p>Durante o evento, Karl Deppen, junto com Arne Barden, CEO da MFTE, anunciou com orgulho um novo marco impressionante da f\u00e1brica de Tramagal: o 250.000\u00ba FUSO Canter produzido localmente. Arne Barden: &#8220;A equipe da MFTE tem orgulho de construir o ic\u00f4nico FUSO Canter aqui em Tramagal, agora em sua quinta gera\u00e7\u00e3o! Muito obrigado \u00e0 equipe altamente dedicada que gerenciou com sucesso o lan\u00e7amento do Next Generation eCanter!&#8221; A f\u00e1brica da MFTE em Tramagal produz o FUSO Canter desde 1980.<\/p>\n<p>Antes do evento, representantes da m\u00eddia tiveram a oportunidade de vivenciar de perto os novos ve\u00edculos durante uma visita \u00e0 f\u00e1brica, bem como em um evento exclusivo de condu\u00e7\u00e3o no Aut\u00f3dromo do Estoril e nas ruas p\u00fablicas circundantes, e fazer uma avalia\u00e7\u00e3o da capacidade do Next Generation eCanter. Durante o evento de condu\u00e7\u00e3o, os especialistas da FUSO Europe forneceram insights detalhados sobre a variedade de aplica\u00e7\u00f5es do novo ve\u00edculo e informaram sobre solu\u00e7\u00f5es personalizadas de mobilidade el\u00e9trica.<\/p>\n<h5><strong>O Next Generation eCanter: Pioneiro do transporte sustent\u00e1vel<\/strong><\/h5>\n<p>Desde a introdu\u00e7\u00e3o do eCanter em 2017, a FUSO, a subsidi\u00e1ria japonesa da Daimler Truck, \u00e9 considerada pioneira e l\u00edder em caminh\u00f5es el\u00e9tricos, trabalhando de forma consistente na implementa\u00e7\u00e3o de solu\u00e7\u00f5es de transporte sustent\u00e1veis. Atualmente, mais de 550 FUSO eCanter est\u00e3o em opera\u00e7\u00e3o na Europa, Jap\u00e3o, Estados Unidos, Austr\u00e1lia e Nova Zel\u00e2ndia. A dist\u00e2ncia total percorrida pela frota global de eCanter, totalmente el\u00e9trica e, portanto, livre de emiss\u00f5es locais, j\u00e1 ultrapassa oito milh\u00f5es de quil\u00f4metros \u2013 o que equivale a cerca de 200 voltas ao redor da Terra. O Next Generation eCanter continua essa hist\u00f3ria de sucesso em um novo n\u00edvel. J\u00e1 no primeiro trimestre de 2023, a produ\u00e7\u00e3o do caminh\u00e3o leve el\u00e9trico come\u00e7ou na f\u00e1brica irm\u00e3 em Kawasaki, Jap\u00e3o. Kawasaki fornece o FUSO Next Generation eCanter no Jap\u00e3o e em todos os outros mercados fora da Europa.<\/p>\n<p>Na Europa, as vendas do FUSO Next Generation eCanter come\u00e7am inicialmente em 17 mercados (Fran\u00e7a, Espanha, Portugal, It\u00e1lia, Reino Unido, Irlanda, Alemanha, \u00c1ustria, Su\u00ed\u00e7a, B\u00e9lgica, Rep\u00fablica Tcheca, Dinamarca, Su\u00e9cia, Finl\u00e2ndia, Eslov\u00e1quia, Gr\u00e9cia e Pol\u00f4nia).<\/p>\n<h5><strong><img loading=\"lazy\" decoding=\"async\" class=\"alignnone wp-image-23123 size-full\" src=\"https:\/\/loginfo24.com\/wp-content\/uploads\/sites\/7\/2025\/12\/FUSO_22.5.23_2.jpg\" alt=\"\" width=\"1461\" height=\"680\" \/>Mais variantes para mais flexibilidade<\/strong><\/h5>\n<p>Para atender ainda melhor \u00e0s necessidades dos clientes, a FUSO fez ajustes em v\u00e1rias \u00e1reas no Next Generation eCanter. Enquanto o caminh\u00e3o el\u00e9trico anterior estava dispon\u00edvel apenas como um modelo de 7,49 toneladas com um entre-eixos de 3.400 mil\u00edmetros, os clientes agora t\u00eam a op\u00e7\u00e3o entre seis entre-eixos de 2.500 a 4.750 mil\u00edmetros, al\u00e9m de um peso bruto permitido de 4,25 a 8,55 toneladas. A capacidade de carga dos chassis chega a at\u00e9 5 toneladas. O Next Generation eCanter \u00e9 movido por um motor el\u00e9trico de 110 kW (vers\u00f5es com peso total de 4,25 e 6 toneladas) ou 129 kW (vers\u00f5es com peso total de 7,49 e 8,55 toneladas) com um trem de for\u00e7a otimizado e 430 Nm de torque, com uma velocidade m\u00e1xima de 89 km\/h (limitada).<\/p>\n<p>Dependendo do entre-eixos, est\u00e3o dispon\u00edveis tr\u00eas pacotes de bateria diferentes: S, M e L. As baterias utilizam a tecnologia de c\u00e9lulas de fosfato de ferro de l\u00edtio (LFP). Elas se destacam principalmente por uma longa vida \u00fatil e mais energia utiliz\u00e1vel. O pacote de bateria na variante S possui uma capacidade nominal de 41 kWh e permite uma autonomia de at\u00e9 70 quil\u00f4metros. Na variante M, a capacidade nominal \u00e9 de 83 kWh, com uma autonomia de at\u00e9 140 quil\u00f4metros. A variante L, como o pacote mais forte, oferece uma capacidade nominal de 124 kWh e uma autonomia de at\u00e9 200 quil\u00f4metros. Isso \u00e9 muito mais do que a dist\u00e2ncia normalmente percorrida em um dia de distribui\u00e7\u00e3o leve. Atrav\u00e9s da recupera\u00e7\u00e3o de energia, a autonomia pode ser ainda mais aumentada, minimizando ao mesmo tempo as pausas para recarga. Para compara\u00e7\u00e3o: at\u00e9 agora, o eCanter tinha apenas uma op\u00e7\u00e3o de bateria com uma capacidade nominal de 81 kWh e uma autonomia de at\u00e9 100 quil\u00f4metros.<\/p>\n<p>Quanto ao carregamento das baterias, o Next Generation eCanter \u00e9 compat\u00edvel com todas as tens\u00f5es de rede dos principais mercados. A unidade de carregamento suporta carregamento tanto em corrente alternada (AC) quanto em corrente cont\u00ednua (DC). O padr\u00e3o de carregamento \u00e9 o Combined Charging System CCS, e pode ser carregado com at\u00e9 104 kW. Um carregamento r\u00e1pido em DC de 20 a 80 por cento da capacidade \u00e9 poss\u00edvel, dependendo do pacote de bateria, em cerca de 24 (S), 26 (M) e 39 minutos (L), enquanto um carregamento em AC (11 e 22 kW) leva entre cerca de quatro e seis horas, dependendo do pacote de bateria.<\/p>\n<h5><strong>Localiza\u00e7\u00e3o Tramagal: Pioneiro em sustentabilidade<\/strong><\/h5>\n<p>Como parte de sua estrat\u00e9gia geral de sustentabilidade, a f\u00e1brica da MFTE em Tramagal j\u00e1 reduziu com sucesso suas emiss\u00f5es de CO<sub>2<\/sub> nos \u00faltimos anos, e no final de 2022 conseguiu implementar a neutralidade de CO<sub>2<\/sub> na produ\u00e7\u00e3o. Para alcan\u00e7ar esse marco, a MFTE, entre outras coisas, ampliou continuamente o uso de fontes de energia renov\u00e1veis e completou a transi\u00e7\u00e3o para fontes de energia verde. 1.200 pain\u00e9is solares nos telhados da f\u00e1brica produzem at\u00e9 350 megawatts de eletricidade por ano. Para o futuro, uma produ\u00e7\u00e3o de eletricidade de at\u00e9 600 megawatts \u00e9 planejada. A f\u00e1brica tamb\u00e9m est\u00e1 testando tecnologias para a produ\u00e7\u00e3o local de hidrog\u00eanio verde, al\u00e9m da expans\u00e3o das instala\u00e7\u00f5es fotovoltaicas.<\/p>\n<p>A redu\u00e7\u00e3o do consumo de \u00e1gua \u00e9 outra medida na \u00e1rea de sustentabilidade que a localiza\u00e7\u00e3o est\u00e1 focando: uma nova esta\u00e7\u00e3o de tratamento de \u00e1gua j\u00e1 trata mais de 60 por cento da \u00e1gua de processo e a reintegra no ciclo de produ\u00e7\u00e3o. Ao mesmo tempo, uma coleta otimizada de \u00e1gua da chuva est\u00e1 em andamento para uma irriga\u00e7\u00e3o mais sustent\u00e1vel das \u00e1reas verdes.<\/p>\n<p>A Mitsubishi FUSO Europe emprega cerca de 500 colaboradores em Tramagal. A empresa \u00e9 o maior empregador da regi\u00e3o. A partir de Portugal, os ve\u00edculos s\u00e3o enviados para 32 pa\u00edses europeus e para Marrocos. A Mitsubishi FUSO Truck Europe \u00e9 um importante exportador e o terceiro maior fabricante de ve\u00edculos de Portugal.<\/p>\n<h5>90 fornecedores europeus diferentes<\/h5>\n<p>&#8220;Feito na Europa&#8221; n\u00e3o se refere apenas \u00e0 montagem do FUSO Next Generation eCanter em Tramagal: mais de 50 por cento dos componentes do caminh\u00e3o el\u00e9trico v\u00eam de mais de 90 fornecedores europeus diferentes. Em linha com a fabrica\u00e7\u00e3o do FUSO eCanter totalmente el\u00e9trico, a MFTE tamb\u00e9m est\u00e1 gradualmente convertendo toda a sua frota interna de log\u00edstica e armazenamento para ve\u00edculos el\u00e9tricos locais e sem emiss\u00f5es desde o ano passado.<\/p>\n<p>Fotos: \u00a9 Daimler Truck<\/p>\n<\/div>\n<\/div>\n","protected":false},"excerpt":{"rendered":"<p>Mais potente, ainda mais eficiente, maior autonomia \u2013 al\u00e9m de uma grande variedade de aplica\u00e7\u00f5es e opera\u00e7\u00e3o neutra em CO2: assim pode ser resumido o Next<span class=\"excerpt-hellip\"> [\u2026]<\/span><\/p>\n","protected":false},"author":0,"featured_media":8117,"comment_status":"open","ping_status":"open","sticky":false,"template":"","format":"standard","meta":{"_acf_changed":false,"footnotes":""},"categories":[1557,1561],"tags":[],"class_list":["post-61517","post","type-post","status-publish","format-standard","has-post-thumbnail","hentry","category-forwarding-logistics","category-regions"],"acf":[],"yoast_head":"<!-- This site is optimized with the Yoast SEO plugin v27.3 - https:\/\/yoast.com\/product\/yoast-seo-wordpress\/ -->\n<title>Produ\u00e7\u00e3o do novo FUSO eCanter come\u00e7a em Portugal - Loginfo24<\/title>\n<meta name=\"robots\" content=\"index, follow, max-snippet:-1, max-image-preview:large, max-video-preview:-1\" \/>\n<link rel=\"canonical\" href=\"https:\/\/loginfo24.com\/pt-pt\/2023\/05\/22\/producao-do-novo-fuso-ecanter-comeca-em-portugal\/\" \/>\n<meta property=\"og:locale\" content=\"pt_PT\" \/>\n<meta property=\"og:type\" content=\"article\" \/>\n<meta property=\"og:title\" content=\"Produ\u00e7\u00e3o do novo FUSO eCanter come\u00e7a em Portugal - Loginfo24\" \/>\n<meta property=\"og:description\" content=\"Mais potente, ainda mais eficiente, maior autonomia \u2013 al\u00e9m de uma grande variedade de aplica\u00e7\u00f5es e opera\u00e7\u00e3o neutra em CO2: assim pode ser resumido o Next [\u2026]\" \/>\n<meta property=\"og:url\" content=\"https:\/\/loginfo24.com\/pt-pt\/2023\/05\/22\/producao-do-novo-fuso-ecanter-comeca-em-portugal\/\" \/>\n<meta property=\"og:site_name\" content=\"Loginfo24\" \/>\n<meta property=\"article:publisher\" content=\"https:\/\/www.facebook.com\/people\/Loginfo24\/100057360583332\/\" \/>\n<meta property=\"article:published_time\" content=\"2023-05-22T15:45:29+00:00\" \/>\n<meta property=\"og:image\" content=\"https:\/\/loginfo24.com\/wp-content\/uploads\/sites\/7\/2025\/12\/FUSO_22.5.23.jpg\" \/>\n\t<meta property=\"og:image:width\" content=\"1453\" \/>\n\t<meta property=\"og:image:height\" content=\"795\" \/>\n\t<meta property=\"og:image:type\" content=\"image\/jpeg\" \/>\n<meta name=\"twitter:card\" content=\"summary_large_image\" \/>\n<meta name=\"twitter:label1\" content=\"Tempo estimado de leitura\" \/>\n\t<meta name=\"twitter:data1\" content=\"7 minutos\" \/>\n<script type=\"application\/ld+json\" class=\"yoast-schema-graph\">{\"@context\":\"https:\\\/\\\/schema.org\",\"@graph\":[{\"@type\":\"Article\",\"@id\":\"https:\\\/\\\/loginfo24.com\\\/pt-pt\\\/2023\\\/05\\\/22\\\/producao-do-novo-fuso-ecanter-comeca-em-portugal\\\/#article\",\"isPartOf\":{\"@id\":\"https:\\\/\\\/loginfo24.com\\\/pt-pt\\\/2023\\\/05\\\/22\\\/producao-do-novo-fuso-ecanter-comeca-em-portugal\\\/\"},\"author\":{\"name\":\"\",\"@id\":\"\"},\"headline\":\"Produ\u00e7\u00e3o do novo FUSO eCanter come\u00e7a em Portugal\",\"datePublished\":\"2023-05-22T15:45:29+00:00\",\"mainEntityOfPage\":{\"@id\":\"https:\\\/\\\/loginfo24.com\\\/pt-pt\\\/2023\\\/05\\\/22\\\/producao-do-novo-fuso-ecanter-comeca-em-portugal\\\/\"},\"wordCount\":1343,\"commentCount\":0,\"publisher\":{\"@id\":\"https:\\\/\\\/loginfo24.com\\\/pt-pt\\\/#organization\"},\"image\":{\"@id\":\"https:\\\/\\\/loginfo24.com\\\/pt-pt\\\/2023\\\/05\\\/22\\\/producao-do-novo-fuso-ecanter-comeca-em-portugal\\\/#primaryimage\"},\"thumbnailUrl\":\"https:\\\/\\\/loginfo24.com\\\/wp-content\\\/uploads\\\/sites\\\/7\\\/2025\\\/12\\\/FUSO_22.5.23.jpg\",\"articleSection\":[\"Forwarding &amp; Logistics\",\"Regions\"],\"inLanguage\":\"pt-PT\",\"potentialAction\":[{\"@type\":\"CommentAction\",\"name\":\"Comment\",\"target\":[\"https:\\\/\\\/loginfo24.com\\\/pt-pt\\\/2023\\\/05\\\/22\\\/producao-do-novo-fuso-ecanter-comeca-em-portugal\\\/#respond\"]}]},{\"@type\":\"WebPage\",\"@id\":\"https:\\\/\\\/loginfo24.com\\\/pt-pt\\\/2023\\\/05\\\/22\\\/producao-do-novo-fuso-ecanter-comeca-em-portugal\\\/\",\"url\":\"https:\\\/\\\/loginfo24.com\\\/pt-pt\\\/2023\\\/05\\\/22\\\/producao-do-novo-fuso-ecanter-comeca-em-portugal\\\/\",\"name\":\"Produ\u00e7\u00e3o do novo FUSO eCanter come\u00e7a em Portugal - Loginfo24\",\"isPartOf\":{\"@id\":\"https:\\\/\\\/loginfo24.com\\\/pt-pt\\\/#website\"},\"primaryImageOfPage\":{\"@id\":\"https:\\\/\\\/loginfo24.com\\\/pt-pt\\\/2023\\\/05\\\/22\\\/producao-do-novo-fuso-ecanter-comeca-em-portugal\\\/#primaryimage\"},\"image\":{\"@id\":\"https:\\\/\\\/loginfo24.com\\\/pt-pt\\\/2023\\\/05\\\/22\\\/producao-do-novo-fuso-ecanter-comeca-em-portugal\\\/#primaryimage\"},\"thumbnailUrl\":\"https:\\\/\\\/loginfo24.com\\\/wp-content\\\/uploads\\\/sites\\\/7\\\/2025\\\/12\\\/FUSO_22.5.23.jpg\",\"datePublished\":\"2023-05-22T15:45:29+00:00\",\"breadcrumb\":{\"@id\":\"https:\\\/\\\/loginfo24.com\\\/pt-pt\\\/2023\\\/05\\\/22\\\/producao-do-novo-fuso-ecanter-comeca-em-portugal\\\/#breadcrumb\"},\"inLanguage\":\"pt-PT\",\"potentialAction\":[{\"@type\":\"ReadAction\",\"target\":[\"https:\\\/\\\/loginfo24.com\\\/pt-pt\\\/2023\\\/05\\\/22\\\/producao-do-novo-fuso-ecanter-comeca-em-portugal\\\/\"]}]},{\"@type\":\"ImageObject\",\"inLanguage\":\"pt-PT\",\"@id\":\"https:\\\/\\\/loginfo24.com\\\/pt-pt\\\/2023\\\/05\\\/22\\\/producao-do-novo-fuso-ecanter-comeca-em-portugal\\\/#primaryimage\",\"url\":\"https:\\\/\\\/loginfo24.com\\\/wp-content\\\/uploads\\\/sites\\\/7\\\/2025\\\/12\\\/FUSO_22.5.23.jpg\",\"contentUrl\":\"https:\\\/\\\/loginfo24.com\\\/wp-content\\\/uploads\\\/sites\\\/7\\\/2025\\\/12\\\/FUSO_22.5.23.jpg\",\"width\":1453,\"height\":795},{\"@type\":\"BreadcrumbList\",\"@id\":\"https:\\\/\\\/loginfo24.com\\\/pt-pt\\\/2023\\\/05\\\/22\\\/producao-do-novo-fuso-ecanter-comeca-em-portugal\\\/#breadcrumb\",\"itemListElement\":[{\"@type\":\"ListItem\",\"position\":1,\"name\":\"Startseite\",\"item\":\"https:\\\/\\\/loginfo24.com\\\/pt-pt\\\/\"},{\"@type\":\"ListItem\",\"position\":2,\"name\":\"Produ\u00e7\u00e3o do novo FUSO eCanter come\u00e7a em Portugal\"}]},{\"@type\":\"WebSite\",\"@id\":\"https:\\\/\\\/loginfo24.com\\\/pt-pt\\\/#website\",\"url\":\"https:\\\/\\\/loginfo24.com\\\/pt-pt\\\/\",\"name\":\"Loginfo24\",\"description\":\"Loginfo24 \u00e9 a plataforma dedicada \u00e0 log\u00edstica e \u00e0s cadeias de abastecimento, com informa\u00e7\u00f5es dispon\u00edveis 24 horas por dia.\",\"publisher\":{\"@id\":\"https:\\\/\\\/loginfo24.com\\\/pt-pt\\\/#organization\"},\"potentialAction\":[{\"@type\":\"SearchAction\",\"target\":{\"@type\":\"EntryPoint\",\"urlTemplate\":\"https:\\\/\\\/loginfo24.com\\\/pt-pt\\\/?s={search_term_string}\"},\"query-input\":{\"@type\":\"PropertyValueSpecification\",\"valueRequired\":true,\"valueName\":\"search_term_string\"}}],\"inLanguage\":\"pt-PT\"},{\"@type\":\"Organization\",\"@id\":\"https:\\\/\\\/loginfo24.com\\\/pt-pt\\\/#organization\",\"name\":\"Logismedia Group AG\",\"url\":\"https:\\\/\\\/loginfo24.com\\\/pt-pt\\\/\",\"logo\":{\"@type\":\"ImageObject\",\"inLanguage\":\"pt-PT\",\"@id\":\"https:\\\/\\\/loginfo24.com\\\/pt-pt\\\/#\\\/schema\\\/logo\\\/image\\\/\",\"url\":\"https:\\\/\\\/loginfo24.com\\\/wp-content\\\/uploads\\\/sites\\\/7\\\/2026\\\/01\\\/Logo_LogInfo24.png\",\"contentUrl\":\"https:\\\/\\\/loginfo24.com\\\/wp-content\\\/uploads\\\/sites\\\/7\\\/2026\\\/01\\\/Logo_LogInfo24.png\",\"width\":938,\"height\":351,\"caption\":\"Logismedia Group AG\"},\"image\":{\"@id\":\"https:\\\/\\\/loginfo24.com\\\/pt-pt\\\/#\\\/schema\\\/logo\\\/image\\\/\"},\"sameAs\":[\"https:\\\/\\\/www.facebook.com\\\/people\\\/Loginfo24\\\/100057360583332\\\/\",\"https:\\\/\\\/www.linkedin.com\\\/company\\\/lofinfo24\\\/\"]}]}<\/script>\n<!-- \/ Yoast SEO plugin. -->","yoast_head_json":{"title":"Produ\u00e7\u00e3o do novo FUSO eCanter come\u00e7a em Portugal - Loginfo24","robots":{"index":"index","follow":"follow","max-snippet":"max-snippet:-1","max-image-preview":"max-image-preview:large","max-video-preview":"max-video-preview:-1"},"canonical":"https:\/\/loginfo24.com\/pt-pt\/2023\/05\/22\/producao-do-novo-fuso-ecanter-comeca-em-portugal\/","og_locale":"pt_PT","og_type":"article","og_title":"Produ\u00e7\u00e3o do novo FUSO eCanter come\u00e7a em Portugal - Loginfo24","og_description":"Mais potente, ainda mais eficiente, maior autonomia \u2013 al\u00e9m de uma grande variedade de aplica\u00e7\u00f5es e opera\u00e7\u00e3o neutra em CO2: assim pode ser resumido o Next [\u2026]","og_url":"https:\/\/loginfo24.com\/pt-pt\/2023\/05\/22\/producao-do-novo-fuso-ecanter-comeca-em-portugal\/","og_site_name":"Loginfo24","article_publisher":"https:\/\/www.facebook.com\/people\/Loginfo24\/100057360583332\/","article_published_time":"2023-05-22T15:45:29+00:00","og_image":[{"width":1453,"height":795,"url":"https:\/\/loginfo24.com\/wp-content\/uploads\/sites\/7\/2025\/12\/FUSO_22.5.23.jpg","type":"image\/jpeg"}],"twitter_card":"summary_large_image","twitter_misc":{"Tempo estimado de leitura":"7 minutos"},"schema":{"@context":"https:\/\/schema.org","@graph":[{"@type":"Article","@id":"https:\/\/loginfo24.com\/pt-pt\/2023\/05\/22\/producao-do-novo-fuso-ecanter-comeca-em-portugal\/#article","isPartOf":{"@id":"https:\/\/loginfo24.com\/pt-pt\/2023\/05\/22\/producao-do-novo-fuso-ecanter-comeca-em-portugal\/"},"author":{"name":"","@id":""},"headline":"Produ\u00e7\u00e3o do novo FUSO eCanter come\u00e7a em Portugal","datePublished":"2023-05-22T15:45:29+00:00","mainEntityOfPage":{"@id":"https:\/\/loginfo24.com\/pt-pt\/2023\/05\/22\/producao-do-novo-fuso-ecanter-comeca-em-portugal\/"},"wordCount":1343,"commentCount":0,"publisher":{"@id":"https:\/\/loginfo24.com\/pt-pt\/#organization"},"image":{"@id":"https:\/\/loginfo24.com\/pt-pt\/2023\/05\/22\/producao-do-novo-fuso-ecanter-comeca-em-portugal\/#primaryimage"},"thumbnailUrl":"https:\/\/loginfo24.com\/wp-content\/uploads\/sites\/7\/2025\/12\/FUSO_22.5.23.jpg","articleSection":["Forwarding &amp; Logistics","Regions"],"inLanguage":"pt-PT","potentialAction":[{"@type":"CommentAction","name":"Comment","target":["https:\/\/loginfo24.com\/pt-pt\/2023\/05\/22\/producao-do-novo-fuso-ecanter-comeca-em-portugal\/#respond"]}]},{"@type":"WebPage","@id":"https:\/\/loginfo24.com\/pt-pt\/2023\/05\/22\/producao-do-novo-fuso-ecanter-comeca-em-portugal\/","url":"https:\/\/loginfo24.com\/pt-pt\/2023\/05\/22\/producao-do-novo-fuso-ecanter-comeca-em-portugal\/","name":"Produ\u00e7\u00e3o do novo FUSO eCanter come\u00e7a em Portugal - Loginfo24","isPartOf":{"@id":"https:\/\/loginfo24.com\/pt-pt\/#website"},"primaryImageOfPage":{"@id":"https:\/\/loginfo24.com\/pt-pt\/2023\/05\/22\/producao-do-novo-fuso-ecanter-comeca-em-portugal\/#primaryimage"},"image":{"@id":"https:\/\/loginfo24.com\/pt-pt\/2023\/05\/22\/producao-do-novo-fuso-ecanter-comeca-em-portugal\/#primaryimage"},"thumbnailUrl":"https:\/\/loginfo24.com\/wp-content\/uploads\/sites\/7\/2025\/12\/FUSO_22.5.23.jpg","datePublished":"2023-05-22T15:45:29+00:00","breadcrumb":{"@id":"https:\/\/loginfo24.com\/pt-pt\/2023\/05\/22\/producao-do-novo-fuso-ecanter-comeca-em-portugal\/#breadcrumb"},"inLanguage":"pt-PT","potentialAction":[{"@type":"ReadAction","target":["https:\/\/loginfo24.com\/pt-pt\/2023\/05\/22\/producao-do-novo-fuso-ecanter-comeca-em-portugal\/"]}]},{"@type":"ImageObject","inLanguage":"pt-PT","@id":"https:\/\/loginfo24.com\/pt-pt\/2023\/05\/22\/producao-do-novo-fuso-ecanter-comeca-em-portugal\/#primaryimage","url":"https:\/\/loginfo24.com\/wp-content\/uploads\/sites\/7\/2025\/12\/FUSO_22.5.23.jpg","contentUrl":"https:\/\/loginfo24.com\/wp-content\/uploads\/sites\/7\/2025\/12\/FUSO_22.5.23.jpg","width":1453,"height":795},{"@type":"BreadcrumbList","@id":"https:\/\/loginfo24.com\/pt-pt\/2023\/05\/22\/producao-do-novo-fuso-ecanter-comeca-em-portugal\/#breadcrumb","itemListElement":[{"@type":"ListItem","position":1,"name":"Startseite","item":"https:\/\/loginfo24.com\/pt-pt\/"},{"@type":"ListItem","position":2,"name":"Produ\u00e7\u00e3o do novo FUSO eCanter come\u00e7a em Portugal"}]},{"@type":"WebSite","@id":"https:\/\/loginfo24.com\/pt-pt\/#website","url":"https:\/\/loginfo24.com\/pt-pt\/","name":"Loginfo24","description":"Loginfo24 \u00e9 a plataforma dedicada \u00e0 log\u00edstica e \u00e0s cadeias de abastecimento, com informa\u00e7\u00f5es dispon\u00edveis 24 horas por dia.","publisher":{"@id":"https:\/\/loginfo24.com\/pt-pt\/#organization"},"potentialAction":[{"@type":"SearchAction","target":{"@type":"EntryPoint","urlTemplate":"https:\/\/loginfo24.com\/pt-pt\/?s={search_term_string}"},"query-input":{"@type":"PropertyValueSpecification","valueRequired":true,"valueName":"search_term_string"}}],"inLanguage":"pt-PT"},{"@type":"Organization","@id":"https:\/\/loginfo24.com\/pt-pt\/#organization","name":"Logismedia Group AG","url":"https:\/\/loginfo24.com\/pt-pt\/","logo":{"@type":"ImageObject","inLanguage":"pt-PT","@id":"https:\/\/loginfo24.com\/pt-pt\/#\/schema\/logo\/image\/","url":"https:\/\/loginfo24.com\/wp-content\/uploads\/sites\/7\/2026\/01\/Logo_LogInfo24.png","contentUrl":"https:\/\/loginfo24.com\/wp-content\/uploads\/sites\/7\/2026\/01\/Logo_LogInfo24.png","width":938,"height":351,"caption":"Logismedia Group AG"},"image":{"@id":"https:\/\/loginfo24.com\/pt-pt\/#\/schema\/logo\/image\/"},"sameAs":["https:\/\/www.facebook.com\/people\/Loginfo24\/100057360583332\/","https:\/\/www.linkedin.com\/company\/lofinfo24\/"]}]}},"_links":{"self":[{"href":"https:\/\/loginfo24.com\/pt-pt\/wp-json\/wp\/v2\/posts\/61517","targetHints":{"allow":["GET"]}}],"collection":[{"href":"https:\/\/loginfo24.com\/pt-pt\/wp-json\/wp\/v2\/posts"}],"about":[{"href":"https:\/\/loginfo24.com\/pt-pt\/wp-json\/wp\/v2\/types\/post"}],"replies":[{"embeddable":true,"href":"https:\/\/loginfo24.com\/pt-pt\/wp-json\/wp\/v2\/comments?post=61517"}],"version-history":[{"count":0,"href":"https:\/\/loginfo24.com\/pt-pt\/wp-json\/wp\/v2\/posts\/61517\/revisions"}],"wp:featuredmedia":[{"embeddable":true,"href":"https:\/\/loginfo24.com\/pt-pt\/wp-json\/wp\/v2\/media\/8117"}],"wp:attachment":[{"href":"https:\/\/loginfo24.com\/pt-pt\/wp-json\/wp\/v2\/media?parent=61517"}],"wp:term":[{"taxonomy":"category","embeddable":true,"href":"https:\/\/loginfo24.com\/pt-pt\/wp-json\/wp\/v2\/categories?post=61517"},{"taxonomy":"post_tag","embeddable":true,"href":"https:\/\/loginfo24.com\/pt-pt\/wp-json\/wp\/v2\/tags?post=61517"}],"curies":[{"name":"wp","href":"https:\/\/api.w.org\/{rel}","templated":true}]}}