{"id":61499,"date":"2023-05-22T17:13:09","date_gmt":"2023-05-22T15:13:09","guid":{"rendered":"https:\/\/blog.brand-architecture.at\/2023\/05\/22\/a-lubecker-hafen-gesellschaft-apresenta-uma-nova-identidade-de-marca\/"},"modified":"2023-05-22T17:13:09","modified_gmt":"2023-05-22T15:13:09","slug":"a-lubecker-hafen-gesellschaft-apresenta-uma-nova-identidade-de-marca","status":"publish","type":"post","link":"https:\/\/loginfo24.com\/pt-pt\/2023\/05\/22\/a-lubecker-hafen-gesellschaft-apresenta-uma-nova-identidade-de-marca\/","title":{"rendered":"A L\u00fcbecker Hafen-Gesellschaft apresenta uma nova identidade de marca"},"content":{"rendered":"<h5>A L\u00fcbecker Hafen-Gesellschaft (LHG) completar\u00e1 noventa anos no pr\u00f3ximo ano e agora recebeu uma nova apar\u00eancia. Na feira &#8220;transport logistic&#8221; em Munique, a empresa apresentou recentemente o novo visual. Cores vibrantes substituem o antigo logotipo, a caixa cinza-prateada com as tr\u00eas letras. O design inclui tamb\u00e9m o slogan &#8220;Your TransPort&#8221;.<\/h5>\n<p>(L\u00fcbeck) O novo logotipo destaca-se pela sua forma clara e simples. Seus tr\u00eas elementos refletem a trimodalidade das instala\u00e7\u00f5es portu\u00e1rias. No centro, encontra-se o ponto de concentra\u00e7\u00e3o, que \u00e9 emoldurado pelas setas indicativas. Elas representam tanto um navio quanto m\u00e3os que cuidam com aten\u00e7\u00e3o das mercadorias dos parceiros e clientes.<\/p>\n<p>As cores corporativas atuais da LHG n\u00e3o s\u00e3o uma reinven\u00e7\u00e3o, mas sim uma evolu\u00e7\u00e3o din\u00e2mica do visual anterior. A tonalidade &#8220;Port Orange&#8221;, por exemplo, retoma de forma consciente o laranja conhecido da LHG e lhe confere um pouco mais de profundidade. O laranja \u00e9 a cor do vestu\u00e1rio de trabalho nos terminais \u2013 e, portanto, uma parte imensamente importante da identidade do operador portu\u00e1rio. O &#8220;Baltic Blue&#8221;, o azul profundo do mar, expressa a conex\u00e3o com a \u00e1gua.<\/p>\n<h5>A nova identidade de marca \u00e9 muito bem recebida<\/h5>\n<p>Nos \u00faltimos 90 anos, a LHG se desenvolveu gradualmente para se tornar uma empresa de log\u00edstica moderna. Seja no escrit\u00f3rio ou \u00e0 beira do cais, os colaboradores enfrentam juntos cada desafio e levam os mais diversos projetos ao sucesso. O diretor executivo Ortwin Harms explica: &#8220;Esse &#8216;esp\u00edrito de equipe&#8217; foi incorporado \u00e0 nova identidade de marca em uma esp\u00e9cie de c\u00e2none de valores. Ele descreve a filosofia da empresa, como pensamos e agimos, e pelo que exatamente nos posicionamos.&#8221; A nova identidade de marca foi muito bem recebida, houve muitos elogios tanto na feira quanto depois pelo &#8220;novo visual fresco&#8221;.<\/p>\n","protected":false},"excerpt":{"rendered":"<p>A L\u00fcbecker Hafen-Gesellschaft (LHG) completar\u00e1 noventa anos no pr\u00f3ximo ano e agora recebeu uma nova apar\u00eancia. Na feira &#8220;transport logistic&#8221; em Munique, a empresa apresentou recentemente<span class=\"excerpt-hellip\"> [\u2026]<\/span><\/p>\n","protected":false},"author":0,"featured_media":8123,"comment_status":"open","ping_status":"open","sticky":false,"template":"","format":"standard","meta":{"_acf_changed":false,"footnotes":""},"categories":[1557,1561,1559],"tags":[],"class_list":["post-61499","post","type-post","status-publish","format-standard","has-post-thumbnail","hentry","category-forwarding-logistics","category-regions","category-shipping-ports"],"acf":[],"yoast_head":"<!-- This site is optimized with the Yoast SEO plugin v27.3 - https:\/\/yoast.com\/product\/yoast-seo-wordpress\/ -->\n<title>A L\u00fcbecker Hafen-Gesellschaft apresenta uma nova identidade de marca - Loginfo24<\/title>\n<meta name=\"robots\" content=\"index, follow, max-snippet:-1, max-image-preview:large, max-video-preview:-1\" \/>\n<link rel=\"canonical\" href=\"https:\/\/loginfo24.com\/pt-pt\/2023\/05\/22\/a-lubecker-hafen-gesellschaft-apresenta-uma-nova-identidade-de-marca\/\" \/>\n<meta property=\"og:locale\" content=\"pt_PT\" \/>\n<meta property=\"og:type\" content=\"article\" \/>\n<meta property=\"og:title\" content=\"A L\u00fcbecker Hafen-Gesellschaft apresenta uma nova identidade de marca - Loginfo24\" \/>\n<meta property=\"og:description\" content=\"A L\u00fcbecker Hafen-Gesellschaft (LHG) completar\u00e1 noventa anos no pr\u00f3ximo ano e agora recebeu uma nova apar\u00eancia. Na feira &#8220;transport logistic&#8221; em Munique, a empresa apresentou recentemente [\u2026]\" \/>\n<meta property=\"og:url\" content=\"https:\/\/loginfo24.com\/pt-pt\/2023\/05\/22\/a-lubecker-hafen-gesellschaft-apresenta-uma-nova-identidade-de-marca\/\" \/>\n<meta property=\"og:site_name\" content=\"Loginfo24\" \/>\n<meta property=\"article:publisher\" content=\"https:\/\/www.facebook.com\/people\/Loginfo24\/100057360583332\/\" \/>\n<meta property=\"article:published_time\" content=\"2023-05-22T15:13:09+00:00\" \/>\n<meta property=\"og:image\" content=\"https:\/\/loginfo24.com\/wp-content\/uploads\/sites\/7\/2025\/12\/LHG_22.5.23.jpg\" \/>\n\t<meta property=\"og:image:width\" content=\"1350\" \/>\n\t<meta property=\"og:image:height\" content=\"750\" \/>\n\t<meta property=\"og:image:type\" content=\"image\/jpeg\" \/>\n<meta name=\"twitter:card\" content=\"summary_large_image\" \/>\n<meta name=\"twitter:label1\" content=\"Tempo estimado de leitura\" \/>\n\t<meta name=\"twitter:data1\" content=\"2 minutos\" \/>\n<script type=\"application\/ld+json\" class=\"yoast-schema-graph\">{\"@context\":\"https:\\\/\\\/schema.org\",\"@graph\":[{\"@type\":\"Article\",\"@id\":\"https:\\\/\\\/loginfo24.com\\\/pt-pt\\\/2023\\\/05\\\/22\\\/a-lubecker-hafen-gesellschaft-apresenta-uma-nova-identidade-de-marca\\\/#article\",\"isPartOf\":{\"@id\":\"https:\\\/\\\/loginfo24.com\\\/pt-pt\\\/2023\\\/05\\\/22\\\/a-lubecker-hafen-gesellschaft-apresenta-uma-nova-identidade-de-marca\\\/\"},\"author\":{\"name\":\"\",\"@id\":\"\"},\"headline\":\"A L\u00fcbecker Hafen-Gesellschaft apresenta uma nova identidade de marca\",\"datePublished\":\"2023-05-22T15:13:09+00:00\",\"mainEntityOfPage\":{\"@id\":\"https:\\\/\\\/loginfo24.com\\\/pt-pt\\\/2023\\\/05\\\/22\\\/a-lubecker-hafen-gesellschaft-apresenta-uma-nova-identidade-de-marca\\\/\"},\"wordCount\":315,\"commentCount\":0,\"publisher\":{\"@id\":\"https:\\\/\\\/loginfo24.com\\\/pt-pt\\\/#organization\"},\"image\":{\"@id\":\"https:\\\/\\\/loginfo24.com\\\/pt-pt\\\/2023\\\/05\\\/22\\\/a-lubecker-hafen-gesellschaft-apresenta-uma-nova-identidade-de-marca\\\/#primaryimage\"},\"thumbnailUrl\":\"https:\\\/\\\/loginfo24.com\\\/wp-content\\\/uploads\\\/sites\\\/7\\\/2025\\\/12\\\/LHG_22.5.23.jpg\",\"articleSection\":[\"Forwarding &amp; Logistics\",\"Regions\",\"Shipping &amp; Ports\"],\"inLanguage\":\"pt-PT\",\"potentialAction\":[{\"@type\":\"CommentAction\",\"name\":\"Comment\",\"target\":[\"https:\\\/\\\/loginfo24.com\\\/pt-pt\\\/2023\\\/05\\\/22\\\/a-lubecker-hafen-gesellschaft-apresenta-uma-nova-identidade-de-marca\\\/#respond\"]}]},{\"@type\":\"WebPage\",\"@id\":\"https:\\\/\\\/loginfo24.com\\\/pt-pt\\\/2023\\\/05\\\/22\\\/a-lubecker-hafen-gesellschaft-apresenta-uma-nova-identidade-de-marca\\\/\",\"url\":\"https:\\\/\\\/loginfo24.com\\\/pt-pt\\\/2023\\\/05\\\/22\\\/a-lubecker-hafen-gesellschaft-apresenta-uma-nova-identidade-de-marca\\\/\",\"name\":\"A L\u00fcbecker Hafen-Gesellschaft apresenta uma nova identidade de marca - Loginfo24\",\"isPartOf\":{\"@id\":\"https:\\\/\\\/loginfo24.com\\\/pt-pt\\\/#website\"},\"primaryImageOfPage\":{\"@id\":\"https:\\\/\\\/loginfo24.com\\\/pt-pt\\\/2023\\\/05\\\/22\\\/a-lubecker-hafen-gesellschaft-apresenta-uma-nova-identidade-de-marca\\\/#primaryimage\"},\"image\":{\"@id\":\"https:\\\/\\\/loginfo24.com\\\/pt-pt\\\/2023\\\/05\\\/22\\\/a-lubecker-hafen-gesellschaft-apresenta-uma-nova-identidade-de-marca\\\/#primaryimage\"},\"thumbnailUrl\":\"https:\\\/\\\/loginfo24.com\\\/wp-content\\\/uploads\\\/sites\\\/7\\\/2025\\\/12\\\/LHG_22.5.23.jpg\",\"datePublished\":\"2023-05-22T15:13:09+00:00\",\"breadcrumb\":{\"@id\":\"https:\\\/\\\/loginfo24.com\\\/pt-pt\\\/2023\\\/05\\\/22\\\/a-lubecker-hafen-gesellschaft-apresenta-uma-nova-identidade-de-marca\\\/#breadcrumb\"},\"inLanguage\":\"pt-PT\",\"potentialAction\":[{\"@type\":\"ReadAction\",\"target\":[\"https:\\\/\\\/loginfo24.com\\\/pt-pt\\\/2023\\\/05\\\/22\\\/a-lubecker-hafen-gesellschaft-apresenta-uma-nova-identidade-de-marca\\\/\"]}]},{\"@type\":\"ImageObject\",\"inLanguage\":\"pt-PT\",\"@id\":\"https:\\\/\\\/loginfo24.com\\\/pt-pt\\\/2023\\\/05\\\/22\\\/a-lubecker-hafen-gesellschaft-apresenta-uma-nova-identidade-de-marca\\\/#primaryimage\",\"url\":\"https:\\\/\\\/loginfo24.com\\\/wp-content\\\/uploads\\\/sites\\\/7\\\/2025\\\/12\\\/LHG_22.5.23.jpg\",\"contentUrl\":\"https:\\\/\\\/loginfo24.com\\\/wp-content\\\/uploads\\\/sites\\\/7\\\/2025\\\/12\\\/LHG_22.5.23.jpg\",\"width\":1350,\"height\":750},{\"@type\":\"BreadcrumbList\",\"@id\":\"https:\\\/\\\/loginfo24.com\\\/pt-pt\\\/2023\\\/05\\\/22\\\/a-lubecker-hafen-gesellschaft-apresenta-uma-nova-identidade-de-marca\\\/#breadcrumb\",\"itemListElement\":[{\"@type\":\"ListItem\",\"position\":1,\"name\":\"Startseite\",\"item\":\"https:\\\/\\\/loginfo24.com\\\/pt-pt\\\/\"},{\"@type\":\"ListItem\",\"position\":2,\"name\":\"A L\u00fcbecker Hafen-Gesellschaft apresenta uma nova identidade de marca\"}]},{\"@type\":\"WebSite\",\"@id\":\"https:\\\/\\\/loginfo24.com\\\/pt-pt\\\/#website\",\"url\":\"https:\\\/\\\/loginfo24.com\\\/pt-pt\\\/\",\"name\":\"Loginfo24\",\"description\":\"Loginfo24 \u00e9 a plataforma dedicada \u00e0 log\u00edstica e \u00e0s cadeias de abastecimento, com informa\u00e7\u00f5es dispon\u00edveis 24 horas por dia.\",\"publisher\":{\"@id\":\"https:\\\/\\\/loginfo24.com\\\/pt-pt\\\/#organization\"},\"potentialAction\":[{\"@type\":\"SearchAction\",\"target\":{\"@type\":\"EntryPoint\",\"urlTemplate\":\"https:\\\/\\\/loginfo24.com\\\/pt-pt\\\/?s={search_term_string}\"},\"query-input\":{\"@type\":\"PropertyValueSpecification\",\"valueRequired\":true,\"valueName\":\"search_term_string\"}}],\"inLanguage\":\"pt-PT\"},{\"@type\":\"Organization\",\"@id\":\"https:\\\/\\\/loginfo24.com\\\/pt-pt\\\/#organization\",\"name\":\"Logismedia Group AG\",\"url\":\"https:\\\/\\\/loginfo24.com\\\/pt-pt\\\/\",\"logo\":{\"@type\":\"ImageObject\",\"inLanguage\":\"pt-PT\",\"@id\":\"https:\\\/\\\/loginfo24.com\\\/pt-pt\\\/#\\\/schema\\\/logo\\\/image\\\/\",\"url\":\"https:\\\/\\\/loginfo24.com\\\/wp-content\\\/uploads\\\/sites\\\/7\\\/2026\\\/01\\\/Logo_LogInfo24.png\",\"contentUrl\":\"https:\\\/\\\/loginfo24.com\\\/wp-content\\\/uploads\\\/sites\\\/7\\\/2026\\\/01\\\/Logo_LogInfo24.png\",\"width\":938,\"height\":351,\"caption\":\"Logismedia Group AG\"},\"image\":{\"@id\":\"https:\\\/\\\/loginfo24.com\\\/pt-pt\\\/#\\\/schema\\\/logo\\\/image\\\/\"},\"sameAs\":[\"https:\\\/\\\/www.facebook.com\\\/people\\\/Loginfo24\\\/100057360583332\\\/\",\"https:\\\/\\\/www.linkedin.com\\\/company\\\/lofinfo24\\\/\"]}]}<\/script>\n<!-- \/ Yoast SEO plugin. -->","yoast_head_json":{"title":"A L\u00fcbecker Hafen-Gesellschaft apresenta uma nova identidade de marca - Loginfo24","robots":{"index":"index","follow":"follow","max-snippet":"max-snippet:-1","max-image-preview":"max-image-preview:large","max-video-preview":"max-video-preview:-1"},"canonical":"https:\/\/loginfo24.com\/pt-pt\/2023\/05\/22\/a-lubecker-hafen-gesellschaft-apresenta-uma-nova-identidade-de-marca\/","og_locale":"pt_PT","og_type":"article","og_title":"A L\u00fcbecker Hafen-Gesellschaft apresenta uma nova identidade de marca - Loginfo24","og_description":"A L\u00fcbecker Hafen-Gesellschaft (LHG) completar\u00e1 noventa anos no pr\u00f3ximo ano e agora recebeu uma nova apar\u00eancia. Na feira &#8220;transport logistic&#8221; em Munique, a empresa apresentou recentemente [\u2026]","og_url":"https:\/\/loginfo24.com\/pt-pt\/2023\/05\/22\/a-lubecker-hafen-gesellschaft-apresenta-uma-nova-identidade-de-marca\/","og_site_name":"Loginfo24","article_publisher":"https:\/\/www.facebook.com\/people\/Loginfo24\/100057360583332\/","article_published_time":"2023-05-22T15:13:09+00:00","og_image":[{"width":1350,"height":750,"url":"https:\/\/loginfo24.com\/wp-content\/uploads\/sites\/7\/2025\/12\/LHG_22.5.23.jpg","type":"image\/jpeg"}],"twitter_card":"summary_large_image","twitter_misc":{"Tempo estimado de leitura":"2 minutos"},"schema":{"@context":"https:\/\/schema.org","@graph":[{"@type":"Article","@id":"https:\/\/loginfo24.com\/pt-pt\/2023\/05\/22\/a-lubecker-hafen-gesellschaft-apresenta-uma-nova-identidade-de-marca\/#article","isPartOf":{"@id":"https:\/\/loginfo24.com\/pt-pt\/2023\/05\/22\/a-lubecker-hafen-gesellschaft-apresenta-uma-nova-identidade-de-marca\/"},"author":{"name":"","@id":""},"headline":"A L\u00fcbecker Hafen-Gesellschaft apresenta uma nova identidade de marca","datePublished":"2023-05-22T15:13:09+00:00","mainEntityOfPage":{"@id":"https:\/\/loginfo24.com\/pt-pt\/2023\/05\/22\/a-lubecker-hafen-gesellschaft-apresenta-uma-nova-identidade-de-marca\/"},"wordCount":315,"commentCount":0,"publisher":{"@id":"https:\/\/loginfo24.com\/pt-pt\/#organization"},"image":{"@id":"https:\/\/loginfo24.com\/pt-pt\/2023\/05\/22\/a-lubecker-hafen-gesellschaft-apresenta-uma-nova-identidade-de-marca\/#primaryimage"},"thumbnailUrl":"https:\/\/loginfo24.com\/wp-content\/uploads\/sites\/7\/2025\/12\/LHG_22.5.23.jpg","articleSection":["Forwarding &amp; Logistics","Regions","Shipping &amp; Ports"],"inLanguage":"pt-PT","potentialAction":[{"@type":"CommentAction","name":"Comment","target":["https:\/\/loginfo24.com\/pt-pt\/2023\/05\/22\/a-lubecker-hafen-gesellschaft-apresenta-uma-nova-identidade-de-marca\/#respond"]}]},{"@type":"WebPage","@id":"https:\/\/loginfo24.com\/pt-pt\/2023\/05\/22\/a-lubecker-hafen-gesellschaft-apresenta-uma-nova-identidade-de-marca\/","url":"https:\/\/loginfo24.com\/pt-pt\/2023\/05\/22\/a-lubecker-hafen-gesellschaft-apresenta-uma-nova-identidade-de-marca\/","name":"A L\u00fcbecker Hafen-Gesellschaft apresenta uma nova identidade de marca - Loginfo24","isPartOf":{"@id":"https:\/\/loginfo24.com\/pt-pt\/#website"},"primaryImageOfPage":{"@id":"https:\/\/loginfo24.com\/pt-pt\/2023\/05\/22\/a-lubecker-hafen-gesellschaft-apresenta-uma-nova-identidade-de-marca\/#primaryimage"},"image":{"@id":"https:\/\/loginfo24.com\/pt-pt\/2023\/05\/22\/a-lubecker-hafen-gesellschaft-apresenta-uma-nova-identidade-de-marca\/#primaryimage"},"thumbnailUrl":"https:\/\/loginfo24.com\/wp-content\/uploads\/sites\/7\/2025\/12\/LHG_22.5.23.jpg","datePublished":"2023-05-22T15:13:09+00:00","breadcrumb":{"@id":"https:\/\/loginfo24.com\/pt-pt\/2023\/05\/22\/a-lubecker-hafen-gesellschaft-apresenta-uma-nova-identidade-de-marca\/#breadcrumb"},"inLanguage":"pt-PT","potentialAction":[{"@type":"ReadAction","target":["https:\/\/loginfo24.com\/pt-pt\/2023\/05\/22\/a-lubecker-hafen-gesellschaft-apresenta-uma-nova-identidade-de-marca\/"]}]},{"@type":"ImageObject","inLanguage":"pt-PT","@id":"https:\/\/loginfo24.com\/pt-pt\/2023\/05\/22\/a-lubecker-hafen-gesellschaft-apresenta-uma-nova-identidade-de-marca\/#primaryimage","url":"https:\/\/loginfo24.com\/wp-content\/uploads\/sites\/7\/2025\/12\/LHG_22.5.23.jpg","contentUrl":"https:\/\/loginfo24.com\/wp-content\/uploads\/sites\/7\/2025\/12\/LHG_22.5.23.jpg","width":1350,"height":750},{"@type":"BreadcrumbList","@id":"https:\/\/loginfo24.com\/pt-pt\/2023\/05\/22\/a-lubecker-hafen-gesellschaft-apresenta-uma-nova-identidade-de-marca\/#breadcrumb","itemListElement":[{"@type":"ListItem","position":1,"name":"Startseite","item":"https:\/\/loginfo24.com\/pt-pt\/"},{"@type":"ListItem","position":2,"name":"A L\u00fcbecker Hafen-Gesellschaft apresenta uma nova identidade de marca"}]},{"@type":"WebSite","@id":"https:\/\/loginfo24.com\/pt-pt\/#website","url":"https:\/\/loginfo24.com\/pt-pt\/","name":"Loginfo24","description":"Loginfo24 \u00e9 a plataforma dedicada \u00e0 log\u00edstica e \u00e0s cadeias de abastecimento, com informa\u00e7\u00f5es dispon\u00edveis 24 horas por dia.","publisher":{"@id":"https:\/\/loginfo24.com\/pt-pt\/#organization"},"potentialAction":[{"@type":"SearchAction","target":{"@type":"EntryPoint","urlTemplate":"https:\/\/loginfo24.com\/pt-pt\/?s={search_term_string}"},"query-input":{"@type":"PropertyValueSpecification","valueRequired":true,"valueName":"search_term_string"}}],"inLanguage":"pt-PT"},{"@type":"Organization","@id":"https:\/\/loginfo24.com\/pt-pt\/#organization","name":"Logismedia Group AG","url":"https:\/\/loginfo24.com\/pt-pt\/","logo":{"@type":"ImageObject","inLanguage":"pt-PT","@id":"https:\/\/loginfo24.com\/pt-pt\/#\/schema\/logo\/image\/","url":"https:\/\/loginfo24.com\/wp-content\/uploads\/sites\/7\/2026\/01\/Logo_LogInfo24.png","contentUrl":"https:\/\/loginfo24.com\/wp-content\/uploads\/sites\/7\/2026\/01\/Logo_LogInfo24.png","width":938,"height":351,"caption":"Logismedia Group AG"},"image":{"@id":"https:\/\/loginfo24.com\/pt-pt\/#\/schema\/logo\/image\/"},"sameAs":["https:\/\/www.facebook.com\/people\/Loginfo24\/100057360583332\/","https:\/\/www.linkedin.com\/company\/lofinfo24\/"]}]}},"_links":{"self":[{"href":"https:\/\/loginfo24.com\/pt-pt\/wp-json\/wp\/v2\/posts\/61499","targetHints":{"allow":["GET"]}}],"collection":[{"href":"https:\/\/loginfo24.com\/pt-pt\/wp-json\/wp\/v2\/posts"}],"about":[{"href":"https:\/\/loginfo24.com\/pt-pt\/wp-json\/wp\/v2\/types\/post"}],"replies":[{"embeddable":true,"href":"https:\/\/loginfo24.com\/pt-pt\/wp-json\/wp\/v2\/comments?post=61499"}],"version-history":[{"count":0,"href":"https:\/\/loginfo24.com\/pt-pt\/wp-json\/wp\/v2\/posts\/61499\/revisions"}],"wp:featuredmedia":[{"embeddable":true,"href":"https:\/\/loginfo24.com\/pt-pt\/wp-json\/wp\/v2\/media\/8123"}],"wp:attachment":[{"href":"https:\/\/loginfo24.com\/pt-pt\/wp-json\/wp\/v2\/media?parent=61499"}],"wp:term":[{"taxonomy":"category","embeddable":true,"href":"https:\/\/loginfo24.com\/pt-pt\/wp-json\/wp\/v2\/categories?post=61499"},{"taxonomy":"post_tag","embeddable":true,"href":"https:\/\/loginfo24.com\/pt-pt\/wp-json\/wp\/v2\/tags?post=61499"}],"curies":[{"name":"wp","href":"https:\/\/api.w.org\/{rel}","templated":true}]}}