{"id":61310,"date":"2023-04-30T19:26:07","date_gmt":"2023-04-30T17:26:07","guid":{"rendered":"https:\/\/blog.brand-architecture.at\/2023\/04\/30\/em-quase-uma-semana-a-transport-logistic-abrira-suas-portas\/"},"modified":"2023-04-30T19:26:07","modified_gmt":"2023-04-30T17:26:07","slug":"em-quase-uma-semana-a-transport-logistic-abrira-suas-portas","status":"publish","type":"post","link":"https:\/\/loginfo24.com\/pt-pt\/2023\/04\/30\/em-quase-uma-semana-a-transport-logistic-abrira-suas-portas\/","title":{"rendered":"Em quase uma semana, a transport logistic abrir\u00e1 suas portas"},"content":{"rendered":"<h5><strong>Em breve ser\u00e1 novamente a hora: De 9 a 12 de maio de 2023, a transport logistic, a Feira Internacional de Log\u00edstica, Mobilidade, TI e Gest\u00e3o da Cadeia de Suprimentos, abrir\u00e1 suas portas no recinto da feira de Munique. O Ministro Federal dos Transportes, Dr. Volker Wissing, inaugurar\u00e1 a feira.<\/strong><\/h5>\n<p>Em breve ser\u00e1 novamente a hora: De 9 a 12 de maio de 2023, a transport logistic, a Feira Internacional de Log\u00edstica, Mobilidade, TI e Gest\u00e3o da Cadeia de Suprimentos, abrir\u00e1 suas portas no recinto da feira de Munique. Um total de cerca de 2.300 expositores de 67 pa\u00edses (2019: 2.374 expositores de 63 pa\u00edses) apresentar\u00e3o em 127.000 metros quadrados \u2013 distribu\u00eddos em dez pavilh\u00f5es (B1 a B6, A3 a A6) e \u00e1rea externa com trilhos \u2013 seus servi\u00e7os, produtos e novidades. Cerca de 1.375 empresas, o que corresponde a 60 por cento, v\u00eam do exterior. Assim, o evento deste ano \u00e9, do lado dos expositores, mais internacional do que nunca.<\/p>\n<h5><strong>Ministro Federal inaugura a feira<\/strong><\/h5>\n<p>A transport logistic ser\u00e1 inaugurada pelo Ministro Federal dos Transportes, Dr. Volker Wissing. Isso demonstra a alta import\u00e2ncia que a transport logistic ocupa na agenda pol\u00edtica \u2013 n\u00e3o menos por causa dos temas discutidos l\u00e1, como o tr\u00e2nsito pelo Brenner, infraestrutura ou a lei da cadeia de suprimentos, para citar apenas tr\u00eas das 56 sess\u00f5es do programa da confer\u00eancia.<\/p>\n<h5><strong>Campus Plaza celebra sua estreia<\/strong><\/h5>\n<p>Al\u00e9m disso, este ano tamb\u00e9m haver\u00e1 uma estreia: A rec\u00e9m-criada Campus Plaza no Pavilh\u00e3o B2 oferece um ponto de encontro onde empresas estabelecidas e startups podem se apresentar juntas. Concentrados em um tema espec\u00edfico, os participantes encontram diariamente especialistas e conhecem as abordagens mais recentes nas \u00e1reas de sustentabilidade, propuls\u00e3o alternativa, startups, empregos e carreiras. Mais informa\u00e7\u00f5es sobre a Campus Plaza est\u00e3o dispon\u00edveis em https:\/\/transportlogistic.de\/de\/besucher\/highlights\/campus-plaza\/<br \/>Outro destaque \u00e9 o estande conjunto do Minist\u00e9rio Federal da Economia e Prote\u00e7\u00e3o do Clima (BMWK). Sob sua \u00e9gide, um total de 17 empresas jovens e inovadoras das \u00e1reas de TI \/ Telem\u00e1tica, E-Business ou Telecomunica\u00e7\u00f5es apresentar\u00e3o seu trabalho no Pavilh\u00e3o A3.<br \/>Nos pavilh\u00f5es internacionais, a transport logistic tamb\u00e9m registra uma alta participa\u00e7\u00e3o novamente. Um total de 27 participa\u00e7\u00f5es conjuntas de cerca de 20 pa\u00edses oferece este ano a pequenas empresas a oportunidade de se apresentar e mostrar seus produtos ao p\u00fablico internacional.<\/p>\n<h5><strong>Novamente esgotado \u2013 a air cargo Europe<\/strong><\/h5>\n<p>Uma hist\u00f3ria de sucesso \u00e9 e continua a ser a feira de carga a\u00e9rea air cargo Europe, que tamb\u00e9m \u00e9 caracterizada por uma alta internacionalidade. A exposi\u00e7\u00e3o integrada \u00e0 transport logistic ocupa cerca de 14.000 metros quadrados, ou seja, todo o Pavilh\u00e3o B1 e \u2013 devido \u00e0 alta demanda \u2013 uma parte do Pavilh\u00e3o B2.<br \/>Foto: \u00a9 transport logistic<\/p>\n","protected":false},"excerpt":{"rendered":"<p>Em breve ser\u00e1 novamente a hora: De 9 a 12 de maio de 2023, a transport logistic, a Feira Internacional de Log\u00edstica, Mobilidade, TI e Gest\u00e3o<span class=\"excerpt-hellip\"> [\u2026]<\/span><\/p>\n","protected":false},"author":0,"featured_media":8210,"comment_status":"open","ping_status":"open","sticky":false,"template":"","format":"standard","meta":{"_acf_changed":false,"footnotes":""},"categories":[1557,1561],"tags":[],"class_list":["post-61310","post","type-post","status-publish","format-standard","has-post-thumbnail","hentry","category-forwarding-logistics","category-regions"],"acf":[],"yoast_head":"<!-- This site is optimized with the Yoast SEO plugin v27.3 - https:\/\/yoast.com\/product\/yoast-seo-wordpress\/ -->\n<title>Em quase uma semana, a transport logistic abrir\u00e1 suas portas - Loginfo24<\/title>\n<meta name=\"robots\" content=\"index, follow, max-snippet:-1, max-image-preview:large, max-video-preview:-1\" \/>\n<link rel=\"canonical\" href=\"https:\/\/loginfo24.com\/pt-pt\/2023\/04\/30\/em-quase-uma-semana-a-transport-logistic-abrira-suas-portas\/\" \/>\n<meta property=\"og:locale\" content=\"pt_PT\" \/>\n<meta property=\"og:type\" content=\"article\" \/>\n<meta property=\"og:title\" content=\"Em quase uma semana, a transport logistic abrir\u00e1 suas portas - Loginfo24\" \/>\n<meta property=\"og:description\" content=\"Em breve ser\u00e1 novamente a hora: De 9 a 12 de maio de 2023, a transport logistic, a Feira Internacional de Log\u00edstica, Mobilidade, TI e Gest\u00e3o [\u2026]\" \/>\n<meta property=\"og:url\" content=\"https:\/\/loginfo24.com\/pt-pt\/2023\/04\/30\/em-quase-uma-semana-a-transport-logistic-abrira-suas-portas\/\" \/>\n<meta property=\"og:site_name\" content=\"Loginfo24\" \/>\n<meta property=\"article:publisher\" content=\"https:\/\/www.facebook.com\/people\/Loginfo24\/100057360583332\/\" \/>\n<meta property=\"article:published_time\" content=\"2023-04-30T17:26:07+00:00\" \/>\n<meta property=\"og:image\" content=\"https:\/\/loginfo24.com\/wp-content\/uploads\/sites\/7\/2025\/12\/transport_logistic_30.4.23.jpg\" \/>\n\t<meta property=\"og:image:width\" content=\"1230\" \/>\n\t<meta property=\"og:image:height\" content=\"775\" \/>\n\t<meta property=\"og:image:type\" content=\"image\/jpeg\" \/>\n<meta name=\"twitter:card\" content=\"summary_large_image\" \/>\n<meta name=\"twitter:label1\" content=\"Tempo estimado de leitura\" \/>\n\t<meta name=\"twitter:data1\" content=\"2 minutos\" \/>\n<script type=\"application\/ld+json\" class=\"yoast-schema-graph\">{\"@context\":\"https:\\\/\\\/schema.org\",\"@graph\":[{\"@type\":\"Article\",\"@id\":\"https:\\\/\\\/loginfo24.com\\\/pt-pt\\\/2023\\\/04\\\/30\\\/em-quase-uma-semana-a-transport-logistic-abrira-suas-portas\\\/#article\",\"isPartOf\":{\"@id\":\"https:\\\/\\\/loginfo24.com\\\/pt-pt\\\/2023\\\/04\\\/30\\\/em-quase-uma-semana-a-transport-logistic-abrira-suas-portas\\\/\"},\"author\":{\"name\":\"\",\"@id\":\"\"},\"headline\":\"Em quase uma semana, a transport logistic abrir\u00e1 suas portas\",\"datePublished\":\"2023-04-30T17:26:07+00:00\",\"mainEntityOfPage\":{\"@id\":\"https:\\\/\\\/loginfo24.com\\\/pt-pt\\\/2023\\\/04\\\/30\\\/em-quase-uma-semana-a-transport-logistic-abrira-suas-portas\\\/\"},\"wordCount\":472,\"commentCount\":0,\"publisher\":{\"@id\":\"https:\\\/\\\/loginfo24.com\\\/pt-pt\\\/#organization\"},\"image\":{\"@id\":\"https:\\\/\\\/loginfo24.com\\\/pt-pt\\\/2023\\\/04\\\/30\\\/em-quase-uma-semana-a-transport-logistic-abrira-suas-portas\\\/#primaryimage\"},\"thumbnailUrl\":\"https:\\\/\\\/loginfo24.com\\\/wp-content\\\/uploads\\\/sites\\\/7\\\/2025\\\/12\\\/transport_logistic_30.4.23.jpg\",\"articleSection\":[\"Forwarding &amp; Logistics\",\"Regions\"],\"inLanguage\":\"pt-PT\",\"potentialAction\":[{\"@type\":\"CommentAction\",\"name\":\"Comment\",\"target\":[\"https:\\\/\\\/loginfo24.com\\\/pt-pt\\\/2023\\\/04\\\/30\\\/em-quase-uma-semana-a-transport-logistic-abrira-suas-portas\\\/#respond\"]}]},{\"@type\":\"WebPage\",\"@id\":\"https:\\\/\\\/loginfo24.com\\\/pt-pt\\\/2023\\\/04\\\/30\\\/em-quase-uma-semana-a-transport-logistic-abrira-suas-portas\\\/\",\"url\":\"https:\\\/\\\/loginfo24.com\\\/pt-pt\\\/2023\\\/04\\\/30\\\/em-quase-uma-semana-a-transport-logistic-abrira-suas-portas\\\/\",\"name\":\"Em quase uma semana, a transport logistic abrir\u00e1 suas portas - Loginfo24\",\"isPartOf\":{\"@id\":\"https:\\\/\\\/loginfo24.com\\\/pt-pt\\\/#website\"},\"primaryImageOfPage\":{\"@id\":\"https:\\\/\\\/loginfo24.com\\\/pt-pt\\\/2023\\\/04\\\/30\\\/em-quase-uma-semana-a-transport-logistic-abrira-suas-portas\\\/#primaryimage\"},\"image\":{\"@id\":\"https:\\\/\\\/loginfo24.com\\\/pt-pt\\\/2023\\\/04\\\/30\\\/em-quase-uma-semana-a-transport-logistic-abrira-suas-portas\\\/#primaryimage\"},\"thumbnailUrl\":\"https:\\\/\\\/loginfo24.com\\\/wp-content\\\/uploads\\\/sites\\\/7\\\/2025\\\/12\\\/transport_logistic_30.4.23.jpg\",\"datePublished\":\"2023-04-30T17:26:07+00:00\",\"breadcrumb\":{\"@id\":\"https:\\\/\\\/loginfo24.com\\\/pt-pt\\\/2023\\\/04\\\/30\\\/em-quase-uma-semana-a-transport-logistic-abrira-suas-portas\\\/#breadcrumb\"},\"inLanguage\":\"pt-PT\",\"potentialAction\":[{\"@type\":\"ReadAction\",\"target\":[\"https:\\\/\\\/loginfo24.com\\\/pt-pt\\\/2023\\\/04\\\/30\\\/em-quase-uma-semana-a-transport-logistic-abrira-suas-portas\\\/\"]}]},{\"@type\":\"ImageObject\",\"inLanguage\":\"pt-PT\",\"@id\":\"https:\\\/\\\/loginfo24.com\\\/pt-pt\\\/2023\\\/04\\\/30\\\/em-quase-uma-semana-a-transport-logistic-abrira-suas-portas\\\/#primaryimage\",\"url\":\"https:\\\/\\\/loginfo24.com\\\/wp-content\\\/uploads\\\/sites\\\/7\\\/2025\\\/12\\\/transport_logistic_30.4.23.jpg\",\"contentUrl\":\"https:\\\/\\\/loginfo24.com\\\/wp-content\\\/uploads\\\/sites\\\/7\\\/2025\\\/12\\\/transport_logistic_30.4.23.jpg\",\"width\":1230,\"height\":775},{\"@type\":\"BreadcrumbList\",\"@id\":\"https:\\\/\\\/loginfo24.com\\\/pt-pt\\\/2023\\\/04\\\/30\\\/em-quase-uma-semana-a-transport-logistic-abrira-suas-portas\\\/#breadcrumb\",\"itemListElement\":[{\"@type\":\"ListItem\",\"position\":1,\"name\":\"Startseite\",\"item\":\"https:\\\/\\\/loginfo24.com\\\/pt-pt\\\/\"},{\"@type\":\"ListItem\",\"position\":2,\"name\":\"Em quase uma semana, a transport logistic abrir\u00e1 suas portas\"}]},{\"@type\":\"WebSite\",\"@id\":\"https:\\\/\\\/loginfo24.com\\\/pt-pt\\\/#website\",\"url\":\"https:\\\/\\\/loginfo24.com\\\/pt-pt\\\/\",\"name\":\"Loginfo24\",\"description\":\"Loginfo24 \u00e9 a plataforma dedicada \u00e0 log\u00edstica e \u00e0s cadeias de abastecimento, com informa\u00e7\u00f5es dispon\u00edveis 24 horas por dia.\",\"publisher\":{\"@id\":\"https:\\\/\\\/loginfo24.com\\\/pt-pt\\\/#organization\"},\"potentialAction\":[{\"@type\":\"SearchAction\",\"target\":{\"@type\":\"EntryPoint\",\"urlTemplate\":\"https:\\\/\\\/loginfo24.com\\\/pt-pt\\\/?s={search_term_string}\"},\"query-input\":{\"@type\":\"PropertyValueSpecification\",\"valueRequired\":true,\"valueName\":\"search_term_string\"}}],\"inLanguage\":\"pt-PT\"},{\"@type\":\"Organization\",\"@id\":\"https:\\\/\\\/loginfo24.com\\\/pt-pt\\\/#organization\",\"name\":\"Logismedia Group AG\",\"url\":\"https:\\\/\\\/loginfo24.com\\\/pt-pt\\\/\",\"logo\":{\"@type\":\"ImageObject\",\"inLanguage\":\"pt-PT\",\"@id\":\"https:\\\/\\\/loginfo24.com\\\/pt-pt\\\/#\\\/schema\\\/logo\\\/image\\\/\",\"url\":\"https:\\\/\\\/loginfo24.com\\\/wp-content\\\/uploads\\\/sites\\\/7\\\/2026\\\/01\\\/Logo_LogInfo24.png\",\"contentUrl\":\"https:\\\/\\\/loginfo24.com\\\/wp-content\\\/uploads\\\/sites\\\/7\\\/2026\\\/01\\\/Logo_LogInfo24.png\",\"width\":938,\"height\":351,\"caption\":\"Logismedia Group AG\"},\"image\":{\"@id\":\"https:\\\/\\\/loginfo24.com\\\/pt-pt\\\/#\\\/schema\\\/logo\\\/image\\\/\"},\"sameAs\":[\"https:\\\/\\\/www.facebook.com\\\/people\\\/Loginfo24\\\/100057360583332\\\/\",\"https:\\\/\\\/www.linkedin.com\\\/company\\\/lofinfo24\\\/\"]}]}<\/script>\n<!-- \/ Yoast SEO plugin. -->","yoast_head_json":{"title":"Em quase uma semana, a transport logistic abrir\u00e1 suas portas - Loginfo24","robots":{"index":"index","follow":"follow","max-snippet":"max-snippet:-1","max-image-preview":"max-image-preview:large","max-video-preview":"max-video-preview:-1"},"canonical":"https:\/\/loginfo24.com\/pt-pt\/2023\/04\/30\/em-quase-uma-semana-a-transport-logistic-abrira-suas-portas\/","og_locale":"pt_PT","og_type":"article","og_title":"Em quase uma semana, a transport logistic abrir\u00e1 suas portas - Loginfo24","og_description":"Em breve ser\u00e1 novamente a hora: De 9 a 12 de maio de 2023, a transport logistic, a Feira Internacional de Log\u00edstica, Mobilidade, TI e Gest\u00e3o [\u2026]","og_url":"https:\/\/loginfo24.com\/pt-pt\/2023\/04\/30\/em-quase-uma-semana-a-transport-logistic-abrira-suas-portas\/","og_site_name":"Loginfo24","article_publisher":"https:\/\/www.facebook.com\/people\/Loginfo24\/100057360583332\/","article_published_time":"2023-04-30T17:26:07+00:00","og_image":[{"width":1230,"height":775,"url":"https:\/\/loginfo24.com\/wp-content\/uploads\/sites\/7\/2025\/12\/transport_logistic_30.4.23.jpg","type":"image\/jpeg"}],"twitter_card":"summary_large_image","twitter_misc":{"Tempo estimado de leitura":"2 minutos"},"schema":{"@context":"https:\/\/schema.org","@graph":[{"@type":"Article","@id":"https:\/\/loginfo24.com\/pt-pt\/2023\/04\/30\/em-quase-uma-semana-a-transport-logistic-abrira-suas-portas\/#article","isPartOf":{"@id":"https:\/\/loginfo24.com\/pt-pt\/2023\/04\/30\/em-quase-uma-semana-a-transport-logistic-abrira-suas-portas\/"},"author":{"name":"","@id":""},"headline":"Em quase uma semana, a transport logistic abrir\u00e1 suas portas","datePublished":"2023-04-30T17:26:07+00:00","mainEntityOfPage":{"@id":"https:\/\/loginfo24.com\/pt-pt\/2023\/04\/30\/em-quase-uma-semana-a-transport-logistic-abrira-suas-portas\/"},"wordCount":472,"commentCount":0,"publisher":{"@id":"https:\/\/loginfo24.com\/pt-pt\/#organization"},"image":{"@id":"https:\/\/loginfo24.com\/pt-pt\/2023\/04\/30\/em-quase-uma-semana-a-transport-logistic-abrira-suas-portas\/#primaryimage"},"thumbnailUrl":"https:\/\/loginfo24.com\/wp-content\/uploads\/sites\/7\/2025\/12\/transport_logistic_30.4.23.jpg","articleSection":["Forwarding &amp; Logistics","Regions"],"inLanguage":"pt-PT","potentialAction":[{"@type":"CommentAction","name":"Comment","target":["https:\/\/loginfo24.com\/pt-pt\/2023\/04\/30\/em-quase-uma-semana-a-transport-logistic-abrira-suas-portas\/#respond"]}]},{"@type":"WebPage","@id":"https:\/\/loginfo24.com\/pt-pt\/2023\/04\/30\/em-quase-uma-semana-a-transport-logistic-abrira-suas-portas\/","url":"https:\/\/loginfo24.com\/pt-pt\/2023\/04\/30\/em-quase-uma-semana-a-transport-logistic-abrira-suas-portas\/","name":"Em quase uma semana, a transport logistic abrir\u00e1 suas portas - Loginfo24","isPartOf":{"@id":"https:\/\/loginfo24.com\/pt-pt\/#website"},"primaryImageOfPage":{"@id":"https:\/\/loginfo24.com\/pt-pt\/2023\/04\/30\/em-quase-uma-semana-a-transport-logistic-abrira-suas-portas\/#primaryimage"},"image":{"@id":"https:\/\/loginfo24.com\/pt-pt\/2023\/04\/30\/em-quase-uma-semana-a-transport-logistic-abrira-suas-portas\/#primaryimage"},"thumbnailUrl":"https:\/\/loginfo24.com\/wp-content\/uploads\/sites\/7\/2025\/12\/transport_logistic_30.4.23.jpg","datePublished":"2023-04-30T17:26:07+00:00","breadcrumb":{"@id":"https:\/\/loginfo24.com\/pt-pt\/2023\/04\/30\/em-quase-uma-semana-a-transport-logistic-abrira-suas-portas\/#breadcrumb"},"inLanguage":"pt-PT","potentialAction":[{"@type":"ReadAction","target":["https:\/\/loginfo24.com\/pt-pt\/2023\/04\/30\/em-quase-uma-semana-a-transport-logistic-abrira-suas-portas\/"]}]},{"@type":"ImageObject","inLanguage":"pt-PT","@id":"https:\/\/loginfo24.com\/pt-pt\/2023\/04\/30\/em-quase-uma-semana-a-transport-logistic-abrira-suas-portas\/#primaryimage","url":"https:\/\/loginfo24.com\/wp-content\/uploads\/sites\/7\/2025\/12\/transport_logistic_30.4.23.jpg","contentUrl":"https:\/\/loginfo24.com\/wp-content\/uploads\/sites\/7\/2025\/12\/transport_logistic_30.4.23.jpg","width":1230,"height":775},{"@type":"BreadcrumbList","@id":"https:\/\/loginfo24.com\/pt-pt\/2023\/04\/30\/em-quase-uma-semana-a-transport-logistic-abrira-suas-portas\/#breadcrumb","itemListElement":[{"@type":"ListItem","position":1,"name":"Startseite","item":"https:\/\/loginfo24.com\/pt-pt\/"},{"@type":"ListItem","position":2,"name":"Em quase uma semana, a transport logistic abrir\u00e1 suas portas"}]},{"@type":"WebSite","@id":"https:\/\/loginfo24.com\/pt-pt\/#website","url":"https:\/\/loginfo24.com\/pt-pt\/","name":"Loginfo24","description":"Loginfo24 \u00e9 a plataforma dedicada \u00e0 log\u00edstica e \u00e0s cadeias de abastecimento, com informa\u00e7\u00f5es dispon\u00edveis 24 horas por dia.","publisher":{"@id":"https:\/\/loginfo24.com\/pt-pt\/#organization"},"potentialAction":[{"@type":"SearchAction","target":{"@type":"EntryPoint","urlTemplate":"https:\/\/loginfo24.com\/pt-pt\/?s={search_term_string}"},"query-input":{"@type":"PropertyValueSpecification","valueRequired":true,"valueName":"search_term_string"}}],"inLanguage":"pt-PT"},{"@type":"Organization","@id":"https:\/\/loginfo24.com\/pt-pt\/#organization","name":"Logismedia Group AG","url":"https:\/\/loginfo24.com\/pt-pt\/","logo":{"@type":"ImageObject","inLanguage":"pt-PT","@id":"https:\/\/loginfo24.com\/pt-pt\/#\/schema\/logo\/image\/","url":"https:\/\/loginfo24.com\/wp-content\/uploads\/sites\/7\/2026\/01\/Logo_LogInfo24.png","contentUrl":"https:\/\/loginfo24.com\/wp-content\/uploads\/sites\/7\/2026\/01\/Logo_LogInfo24.png","width":938,"height":351,"caption":"Logismedia Group AG"},"image":{"@id":"https:\/\/loginfo24.com\/pt-pt\/#\/schema\/logo\/image\/"},"sameAs":["https:\/\/www.facebook.com\/people\/Loginfo24\/100057360583332\/","https:\/\/www.linkedin.com\/company\/lofinfo24\/"]}]}},"_links":{"self":[{"href":"https:\/\/loginfo24.com\/pt-pt\/wp-json\/wp\/v2\/posts\/61310","targetHints":{"allow":["GET"]}}],"collection":[{"href":"https:\/\/loginfo24.com\/pt-pt\/wp-json\/wp\/v2\/posts"}],"about":[{"href":"https:\/\/loginfo24.com\/pt-pt\/wp-json\/wp\/v2\/types\/post"}],"replies":[{"embeddable":true,"href":"https:\/\/loginfo24.com\/pt-pt\/wp-json\/wp\/v2\/comments?post=61310"}],"version-history":[{"count":0,"href":"https:\/\/loginfo24.com\/pt-pt\/wp-json\/wp\/v2\/posts\/61310\/revisions"}],"wp:featuredmedia":[{"embeddable":true,"href":"https:\/\/loginfo24.com\/pt-pt\/wp-json\/wp\/v2\/media\/8210"}],"wp:attachment":[{"href":"https:\/\/loginfo24.com\/pt-pt\/wp-json\/wp\/v2\/media?parent=61310"}],"wp:term":[{"taxonomy":"category","embeddable":true,"href":"https:\/\/loginfo24.com\/pt-pt\/wp-json\/wp\/v2\/categories?post=61310"},{"taxonomy":"post_tag","embeddable":true,"href":"https:\/\/loginfo24.com\/pt-pt\/wp-json\/wp\/v2\/tags?post=61310"}],"curies":[{"name":"wp","href":"https:\/\/api.w.org\/{rel}","templated":true}]}}