{"id":61174,"date":"2023-04-03T20:40:06","date_gmt":"2023-04-03T18:40:06","guid":{"rendered":"https:\/\/blog.brand-architecture.at\/2023\/04\/03\/instituicoes-exigem-rapida-expansao-do-transporte-combinado\/"},"modified":"2023-04-03T20:40:06","modified_gmt":"2023-04-03T18:40:06","slug":"instituicoes-exigem-rapida-expansao-do-transporte-combinado","status":"publish","type":"post","link":"https:\/\/loginfo24.com\/pt-pt\/2023\/04\/03\/instituicoes-exigem-rapida-expansao-do-transporte-combinado\/","title":{"rendered":"Institui\u00e7\u00f5es exigem r\u00e1pida expans\u00e3o do Transporte Combinado"},"content":{"rendered":"<h5><strong>Acordo de coaliz\u00e3o atribui ao Transporte Combinado uma import\u00e2ncia especial para transportes ecol\u00f3gicos. Ofertas competitivas e inova\u00e7\u00f5es est\u00e3o prontas. A exig\u00eancia conjunta de VDV, DIE G\u00dcTERBAHNEN, UIRR, SGKV e shift2030: As capacidades devem ser rapidamente expandidas agora<\/strong><\/h5>\n<p>(Berlim) A coaliz\u00e3o sem\u00e1foro atribuiu ao Transporte Combinado (TC) um papel especial em seu acordo &#8220;Pacote de Moderniza\u00e7\u00e3o para Prote\u00e7\u00e3o Clim\u00e1tica e Acelera\u00e7\u00e3o do Planejamento&#8221;. N\u00e3o sem raz\u00e3o: com taxas de crescimento anuais de 5-8%, o TC representa um segmento din\u00e2mico e inovador no transporte ferrovi\u00e1rio de mercadorias. No Transporte Combinado, as mercadorias s\u00e3o transportadas por longas dist\u00e2ncias na ferrovia ou via aqu\u00e1tica, enquanto a coleta e entrega \u2013 chamada de pr\u00e9 e p\u00f3s-transporte \u2013 s\u00e3o realizadas de forma flex\u00edvel por caminh\u00e3o. A transi\u00e7\u00e3o das unidades de carga intermodais (por exemplo, cont\u00eaineres ou semirreboques) entre estrada e ferrovia ocorre em terminais especiais.<\/p>\n<p>O governo da coaliz\u00e3o agora pode provar que leva a s\u00e9rio os transportes ecol\u00f3gicos de mercadorias e, portanto, fortalece massivamente o Transporte Combinado: &#8220;Somente aumentando os recursos or\u00e7ament\u00e1rios destinados ao Transporte Combinado para cerca de 150 milh\u00f5es de \u20ac pode-se garantir que o n\u00famero atual de projetos na \u00e1rea de novos investimentos e substitui\u00e7\u00f5es possa ser tratado de acordo com a demanda&#8221;, explica Dr. Martin Henke, diretor de transporte ferrovi\u00e1rio no VDV.<\/p>\n<h5>Investir o dinheiro no lugar certo<\/h5>\n<p>Peter Westenberger, diretor da associa\u00e7\u00e3o DIE G\u00dcTERBAHNEN, complementa: &#8220;Muitas coisas est\u00e3o rapidamente escritas \u2013 o governo federal e a DB precisam agir rapidamente na implementa\u00e7\u00e3o. Com os resultados da comiss\u00e3o de coaliz\u00e3o, haver\u00e1 mais dinheiro para a ferrovia. Isso deve ser agora transparente e aplicado no lugar certo \u2013 no documento, por exemplo, j\u00e1 foram decididas medidas concretas para o financiamento do TC. As propostas da comiss\u00e3o de acelera\u00e7\u00e3o da ferrovia oferecem ao ministro dos Transportes ainda mais medidas corretas para fortalecer o TC, incluindo o uso de instala\u00e7\u00f5es de TC para a log\u00edstica de canteiros de obras. Um conceito concreto para uma empresa de infraestrutura orientada para o bem comum, em consulta com o setor, seria certamente o mais importante primeiro bom passo.&#8221;<br \/>\n<a href=\"https:\/\/www.catkin.eu\/produkte\/bbm\/\"><img loading=\"lazy\" decoding=\"async\" class=\"aligncenter wp-image-22749\" src=\"https:\/\/loginfo24.com\/wp-content\/uploads\/sites\/7\/2025\/12\/catkin_BBM_24.3.23.png-300x300.jpg\" alt=\"\" width=\"378\" height=\"378\" \/><\/a><br \/>\n\u00c9 urgente, pois no setor de transportes as metas de CO2 t\u00eam sido perdidas h\u00e1 anos. As emiss\u00f5es precisam ser urgentemente reduzidas. O Transporte Combinado pode contribuir decisivamente: em compara\u00e7\u00e3o com o transporte rodovi\u00e1rio puro por caminh\u00f5es a diesel, at\u00e9 90% menos CO2 \u00e9 emitido. J\u00e1 hoje, na Alemanha, mais de 2 milh\u00f5es de toneladas de CO2 s\u00e3o economizadas anualmente pela transfer\u00eancia de transportes de mercadorias da estrada para o TC. Um efeito colateral positivo: devido \u00e0 sua efici\u00eancia imbat\u00edvel, as ferrovias de carga s\u00e3o cinco vezes mais eficientes em termos de energia do que os transportes na estrada. Isso contribui significativamente para preservar os escassos recursos de eletricidade verde.<\/p>\n<h5>Transporte Combinado \u00e9 uma hist\u00f3ria de sucesso<\/h5>\n<p>&#8220;O Transporte Combinado \u00e9 uma hist\u00f3ria de sucesso e se estabeleceu como uma solu\u00e7\u00e3o de transporte atraente e competitiva para transportadores e carregadores. Ao conectar a ferrovia ecol\u00f3gica com a flexibilidade do caminh\u00e3o, obtemos o melhor de ambos os mundos. A capacidade no TC deve ser rapidamente e massivamente expandida, pois al\u00e9m da alta demanda existente, haver\u00e1 uma &#8216;corrida&#8217; adicional pelo Transporte Combinado devido ao massivo adicional de CO2 na taxa de ped\u00e1gio dos caminh\u00f5es&#8221;, comenta Sebastian Ruckes, presidente da shift2030 e.V. \u2013 uma iniciativa para transferir mercadorias para a ferrovia.<\/p>\n<p><img loading=\"lazy\" decoding=\"async\" class=\"alignnone wp-image-22835 size-full\" src=\"https:\/\/loginfo24.com\/wp-content\/uploads\/sites\/7\/2025\/12\/Intermodal_2-2.jpg\" alt=\"\" width=\"1533\" height=\"959\" \/>&#8220;Ao mesmo tempo, tudo est\u00e1 pronto no Transporte Combinado para que transportadores e carregadores possam transportar de forma ecol\u00f3gica. Portanto, n\u00e3o precisamos esperar anos ou at\u00e9 d\u00e9cadas por novas tecnologias, mas podemos come\u00e7ar imediatamente a transportar mercadorias de forma ecol\u00f3gica&#8221;, complementa Ralf-Charley Schultze da associa\u00e7\u00e3o intermodal UIRR e iniciador da campanha &#8220;CT4EU&#8221;.<\/p>\n<h5>Participa\u00e7\u00e3o do Transporte Combinado na ferrovia cresce h\u00e1 anos<\/h5>\n<p>Al\u00e9m disso, Clemens Bochynek da SGKV e.V., a associa\u00e7\u00e3o nacional para os atores do Transporte Combinado na Alemanha, enfatiza: &#8220;O TC j\u00e1 pode atender de forma direcionada e eficiente uma rede europeia de locais de produ\u00e7\u00e3o e \u00e1reas urbanas, a participa\u00e7\u00e3o do TC no transporte ferrovi\u00e1rio de mercadorias cresce h\u00e1 anos. Isso significa que os investimentos na infraestrutura ferrovi\u00e1ria urgentemente necess\u00e1ria, como estabelecido no documento atual do governo federal, tamb\u00e9m s\u00e3o investimentos diretos no futuro do TC. O sistema n\u00e3o depende apenas das capacidades nos terminais, mas tamb\u00e9m de vias f\u00e9rreas e hidrovias funcionais.&#8221;<\/p>\n<p>Fotos: \u00a9 Loginfo24<\/p>\n","protected":false},"excerpt":{"rendered":"<p>Acordo de coaliz\u00e3o atribui ao Transporte Combinado uma import\u00e2ncia especial para transportes ecol\u00f3gicos. Ofertas competitivas e inova\u00e7\u00f5es est\u00e3o prontas. A exig\u00eancia conjunta de VDV, DIE G\u00dcTERBAHNEN,<span class=\"excerpt-hellip\"> [\u2026]<\/span><\/p>\n","protected":false},"author":0,"featured_media":8269,"comment_status":"open","ping_status":"open","sticky":false,"template":"","format":"standard","meta":{"_acf_changed":false,"footnotes":""},"categories":[1557,1561],"tags":[],"class_list":["post-61174","post","type-post","status-publish","format-standard","has-post-thumbnail","hentry","category-forwarding-logistics","category-regions"],"acf":[],"yoast_head":"<!-- This site is optimized with the Yoast SEO plugin v27.3 - https:\/\/yoast.com\/product\/yoast-seo-wordpress\/ -->\n<title>Institui\u00e7\u00f5es exigem r\u00e1pida expans\u00e3o do Transporte Combinado - Loginfo24<\/title>\n<meta name=\"robots\" content=\"index, follow, max-snippet:-1, max-image-preview:large, max-video-preview:-1\" \/>\n<link rel=\"canonical\" href=\"https:\/\/loginfo24.com\/pt-pt\/2023\/04\/03\/instituicoes-exigem-rapida-expansao-do-transporte-combinado\/\" \/>\n<meta property=\"og:locale\" content=\"pt_PT\" \/>\n<meta property=\"og:type\" content=\"article\" \/>\n<meta property=\"og:title\" content=\"Institui\u00e7\u00f5es exigem r\u00e1pida expans\u00e3o do Transporte Combinado - Loginfo24\" \/>\n<meta property=\"og:description\" content=\"Acordo de coaliz\u00e3o atribui ao Transporte Combinado uma import\u00e2ncia especial para transportes ecol\u00f3gicos. Ofertas competitivas e inova\u00e7\u00f5es est\u00e3o prontas. A exig\u00eancia conjunta de VDV, DIE G\u00dcTERBAHNEN, [\u2026]\" \/>\n<meta property=\"og:url\" content=\"https:\/\/loginfo24.com\/pt-pt\/2023\/04\/03\/instituicoes-exigem-rapida-expansao-do-transporte-combinado\/\" \/>\n<meta property=\"og:site_name\" content=\"Loginfo24\" \/>\n<meta property=\"article:publisher\" content=\"https:\/\/www.facebook.com\/people\/Loginfo24\/100057360583332\/\" \/>\n<meta property=\"article:published_time\" content=\"2023-04-03T18:40:06+00:00\" \/>\n<meta property=\"og:image\" content=\"https:\/\/loginfo24.com\/wp-content\/uploads\/sites\/7\/2025\/12\/Intermodal-4-scaled-2.jpg\" \/>\n\t<meta property=\"og:image:width\" content=\"2560\" \/>\n\t<meta property=\"og:image:height\" content=\"1707\" \/>\n\t<meta property=\"og:image:type\" content=\"image\/jpeg\" \/>\n<meta name=\"twitter:card\" content=\"summary_large_image\" \/>\n<meta name=\"twitter:label1\" content=\"Tempo estimado de leitura\" \/>\n\t<meta name=\"twitter:data1\" content=\"4 minutos\" \/>\n<script type=\"application\/ld+json\" class=\"yoast-schema-graph\">{\"@context\":\"https:\\\/\\\/schema.org\",\"@graph\":[{\"@type\":\"Article\",\"@id\":\"https:\\\/\\\/loginfo24.com\\\/pt-pt\\\/2023\\\/04\\\/03\\\/instituicoes-exigem-rapida-expansao-do-transporte-combinado\\\/#article\",\"isPartOf\":{\"@id\":\"https:\\\/\\\/loginfo24.com\\\/pt-pt\\\/2023\\\/04\\\/03\\\/instituicoes-exigem-rapida-expansao-do-transporte-combinado\\\/\"},\"author\":{\"name\":\"\",\"@id\":\"\"},\"headline\":\"Institui\u00e7\u00f5es exigem r\u00e1pida expans\u00e3o do Transporte Combinado\",\"datePublished\":\"2023-04-03T18:40:06+00:00\",\"mainEntityOfPage\":{\"@id\":\"https:\\\/\\\/loginfo24.com\\\/pt-pt\\\/2023\\\/04\\\/03\\\/instituicoes-exigem-rapida-expansao-do-transporte-combinado\\\/\"},\"wordCount\":793,\"commentCount\":0,\"publisher\":{\"@id\":\"https:\\\/\\\/loginfo24.com\\\/pt-pt\\\/#organization\"},\"image\":{\"@id\":\"https:\\\/\\\/loginfo24.com\\\/pt-pt\\\/2023\\\/04\\\/03\\\/instituicoes-exigem-rapida-expansao-do-transporte-combinado\\\/#primaryimage\"},\"thumbnailUrl\":\"https:\\\/\\\/loginfo24.com\\\/wp-content\\\/uploads\\\/sites\\\/7\\\/2025\\\/12\\\/Intermodal-4-scaled-2.jpg\",\"articleSection\":[\"Forwarding &amp; Logistics\",\"Regions\"],\"inLanguage\":\"pt-PT\",\"potentialAction\":[{\"@type\":\"CommentAction\",\"name\":\"Comment\",\"target\":[\"https:\\\/\\\/loginfo24.com\\\/pt-pt\\\/2023\\\/04\\\/03\\\/instituicoes-exigem-rapida-expansao-do-transporte-combinado\\\/#respond\"]}]},{\"@type\":\"WebPage\",\"@id\":\"https:\\\/\\\/loginfo24.com\\\/pt-pt\\\/2023\\\/04\\\/03\\\/instituicoes-exigem-rapida-expansao-do-transporte-combinado\\\/\",\"url\":\"https:\\\/\\\/loginfo24.com\\\/pt-pt\\\/2023\\\/04\\\/03\\\/instituicoes-exigem-rapida-expansao-do-transporte-combinado\\\/\",\"name\":\"Institui\u00e7\u00f5es exigem r\u00e1pida expans\u00e3o do Transporte Combinado - Loginfo24\",\"isPartOf\":{\"@id\":\"https:\\\/\\\/loginfo24.com\\\/pt-pt\\\/#website\"},\"primaryImageOfPage\":{\"@id\":\"https:\\\/\\\/loginfo24.com\\\/pt-pt\\\/2023\\\/04\\\/03\\\/instituicoes-exigem-rapida-expansao-do-transporte-combinado\\\/#primaryimage\"},\"image\":{\"@id\":\"https:\\\/\\\/loginfo24.com\\\/pt-pt\\\/2023\\\/04\\\/03\\\/instituicoes-exigem-rapida-expansao-do-transporte-combinado\\\/#primaryimage\"},\"thumbnailUrl\":\"https:\\\/\\\/loginfo24.com\\\/wp-content\\\/uploads\\\/sites\\\/7\\\/2025\\\/12\\\/Intermodal-4-scaled-2.jpg\",\"datePublished\":\"2023-04-03T18:40:06+00:00\",\"breadcrumb\":{\"@id\":\"https:\\\/\\\/loginfo24.com\\\/pt-pt\\\/2023\\\/04\\\/03\\\/instituicoes-exigem-rapida-expansao-do-transporte-combinado\\\/#breadcrumb\"},\"inLanguage\":\"pt-PT\",\"potentialAction\":[{\"@type\":\"ReadAction\",\"target\":[\"https:\\\/\\\/loginfo24.com\\\/pt-pt\\\/2023\\\/04\\\/03\\\/instituicoes-exigem-rapida-expansao-do-transporte-combinado\\\/\"]}]},{\"@type\":\"ImageObject\",\"inLanguage\":\"pt-PT\",\"@id\":\"https:\\\/\\\/loginfo24.com\\\/pt-pt\\\/2023\\\/04\\\/03\\\/instituicoes-exigem-rapida-expansao-do-transporte-combinado\\\/#primaryimage\",\"url\":\"https:\\\/\\\/loginfo24.com\\\/wp-content\\\/uploads\\\/sites\\\/7\\\/2025\\\/12\\\/Intermodal-4-scaled-2.jpg\",\"contentUrl\":\"https:\\\/\\\/loginfo24.com\\\/wp-content\\\/uploads\\\/sites\\\/7\\\/2025\\\/12\\\/Intermodal-4-scaled-2.jpg\",\"width\":2560,\"height\":1707},{\"@type\":\"BreadcrumbList\",\"@id\":\"https:\\\/\\\/loginfo24.com\\\/pt-pt\\\/2023\\\/04\\\/03\\\/instituicoes-exigem-rapida-expansao-do-transporte-combinado\\\/#breadcrumb\",\"itemListElement\":[{\"@type\":\"ListItem\",\"position\":1,\"name\":\"Startseite\",\"item\":\"https:\\\/\\\/loginfo24.com\\\/pt-pt\\\/\"},{\"@type\":\"ListItem\",\"position\":2,\"name\":\"Institui\u00e7\u00f5es exigem r\u00e1pida expans\u00e3o do Transporte Combinado\"}]},{\"@type\":\"WebSite\",\"@id\":\"https:\\\/\\\/loginfo24.com\\\/pt-pt\\\/#website\",\"url\":\"https:\\\/\\\/loginfo24.com\\\/pt-pt\\\/\",\"name\":\"Loginfo24\",\"description\":\"Loginfo24 \u00e9 a plataforma dedicada \u00e0 log\u00edstica e \u00e0s cadeias de abastecimento, com informa\u00e7\u00f5es dispon\u00edveis 24 horas por dia.\",\"publisher\":{\"@id\":\"https:\\\/\\\/loginfo24.com\\\/pt-pt\\\/#organization\"},\"potentialAction\":[{\"@type\":\"SearchAction\",\"target\":{\"@type\":\"EntryPoint\",\"urlTemplate\":\"https:\\\/\\\/loginfo24.com\\\/pt-pt\\\/?s={search_term_string}\"},\"query-input\":{\"@type\":\"PropertyValueSpecification\",\"valueRequired\":true,\"valueName\":\"search_term_string\"}}],\"inLanguage\":\"pt-PT\"},{\"@type\":\"Organization\",\"@id\":\"https:\\\/\\\/loginfo24.com\\\/pt-pt\\\/#organization\",\"name\":\"Logismedia Group AG\",\"url\":\"https:\\\/\\\/loginfo24.com\\\/pt-pt\\\/\",\"logo\":{\"@type\":\"ImageObject\",\"inLanguage\":\"pt-PT\",\"@id\":\"https:\\\/\\\/loginfo24.com\\\/pt-pt\\\/#\\\/schema\\\/logo\\\/image\\\/\",\"url\":\"https:\\\/\\\/loginfo24.com\\\/wp-content\\\/uploads\\\/sites\\\/7\\\/2026\\\/01\\\/Logo_LogInfo24.png\",\"contentUrl\":\"https:\\\/\\\/loginfo24.com\\\/wp-content\\\/uploads\\\/sites\\\/7\\\/2026\\\/01\\\/Logo_LogInfo24.png\",\"width\":938,\"height\":351,\"caption\":\"Logismedia Group AG\"},\"image\":{\"@id\":\"https:\\\/\\\/loginfo24.com\\\/pt-pt\\\/#\\\/schema\\\/logo\\\/image\\\/\"},\"sameAs\":[\"https:\\\/\\\/www.facebook.com\\\/people\\\/Loginfo24\\\/100057360583332\\\/\",\"https:\\\/\\\/www.linkedin.com\\\/company\\\/lofinfo24\\\/\"]}]}<\/script>\n<!-- \/ Yoast SEO plugin. -->","yoast_head_json":{"title":"Institui\u00e7\u00f5es exigem r\u00e1pida expans\u00e3o do Transporte Combinado - Loginfo24","robots":{"index":"index","follow":"follow","max-snippet":"max-snippet:-1","max-image-preview":"max-image-preview:large","max-video-preview":"max-video-preview:-1"},"canonical":"https:\/\/loginfo24.com\/pt-pt\/2023\/04\/03\/instituicoes-exigem-rapida-expansao-do-transporte-combinado\/","og_locale":"pt_PT","og_type":"article","og_title":"Institui\u00e7\u00f5es exigem r\u00e1pida expans\u00e3o do Transporte Combinado - Loginfo24","og_description":"Acordo de coaliz\u00e3o atribui ao Transporte Combinado uma import\u00e2ncia especial para transportes ecol\u00f3gicos. Ofertas competitivas e inova\u00e7\u00f5es est\u00e3o prontas. A exig\u00eancia conjunta de VDV, DIE G\u00dcTERBAHNEN, [\u2026]","og_url":"https:\/\/loginfo24.com\/pt-pt\/2023\/04\/03\/instituicoes-exigem-rapida-expansao-do-transporte-combinado\/","og_site_name":"Loginfo24","article_publisher":"https:\/\/www.facebook.com\/people\/Loginfo24\/100057360583332\/","article_published_time":"2023-04-03T18:40:06+00:00","og_image":[{"width":2560,"height":1707,"url":"https:\/\/loginfo24.com\/wp-content\/uploads\/sites\/7\/2025\/12\/Intermodal-4-scaled-2.jpg","type":"image\/jpeg"}],"twitter_card":"summary_large_image","twitter_misc":{"Tempo estimado de leitura":"4 minutos"},"schema":{"@context":"https:\/\/schema.org","@graph":[{"@type":"Article","@id":"https:\/\/loginfo24.com\/pt-pt\/2023\/04\/03\/instituicoes-exigem-rapida-expansao-do-transporte-combinado\/#article","isPartOf":{"@id":"https:\/\/loginfo24.com\/pt-pt\/2023\/04\/03\/instituicoes-exigem-rapida-expansao-do-transporte-combinado\/"},"author":{"name":"","@id":""},"headline":"Institui\u00e7\u00f5es exigem r\u00e1pida expans\u00e3o do Transporte Combinado","datePublished":"2023-04-03T18:40:06+00:00","mainEntityOfPage":{"@id":"https:\/\/loginfo24.com\/pt-pt\/2023\/04\/03\/instituicoes-exigem-rapida-expansao-do-transporte-combinado\/"},"wordCount":793,"commentCount":0,"publisher":{"@id":"https:\/\/loginfo24.com\/pt-pt\/#organization"},"image":{"@id":"https:\/\/loginfo24.com\/pt-pt\/2023\/04\/03\/instituicoes-exigem-rapida-expansao-do-transporte-combinado\/#primaryimage"},"thumbnailUrl":"https:\/\/loginfo24.com\/wp-content\/uploads\/sites\/7\/2025\/12\/Intermodal-4-scaled-2.jpg","articleSection":["Forwarding &amp; Logistics","Regions"],"inLanguage":"pt-PT","potentialAction":[{"@type":"CommentAction","name":"Comment","target":["https:\/\/loginfo24.com\/pt-pt\/2023\/04\/03\/instituicoes-exigem-rapida-expansao-do-transporte-combinado\/#respond"]}]},{"@type":"WebPage","@id":"https:\/\/loginfo24.com\/pt-pt\/2023\/04\/03\/instituicoes-exigem-rapida-expansao-do-transporte-combinado\/","url":"https:\/\/loginfo24.com\/pt-pt\/2023\/04\/03\/instituicoes-exigem-rapida-expansao-do-transporte-combinado\/","name":"Institui\u00e7\u00f5es exigem r\u00e1pida expans\u00e3o do Transporte Combinado - Loginfo24","isPartOf":{"@id":"https:\/\/loginfo24.com\/pt-pt\/#website"},"primaryImageOfPage":{"@id":"https:\/\/loginfo24.com\/pt-pt\/2023\/04\/03\/instituicoes-exigem-rapida-expansao-do-transporte-combinado\/#primaryimage"},"image":{"@id":"https:\/\/loginfo24.com\/pt-pt\/2023\/04\/03\/instituicoes-exigem-rapida-expansao-do-transporte-combinado\/#primaryimage"},"thumbnailUrl":"https:\/\/loginfo24.com\/wp-content\/uploads\/sites\/7\/2025\/12\/Intermodal-4-scaled-2.jpg","datePublished":"2023-04-03T18:40:06+00:00","breadcrumb":{"@id":"https:\/\/loginfo24.com\/pt-pt\/2023\/04\/03\/instituicoes-exigem-rapida-expansao-do-transporte-combinado\/#breadcrumb"},"inLanguage":"pt-PT","potentialAction":[{"@type":"ReadAction","target":["https:\/\/loginfo24.com\/pt-pt\/2023\/04\/03\/instituicoes-exigem-rapida-expansao-do-transporte-combinado\/"]}]},{"@type":"ImageObject","inLanguage":"pt-PT","@id":"https:\/\/loginfo24.com\/pt-pt\/2023\/04\/03\/instituicoes-exigem-rapida-expansao-do-transporte-combinado\/#primaryimage","url":"https:\/\/loginfo24.com\/wp-content\/uploads\/sites\/7\/2025\/12\/Intermodal-4-scaled-2.jpg","contentUrl":"https:\/\/loginfo24.com\/wp-content\/uploads\/sites\/7\/2025\/12\/Intermodal-4-scaled-2.jpg","width":2560,"height":1707},{"@type":"BreadcrumbList","@id":"https:\/\/loginfo24.com\/pt-pt\/2023\/04\/03\/instituicoes-exigem-rapida-expansao-do-transporte-combinado\/#breadcrumb","itemListElement":[{"@type":"ListItem","position":1,"name":"Startseite","item":"https:\/\/loginfo24.com\/pt-pt\/"},{"@type":"ListItem","position":2,"name":"Institui\u00e7\u00f5es exigem r\u00e1pida expans\u00e3o do Transporte Combinado"}]},{"@type":"WebSite","@id":"https:\/\/loginfo24.com\/pt-pt\/#website","url":"https:\/\/loginfo24.com\/pt-pt\/","name":"Loginfo24","description":"Loginfo24 \u00e9 a plataforma dedicada \u00e0 log\u00edstica e \u00e0s cadeias de abastecimento, com informa\u00e7\u00f5es dispon\u00edveis 24 horas por dia.","publisher":{"@id":"https:\/\/loginfo24.com\/pt-pt\/#organization"},"potentialAction":[{"@type":"SearchAction","target":{"@type":"EntryPoint","urlTemplate":"https:\/\/loginfo24.com\/pt-pt\/?s={search_term_string}"},"query-input":{"@type":"PropertyValueSpecification","valueRequired":true,"valueName":"search_term_string"}}],"inLanguage":"pt-PT"},{"@type":"Organization","@id":"https:\/\/loginfo24.com\/pt-pt\/#organization","name":"Logismedia Group AG","url":"https:\/\/loginfo24.com\/pt-pt\/","logo":{"@type":"ImageObject","inLanguage":"pt-PT","@id":"https:\/\/loginfo24.com\/pt-pt\/#\/schema\/logo\/image\/","url":"https:\/\/loginfo24.com\/wp-content\/uploads\/sites\/7\/2026\/01\/Logo_LogInfo24.png","contentUrl":"https:\/\/loginfo24.com\/wp-content\/uploads\/sites\/7\/2026\/01\/Logo_LogInfo24.png","width":938,"height":351,"caption":"Logismedia Group AG"},"image":{"@id":"https:\/\/loginfo24.com\/pt-pt\/#\/schema\/logo\/image\/"},"sameAs":["https:\/\/www.facebook.com\/people\/Loginfo24\/100057360583332\/","https:\/\/www.linkedin.com\/company\/lofinfo24\/"]}]}},"_links":{"self":[{"href":"https:\/\/loginfo24.com\/pt-pt\/wp-json\/wp\/v2\/posts\/61174","targetHints":{"allow":["GET"]}}],"collection":[{"href":"https:\/\/loginfo24.com\/pt-pt\/wp-json\/wp\/v2\/posts"}],"about":[{"href":"https:\/\/loginfo24.com\/pt-pt\/wp-json\/wp\/v2\/types\/post"}],"replies":[{"embeddable":true,"href":"https:\/\/loginfo24.com\/pt-pt\/wp-json\/wp\/v2\/comments?post=61174"}],"version-history":[{"count":0,"href":"https:\/\/loginfo24.com\/pt-pt\/wp-json\/wp\/v2\/posts\/61174\/revisions"}],"wp:featuredmedia":[{"embeddable":true,"href":"https:\/\/loginfo24.com\/pt-pt\/wp-json\/wp\/v2\/media\/8269"}],"wp:attachment":[{"href":"https:\/\/loginfo24.com\/pt-pt\/wp-json\/wp\/v2\/media?parent=61174"}],"wp:term":[{"taxonomy":"category","embeddable":true,"href":"https:\/\/loginfo24.com\/pt-pt\/wp-json\/wp\/v2\/categories?post=61174"},{"taxonomy":"post_tag","embeddable":true,"href":"https:\/\/loginfo24.com\/pt-pt\/wp-json\/wp\/v2\/tags?post=61174"}],"curies":[{"name":"wp","href":"https:\/\/api.w.org\/{rel}","templated":true}]}}