{"id":61065,"date":"2023-03-23T20:00:49","date_gmt":"2023-03-23T19:00:49","guid":{"rendered":"https:\/\/blog.brand-architecture.at\/2023\/03\/23\/estagnacao-do-transporte-de-mercadorias-atraves-dos-alpes\/"},"modified":"2023-03-23T20:00:49","modified_gmt":"2023-03-23T19:00:49","slug":"estagnacao-do-transporte-de-mercadorias-atraves-dos-alpes","status":"publish","type":"post","link":"https:\/\/loginfo24.com\/pt-pt\/2023\/03\/23\/estagnacao-do-transporte-de-mercadorias-atraves-dos-alpes\/","title":{"rendered":"Estagna\u00e7\u00e3o do transporte de mercadorias atrav\u00e9s dos Alpes"},"content":{"rendered":"<h5><strong>No ano passado, praticamente o mesmo n\u00famero de caminh\u00f5es atravessou os Alpes su\u00ed\u00e7os como no ano anterior. A quota de mercado da ferrovia manteve-se est\u00e1vel em um n\u00edvel elevado. Isso \u00e9 mostrado no novo relat\u00f3rio semestral do Escrit\u00f3rio Federal dos Transportes (BAV).<\/strong><\/h5>\n<p>(Berna) A conclus\u00e3o das Novas Transversais Ferrovi\u00e1rias dos Alpes (NEAT) e do corredor para transportes com quatro metros de altura no eixo do Gotardo em 2020 proporcionou um impulso para a transfer\u00eancia do transporte de mercadorias atrav\u00e9s dos Alpes. Desde ent\u00e3o, a situa\u00e7\u00e3o permaneceu amplamente est\u00e1vel. O n\u00famero de viagens de caminh\u00f5es caiu ligeiramente no ano passado, apenas 15.000, para 880.000. Como os transportes ferrovi\u00e1rios tamb\u00e9m diminu\u00edram ligeiramente, a sua quota de mercado no transporte de mercadorias atrav\u00e9s dos Alpes manteve-se inalterada em 73,9 por cento no ano passado.<\/p>\n<p><a href=\"https:\/\/www.catkin.eu\/produkte\/bbm\/\"><img loading=\"lazy\" decoding=\"async\" class=\"aligncenter wp-image-22749\" src=\"https:\/\/loginfo24.com\/wp-content\/uploads\/sites\/7\/2025\/12\/catkin_BBM_24.3.23.png-300x300.jpg\" alt=\"\" width=\"379\" height=\"379\" \/><\/a>A estagna\u00e7\u00e3o na transfer\u00eancia deve-se principalmente aos problemas acentuados da ferrovia no transporte internacional Norte-Sul. No ano passado, a linha principal atrav\u00e9s da Alemanha foi frequentemente interrompida ou sobrecarregada. Al\u00e9m disso, muitas ferrovias tiveram que aumentar os pre\u00e7os de suas ofertas devido ao aumento do custo da eletricidade ferrovi\u00e1ria e das tarifas de uso das linhas.<\/p>\n<p>O Conselho Federal apresentar\u00e1, no pr\u00f3ximo relat\u00f3rio de transfer\u00eancia no outono de 2023, quais medidas pretende adotar para promover ainda mais a transfer\u00eancia.<\/p>\n<p>O relat\u00f3rio completo pode ser consultado no seguinte link:<\/p>\n<p><a href=\"https:\/\/www.newsd.admin.ch\/newsd\/message\/attachments\/76365.pdf\">https:\/\/www.newsd.admin.ch\/newsd\/message\/attachments\/76365.pdf<\/a><\/p>\n<p>Foto: \u00a9 Loginfo24 \/ Adobe Stock<\/p>\n","protected":false},"excerpt":{"rendered":"<p>No ano passado, praticamente o mesmo n\u00famero de caminh\u00f5es atravessou os Alpes su\u00ed\u00e7os como no ano anterior. A quota de mercado da ferrovia manteve-se est\u00e1vel em<span class=\"excerpt-hellip\"> [\u2026]<\/span><\/p>\n","protected":false},"author":0,"featured_media":8320,"comment_status":"open","ping_status":"open","sticky":false,"template":"","format":"standard","meta":{"_acf_changed":false,"footnotes":""},"categories":[1557,1561],"tags":[],"class_list":["post-61065","post","type-post","status-publish","format-standard","has-post-thumbnail","hentry","category-forwarding-logistics","category-regions"],"acf":[],"yoast_head":"<!-- This site is optimized with the Yoast SEO plugin v27.3 - https:\/\/yoast.com\/product\/yoast-seo-wordpress\/ -->\n<title>Estagna\u00e7\u00e3o do transporte de mercadorias atrav\u00e9s dos Alpes - Loginfo24<\/title>\n<meta name=\"robots\" content=\"index, follow, max-snippet:-1, max-image-preview:large, max-video-preview:-1\" \/>\n<link rel=\"canonical\" href=\"https:\/\/loginfo24.com\/pt-pt\/2023\/03\/23\/estagnacao-do-transporte-de-mercadorias-atraves-dos-alpes\/\" \/>\n<meta property=\"og:locale\" content=\"pt_PT\" \/>\n<meta property=\"og:type\" content=\"article\" \/>\n<meta property=\"og:title\" content=\"Estagna\u00e7\u00e3o do transporte de mercadorias atrav\u00e9s dos Alpes - Loginfo24\" \/>\n<meta property=\"og:description\" content=\"No ano passado, praticamente o mesmo n\u00famero de caminh\u00f5es atravessou os Alpes su\u00ed\u00e7os como no ano anterior. A quota de mercado da ferrovia manteve-se est\u00e1vel em [\u2026]\" \/>\n<meta property=\"og:url\" content=\"https:\/\/loginfo24.com\/pt-pt\/2023\/03\/23\/estagnacao-do-transporte-de-mercadorias-atraves-dos-alpes\/\" \/>\n<meta property=\"og:site_name\" content=\"Loginfo24\" \/>\n<meta property=\"article:publisher\" content=\"https:\/\/www.facebook.com\/people\/Loginfo24\/100057360583332\/\" \/>\n<meta property=\"article:published_time\" content=\"2023-03-23T19:00:49+00:00\" \/>\n<meta property=\"og:image\" content=\"https:\/\/loginfo24.com\/wp-content\/uploads\/sites\/7\/2025\/12\/BAV_23.03.2023.jpg\" \/>\n\t<meta property=\"og:image:width\" content=\"844\" \/>\n\t<meta property=\"og:image:height\" content=\"531\" \/>\n\t<meta property=\"og:image:type\" content=\"image\/jpeg\" \/>\n<meta name=\"twitter:card\" content=\"summary_large_image\" \/>\n<meta name=\"twitter:label1\" content=\"Tempo estimado de leitura\" \/>\n\t<meta name=\"twitter:data1\" content=\"1 minuto\" \/>\n<script type=\"application\/ld+json\" class=\"yoast-schema-graph\">{\"@context\":\"https:\\\/\\\/schema.org\",\"@graph\":[{\"@type\":\"Article\",\"@id\":\"https:\\\/\\\/loginfo24.com\\\/pt-pt\\\/2023\\\/03\\\/23\\\/estagnacao-do-transporte-de-mercadorias-atraves-dos-alpes\\\/#article\",\"isPartOf\":{\"@id\":\"https:\\\/\\\/loginfo24.com\\\/pt-pt\\\/2023\\\/03\\\/23\\\/estagnacao-do-transporte-de-mercadorias-atraves-dos-alpes\\\/\"},\"author\":{\"name\":\"\",\"@id\":\"\"},\"headline\":\"Estagna\u00e7\u00e3o do transporte de mercadorias atrav\u00e9s dos Alpes\",\"datePublished\":\"2023-03-23T19:00:49+00:00\",\"mainEntityOfPage\":{\"@id\":\"https:\\\/\\\/loginfo24.com\\\/pt-pt\\\/2023\\\/03\\\/23\\\/estagnacao-do-transporte-de-mercadorias-atraves-dos-alpes\\\/\"},\"wordCount\":267,\"commentCount\":0,\"publisher\":{\"@id\":\"https:\\\/\\\/loginfo24.com\\\/pt-pt\\\/#organization\"},\"image\":{\"@id\":\"https:\\\/\\\/loginfo24.com\\\/pt-pt\\\/2023\\\/03\\\/23\\\/estagnacao-do-transporte-de-mercadorias-atraves-dos-alpes\\\/#primaryimage\"},\"thumbnailUrl\":\"https:\\\/\\\/loginfo24.com\\\/wp-content\\\/uploads\\\/sites\\\/7\\\/2025\\\/12\\\/BAV_23.03.2023.jpg\",\"articleSection\":[\"Forwarding &amp; Logistics\",\"Regions\"],\"inLanguage\":\"pt-PT\",\"potentialAction\":[{\"@type\":\"CommentAction\",\"name\":\"Comment\",\"target\":[\"https:\\\/\\\/loginfo24.com\\\/pt-pt\\\/2023\\\/03\\\/23\\\/estagnacao-do-transporte-de-mercadorias-atraves-dos-alpes\\\/#respond\"]}]},{\"@type\":\"WebPage\",\"@id\":\"https:\\\/\\\/loginfo24.com\\\/pt-pt\\\/2023\\\/03\\\/23\\\/estagnacao-do-transporte-de-mercadorias-atraves-dos-alpes\\\/\",\"url\":\"https:\\\/\\\/loginfo24.com\\\/pt-pt\\\/2023\\\/03\\\/23\\\/estagnacao-do-transporte-de-mercadorias-atraves-dos-alpes\\\/\",\"name\":\"Estagna\u00e7\u00e3o do transporte de mercadorias atrav\u00e9s dos Alpes - Loginfo24\",\"isPartOf\":{\"@id\":\"https:\\\/\\\/loginfo24.com\\\/pt-pt\\\/#website\"},\"primaryImageOfPage\":{\"@id\":\"https:\\\/\\\/loginfo24.com\\\/pt-pt\\\/2023\\\/03\\\/23\\\/estagnacao-do-transporte-de-mercadorias-atraves-dos-alpes\\\/#primaryimage\"},\"image\":{\"@id\":\"https:\\\/\\\/loginfo24.com\\\/pt-pt\\\/2023\\\/03\\\/23\\\/estagnacao-do-transporte-de-mercadorias-atraves-dos-alpes\\\/#primaryimage\"},\"thumbnailUrl\":\"https:\\\/\\\/loginfo24.com\\\/wp-content\\\/uploads\\\/sites\\\/7\\\/2025\\\/12\\\/BAV_23.03.2023.jpg\",\"datePublished\":\"2023-03-23T19:00:49+00:00\",\"breadcrumb\":{\"@id\":\"https:\\\/\\\/loginfo24.com\\\/pt-pt\\\/2023\\\/03\\\/23\\\/estagnacao-do-transporte-de-mercadorias-atraves-dos-alpes\\\/#breadcrumb\"},\"inLanguage\":\"pt-PT\",\"potentialAction\":[{\"@type\":\"ReadAction\",\"target\":[\"https:\\\/\\\/loginfo24.com\\\/pt-pt\\\/2023\\\/03\\\/23\\\/estagnacao-do-transporte-de-mercadorias-atraves-dos-alpes\\\/\"]}]},{\"@type\":\"ImageObject\",\"inLanguage\":\"pt-PT\",\"@id\":\"https:\\\/\\\/loginfo24.com\\\/pt-pt\\\/2023\\\/03\\\/23\\\/estagnacao-do-transporte-de-mercadorias-atraves-dos-alpes\\\/#primaryimage\",\"url\":\"https:\\\/\\\/loginfo24.com\\\/wp-content\\\/uploads\\\/sites\\\/7\\\/2025\\\/12\\\/BAV_23.03.2023.jpg\",\"contentUrl\":\"https:\\\/\\\/loginfo24.com\\\/wp-content\\\/uploads\\\/sites\\\/7\\\/2025\\\/12\\\/BAV_23.03.2023.jpg\",\"width\":844,\"height\":531},{\"@type\":\"BreadcrumbList\",\"@id\":\"https:\\\/\\\/loginfo24.com\\\/pt-pt\\\/2023\\\/03\\\/23\\\/estagnacao-do-transporte-de-mercadorias-atraves-dos-alpes\\\/#breadcrumb\",\"itemListElement\":[{\"@type\":\"ListItem\",\"position\":1,\"name\":\"Startseite\",\"item\":\"https:\\\/\\\/loginfo24.com\\\/pt-pt\\\/\"},{\"@type\":\"ListItem\",\"position\":2,\"name\":\"Estagna\u00e7\u00e3o do transporte de mercadorias atrav\u00e9s dos Alpes\"}]},{\"@type\":\"WebSite\",\"@id\":\"https:\\\/\\\/loginfo24.com\\\/pt-pt\\\/#website\",\"url\":\"https:\\\/\\\/loginfo24.com\\\/pt-pt\\\/\",\"name\":\"Loginfo24\",\"description\":\"Loginfo24 \u00e9 a plataforma dedicada \u00e0 log\u00edstica e \u00e0s cadeias de abastecimento, com informa\u00e7\u00f5es dispon\u00edveis 24 horas por dia.\",\"publisher\":{\"@id\":\"https:\\\/\\\/loginfo24.com\\\/pt-pt\\\/#organization\"},\"potentialAction\":[{\"@type\":\"SearchAction\",\"target\":{\"@type\":\"EntryPoint\",\"urlTemplate\":\"https:\\\/\\\/loginfo24.com\\\/pt-pt\\\/?s={search_term_string}\"},\"query-input\":{\"@type\":\"PropertyValueSpecification\",\"valueRequired\":true,\"valueName\":\"search_term_string\"}}],\"inLanguage\":\"pt-PT\"},{\"@type\":\"Organization\",\"@id\":\"https:\\\/\\\/loginfo24.com\\\/pt-pt\\\/#organization\",\"name\":\"Logismedia Group AG\",\"url\":\"https:\\\/\\\/loginfo24.com\\\/pt-pt\\\/\",\"logo\":{\"@type\":\"ImageObject\",\"inLanguage\":\"pt-PT\",\"@id\":\"https:\\\/\\\/loginfo24.com\\\/pt-pt\\\/#\\\/schema\\\/logo\\\/image\\\/\",\"url\":\"https:\\\/\\\/loginfo24.com\\\/wp-content\\\/uploads\\\/sites\\\/7\\\/2026\\\/01\\\/Logo_LogInfo24.png\",\"contentUrl\":\"https:\\\/\\\/loginfo24.com\\\/wp-content\\\/uploads\\\/sites\\\/7\\\/2026\\\/01\\\/Logo_LogInfo24.png\",\"width\":938,\"height\":351,\"caption\":\"Logismedia Group AG\"},\"image\":{\"@id\":\"https:\\\/\\\/loginfo24.com\\\/pt-pt\\\/#\\\/schema\\\/logo\\\/image\\\/\"},\"sameAs\":[\"https:\\\/\\\/www.facebook.com\\\/people\\\/Loginfo24\\\/100057360583332\\\/\",\"https:\\\/\\\/www.linkedin.com\\\/company\\\/lofinfo24\\\/\"]}]}<\/script>\n<!-- \/ Yoast SEO plugin. -->","yoast_head_json":{"title":"Estagna\u00e7\u00e3o do transporte de mercadorias atrav\u00e9s dos Alpes - Loginfo24","robots":{"index":"index","follow":"follow","max-snippet":"max-snippet:-1","max-image-preview":"max-image-preview:large","max-video-preview":"max-video-preview:-1"},"canonical":"https:\/\/loginfo24.com\/pt-pt\/2023\/03\/23\/estagnacao-do-transporte-de-mercadorias-atraves-dos-alpes\/","og_locale":"pt_PT","og_type":"article","og_title":"Estagna\u00e7\u00e3o do transporte de mercadorias atrav\u00e9s dos Alpes - Loginfo24","og_description":"No ano passado, praticamente o mesmo n\u00famero de caminh\u00f5es atravessou os Alpes su\u00ed\u00e7os como no ano anterior. A quota de mercado da ferrovia manteve-se est\u00e1vel em [\u2026]","og_url":"https:\/\/loginfo24.com\/pt-pt\/2023\/03\/23\/estagnacao-do-transporte-de-mercadorias-atraves-dos-alpes\/","og_site_name":"Loginfo24","article_publisher":"https:\/\/www.facebook.com\/people\/Loginfo24\/100057360583332\/","article_published_time":"2023-03-23T19:00:49+00:00","og_image":[{"width":844,"height":531,"url":"https:\/\/loginfo24.com\/wp-content\/uploads\/sites\/7\/2025\/12\/BAV_23.03.2023.jpg","type":"image\/jpeg"}],"twitter_card":"summary_large_image","twitter_misc":{"Tempo estimado de leitura":"1 minuto"},"schema":{"@context":"https:\/\/schema.org","@graph":[{"@type":"Article","@id":"https:\/\/loginfo24.com\/pt-pt\/2023\/03\/23\/estagnacao-do-transporte-de-mercadorias-atraves-dos-alpes\/#article","isPartOf":{"@id":"https:\/\/loginfo24.com\/pt-pt\/2023\/03\/23\/estagnacao-do-transporte-de-mercadorias-atraves-dos-alpes\/"},"author":{"name":"","@id":""},"headline":"Estagna\u00e7\u00e3o do transporte de mercadorias atrav\u00e9s dos Alpes","datePublished":"2023-03-23T19:00:49+00:00","mainEntityOfPage":{"@id":"https:\/\/loginfo24.com\/pt-pt\/2023\/03\/23\/estagnacao-do-transporte-de-mercadorias-atraves-dos-alpes\/"},"wordCount":267,"commentCount":0,"publisher":{"@id":"https:\/\/loginfo24.com\/pt-pt\/#organization"},"image":{"@id":"https:\/\/loginfo24.com\/pt-pt\/2023\/03\/23\/estagnacao-do-transporte-de-mercadorias-atraves-dos-alpes\/#primaryimage"},"thumbnailUrl":"https:\/\/loginfo24.com\/wp-content\/uploads\/sites\/7\/2025\/12\/BAV_23.03.2023.jpg","articleSection":["Forwarding &amp; Logistics","Regions"],"inLanguage":"pt-PT","potentialAction":[{"@type":"CommentAction","name":"Comment","target":["https:\/\/loginfo24.com\/pt-pt\/2023\/03\/23\/estagnacao-do-transporte-de-mercadorias-atraves-dos-alpes\/#respond"]}]},{"@type":"WebPage","@id":"https:\/\/loginfo24.com\/pt-pt\/2023\/03\/23\/estagnacao-do-transporte-de-mercadorias-atraves-dos-alpes\/","url":"https:\/\/loginfo24.com\/pt-pt\/2023\/03\/23\/estagnacao-do-transporte-de-mercadorias-atraves-dos-alpes\/","name":"Estagna\u00e7\u00e3o do transporte de mercadorias atrav\u00e9s dos Alpes - Loginfo24","isPartOf":{"@id":"https:\/\/loginfo24.com\/pt-pt\/#website"},"primaryImageOfPage":{"@id":"https:\/\/loginfo24.com\/pt-pt\/2023\/03\/23\/estagnacao-do-transporte-de-mercadorias-atraves-dos-alpes\/#primaryimage"},"image":{"@id":"https:\/\/loginfo24.com\/pt-pt\/2023\/03\/23\/estagnacao-do-transporte-de-mercadorias-atraves-dos-alpes\/#primaryimage"},"thumbnailUrl":"https:\/\/loginfo24.com\/wp-content\/uploads\/sites\/7\/2025\/12\/BAV_23.03.2023.jpg","datePublished":"2023-03-23T19:00:49+00:00","breadcrumb":{"@id":"https:\/\/loginfo24.com\/pt-pt\/2023\/03\/23\/estagnacao-do-transporte-de-mercadorias-atraves-dos-alpes\/#breadcrumb"},"inLanguage":"pt-PT","potentialAction":[{"@type":"ReadAction","target":["https:\/\/loginfo24.com\/pt-pt\/2023\/03\/23\/estagnacao-do-transporte-de-mercadorias-atraves-dos-alpes\/"]}]},{"@type":"ImageObject","inLanguage":"pt-PT","@id":"https:\/\/loginfo24.com\/pt-pt\/2023\/03\/23\/estagnacao-do-transporte-de-mercadorias-atraves-dos-alpes\/#primaryimage","url":"https:\/\/loginfo24.com\/wp-content\/uploads\/sites\/7\/2025\/12\/BAV_23.03.2023.jpg","contentUrl":"https:\/\/loginfo24.com\/wp-content\/uploads\/sites\/7\/2025\/12\/BAV_23.03.2023.jpg","width":844,"height":531},{"@type":"BreadcrumbList","@id":"https:\/\/loginfo24.com\/pt-pt\/2023\/03\/23\/estagnacao-do-transporte-de-mercadorias-atraves-dos-alpes\/#breadcrumb","itemListElement":[{"@type":"ListItem","position":1,"name":"Startseite","item":"https:\/\/loginfo24.com\/pt-pt\/"},{"@type":"ListItem","position":2,"name":"Estagna\u00e7\u00e3o do transporte de mercadorias atrav\u00e9s dos Alpes"}]},{"@type":"WebSite","@id":"https:\/\/loginfo24.com\/pt-pt\/#website","url":"https:\/\/loginfo24.com\/pt-pt\/","name":"Loginfo24","description":"Loginfo24 \u00e9 a plataforma dedicada \u00e0 log\u00edstica e \u00e0s cadeias de abastecimento, com informa\u00e7\u00f5es dispon\u00edveis 24 horas por dia.","publisher":{"@id":"https:\/\/loginfo24.com\/pt-pt\/#organization"},"potentialAction":[{"@type":"SearchAction","target":{"@type":"EntryPoint","urlTemplate":"https:\/\/loginfo24.com\/pt-pt\/?s={search_term_string}"},"query-input":{"@type":"PropertyValueSpecification","valueRequired":true,"valueName":"search_term_string"}}],"inLanguage":"pt-PT"},{"@type":"Organization","@id":"https:\/\/loginfo24.com\/pt-pt\/#organization","name":"Logismedia Group AG","url":"https:\/\/loginfo24.com\/pt-pt\/","logo":{"@type":"ImageObject","inLanguage":"pt-PT","@id":"https:\/\/loginfo24.com\/pt-pt\/#\/schema\/logo\/image\/","url":"https:\/\/loginfo24.com\/wp-content\/uploads\/sites\/7\/2026\/01\/Logo_LogInfo24.png","contentUrl":"https:\/\/loginfo24.com\/wp-content\/uploads\/sites\/7\/2026\/01\/Logo_LogInfo24.png","width":938,"height":351,"caption":"Logismedia Group AG"},"image":{"@id":"https:\/\/loginfo24.com\/pt-pt\/#\/schema\/logo\/image\/"},"sameAs":["https:\/\/www.facebook.com\/people\/Loginfo24\/100057360583332\/","https:\/\/www.linkedin.com\/company\/lofinfo24\/"]}]}},"_links":{"self":[{"href":"https:\/\/loginfo24.com\/pt-pt\/wp-json\/wp\/v2\/posts\/61065","targetHints":{"allow":["GET"]}}],"collection":[{"href":"https:\/\/loginfo24.com\/pt-pt\/wp-json\/wp\/v2\/posts"}],"about":[{"href":"https:\/\/loginfo24.com\/pt-pt\/wp-json\/wp\/v2\/types\/post"}],"replies":[{"embeddable":true,"href":"https:\/\/loginfo24.com\/pt-pt\/wp-json\/wp\/v2\/comments?post=61065"}],"version-history":[{"count":0,"href":"https:\/\/loginfo24.com\/pt-pt\/wp-json\/wp\/v2\/posts\/61065\/revisions"}],"wp:featuredmedia":[{"embeddable":true,"href":"https:\/\/loginfo24.com\/pt-pt\/wp-json\/wp\/v2\/media\/8320"}],"wp:attachment":[{"href":"https:\/\/loginfo24.com\/pt-pt\/wp-json\/wp\/v2\/media?parent=61065"}],"wp:term":[{"taxonomy":"category","embeddable":true,"href":"https:\/\/loginfo24.com\/pt-pt\/wp-json\/wp\/v2\/categories?post=61065"},{"taxonomy":"post_tag","embeddable":true,"href":"https:\/\/loginfo24.com\/pt-pt\/wp-json\/wp\/v2\/tags?post=61065"}],"curies":[{"name":"wp","href":"https:\/\/api.w.org\/{rel}","templated":true}]}}