{"id":60615,"date":"2023-02-16T16:55:53","date_gmt":"2023-02-16T15:55:53","guid":{"rendered":"https:\/\/blog.brand-architecture.at\/2023\/02\/16\/post-da-inicio-a-entrega-sem-emissoes-em-innsbruck\/"},"modified":"2023-02-16T16:55:53","modified_gmt":"2023-02-16T15:55:53","slug":"post-da-inicio-a-entrega-sem-emissoes-em-innsbruck","status":"publish","type":"post","link":"https:\/\/loginfo24.com\/pt-pt\/2023\/02\/16\/post-da-inicio-a-entrega-sem-emissoes-em-innsbruck\/","title":{"rendered":"Post d\u00e1 in\u00edcio \u00e0 entrega sem emiss\u00f5es em Innsbruck"},"content":{"rendered":"<h5><strong>A \u00d6sterreichische Post j\u00e1 tem mais de 3.000 ve\u00edculos el\u00e9tricos em opera\u00e7\u00e3o e pretende realizar entregas totalmente livres de CO2 em todo o pa\u00eds at\u00e9 2030. Um primeiro grande passo est\u00e1 sendo dado agora na capital do Tirol, Innsbruck, onde a empresa ir\u00e1 converter completamente sua frota de entrega para mobilidade el\u00e9trica ainda este ano.<\/strong><\/h5>\n<p>(Innsbruck) &#8220;Em Innsbruck, estamos estabelecendo uma base importante para a entrega livre de CO2 no Tirol com a convers\u00e3o para mobilidade el\u00e9trica. N\u00e3o apenas adquiriremos 70 ve\u00edculos el\u00e9tricos adicionais, mas tamb\u00e9m expandiremos a infraestrutura de carregamento e as instala\u00e7\u00f5es de energia fotovoltaica em nossos locais de log\u00edstica. No total, a Post investir\u00e1 cerca de 3,3 milh\u00f5es de euros para garantir que todas as entregas \u2013 cartas, correspond\u00eancia publicit\u00e1ria, pacotes \u2013 sejam feitas de forma livre de emiss\u00f5es em Innsbruck ainda este ano&#8221;, diz Peter Umundum, diretor do conselho para Pacotes &amp; Log\u00edstica da \u00d6sterreichische Post AG.<\/p>\n<p>&#8220;Estou muito feliz que Innsbruck seja uma das primeiras cidades da \u00c1ustria onde a Post far\u00e1 entregas sem emiss\u00f5es. A cat\u00e1strofe clim\u00e1tica, que afeta especialmente as cidades nos Alpes, exige a\u00e7\u00f5es de nossa parte \u2013 a Post est\u00e1 dando o exemplo&#8221;, afirma Uschi Schwarzl, conselheira da cidade de Innsbruck para Meio Ambiente, Energia e Mobilidade.<\/p>\n<p>A Post j\u00e1 come\u00e7ou os trabalhos de convers\u00e3o: em um total de quatro bases de entrega \u2013 tr\u00eas em Innsbruck e uma em Vomp \u2013 mais de 60 esta\u00e7\u00f5es de carregamento para a frota el\u00e9trica ser\u00e3o instaladas nos pr\u00f3ximos meses. 70 novos ve\u00edculos el\u00e9tricos ser\u00e3o adquiridos este ano apenas para entregas em Innsbruck, o que resultar\u00e1 em cerca de 100 ve\u00edculos el\u00e9tricos em opera\u00e7\u00e3o at\u00e9 o final do ano.<\/p>\n<p>As entregas de cartas, envios publicit\u00e1rios e m\u00eddias impressas ser\u00e3o realizadas a partir de tr\u00eas bases de entrega em Innsbruck, enquanto a entrega de pacotes ser\u00e1 feita a partir do centro log\u00edstico Tirol em Vomp. Diariamente, no final da implementa\u00e7\u00e3o, cerca de 130 entregadores far\u00e3o entregas livres de CO2, seja a p\u00e9, de bicicletas el\u00e9tricas, scooters el\u00e9tricas ou vans el\u00e9tricas.<\/p>\n<h5><strong>Energia solar, segunda vida para baterias de ve\u00edculos<\/strong><\/h5>\n<p>Com mais de 3.000 ve\u00edculos el\u00e9tricos, incluindo cerca de 1.200 bicicletas el\u00e9tricas, bicicletas de carga, scooters el\u00e9tricas e triciclos el\u00e9tricos, al\u00e9m de quase 1.900 vans el\u00e9tricas, a \u00d6sterreichische Post j\u00e1 opera a maior frota el\u00e9trica do pa\u00eds. At\u00e9 2030, a empresa pretende realizar todas as entregas de pacotes, cartas, m\u00eddias impressas e envios publicit\u00e1rios em toda a \u00c1ustria de forma livre de emiss\u00f5es. Desde fevereiro de 2022, apenas ve\u00edculos el\u00e9tricos est\u00e3o sendo adquiridos para entregas, e anualmente cerca de 1.000 novos ve\u00edculos el\u00e9tricos devem ser adicionados.<\/p>\n<p>A Post j\u00e1 gera parte da eletricidade necess\u00e1ria: em todo o pa\u00eds, foram instaladas 13 usinas fotovoltaicas com uma capacidade total de cerca de 4,3 megawatts pico (MWp). Outros 4,5 MWp est\u00e3o em fase de implementa\u00e7\u00e3o e a expans\u00e3o de mais 9 MWp j\u00e1 est\u00e1 prevista. Isso inclui a usina fotovoltaica do centro log\u00edstico Tirol, que est\u00e1 sendo ampliada de 500 quilowatts pico (kWp) para quase 2,3 MWp. Apenas eletricidade verde da \u00c1ustria \u00e9 comprada.<\/p>\n<p>Os ve\u00edculos el\u00e9tricos da Post t\u00eam se mostrado n\u00e3o apenas eficazes no uso di\u00e1rio desde 2011, mas tamb\u00e9m s\u00e3o ideais para opera\u00e7\u00f5es de partida e parada, sendo muito populares entre os entregadores. O ciclo de vida de um ve\u00edculo el\u00e9trico \u00e9, para a Post, j\u00e1 hoje mais econ\u00f4mico do que o uso de um ve\u00edculo equivalente com motor de combust\u00e3o, al\u00e9m de apresentar um desgaste significativamente menor e custos de energia mais baixos.<\/p>\n<p>A Post considera todo o ciclo de vida dos ve\u00edculos el\u00e9tricos e suas baterias, utilizando um monitoramento de bateria suportado por software, incluindo previs\u00f5es de desgaste. Com foco na utiliza\u00e7\u00e3o de segunda vida de baterias de ve\u00edculos usadas ap\u00f3s atualiza\u00e7\u00e3o, reparo ou reciclagem, essas baterias tamb\u00e9m podem ser utilizadas como armazenamento de energia estacion\u00e1rio.<\/p>\n<p>Foto: \u00a9 \u00d6sterreichische Post AG \/ <strong><em>Legenda da imagem:<\/em><\/strong><em> Uschi Schwarzl, conselheira da cidade de Innsbruck para Meio Ambiente, Energia e Mobilidade, e Peter Umundum, diretor do conselho para Pacotes &amp; Log\u00edstica da \u00d6sterreichische Post AG, durante o lan\u00e7amento do &#8220;Innsbruck Verde&#8221;.<\/em><\/p>\n","protected":false},"excerpt":{"rendered":"<p>A \u00d6sterreichische Post j\u00e1 tem mais de 3.000 ve\u00edculos el\u00e9tricos em opera\u00e7\u00e3o e pretende realizar entregas totalmente livres de CO2 em todo o pa\u00eds at\u00e9 2030.<span class=\"excerpt-hellip\"> [\u2026]<\/span><\/p>\n","protected":false},"author":0,"featured_media":8489,"comment_status":"open","ping_status":"open","sticky":false,"template":"","format":"standard","meta":{"_acf_changed":false,"footnotes":""},"categories":[1665,1557,1561],"tags":[],"class_list":["post-60615","post","type-post","status-publish","format-standard","has-post-thumbnail","hentry","category-categories","category-forwarding-logistics","category-regions"],"acf":[],"yoast_head":"<!-- This site is optimized with the Yoast SEO plugin v27.3 - https:\/\/yoast.com\/product\/yoast-seo-wordpress\/ -->\n<title>Post d\u00e1 in\u00edcio \u00e0 entrega sem emiss\u00f5es em Innsbruck - Loginfo24<\/title>\n<meta name=\"robots\" content=\"index, follow, max-snippet:-1, max-image-preview:large, max-video-preview:-1\" \/>\n<link rel=\"canonical\" href=\"https:\/\/loginfo24.com\/pt-pt\/2023\/02\/16\/post-da-inicio-a-entrega-sem-emissoes-em-innsbruck\/\" \/>\n<meta property=\"og:locale\" content=\"pt_PT\" \/>\n<meta property=\"og:type\" content=\"article\" \/>\n<meta property=\"og:title\" content=\"Post d\u00e1 in\u00edcio \u00e0 entrega sem emiss\u00f5es em Innsbruck - Loginfo24\" \/>\n<meta property=\"og:description\" content=\"A \u00d6sterreichische Post j\u00e1 tem mais de 3.000 ve\u00edculos el\u00e9tricos em opera\u00e7\u00e3o e pretende realizar entregas totalmente livres de CO2 em todo o pa\u00eds at\u00e9 2030. [\u2026]\" \/>\n<meta property=\"og:url\" content=\"https:\/\/loginfo24.com\/pt-pt\/2023\/02\/16\/post-da-inicio-a-entrega-sem-emissoes-em-innsbruck\/\" \/>\n<meta property=\"og:site_name\" content=\"Loginfo24\" \/>\n<meta property=\"article:publisher\" content=\"https:\/\/www.facebook.com\/people\/Loginfo24\/100057360583332\/\" \/>\n<meta property=\"article:published_time\" content=\"2023-02-16T15:55:53+00:00\" \/>\n<meta property=\"og:image\" content=\"https:\/\/loginfo24.com\/wp-content\/uploads\/sites\/7\/2025\/12\/Post_AT_16.02.2023.jpg\" \/>\n\t<meta property=\"og:image:width\" content=\"1131\" \/>\n\t<meta property=\"og:image:height\" content=\"766\" \/>\n\t<meta property=\"og:image:type\" content=\"image\/jpeg\" \/>\n<meta name=\"twitter:card\" content=\"summary_large_image\" \/>\n<meta name=\"twitter:label1\" content=\"Tempo estimado de leitura\" \/>\n\t<meta name=\"twitter:data1\" content=\"4 minutos\" \/>\n<script type=\"application\/ld+json\" class=\"yoast-schema-graph\">{\"@context\":\"https:\\\/\\\/schema.org\",\"@graph\":[{\"@type\":\"Article\",\"@id\":\"https:\\\/\\\/loginfo24.com\\\/pt-pt\\\/2023\\\/02\\\/16\\\/post-da-inicio-a-entrega-sem-emissoes-em-innsbruck\\\/#article\",\"isPartOf\":{\"@id\":\"https:\\\/\\\/loginfo24.com\\\/pt-pt\\\/2023\\\/02\\\/16\\\/post-da-inicio-a-entrega-sem-emissoes-em-innsbruck\\\/\"},\"author\":{\"name\":\"\",\"@id\":\"\"},\"headline\":\"Post d\u00e1 in\u00edcio \u00e0 entrega sem emiss\u00f5es em Innsbruck\",\"datePublished\":\"2023-02-16T15:55:53+00:00\",\"mainEntityOfPage\":{\"@id\":\"https:\\\/\\\/loginfo24.com\\\/pt-pt\\\/2023\\\/02\\\/16\\\/post-da-inicio-a-entrega-sem-emissoes-em-innsbruck\\\/\"},\"wordCount\":747,\"commentCount\":0,\"publisher\":{\"@id\":\"https:\\\/\\\/loginfo24.com\\\/pt-pt\\\/#organization\"},\"image\":{\"@id\":\"https:\\\/\\\/loginfo24.com\\\/pt-pt\\\/2023\\\/02\\\/16\\\/post-da-inicio-a-entrega-sem-emissoes-em-innsbruck\\\/#primaryimage\"},\"thumbnailUrl\":\"https:\\\/\\\/loginfo24.com\\\/wp-content\\\/uploads\\\/sites\\\/7\\\/2025\\\/12\\\/Post_AT_16.02.2023.jpg\",\"articleSection\":[\"Categories\",\"Forwarding &amp; Logistics\",\"Regions\"],\"inLanguage\":\"pt-PT\",\"potentialAction\":[{\"@type\":\"CommentAction\",\"name\":\"Comment\",\"target\":[\"https:\\\/\\\/loginfo24.com\\\/pt-pt\\\/2023\\\/02\\\/16\\\/post-da-inicio-a-entrega-sem-emissoes-em-innsbruck\\\/#respond\"]}]},{\"@type\":\"WebPage\",\"@id\":\"https:\\\/\\\/loginfo24.com\\\/pt-pt\\\/2023\\\/02\\\/16\\\/post-da-inicio-a-entrega-sem-emissoes-em-innsbruck\\\/\",\"url\":\"https:\\\/\\\/loginfo24.com\\\/pt-pt\\\/2023\\\/02\\\/16\\\/post-da-inicio-a-entrega-sem-emissoes-em-innsbruck\\\/\",\"name\":\"Post d\u00e1 in\u00edcio \u00e0 entrega sem emiss\u00f5es em Innsbruck - Loginfo24\",\"isPartOf\":{\"@id\":\"https:\\\/\\\/loginfo24.com\\\/pt-pt\\\/#website\"},\"primaryImageOfPage\":{\"@id\":\"https:\\\/\\\/loginfo24.com\\\/pt-pt\\\/2023\\\/02\\\/16\\\/post-da-inicio-a-entrega-sem-emissoes-em-innsbruck\\\/#primaryimage\"},\"image\":{\"@id\":\"https:\\\/\\\/loginfo24.com\\\/pt-pt\\\/2023\\\/02\\\/16\\\/post-da-inicio-a-entrega-sem-emissoes-em-innsbruck\\\/#primaryimage\"},\"thumbnailUrl\":\"https:\\\/\\\/loginfo24.com\\\/wp-content\\\/uploads\\\/sites\\\/7\\\/2025\\\/12\\\/Post_AT_16.02.2023.jpg\",\"datePublished\":\"2023-02-16T15:55:53+00:00\",\"breadcrumb\":{\"@id\":\"https:\\\/\\\/loginfo24.com\\\/pt-pt\\\/2023\\\/02\\\/16\\\/post-da-inicio-a-entrega-sem-emissoes-em-innsbruck\\\/#breadcrumb\"},\"inLanguage\":\"pt-PT\",\"potentialAction\":[{\"@type\":\"ReadAction\",\"target\":[\"https:\\\/\\\/loginfo24.com\\\/pt-pt\\\/2023\\\/02\\\/16\\\/post-da-inicio-a-entrega-sem-emissoes-em-innsbruck\\\/\"]}]},{\"@type\":\"ImageObject\",\"inLanguage\":\"pt-PT\",\"@id\":\"https:\\\/\\\/loginfo24.com\\\/pt-pt\\\/2023\\\/02\\\/16\\\/post-da-inicio-a-entrega-sem-emissoes-em-innsbruck\\\/#primaryimage\",\"url\":\"https:\\\/\\\/loginfo24.com\\\/wp-content\\\/uploads\\\/sites\\\/7\\\/2025\\\/12\\\/Post_AT_16.02.2023.jpg\",\"contentUrl\":\"https:\\\/\\\/loginfo24.com\\\/wp-content\\\/uploads\\\/sites\\\/7\\\/2025\\\/12\\\/Post_AT_16.02.2023.jpg\",\"width\":1131,\"height\":766},{\"@type\":\"BreadcrumbList\",\"@id\":\"https:\\\/\\\/loginfo24.com\\\/pt-pt\\\/2023\\\/02\\\/16\\\/post-da-inicio-a-entrega-sem-emissoes-em-innsbruck\\\/#breadcrumb\",\"itemListElement\":[{\"@type\":\"ListItem\",\"position\":1,\"name\":\"Startseite\",\"item\":\"https:\\\/\\\/loginfo24.com\\\/pt-pt\\\/\"},{\"@type\":\"ListItem\",\"position\":2,\"name\":\"Post d\u00e1 in\u00edcio \u00e0 entrega sem emiss\u00f5es em Innsbruck\"}]},{\"@type\":\"WebSite\",\"@id\":\"https:\\\/\\\/loginfo24.com\\\/pt-pt\\\/#website\",\"url\":\"https:\\\/\\\/loginfo24.com\\\/pt-pt\\\/\",\"name\":\"Loginfo24\",\"description\":\"Loginfo24 \u00e9 a plataforma dedicada \u00e0 log\u00edstica e \u00e0s cadeias de abastecimento, com informa\u00e7\u00f5es dispon\u00edveis 24 horas por dia.\",\"publisher\":{\"@id\":\"https:\\\/\\\/loginfo24.com\\\/pt-pt\\\/#organization\"},\"potentialAction\":[{\"@type\":\"SearchAction\",\"target\":{\"@type\":\"EntryPoint\",\"urlTemplate\":\"https:\\\/\\\/loginfo24.com\\\/pt-pt\\\/?s={search_term_string}\"},\"query-input\":{\"@type\":\"PropertyValueSpecification\",\"valueRequired\":true,\"valueName\":\"search_term_string\"}}],\"inLanguage\":\"pt-PT\"},{\"@type\":\"Organization\",\"@id\":\"https:\\\/\\\/loginfo24.com\\\/pt-pt\\\/#organization\",\"name\":\"Logismedia Group AG\",\"url\":\"https:\\\/\\\/loginfo24.com\\\/pt-pt\\\/\",\"logo\":{\"@type\":\"ImageObject\",\"inLanguage\":\"pt-PT\",\"@id\":\"https:\\\/\\\/loginfo24.com\\\/pt-pt\\\/#\\\/schema\\\/logo\\\/image\\\/\",\"url\":\"https:\\\/\\\/loginfo24.com\\\/wp-content\\\/uploads\\\/sites\\\/7\\\/2026\\\/01\\\/Logo_LogInfo24.png\",\"contentUrl\":\"https:\\\/\\\/loginfo24.com\\\/wp-content\\\/uploads\\\/sites\\\/7\\\/2026\\\/01\\\/Logo_LogInfo24.png\",\"width\":938,\"height\":351,\"caption\":\"Logismedia Group AG\"},\"image\":{\"@id\":\"https:\\\/\\\/loginfo24.com\\\/pt-pt\\\/#\\\/schema\\\/logo\\\/image\\\/\"},\"sameAs\":[\"https:\\\/\\\/www.facebook.com\\\/people\\\/Loginfo24\\\/100057360583332\\\/\",\"https:\\\/\\\/www.linkedin.com\\\/company\\\/lofinfo24\\\/\"]}]}<\/script>\n<!-- \/ Yoast SEO plugin. -->","yoast_head_json":{"title":"Post d\u00e1 in\u00edcio \u00e0 entrega sem emiss\u00f5es em Innsbruck - Loginfo24","robots":{"index":"index","follow":"follow","max-snippet":"max-snippet:-1","max-image-preview":"max-image-preview:large","max-video-preview":"max-video-preview:-1"},"canonical":"https:\/\/loginfo24.com\/pt-pt\/2023\/02\/16\/post-da-inicio-a-entrega-sem-emissoes-em-innsbruck\/","og_locale":"pt_PT","og_type":"article","og_title":"Post d\u00e1 in\u00edcio \u00e0 entrega sem emiss\u00f5es em Innsbruck - Loginfo24","og_description":"A \u00d6sterreichische Post j\u00e1 tem mais de 3.000 ve\u00edculos el\u00e9tricos em opera\u00e7\u00e3o e pretende realizar entregas totalmente livres de CO2 em todo o pa\u00eds at\u00e9 2030. [\u2026]","og_url":"https:\/\/loginfo24.com\/pt-pt\/2023\/02\/16\/post-da-inicio-a-entrega-sem-emissoes-em-innsbruck\/","og_site_name":"Loginfo24","article_publisher":"https:\/\/www.facebook.com\/people\/Loginfo24\/100057360583332\/","article_published_time":"2023-02-16T15:55:53+00:00","og_image":[{"width":1131,"height":766,"url":"https:\/\/loginfo24.com\/wp-content\/uploads\/sites\/7\/2025\/12\/Post_AT_16.02.2023.jpg","type":"image\/jpeg"}],"twitter_card":"summary_large_image","twitter_misc":{"Tempo estimado de leitura":"4 minutos"},"schema":{"@context":"https:\/\/schema.org","@graph":[{"@type":"Article","@id":"https:\/\/loginfo24.com\/pt-pt\/2023\/02\/16\/post-da-inicio-a-entrega-sem-emissoes-em-innsbruck\/#article","isPartOf":{"@id":"https:\/\/loginfo24.com\/pt-pt\/2023\/02\/16\/post-da-inicio-a-entrega-sem-emissoes-em-innsbruck\/"},"author":{"name":"","@id":""},"headline":"Post d\u00e1 in\u00edcio \u00e0 entrega sem emiss\u00f5es em Innsbruck","datePublished":"2023-02-16T15:55:53+00:00","mainEntityOfPage":{"@id":"https:\/\/loginfo24.com\/pt-pt\/2023\/02\/16\/post-da-inicio-a-entrega-sem-emissoes-em-innsbruck\/"},"wordCount":747,"commentCount":0,"publisher":{"@id":"https:\/\/loginfo24.com\/pt-pt\/#organization"},"image":{"@id":"https:\/\/loginfo24.com\/pt-pt\/2023\/02\/16\/post-da-inicio-a-entrega-sem-emissoes-em-innsbruck\/#primaryimage"},"thumbnailUrl":"https:\/\/loginfo24.com\/wp-content\/uploads\/sites\/7\/2025\/12\/Post_AT_16.02.2023.jpg","articleSection":["Categories","Forwarding &amp; Logistics","Regions"],"inLanguage":"pt-PT","potentialAction":[{"@type":"CommentAction","name":"Comment","target":["https:\/\/loginfo24.com\/pt-pt\/2023\/02\/16\/post-da-inicio-a-entrega-sem-emissoes-em-innsbruck\/#respond"]}]},{"@type":"WebPage","@id":"https:\/\/loginfo24.com\/pt-pt\/2023\/02\/16\/post-da-inicio-a-entrega-sem-emissoes-em-innsbruck\/","url":"https:\/\/loginfo24.com\/pt-pt\/2023\/02\/16\/post-da-inicio-a-entrega-sem-emissoes-em-innsbruck\/","name":"Post d\u00e1 in\u00edcio \u00e0 entrega sem emiss\u00f5es em Innsbruck - Loginfo24","isPartOf":{"@id":"https:\/\/loginfo24.com\/pt-pt\/#website"},"primaryImageOfPage":{"@id":"https:\/\/loginfo24.com\/pt-pt\/2023\/02\/16\/post-da-inicio-a-entrega-sem-emissoes-em-innsbruck\/#primaryimage"},"image":{"@id":"https:\/\/loginfo24.com\/pt-pt\/2023\/02\/16\/post-da-inicio-a-entrega-sem-emissoes-em-innsbruck\/#primaryimage"},"thumbnailUrl":"https:\/\/loginfo24.com\/wp-content\/uploads\/sites\/7\/2025\/12\/Post_AT_16.02.2023.jpg","datePublished":"2023-02-16T15:55:53+00:00","breadcrumb":{"@id":"https:\/\/loginfo24.com\/pt-pt\/2023\/02\/16\/post-da-inicio-a-entrega-sem-emissoes-em-innsbruck\/#breadcrumb"},"inLanguage":"pt-PT","potentialAction":[{"@type":"ReadAction","target":["https:\/\/loginfo24.com\/pt-pt\/2023\/02\/16\/post-da-inicio-a-entrega-sem-emissoes-em-innsbruck\/"]}]},{"@type":"ImageObject","inLanguage":"pt-PT","@id":"https:\/\/loginfo24.com\/pt-pt\/2023\/02\/16\/post-da-inicio-a-entrega-sem-emissoes-em-innsbruck\/#primaryimage","url":"https:\/\/loginfo24.com\/wp-content\/uploads\/sites\/7\/2025\/12\/Post_AT_16.02.2023.jpg","contentUrl":"https:\/\/loginfo24.com\/wp-content\/uploads\/sites\/7\/2025\/12\/Post_AT_16.02.2023.jpg","width":1131,"height":766},{"@type":"BreadcrumbList","@id":"https:\/\/loginfo24.com\/pt-pt\/2023\/02\/16\/post-da-inicio-a-entrega-sem-emissoes-em-innsbruck\/#breadcrumb","itemListElement":[{"@type":"ListItem","position":1,"name":"Startseite","item":"https:\/\/loginfo24.com\/pt-pt\/"},{"@type":"ListItem","position":2,"name":"Post d\u00e1 in\u00edcio \u00e0 entrega sem emiss\u00f5es em Innsbruck"}]},{"@type":"WebSite","@id":"https:\/\/loginfo24.com\/pt-pt\/#website","url":"https:\/\/loginfo24.com\/pt-pt\/","name":"Loginfo24","description":"Loginfo24 \u00e9 a plataforma dedicada \u00e0 log\u00edstica e \u00e0s cadeias de abastecimento, com informa\u00e7\u00f5es dispon\u00edveis 24 horas por dia.","publisher":{"@id":"https:\/\/loginfo24.com\/pt-pt\/#organization"},"potentialAction":[{"@type":"SearchAction","target":{"@type":"EntryPoint","urlTemplate":"https:\/\/loginfo24.com\/pt-pt\/?s={search_term_string}"},"query-input":{"@type":"PropertyValueSpecification","valueRequired":true,"valueName":"search_term_string"}}],"inLanguage":"pt-PT"},{"@type":"Organization","@id":"https:\/\/loginfo24.com\/pt-pt\/#organization","name":"Logismedia Group AG","url":"https:\/\/loginfo24.com\/pt-pt\/","logo":{"@type":"ImageObject","inLanguage":"pt-PT","@id":"https:\/\/loginfo24.com\/pt-pt\/#\/schema\/logo\/image\/","url":"https:\/\/loginfo24.com\/wp-content\/uploads\/sites\/7\/2026\/01\/Logo_LogInfo24.png","contentUrl":"https:\/\/loginfo24.com\/wp-content\/uploads\/sites\/7\/2026\/01\/Logo_LogInfo24.png","width":938,"height":351,"caption":"Logismedia Group AG"},"image":{"@id":"https:\/\/loginfo24.com\/pt-pt\/#\/schema\/logo\/image\/"},"sameAs":["https:\/\/www.facebook.com\/people\/Loginfo24\/100057360583332\/","https:\/\/www.linkedin.com\/company\/lofinfo24\/"]}]}},"_links":{"self":[{"href":"https:\/\/loginfo24.com\/pt-pt\/wp-json\/wp\/v2\/posts\/60615","targetHints":{"allow":["GET"]}}],"collection":[{"href":"https:\/\/loginfo24.com\/pt-pt\/wp-json\/wp\/v2\/posts"}],"about":[{"href":"https:\/\/loginfo24.com\/pt-pt\/wp-json\/wp\/v2\/types\/post"}],"replies":[{"embeddable":true,"href":"https:\/\/loginfo24.com\/pt-pt\/wp-json\/wp\/v2\/comments?post=60615"}],"version-history":[{"count":0,"href":"https:\/\/loginfo24.com\/pt-pt\/wp-json\/wp\/v2\/posts\/60615\/revisions"}],"wp:featuredmedia":[{"embeddable":true,"href":"https:\/\/loginfo24.com\/pt-pt\/wp-json\/wp\/v2\/media\/8489"}],"wp:attachment":[{"href":"https:\/\/loginfo24.com\/pt-pt\/wp-json\/wp\/v2\/media?parent=60615"}],"wp:term":[{"taxonomy":"category","embeddable":true,"href":"https:\/\/loginfo24.com\/pt-pt\/wp-json\/wp\/v2\/categories?post=60615"},{"taxonomy":"post_tag","embeddable":true,"href":"https:\/\/loginfo24.com\/pt-pt\/wp-json\/wp\/v2\/tags?post=60615"}],"curies":[{"name":"wp","href":"https:\/\/api.w.org\/{rel}","templated":true}]}}