{"id":60444,"date":"2023-02-03T15:32:37","date_gmt":"2023-02-03T14:32:37","guid":{"rendered":"https:\/\/blog.brand-architecture.at\/2023\/02\/03\/savino-del-bene-reforca-gestao-e-vendas-na-alemanha\/"},"modified":"2023-02-03T15:32:37","modified_gmt":"2023-02-03T14:32:37","slug":"savino-del-bene-reforca-gestao-e-vendas-na-alemanha","status":"publish","type":"post","link":"https:\/\/loginfo24.com\/pt-pt\/2023\/02\/03\/savino-del-bene-reforca-gestao-e-vendas-na-alemanha\/","title":{"rendered":"Savino del Bene refor\u00e7a gest\u00e3o e vendas na Alemanha"},"content":{"rendered":"<h5><strong>O prestador de servi\u00e7os log\u00edsticos italiano Savino del Bene refor\u00e7a na Alemanha tanto a sua equipe de gest\u00e3o quanto a sua equipe de vendas. Gregor Kokorski assume a fun\u00e7\u00e3o de gerente de qualidade e Andr\u00e9 Fischer ser\u00e1 o gerente de desenvolvimento de neg\u00f3cios. Ambos assumem suas fun\u00e7\u00f5es imediatamente.<\/strong><\/h5>\n<p>(Hamburgo) Savino Del Bene expande sua equipe de gest\u00e3o na Alemanha. Gregor Kokorski (56) assume imediatamente a fun\u00e7\u00e3o de gerente de qualidade na Savino Del Bene Alemanha. Kokorski possui ampla experi\u00eancia em gest\u00e3o de qualidade na \u00e1rea de transporte a\u00e9reo e mar\u00edtimo internacional, Worldwide Express e transportes combinados.<\/p>\n<h5><strong>Desenvolver a qualidade dos servi\u00e7os e processos de neg\u00f3cios<\/strong><\/h5>\n<p>Kokorski: &#8220;Estou muito feliz por fazer parte da fam\u00edlia global Savino Del Bene e por garantir e desenvolver de forma orientada ao cliente a qualidade dos nossos servi\u00e7os e processos de neg\u00f3cios, especialmente nos setores de Farm\u00e1cia &amp; Sa\u00fade, Automotivo, Engenharia Mec\u00e2nica, Qu\u00edmica e Carga Geral.&#8221;<\/p>\n<p><img loading=\"lazy\" decoding=\"async\" class=\"wp-image-22361\" src=\"https:\/\/loginfo24.com\/wp-content\/uploads\/sites\/7\/2025\/12\/Savino_Bene_3.2.23_1-243x300.jpg\" alt=\"\" width=\"160\" height=\"198\" \/> Andr\u00e9 Fischer<\/caption>\n<p>Paralelamente, Savino Del Bene tamb\u00e9m expande sua equipe de vendas na Alemanha. Andr\u00e9 Fischer (31) assume imediatamente como gerente de desenvolvimento de neg\u00f3cios a responsabilidade pelo desenvolvimento de neg\u00f3cios e pela capta\u00e7\u00e3o de novos clientes no norte da Alemanha. Ele se junta \u00e0 equipe de CK Sum, chefe de vendas na Alemanha, na Savino Del Bene. Fischer possui experi\u00eancia internacional no mundo da log\u00edstica e expedi\u00e7\u00e3o na Europa e na \u00c1sia.<\/p>\n<h5><strong>Aprendeu o neg\u00f3cio de expedi\u00e7\u00e3o desde o in\u00edcio<\/strong><\/h5>\n<p>Crescido em Hamburgo, Fischer aprendeu o neg\u00f3cio de expedi\u00e7\u00e3o desde o in\u00edcio. Fischer: &#8220;Estou muito feliz por agora fazer parte da fam\u00edlia global Savino Del Bene e por oferecer aos nossos clientes aqui no norte solu\u00e7\u00f5es log\u00edsticas personalizadas e sustent\u00e1veis que agregam valor real.&#8221;<\/p>\n<p>Fotos: \u00a9 Savino del Bene: <strong><em>Legenda da imagem da capa:<\/em><\/strong><em> Gregor Kokorski refor\u00e7a imediatamente a gest\u00e3o da Savino del Bene na Alemanha<\/em><\/p>\n","protected":false},"excerpt":{"rendered":"<p>O prestador de servi\u00e7os log\u00edsticos italiano Savino del Bene refor\u00e7a na Alemanha tanto a sua equipe de gest\u00e3o quanto a sua equipe de vendas. Gregor Kokorski<span class=\"excerpt-hellip\"> [\u2026]<\/span><\/p>\n","protected":false},"author":0,"featured_media":8565,"comment_status":"open","ping_status":"open","sticky":false,"template":"","format":"standard","meta":{"_acf_changed":false,"footnotes":""},"categories":[1557,1561],"tags":[],"class_list":["post-60444","post","type-post","status-publish","format-standard","has-post-thumbnail","hentry","category-forwarding-logistics","category-regions"],"acf":[],"yoast_head":"<!-- This site is optimized with the Yoast SEO plugin v27.3 - https:\/\/yoast.com\/product\/yoast-seo-wordpress\/ -->\n<title>Savino del Bene refor\u00e7a gest\u00e3o e vendas na Alemanha - Loginfo24<\/title>\n<meta name=\"robots\" content=\"index, follow, max-snippet:-1, max-image-preview:large, max-video-preview:-1\" \/>\n<link rel=\"canonical\" href=\"https:\/\/loginfo24.com\/pt-pt\/2023\/02\/03\/savino-del-bene-reforca-gestao-e-vendas-na-alemanha\/\" \/>\n<meta property=\"og:locale\" content=\"pt_PT\" \/>\n<meta property=\"og:type\" content=\"article\" \/>\n<meta property=\"og:title\" content=\"Savino del Bene refor\u00e7a gest\u00e3o e vendas na Alemanha - Loginfo24\" \/>\n<meta property=\"og:description\" content=\"O prestador de servi\u00e7os log\u00edsticos italiano Savino del Bene refor\u00e7a na Alemanha tanto a sua equipe de gest\u00e3o quanto a sua equipe de vendas. Gregor Kokorski [\u2026]\" \/>\n<meta property=\"og:url\" content=\"https:\/\/loginfo24.com\/pt-pt\/2023\/02\/03\/savino-del-bene-reforca-gestao-e-vendas-na-alemanha\/\" \/>\n<meta property=\"og:site_name\" content=\"Loginfo24\" \/>\n<meta property=\"article:publisher\" content=\"https:\/\/www.facebook.com\/people\/Loginfo24\/100057360583332\/\" \/>\n<meta property=\"article:published_time\" content=\"2023-02-03T14:32:37+00:00\" \/>\n<meta property=\"og:image\" content=\"https:\/\/loginfo24.com\/wp-content\/uploads\/sites\/7\/2025\/12\/Savino_Bene_3.2.23_2.jpg\" \/>\n\t<meta property=\"og:image:width\" content=\"1093\" \/>\n\t<meta property=\"og:image:height\" content=\"745\" \/>\n\t<meta property=\"og:image:type\" content=\"image\/jpeg\" \/>\n<meta name=\"twitter:card\" content=\"summary_large_image\" \/>\n<meta name=\"twitter:label1\" content=\"Tempo estimado de leitura\" \/>\n\t<meta name=\"twitter:data1\" content=\"2 minutos\" \/>\n<script type=\"application\/ld+json\" class=\"yoast-schema-graph\">{\"@context\":\"https:\\\/\\\/schema.org\",\"@graph\":[{\"@type\":\"Article\",\"@id\":\"https:\\\/\\\/loginfo24.com\\\/pt-pt\\\/2023\\\/02\\\/03\\\/savino-del-bene-reforca-gestao-e-vendas-na-alemanha\\\/#article\",\"isPartOf\":{\"@id\":\"https:\\\/\\\/loginfo24.com\\\/pt-pt\\\/2023\\\/02\\\/03\\\/savino-del-bene-reforca-gestao-e-vendas-na-alemanha\\\/\"},\"author\":{\"name\":\"\",\"@id\":\"\"},\"headline\":\"Savino del Bene refor\u00e7a gest\u00e3o e vendas na Alemanha\",\"datePublished\":\"2023-02-03T14:32:37+00:00\",\"mainEntityOfPage\":{\"@id\":\"https:\\\/\\\/loginfo24.com\\\/pt-pt\\\/2023\\\/02\\\/03\\\/savino-del-bene-reforca-gestao-e-vendas-na-alemanha\\\/\"},\"wordCount\":352,\"commentCount\":0,\"publisher\":{\"@id\":\"https:\\\/\\\/loginfo24.com\\\/pt-pt\\\/#organization\"},\"image\":{\"@id\":\"https:\\\/\\\/loginfo24.com\\\/pt-pt\\\/2023\\\/02\\\/03\\\/savino-del-bene-reforca-gestao-e-vendas-na-alemanha\\\/#primaryimage\"},\"thumbnailUrl\":\"https:\\\/\\\/loginfo24.com\\\/wp-content\\\/uploads\\\/sites\\\/7\\\/2025\\\/12\\\/Savino_Bene_3.2.23_2.jpg\",\"articleSection\":[\"Forwarding &amp; Logistics\",\"Regions\"],\"inLanguage\":\"pt-PT\",\"potentialAction\":[{\"@type\":\"CommentAction\",\"name\":\"Comment\",\"target\":[\"https:\\\/\\\/loginfo24.com\\\/pt-pt\\\/2023\\\/02\\\/03\\\/savino-del-bene-reforca-gestao-e-vendas-na-alemanha\\\/#respond\"]}]},{\"@type\":\"WebPage\",\"@id\":\"https:\\\/\\\/loginfo24.com\\\/pt-pt\\\/2023\\\/02\\\/03\\\/savino-del-bene-reforca-gestao-e-vendas-na-alemanha\\\/\",\"url\":\"https:\\\/\\\/loginfo24.com\\\/pt-pt\\\/2023\\\/02\\\/03\\\/savino-del-bene-reforca-gestao-e-vendas-na-alemanha\\\/\",\"name\":\"Savino del Bene refor\u00e7a gest\u00e3o e vendas na Alemanha - Loginfo24\",\"isPartOf\":{\"@id\":\"https:\\\/\\\/loginfo24.com\\\/pt-pt\\\/#website\"},\"primaryImageOfPage\":{\"@id\":\"https:\\\/\\\/loginfo24.com\\\/pt-pt\\\/2023\\\/02\\\/03\\\/savino-del-bene-reforca-gestao-e-vendas-na-alemanha\\\/#primaryimage\"},\"image\":{\"@id\":\"https:\\\/\\\/loginfo24.com\\\/pt-pt\\\/2023\\\/02\\\/03\\\/savino-del-bene-reforca-gestao-e-vendas-na-alemanha\\\/#primaryimage\"},\"thumbnailUrl\":\"https:\\\/\\\/loginfo24.com\\\/wp-content\\\/uploads\\\/sites\\\/7\\\/2025\\\/12\\\/Savino_Bene_3.2.23_2.jpg\",\"datePublished\":\"2023-02-03T14:32:37+00:00\",\"breadcrumb\":{\"@id\":\"https:\\\/\\\/loginfo24.com\\\/pt-pt\\\/2023\\\/02\\\/03\\\/savino-del-bene-reforca-gestao-e-vendas-na-alemanha\\\/#breadcrumb\"},\"inLanguage\":\"pt-PT\",\"potentialAction\":[{\"@type\":\"ReadAction\",\"target\":[\"https:\\\/\\\/loginfo24.com\\\/pt-pt\\\/2023\\\/02\\\/03\\\/savino-del-bene-reforca-gestao-e-vendas-na-alemanha\\\/\"]}]},{\"@type\":\"ImageObject\",\"inLanguage\":\"pt-PT\",\"@id\":\"https:\\\/\\\/loginfo24.com\\\/pt-pt\\\/2023\\\/02\\\/03\\\/savino-del-bene-reforca-gestao-e-vendas-na-alemanha\\\/#primaryimage\",\"url\":\"https:\\\/\\\/loginfo24.com\\\/wp-content\\\/uploads\\\/sites\\\/7\\\/2025\\\/12\\\/Savino_Bene_3.2.23_2.jpg\",\"contentUrl\":\"https:\\\/\\\/loginfo24.com\\\/wp-content\\\/uploads\\\/sites\\\/7\\\/2025\\\/12\\\/Savino_Bene_3.2.23_2.jpg\",\"width\":1093,\"height\":745},{\"@type\":\"BreadcrumbList\",\"@id\":\"https:\\\/\\\/loginfo24.com\\\/pt-pt\\\/2023\\\/02\\\/03\\\/savino-del-bene-reforca-gestao-e-vendas-na-alemanha\\\/#breadcrumb\",\"itemListElement\":[{\"@type\":\"ListItem\",\"position\":1,\"name\":\"Startseite\",\"item\":\"https:\\\/\\\/loginfo24.com\\\/pt-pt\\\/\"},{\"@type\":\"ListItem\",\"position\":2,\"name\":\"Savino del Bene refor\u00e7a gest\u00e3o e vendas na Alemanha\"}]},{\"@type\":\"WebSite\",\"@id\":\"https:\\\/\\\/loginfo24.com\\\/pt-pt\\\/#website\",\"url\":\"https:\\\/\\\/loginfo24.com\\\/pt-pt\\\/\",\"name\":\"Loginfo24\",\"description\":\"Loginfo24 \u00e9 a plataforma dedicada \u00e0 log\u00edstica e \u00e0s cadeias de abastecimento, com informa\u00e7\u00f5es dispon\u00edveis 24 horas por dia.\",\"publisher\":{\"@id\":\"https:\\\/\\\/loginfo24.com\\\/pt-pt\\\/#organization\"},\"potentialAction\":[{\"@type\":\"SearchAction\",\"target\":{\"@type\":\"EntryPoint\",\"urlTemplate\":\"https:\\\/\\\/loginfo24.com\\\/pt-pt\\\/?s={search_term_string}\"},\"query-input\":{\"@type\":\"PropertyValueSpecification\",\"valueRequired\":true,\"valueName\":\"search_term_string\"}}],\"inLanguage\":\"pt-PT\"},{\"@type\":\"Organization\",\"@id\":\"https:\\\/\\\/loginfo24.com\\\/pt-pt\\\/#organization\",\"name\":\"Logismedia Group AG\",\"url\":\"https:\\\/\\\/loginfo24.com\\\/pt-pt\\\/\",\"logo\":{\"@type\":\"ImageObject\",\"inLanguage\":\"pt-PT\",\"@id\":\"https:\\\/\\\/loginfo24.com\\\/pt-pt\\\/#\\\/schema\\\/logo\\\/image\\\/\",\"url\":\"https:\\\/\\\/loginfo24.com\\\/wp-content\\\/uploads\\\/sites\\\/7\\\/2026\\\/01\\\/Logo_LogInfo24.png\",\"contentUrl\":\"https:\\\/\\\/loginfo24.com\\\/wp-content\\\/uploads\\\/sites\\\/7\\\/2026\\\/01\\\/Logo_LogInfo24.png\",\"width\":938,\"height\":351,\"caption\":\"Logismedia Group AG\"},\"image\":{\"@id\":\"https:\\\/\\\/loginfo24.com\\\/pt-pt\\\/#\\\/schema\\\/logo\\\/image\\\/\"},\"sameAs\":[\"https:\\\/\\\/www.facebook.com\\\/people\\\/Loginfo24\\\/100057360583332\\\/\",\"https:\\\/\\\/www.linkedin.com\\\/company\\\/lofinfo24\\\/\"]}]}<\/script>\n<!-- \/ Yoast SEO plugin. -->","yoast_head_json":{"title":"Savino del Bene refor\u00e7a gest\u00e3o e vendas na Alemanha - Loginfo24","robots":{"index":"index","follow":"follow","max-snippet":"max-snippet:-1","max-image-preview":"max-image-preview:large","max-video-preview":"max-video-preview:-1"},"canonical":"https:\/\/loginfo24.com\/pt-pt\/2023\/02\/03\/savino-del-bene-reforca-gestao-e-vendas-na-alemanha\/","og_locale":"pt_PT","og_type":"article","og_title":"Savino del Bene refor\u00e7a gest\u00e3o e vendas na Alemanha - Loginfo24","og_description":"O prestador de servi\u00e7os log\u00edsticos italiano Savino del Bene refor\u00e7a na Alemanha tanto a sua equipe de gest\u00e3o quanto a sua equipe de vendas. Gregor Kokorski [\u2026]","og_url":"https:\/\/loginfo24.com\/pt-pt\/2023\/02\/03\/savino-del-bene-reforca-gestao-e-vendas-na-alemanha\/","og_site_name":"Loginfo24","article_publisher":"https:\/\/www.facebook.com\/people\/Loginfo24\/100057360583332\/","article_published_time":"2023-02-03T14:32:37+00:00","og_image":[{"width":1093,"height":745,"url":"https:\/\/loginfo24.com\/wp-content\/uploads\/sites\/7\/2025\/12\/Savino_Bene_3.2.23_2.jpg","type":"image\/jpeg"}],"twitter_card":"summary_large_image","twitter_misc":{"Tempo estimado de leitura":"2 minutos"},"schema":{"@context":"https:\/\/schema.org","@graph":[{"@type":"Article","@id":"https:\/\/loginfo24.com\/pt-pt\/2023\/02\/03\/savino-del-bene-reforca-gestao-e-vendas-na-alemanha\/#article","isPartOf":{"@id":"https:\/\/loginfo24.com\/pt-pt\/2023\/02\/03\/savino-del-bene-reforca-gestao-e-vendas-na-alemanha\/"},"author":{"name":"","@id":""},"headline":"Savino del Bene refor\u00e7a gest\u00e3o e vendas na Alemanha","datePublished":"2023-02-03T14:32:37+00:00","mainEntityOfPage":{"@id":"https:\/\/loginfo24.com\/pt-pt\/2023\/02\/03\/savino-del-bene-reforca-gestao-e-vendas-na-alemanha\/"},"wordCount":352,"commentCount":0,"publisher":{"@id":"https:\/\/loginfo24.com\/pt-pt\/#organization"},"image":{"@id":"https:\/\/loginfo24.com\/pt-pt\/2023\/02\/03\/savino-del-bene-reforca-gestao-e-vendas-na-alemanha\/#primaryimage"},"thumbnailUrl":"https:\/\/loginfo24.com\/wp-content\/uploads\/sites\/7\/2025\/12\/Savino_Bene_3.2.23_2.jpg","articleSection":["Forwarding &amp; Logistics","Regions"],"inLanguage":"pt-PT","potentialAction":[{"@type":"CommentAction","name":"Comment","target":["https:\/\/loginfo24.com\/pt-pt\/2023\/02\/03\/savino-del-bene-reforca-gestao-e-vendas-na-alemanha\/#respond"]}]},{"@type":"WebPage","@id":"https:\/\/loginfo24.com\/pt-pt\/2023\/02\/03\/savino-del-bene-reforca-gestao-e-vendas-na-alemanha\/","url":"https:\/\/loginfo24.com\/pt-pt\/2023\/02\/03\/savino-del-bene-reforca-gestao-e-vendas-na-alemanha\/","name":"Savino del Bene refor\u00e7a gest\u00e3o e vendas na Alemanha - Loginfo24","isPartOf":{"@id":"https:\/\/loginfo24.com\/pt-pt\/#website"},"primaryImageOfPage":{"@id":"https:\/\/loginfo24.com\/pt-pt\/2023\/02\/03\/savino-del-bene-reforca-gestao-e-vendas-na-alemanha\/#primaryimage"},"image":{"@id":"https:\/\/loginfo24.com\/pt-pt\/2023\/02\/03\/savino-del-bene-reforca-gestao-e-vendas-na-alemanha\/#primaryimage"},"thumbnailUrl":"https:\/\/loginfo24.com\/wp-content\/uploads\/sites\/7\/2025\/12\/Savino_Bene_3.2.23_2.jpg","datePublished":"2023-02-03T14:32:37+00:00","breadcrumb":{"@id":"https:\/\/loginfo24.com\/pt-pt\/2023\/02\/03\/savino-del-bene-reforca-gestao-e-vendas-na-alemanha\/#breadcrumb"},"inLanguage":"pt-PT","potentialAction":[{"@type":"ReadAction","target":["https:\/\/loginfo24.com\/pt-pt\/2023\/02\/03\/savino-del-bene-reforca-gestao-e-vendas-na-alemanha\/"]}]},{"@type":"ImageObject","inLanguage":"pt-PT","@id":"https:\/\/loginfo24.com\/pt-pt\/2023\/02\/03\/savino-del-bene-reforca-gestao-e-vendas-na-alemanha\/#primaryimage","url":"https:\/\/loginfo24.com\/wp-content\/uploads\/sites\/7\/2025\/12\/Savino_Bene_3.2.23_2.jpg","contentUrl":"https:\/\/loginfo24.com\/wp-content\/uploads\/sites\/7\/2025\/12\/Savino_Bene_3.2.23_2.jpg","width":1093,"height":745},{"@type":"BreadcrumbList","@id":"https:\/\/loginfo24.com\/pt-pt\/2023\/02\/03\/savino-del-bene-reforca-gestao-e-vendas-na-alemanha\/#breadcrumb","itemListElement":[{"@type":"ListItem","position":1,"name":"Startseite","item":"https:\/\/loginfo24.com\/pt-pt\/"},{"@type":"ListItem","position":2,"name":"Savino del Bene refor\u00e7a gest\u00e3o e vendas na Alemanha"}]},{"@type":"WebSite","@id":"https:\/\/loginfo24.com\/pt-pt\/#website","url":"https:\/\/loginfo24.com\/pt-pt\/","name":"Loginfo24","description":"Loginfo24 \u00e9 a plataforma dedicada \u00e0 log\u00edstica e \u00e0s cadeias de abastecimento, com informa\u00e7\u00f5es dispon\u00edveis 24 horas por dia.","publisher":{"@id":"https:\/\/loginfo24.com\/pt-pt\/#organization"},"potentialAction":[{"@type":"SearchAction","target":{"@type":"EntryPoint","urlTemplate":"https:\/\/loginfo24.com\/pt-pt\/?s={search_term_string}"},"query-input":{"@type":"PropertyValueSpecification","valueRequired":true,"valueName":"search_term_string"}}],"inLanguage":"pt-PT"},{"@type":"Organization","@id":"https:\/\/loginfo24.com\/pt-pt\/#organization","name":"Logismedia Group AG","url":"https:\/\/loginfo24.com\/pt-pt\/","logo":{"@type":"ImageObject","inLanguage":"pt-PT","@id":"https:\/\/loginfo24.com\/pt-pt\/#\/schema\/logo\/image\/","url":"https:\/\/loginfo24.com\/wp-content\/uploads\/sites\/7\/2026\/01\/Logo_LogInfo24.png","contentUrl":"https:\/\/loginfo24.com\/wp-content\/uploads\/sites\/7\/2026\/01\/Logo_LogInfo24.png","width":938,"height":351,"caption":"Logismedia Group AG"},"image":{"@id":"https:\/\/loginfo24.com\/pt-pt\/#\/schema\/logo\/image\/"},"sameAs":["https:\/\/www.facebook.com\/people\/Loginfo24\/100057360583332\/","https:\/\/www.linkedin.com\/company\/lofinfo24\/"]}]}},"_links":{"self":[{"href":"https:\/\/loginfo24.com\/pt-pt\/wp-json\/wp\/v2\/posts\/60444","targetHints":{"allow":["GET"]}}],"collection":[{"href":"https:\/\/loginfo24.com\/pt-pt\/wp-json\/wp\/v2\/posts"}],"about":[{"href":"https:\/\/loginfo24.com\/pt-pt\/wp-json\/wp\/v2\/types\/post"}],"replies":[{"embeddable":true,"href":"https:\/\/loginfo24.com\/pt-pt\/wp-json\/wp\/v2\/comments?post=60444"}],"version-history":[{"count":0,"href":"https:\/\/loginfo24.com\/pt-pt\/wp-json\/wp\/v2\/posts\/60444\/revisions"}],"wp:featuredmedia":[{"embeddable":true,"href":"https:\/\/loginfo24.com\/pt-pt\/wp-json\/wp\/v2\/media\/8565"}],"wp:attachment":[{"href":"https:\/\/loginfo24.com\/pt-pt\/wp-json\/wp\/v2\/media?parent=60444"}],"wp:term":[{"taxonomy":"category","embeddable":true,"href":"https:\/\/loginfo24.com\/pt-pt\/wp-json\/wp\/v2\/categories?post=60444"},{"taxonomy":"post_tag","embeddable":true,"href":"https:\/\/loginfo24.com\/pt-pt\/wp-json\/wp\/v2\/tags?post=60444"}],"curies":[{"name":"wp","href":"https:\/\/api.w.org\/{rel}","templated":true}]}}