{"id":59585,"date":"2022-11-27T09:05:44","date_gmt":"2022-11-27T08:05:44","guid":{"rendered":"https:\/\/blog.brand-architecture.at\/2022\/11\/27\/felix-toepsch-e-o-novo-diretor-geral-da-air-cargo-community\/"},"modified":"2022-11-27T09:05:44","modified_gmt":"2022-11-27T08:05:44","slug":"felix-toepsch-e-o-novo-diretor-geral-da-air-cargo-community","status":"publish","type":"post","link":"https:\/\/loginfo24.com\/pt-pt\/2022\/11\/27\/felix-toepsch-e-o-novo-diretor-geral-da-air-cargo-community\/","title":{"rendered":"Felix Toepsch \u00e9 o novo diretor-geral da Air Cargo Community"},"content":{"rendered":"<h5>A partir de 1 de janeiro de 2023, Felix Toepsch assumir\u00e1 a lideran\u00e7a da Air Cargo Community Frankfurt. Ele substitui o atual diretor-geral Joachim von Winning, que retorna \u00e0 Fraport para uma nova fun\u00e7\u00e3o na \u00e1rea de Desenvolvimento de Neg\u00f3cios. Grit Engelbart permanecer\u00e1 no cargo como co-diretora-geral.<\/h5>\n<p>(Frankfurt\/Main) A Air Cargo Community Frankfurt (ACCF) recebe Felix Toepsch como novo diretor-geral. Ele assume em 1 de janeiro de 2023, sucedendo Joachim von Winning, que ocupou essa fun\u00e7\u00e3o desde 2015. Felix Toepsch ser\u00e1 enviado para a gest\u00e3o como funcion\u00e1rio da Fraport. O economista formado exercer\u00e1 suas fun\u00e7\u00f5es ao lado de Grit Engelbart (LH Cargo), que permanece como co-diretora-geral.<\/p>\n<p>Joachim von Winning assumir\u00e1 uma nova fun\u00e7\u00e3o na \u00e1rea de Desenvolvimento de Neg\u00f3cios dentro do departamento de carga da Fraport e impulsionar\u00e1 a expans\u00e3o do crescimento da carga a\u00e9rea. &#8220;Meu objetivo de estabelecer a comunidade no local e organiz\u00e1-la como um grupo foi alcan\u00e7ado. Ap\u00f3s sete anos, chegou a hora de um novo desafio profissional&#8221;, explica von Winning.<\/p>\n<p>A gest\u00e3o da ACCF assumiu a lideran\u00e7a de Joachim von Winning dois anos ap\u00f3s a funda\u00e7\u00e3o da associa\u00e7\u00e3o e apostou fortemente na ideia de rede. &#8220;\u00c9 m\u00e9rito dele que os membros da comunidade se apoiem mutuamente hoje, mesmo que estejam em parte em competi\u00e7\u00e3o entre si&#8221;, diz Henning Dieter, presidente do conselho da Air Cargo Community. &#8220;Essa coopera\u00e7\u00e3o possibilitou projetos conjuntos, como os que foram realizados pela comunidade nos \u00faltimos anos, e aumentou a atratividade de nosso local. A Air Cargo Conference, o encontro anual do setor em Frankfurt, foi transformada por von Winning em um evento de sucesso e reconhecido&#8221;, complementa Dieter.<\/p>\n<h5>Experi\u00eancia em inova\u00e7\u00f5es e digitaliza\u00e7\u00e3o<\/h5>\n<p>Felix Toepsch, que trabalha na Fraport desde 2013, trar\u00e1 sua vasta experi\u00eancia em inova\u00e7\u00f5es e projetos de digitaliza\u00e7\u00e3o para a Air Cargo Community. Em sua fun\u00e7\u00e3o atual, ele impulsiona projetos com foco em Mobilidade A\u00e9rea Urbana e desenvolvimento de processos de neg\u00f3cios. Al\u00e9m disso, ele est\u00e1 ativo na associa\u00e7\u00e3o nacional e europeia al\u00e9m da Fraport.<\/p>\n<p>O novo diretor-geral dar\u00e1 continuidade aos projetos da Air Cargo Community e os colocar\u00e1 ainda mais em foco. A ideia de rede da ACCF e eventos especializados, como a Air Cargo Conference, continuar\u00e3o a ser perseguidos. &#8220;Al\u00e9m disso, queremos, junto com os membros, identificar e abordar temas estrat\u00e9gicos para o futuro. Isso inclui sustentabilidade, recrutamento de profissionais e desenvolvimento de processos eficientes entre os parceiros de carga a\u00e9rea&#8221;, diz Felix Toepsch.<\/p>\n<h5>A ind\u00fastria de carga precisa de solu\u00e7\u00f5es inovadoras<\/h5>\n<p>Para Dr. Pierre Dominique Pr\u00fcmm, membro do conselho de Avia\u00e7\u00e3o e Infraestrutura da Fraport e membro do conselho da ACCF, o novo envio de um funcion\u00e1rio da Fraport \u00e9 um sinal de que a empresa est\u00e1 comprometida com seu engajamento. &#8220;Muitos desafios na ind\u00fastria de carga exigem solu\u00e7\u00f5es inovadoras, e a digitaliza\u00e7\u00e3o est\u00e1 se tornando cada vez mais importante. Com Felix Toepsch, a comunidade ganha o parceiro certo para desenvolver o local em conjunto com todos os membros e se preparar fortemente para o futuro.&#8221;<\/p>\n<p>Foto: \u00a9 Air Cargo Community \/ <em><strong>Legenda da imagem:<\/strong> A partir de 1 de janeiro de 2023, Felix Toepsch (esquerda) assume a lideran\u00e7a da Air Cargo Community Frankfurt, substituindo o atual diretor-geral Joachim von Winning (direita).<\/em><\/p>\n","protected":false},"excerpt":{"rendered":"<p>A partir de 1 de janeiro de 2023, Felix Toepsch assumir\u00e1 a lideran\u00e7a da Air Cargo Community Frankfurt. Ele substitui o atual diretor-geral Joachim von Winning,<span class=\"excerpt-hellip\"> [\u2026]<\/span><\/p>\n","protected":false},"author":0,"featured_media":8924,"comment_status":"open","ping_status":"open","sticky":false,"template":"","format":"standard","meta":{"_acf_changed":false,"footnotes":""},"categories":[1558,1665,1557,1561],"tags":[],"class_list":["post-59585","post","type-post","status-publish","format-standard","has-post-thumbnail","hentry","category-air-freight","category-categories","category-forwarding-logistics","category-regions"],"acf":[],"yoast_head":"<!-- This site is optimized with the Yoast SEO plugin v27.3 - https:\/\/yoast.com\/product\/yoast-seo-wordpress\/ -->\n<title>Felix Toepsch \u00e9 o novo diretor-geral da Air Cargo Community - Loginfo24<\/title>\n<meta name=\"robots\" content=\"index, follow, max-snippet:-1, max-image-preview:large, max-video-preview:-1\" \/>\n<link rel=\"canonical\" href=\"https:\/\/loginfo24.com\/pt-pt\/2022\/11\/27\/felix-toepsch-e-o-novo-diretor-geral-da-air-cargo-community\/\" \/>\n<meta property=\"og:locale\" content=\"pt_PT\" \/>\n<meta property=\"og:type\" content=\"article\" \/>\n<meta property=\"og:title\" content=\"Felix Toepsch \u00e9 o novo diretor-geral da Air Cargo Community - Loginfo24\" \/>\n<meta property=\"og:description\" content=\"A partir de 1 de janeiro de 2023, Felix Toepsch assumir\u00e1 a lideran\u00e7a da Air Cargo Community Frankfurt. Ele substitui o atual diretor-geral Joachim von Winning, [\u2026]\" \/>\n<meta property=\"og:url\" content=\"https:\/\/loginfo24.com\/pt-pt\/2022\/11\/27\/felix-toepsch-e-o-novo-diretor-geral-da-air-cargo-community\/\" \/>\n<meta property=\"og:site_name\" content=\"Loginfo24\" \/>\n<meta property=\"article:publisher\" content=\"https:\/\/www.facebook.com\/people\/Loginfo24\/100057360583332\/\" \/>\n<meta property=\"article:published_time\" content=\"2022-11-27T08:05:44+00:00\" \/>\n<meta property=\"og:image\" content=\"https:\/\/loginfo24.com\/wp-content\/uploads\/sites\/7\/2025\/12\/AirCargo_27.11.22.jpg\" \/>\n\t<meta property=\"og:image:width\" content=\"1312\" \/>\n\t<meta property=\"og:image:height\" content=\"740\" \/>\n\t<meta property=\"og:image:type\" content=\"image\/jpeg\" \/>\n<meta name=\"twitter:card\" content=\"summary_large_image\" \/>\n<meta name=\"twitter:label1\" content=\"Tempo estimado de leitura\" \/>\n\t<meta name=\"twitter:data1\" content=\"3 minutos\" \/>\n<script type=\"application\/ld+json\" class=\"yoast-schema-graph\">{\"@context\":\"https:\\\/\\\/schema.org\",\"@graph\":[{\"@type\":\"Article\",\"@id\":\"https:\\\/\\\/loginfo24.com\\\/pt-pt\\\/2022\\\/11\\\/27\\\/felix-toepsch-e-o-novo-diretor-geral-da-air-cargo-community\\\/#article\",\"isPartOf\":{\"@id\":\"https:\\\/\\\/loginfo24.com\\\/pt-pt\\\/2022\\\/11\\\/27\\\/felix-toepsch-e-o-novo-diretor-geral-da-air-cargo-community\\\/\"},\"author\":{\"name\":\"\",\"@id\":\"\"},\"headline\":\"Felix Toepsch \u00e9 o novo diretor-geral da Air Cargo Community\",\"datePublished\":\"2022-11-27T08:05:44+00:00\",\"mainEntityOfPage\":{\"@id\":\"https:\\\/\\\/loginfo24.com\\\/pt-pt\\\/2022\\\/11\\\/27\\\/felix-toepsch-e-o-novo-diretor-geral-da-air-cargo-community\\\/\"},\"wordCount\":571,\"commentCount\":0,\"publisher\":{\"@id\":\"https:\\\/\\\/loginfo24.com\\\/pt-pt\\\/#organization\"},\"image\":{\"@id\":\"https:\\\/\\\/loginfo24.com\\\/pt-pt\\\/2022\\\/11\\\/27\\\/felix-toepsch-e-o-novo-diretor-geral-da-air-cargo-community\\\/#primaryimage\"},\"thumbnailUrl\":\"https:\\\/\\\/loginfo24.com\\\/wp-content\\\/uploads\\\/sites\\\/7\\\/2025\\\/12\\\/AirCargo_27.11.22.jpg\",\"articleSection\":[\"Air Freight\",\"Categories\",\"Forwarding &amp; Logistics\",\"Regions\"],\"inLanguage\":\"pt-PT\",\"potentialAction\":[{\"@type\":\"CommentAction\",\"name\":\"Comment\",\"target\":[\"https:\\\/\\\/loginfo24.com\\\/pt-pt\\\/2022\\\/11\\\/27\\\/felix-toepsch-e-o-novo-diretor-geral-da-air-cargo-community\\\/#respond\"]}]},{\"@type\":\"WebPage\",\"@id\":\"https:\\\/\\\/loginfo24.com\\\/pt-pt\\\/2022\\\/11\\\/27\\\/felix-toepsch-e-o-novo-diretor-geral-da-air-cargo-community\\\/\",\"url\":\"https:\\\/\\\/loginfo24.com\\\/pt-pt\\\/2022\\\/11\\\/27\\\/felix-toepsch-e-o-novo-diretor-geral-da-air-cargo-community\\\/\",\"name\":\"Felix Toepsch \u00e9 o novo diretor-geral da Air Cargo Community - Loginfo24\",\"isPartOf\":{\"@id\":\"https:\\\/\\\/loginfo24.com\\\/pt-pt\\\/#website\"},\"primaryImageOfPage\":{\"@id\":\"https:\\\/\\\/loginfo24.com\\\/pt-pt\\\/2022\\\/11\\\/27\\\/felix-toepsch-e-o-novo-diretor-geral-da-air-cargo-community\\\/#primaryimage\"},\"image\":{\"@id\":\"https:\\\/\\\/loginfo24.com\\\/pt-pt\\\/2022\\\/11\\\/27\\\/felix-toepsch-e-o-novo-diretor-geral-da-air-cargo-community\\\/#primaryimage\"},\"thumbnailUrl\":\"https:\\\/\\\/loginfo24.com\\\/wp-content\\\/uploads\\\/sites\\\/7\\\/2025\\\/12\\\/AirCargo_27.11.22.jpg\",\"datePublished\":\"2022-11-27T08:05:44+00:00\",\"breadcrumb\":{\"@id\":\"https:\\\/\\\/loginfo24.com\\\/pt-pt\\\/2022\\\/11\\\/27\\\/felix-toepsch-e-o-novo-diretor-geral-da-air-cargo-community\\\/#breadcrumb\"},\"inLanguage\":\"pt-PT\",\"potentialAction\":[{\"@type\":\"ReadAction\",\"target\":[\"https:\\\/\\\/loginfo24.com\\\/pt-pt\\\/2022\\\/11\\\/27\\\/felix-toepsch-e-o-novo-diretor-geral-da-air-cargo-community\\\/\"]}]},{\"@type\":\"ImageObject\",\"inLanguage\":\"pt-PT\",\"@id\":\"https:\\\/\\\/loginfo24.com\\\/pt-pt\\\/2022\\\/11\\\/27\\\/felix-toepsch-e-o-novo-diretor-geral-da-air-cargo-community\\\/#primaryimage\",\"url\":\"https:\\\/\\\/loginfo24.com\\\/wp-content\\\/uploads\\\/sites\\\/7\\\/2025\\\/12\\\/AirCargo_27.11.22.jpg\",\"contentUrl\":\"https:\\\/\\\/loginfo24.com\\\/wp-content\\\/uploads\\\/sites\\\/7\\\/2025\\\/12\\\/AirCargo_27.11.22.jpg\",\"width\":1312,\"height\":740},{\"@type\":\"BreadcrumbList\",\"@id\":\"https:\\\/\\\/loginfo24.com\\\/pt-pt\\\/2022\\\/11\\\/27\\\/felix-toepsch-e-o-novo-diretor-geral-da-air-cargo-community\\\/#breadcrumb\",\"itemListElement\":[{\"@type\":\"ListItem\",\"position\":1,\"name\":\"Startseite\",\"item\":\"https:\\\/\\\/loginfo24.com\\\/pt-pt\\\/\"},{\"@type\":\"ListItem\",\"position\":2,\"name\":\"Felix Toepsch \u00e9 o novo diretor-geral da Air Cargo Community\"}]},{\"@type\":\"WebSite\",\"@id\":\"https:\\\/\\\/loginfo24.com\\\/pt-pt\\\/#website\",\"url\":\"https:\\\/\\\/loginfo24.com\\\/pt-pt\\\/\",\"name\":\"Loginfo24\",\"description\":\"Loginfo24 \u00e9 a plataforma dedicada \u00e0 log\u00edstica e \u00e0s cadeias de abastecimento, com informa\u00e7\u00f5es dispon\u00edveis 24 horas por dia.\",\"publisher\":{\"@id\":\"https:\\\/\\\/loginfo24.com\\\/pt-pt\\\/#organization\"},\"potentialAction\":[{\"@type\":\"SearchAction\",\"target\":{\"@type\":\"EntryPoint\",\"urlTemplate\":\"https:\\\/\\\/loginfo24.com\\\/pt-pt\\\/?s={search_term_string}\"},\"query-input\":{\"@type\":\"PropertyValueSpecification\",\"valueRequired\":true,\"valueName\":\"search_term_string\"}}],\"inLanguage\":\"pt-PT\"},{\"@type\":\"Organization\",\"@id\":\"https:\\\/\\\/loginfo24.com\\\/pt-pt\\\/#organization\",\"name\":\"Logismedia Group AG\",\"url\":\"https:\\\/\\\/loginfo24.com\\\/pt-pt\\\/\",\"logo\":{\"@type\":\"ImageObject\",\"inLanguage\":\"pt-PT\",\"@id\":\"https:\\\/\\\/loginfo24.com\\\/pt-pt\\\/#\\\/schema\\\/logo\\\/image\\\/\",\"url\":\"https:\\\/\\\/loginfo24.com\\\/wp-content\\\/uploads\\\/sites\\\/7\\\/2026\\\/01\\\/Logo_LogInfo24.png\",\"contentUrl\":\"https:\\\/\\\/loginfo24.com\\\/wp-content\\\/uploads\\\/sites\\\/7\\\/2026\\\/01\\\/Logo_LogInfo24.png\",\"width\":938,\"height\":351,\"caption\":\"Logismedia Group AG\"},\"image\":{\"@id\":\"https:\\\/\\\/loginfo24.com\\\/pt-pt\\\/#\\\/schema\\\/logo\\\/image\\\/\"},\"sameAs\":[\"https:\\\/\\\/www.facebook.com\\\/people\\\/Loginfo24\\\/100057360583332\\\/\",\"https:\\\/\\\/www.linkedin.com\\\/company\\\/lofinfo24\\\/\"]}]}<\/script>\n<!-- \/ Yoast SEO plugin. -->","yoast_head_json":{"title":"Felix Toepsch \u00e9 o novo diretor-geral da Air Cargo Community - Loginfo24","robots":{"index":"index","follow":"follow","max-snippet":"max-snippet:-1","max-image-preview":"max-image-preview:large","max-video-preview":"max-video-preview:-1"},"canonical":"https:\/\/loginfo24.com\/pt-pt\/2022\/11\/27\/felix-toepsch-e-o-novo-diretor-geral-da-air-cargo-community\/","og_locale":"pt_PT","og_type":"article","og_title":"Felix Toepsch \u00e9 o novo diretor-geral da Air Cargo Community - Loginfo24","og_description":"A partir de 1 de janeiro de 2023, Felix Toepsch assumir\u00e1 a lideran\u00e7a da Air Cargo Community Frankfurt. Ele substitui o atual diretor-geral Joachim von Winning, [\u2026]","og_url":"https:\/\/loginfo24.com\/pt-pt\/2022\/11\/27\/felix-toepsch-e-o-novo-diretor-geral-da-air-cargo-community\/","og_site_name":"Loginfo24","article_publisher":"https:\/\/www.facebook.com\/people\/Loginfo24\/100057360583332\/","article_published_time":"2022-11-27T08:05:44+00:00","og_image":[{"width":1312,"height":740,"url":"https:\/\/loginfo24.com\/wp-content\/uploads\/sites\/7\/2025\/12\/AirCargo_27.11.22.jpg","type":"image\/jpeg"}],"twitter_card":"summary_large_image","twitter_misc":{"Tempo estimado de leitura":"3 minutos"},"schema":{"@context":"https:\/\/schema.org","@graph":[{"@type":"Article","@id":"https:\/\/loginfo24.com\/pt-pt\/2022\/11\/27\/felix-toepsch-e-o-novo-diretor-geral-da-air-cargo-community\/#article","isPartOf":{"@id":"https:\/\/loginfo24.com\/pt-pt\/2022\/11\/27\/felix-toepsch-e-o-novo-diretor-geral-da-air-cargo-community\/"},"author":{"name":"","@id":""},"headline":"Felix Toepsch \u00e9 o novo diretor-geral da Air Cargo Community","datePublished":"2022-11-27T08:05:44+00:00","mainEntityOfPage":{"@id":"https:\/\/loginfo24.com\/pt-pt\/2022\/11\/27\/felix-toepsch-e-o-novo-diretor-geral-da-air-cargo-community\/"},"wordCount":571,"commentCount":0,"publisher":{"@id":"https:\/\/loginfo24.com\/pt-pt\/#organization"},"image":{"@id":"https:\/\/loginfo24.com\/pt-pt\/2022\/11\/27\/felix-toepsch-e-o-novo-diretor-geral-da-air-cargo-community\/#primaryimage"},"thumbnailUrl":"https:\/\/loginfo24.com\/wp-content\/uploads\/sites\/7\/2025\/12\/AirCargo_27.11.22.jpg","articleSection":["Air Freight","Categories","Forwarding &amp; Logistics","Regions"],"inLanguage":"pt-PT","potentialAction":[{"@type":"CommentAction","name":"Comment","target":["https:\/\/loginfo24.com\/pt-pt\/2022\/11\/27\/felix-toepsch-e-o-novo-diretor-geral-da-air-cargo-community\/#respond"]}]},{"@type":"WebPage","@id":"https:\/\/loginfo24.com\/pt-pt\/2022\/11\/27\/felix-toepsch-e-o-novo-diretor-geral-da-air-cargo-community\/","url":"https:\/\/loginfo24.com\/pt-pt\/2022\/11\/27\/felix-toepsch-e-o-novo-diretor-geral-da-air-cargo-community\/","name":"Felix Toepsch \u00e9 o novo diretor-geral da Air Cargo Community - Loginfo24","isPartOf":{"@id":"https:\/\/loginfo24.com\/pt-pt\/#website"},"primaryImageOfPage":{"@id":"https:\/\/loginfo24.com\/pt-pt\/2022\/11\/27\/felix-toepsch-e-o-novo-diretor-geral-da-air-cargo-community\/#primaryimage"},"image":{"@id":"https:\/\/loginfo24.com\/pt-pt\/2022\/11\/27\/felix-toepsch-e-o-novo-diretor-geral-da-air-cargo-community\/#primaryimage"},"thumbnailUrl":"https:\/\/loginfo24.com\/wp-content\/uploads\/sites\/7\/2025\/12\/AirCargo_27.11.22.jpg","datePublished":"2022-11-27T08:05:44+00:00","breadcrumb":{"@id":"https:\/\/loginfo24.com\/pt-pt\/2022\/11\/27\/felix-toepsch-e-o-novo-diretor-geral-da-air-cargo-community\/#breadcrumb"},"inLanguage":"pt-PT","potentialAction":[{"@type":"ReadAction","target":["https:\/\/loginfo24.com\/pt-pt\/2022\/11\/27\/felix-toepsch-e-o-novo-diretor-geral-da-air-cargo-community\/"]}]},{"@type":"ImageObject","inLanguage":"pt-PT","@id":"https:\/\/loginfo24.com\/pt-pt\/2022\/11\/27\/felix-toepsch-e-o-novo-diretor-geral-da-air-cargo-community\/#primaryimage","url":"https:\/\/loginfo24.com\/wp-content\/uploads\/sites\/7\/2025\/12\/AirCargo_27.11.22.jpg","contentUrl":"https:\/\/loginfo24.com\/wp-content\/uploads\/sites\/7\/2025\/12\/AirCargo_27.11.22.jpg","width":1312,"height":740},{"@type":"BreadcrumbList","@id":"https:\/\/loginfo24.com\/pt-pt\/2022\/11\/27\/felix-toepsch-e-o-novo-diretor-geral-da-air-cargo-community\/#breadcrumb","itemListElement":[{"@type":"ListItem","position":1,"name":"Startseite","item":"https:\/\/loginfo24.com\/pt-pt\/"},{"@type":"ListItem","position":2,"name":"Felix Toepsch \u00e9 o novo diretor-geral da Air Cargo Community"}]},{"@type":"WebSite","@id":"https:\/\/loginfo24.com\/pt-pt\/#website","url":"https:\/\/loginfo24.com\/pt-pt\/","name":"Loginfo24","description":"Loginfo24 \u00e9 a plataforma dedicada \u00e0 log\u00edstica e \u00e0s cadeias de abastecimento, com informa\u00e7\u00f5es dispon\u00edveis 24 horas por dia.","publisher":{"@id":"https:\/\/loginfo24.com\/pt-pt\/#organization"},"potentialAction":[{"@type":"SearchAction","target":{"@type":"EntryPoint","urlTemplate":"https:\/\/loginfo24.com\/pt-pt\/?s={search_term_string}"},"query-input":{"@type":"PropertyValueSpecification","valueRequired":true,"valueName":"search_term_string"}}],"inLanguage":"pt-PT"},{"@type":"Organization","@id":"https:\/\/loginfo24.com\/pt-pt\/#organization","name":"Logismedia Group AG","url":"https:\/\/loginfo24.com\/pt-pt\/","logo":{"@type":"ImageObject","inLanguage":"pt-PT","@id":"https:\/\/loginfo24.com\/pt-pt\/#\/schema\/logo\/image\/","url":"https:\/\/loginfo24.com\/wp-content\/uploads\/sites\/7\/2026\/01\/Logo_LogInfo24.png","contentUrl":"https:\/\/loginfo24.com\/wp-content\/uploads\/sites\/7\/2026\/01\/Logo_LogInfo24.png","width":938,"height":351,"caption":"Logismedia Group AG"},"image":{"@id":"https:\/\/loginfo24.com\/pt-pt\/#\/schema\/logo\/image\/"},"sameAs":["https:\/\/www.facebook.com\/people\/Loginfo24\/100057360583332\/","https:\/\/www.linkedin.com\/company\/lofinfo24\/"]}]}},"_links":{"self":[{"href":"https:\/\/loginfo24.com\/pt-pt\/wp-json\/wp\/v2\/posts\/59585","targetHints":{"allow":["GET"]}}],"collection":[{"href":"https:\/\/loginfo24.com\/pt-pt\/wp-json\/wp\/v2\/posts"}],"about":[{"href":"https:\/\/loginfo24.com\/pt-pt\/wp-json\/wp\/v2\/types\/post"}],"replies":[{"embeddable":true,"href":"https:\/\/loginfo24.com\/pt-pt\/wp-json\/wp\/v2\/comments?post=59585"}],"version-history":[{"count":0,"href":"https:\/\/loginfo24.com\/pt-pt\/wp-json\/wp\/v2\/posts\/59585\/revisions"}],"wp:featuredmedia":[{"embeddable":true,"href":"https:\/\/loginfo24.com\/pt-pt\/wp-json\/wp\/v2\/media\/8924"}],"wp:attachment":[{"href":"https:\/\/loginfo24.com\/pt-pt\/wp-json\/wp\/v2\/media?parent=59585"}],"wp:term":[{"taxonomy":"category","embeddable":true,"href":"https:\/\/loginfo24.com\/pt-pt\/wp-json\/wp\/v2\/categories?post=59585"},{"taxonomy":"post_tag","embeddable":true,"href":"https:\/\/loginfo24.com\/pt-pt\/wp-json\/wp\/v2\/tags?post=59585"}],"curies":[{"name":"wp","href":"https:\/\/api.w.org\/{rel}","templated":true}]}}