{"id":59278,"date":"2022-11-06T10:29:36","date_gmt":"2022-11-06T09:29:36","guid":{"rendered":"https:\/\/blog.brand-architecture.at\/2022\/11\/06\/tx-logistik-integra-o-jadeweserport-em-wilhelmshaven-a-sua-rede\/"},"modified":"2022-11-06T10:29:36","modified_gmt":"2022-11-06T09:29:36","slug":"tx-logistik-integra-o-jadeweserport-em-wilhelmshaven-a-sua-rede","status":"publish","type":"post","link":"https:\/\/loginfo24.com\/pt-pt\/2022\/11\/06\/tx-logistik-integra-o-jadeweserport-em-wilhelmshaven-a-sua-rede\/","title":{"rendered":"TX Logistik integra o JadeWeserPort em Wilhelmshaven \u00e0 sua rede"},"content":{"rendered":"<h5><strong>A TX Logistik AG (grupo Mercitalia) ir\u00e1 integrar o porto de \u00e1guas profundas Jade-Weser-Port Wilhelmshaven na sua rede. Est\u00e1 previsto que, a partir de meados de janeiro de 2023, uma nova liga\u00e7\u00e3o entre Wilhelmshaven e o sul da Alemanha comece no tr\u00e1fego de hinterland do porto mar\u00edtimo. Os destinos devem ser os terminais ferrovi\u00e1rios em Nuremberga e Kornwestheim. Outros terminais seguir\u00e3o no primeiro semestre de 2023.<\/strong><\/h5>\n<p>(Troisdorf\/Wilhelmshaven) Com a nova rela\u00e7\u00e3o, a TX Logistik pretende oferecer aos clientes mais capacidades para o transporte de cont\u00eaineres por via f\u00e9rrea e beneficiar-se do crescimento previsto em volume no Jade-Weser-Port. Especialistas consideram seguro que a movimenta\u00e7\u00e3o aumentar\u00e1 ainda mais no pr\u00f3ximo ano, quando a companhia de navega\u00e7\u00e3o Hapag-Lloyd iniciar o primeiro servi\u00e7o do Extremo Oriente l\u00e1, juntamente com outros membros do cons\u00f3rcio de navega\u00e7\u00e3o &#8220;The Alliance&#8221;. Em abril, a Comiss\u00e3o Europeia aprovou a participa\u00e7\u00e3o da Hapag-Lloyd no Jade-Weser-Port.<\/p>\n<p>Uma condi\u00e7\u00e3o importante para a nova liga\u00e7\u00e3o \u00e9, no entanto, que a linha ferrovi\u00e1ria entre Oldenburg e Wilhelmshaven seja duplicada e totalmente eletrificada. Com a conclus\u00e3o de todas as obras at\u00e9 o final de 2022, a linha de quase 70 quil\u00f4metros poder\u00e1 ser percorrida em 2023 por locomotivas el\u00e9tricas modernas. Isso garante uma tra\u00e7\u00e3o eficiente e melhora significativamente a acessibilidade do centro log\u00edstico Jade-Weser-Port para trens de carga.<\/p>\n<h5>\u00daltimos planejamentos de detalhes em andamento<\/h5>\n<p>Atualmente, a TX Logistik est\u00e1 finalizando os \u00faltimos planejamentos de detalhes. Paralelamente, est\u00e3o sendo realizadas conversas com os potenciais usu\u00e1rios da nova rela\u00e7\u00e3o, que dever\u00e1 ser oferecida no \u00e2mbito da plataforma de produ\u00e7\u00e3o boxXpress.<\/p>\n<p>Foto: \u00a9 TX Logistik<\/p>\n","protected":false},"excerpt":{"rendered":"<p>A TX Logistik AG (grupo Mercitalia) ir\u00e1 integrar o porto de \u00e1guas profundas Jade-Weser-Port Wilhelmshaven na sua rede. Est\u00e1 previsto que, a partir de meados de<span class=\"excerpt-hellip\"> [\u2026]<\/span><\/p>\n","protected":false},"author":0,"featured_media":9048,"comment_status":"open","ping_status":"open","sticky":false,"template":"","format":"standard","meta":{"_acf_changed":false,"footnotes":""},"categories":[1557,1561,1559],"tags":[],"class_list":["post-59278","post","type-post","status-publish","format-standard","has-post-thumbnail","hentry","category-forwarding-logistics","category-regions","category-shipping-ports"],"acf":[],"yoast_head":"<!-- This site is optimized with the Yoast SEO plugin v27.3 - https:\/\/yoast.com\/product\/yoast-seo-wordpress\/ -->\n<title>TX Logistik integra o JadeWeserPort em Wilhelmshaven \u00e0 sua rede - Loginfo24<\/title>\n<meta name=\"robots\" content=\"index, follow, max-snippet:-1, max-image-preview:large, max-video-preview:-1\" \/>\n<link rel=\"canonical\" href=\"https:\/\/loginfo24.com\/pt-pt\/2022\/11\/06\/tx-logistik-integra-o-jadeweserport-em-wilhelmshaven-a-sua-rede\/\" \/>\n<meta property=\"og:locale\" content=\"pt_PT\" \/>\n<meta property=\"og:type\" content=\"article\" \/>\n<meta property=\"og:title\" content=\"TX Logistik integra o JadeWeserPort em Wilhelmshaven \u00e0 sua rede - Loginfo24\" \/>\n<meta property=\"og:description\" content=\"A TX Logistik AG (grupo Mercitalia) ir\u00e1 integrar o porto de \u00e1guas profundas Jade-Weser-Port Wilhelmshaven na sua rede. Est\u00e1 previsto que, a partir de meados de [\u2026]\" \/>\n<meta property=\"og:url\" content=\"https:\/\/loginfo24.com\/pt-pt\/2022\/11\/06\/tx-logistik-integra-o-jadeweserport-em-wilhelmshaven-a-sua-rede\/\" \/>\n<meta property=\"og:site_name\" content=\"Loginfo24\" \/>\n<meta property=\"article:publisher\" content=\"https:\/\/www.facebook.com\/people\/Loginfo24\/100057360583332\/\" \/>\n<meta property=\"article:published_time\" content=\"2022-11-06T09:29:36+00:00\" \/>\n<meta property=\"og:image\" content=\"https:\/\/loginfo24.com\/wp-content\/uploads\/sites\/7\/2025\/12\/TX_Logistik_6.11.22.jpg\" \/>\n\t<meta property=\"og:image:width\" content=\"1341\" \/>\n\t<meta property=\"og:image:height\" content=\"891\" \/>\n\t<meta property=\"og:image:type\" content=\"image\/jpeg\" \/>\n<meta name=\"twitter:card\" content=\"summary_large_image\" \/>\n<meta name=\"twitter:label1\" content=\"Tempo estimado de leitura\" \/>\n\t<meta name=\"twitter:data1\" content=\"1 minuto\" \/>\n<script type=\"application\/ld+json\" class=\"yoast-schema-graph\">{\"@context\":\"https:\\\/\\\/schema.org\",\"@graph\":[{\"@type\":\"Article\",\"@id\":\"https:\\\/\\\/loginfo24.com\\\/pt-pt\\\/2022\\\/11\\\/06\\\/tx-logistik-integra-o-jadeweserport-em-wilhelmshaven-a-sua-rede\\\/#article\",\"isPartOf\":{\"@id\":\"https:\\\/\\\/loginfo24.com\\\/pt-pt\\\/2022\\\/11\\\/06\\\/tx-logistik-integra-o-jadeweserport-em-wilhelmshaven-a-sua-rede\\\/\"},\"author\":{\"name\":\"\",\"@id\":\"\"},\"headline\":\"TX Logistik integra o JadeWeserPort em Wilhelmshaven \u00e0 sua rede\",\"datePublished\":\"2022-11-06T09:29:36+00:00\",\"mainEntityOfPage\":{\"@id\":\"https:\\\/\\\/loginfo24.com\\\/pt-pt\\\/2022\\\/11\\\/06\\\/tx-logistik-integra-o-jadeweserport-em-wilhelmshaven-a-sua-rede\\\/\"},\"wordCount\":288,\"commentCount\":0,\"publisher\":{\"@id\":\"https:\\\/\\\/loginfo24.com\\\/pt-pt\\\/#organization\"},\"image\":{\"@id\":\"https:\\\/\\\/loginfo24.com\\\/pt-pt\\\/2022\\\/11\\\/06\\\/tx-logistik-integra-o-jadeweserport-em-wilhelmshaven-a-sua-rede\\\/#primaryimage\"},\"thumbnailUrl\":\"https:\\\/\\\/loginfo24.com\\\/wp-content\\\/uploads\\\/sites\\\/7\\\/2025\\\/12\\\/TX_Logistik_6.11.22.jpg\",\"articleSection\":[\"Forwarding &amp; Logistics\",\"Regions\",\"Shipping &amp; Ports\"],\"inLanguage\":\"pt-PT\",\"potentialAction\":[{\"@type\":\"CommentAction\",\"name\":\"Comment\",\"target\":[\"https:\\\/\\\/loginfo24.com\\\/pt-pt\\\/2022\\\/11\\\/06\\\/tx-logistik-integra-o-jadeweserport-em-wilhelmshaven-a-sua-rede\\\/#respond\"]}]},{\"@type\":\"WebPage\",\"@id\":\"https:\\\/\\\/loginfo24.com\\\/pt-pt\\\/2022\\\/11\\\/06\\\/tx-logistik-integra-o-jadeweserport-em-wilhelmshaven-a-sua-rede\\\/\",\"url\":\"https:\\\/\\\/loginfo24.com\\\/pt-pt\\\/2022\\\/11\\\/06\\\/tx-logistik-integra-o-jadeweserport-em-wilhelmshaven-a-sua-rede\\\/\",\"name\":\"TX Logistik integra o JadeWeserPort em Wilhelmshaven \u00e0 sua rede - Loginfo24\",\"isPartOf\":{\"@id\":\"https:\\\/\\\/loginfo24.com\\\/pt-pt\\\/#website\"},\"primaryImageOfPage\":{\"@id\":\"https:\\\/\\\/loginfo24.com\\\/pt-pt\\\/2022\\\/11\\\/06\\\/tx-logistik-integra-o-jadeweserport-em-wilhelmshaven-a-sua-rede\\\/#primaryimage\"},\"image\":{\"@id\":\"https:\\\/\\\/loginfo24.com\\\/pt-pt\\\/2022\\\/11\\\/06\\\/tx-logistik-integra-o-jadeweserport-em-wilhelmshaven-a-sua-rede\\\/#primaryimage\"},\"thumbnailUrl\":\"https:\\\/\\\/loginfo24.com\\\/wp-content\\\/uploads\\\/sites\\\/7\\\/2025\\\/12\\\/TX_Logistik_6.11.22.jpg\",\"datePublished\":\"2022-11-06T09:29:36+00:00\",\"breadcrumb\":{\"@id\":\"https:\\\/\\\/loginfo24.com\\\/pt-pt\\\/2022\\\/11\\\/06\\\/tx-logistik-integra-o-jadeweserport-em-wilhelmshaven-a-sua-rede\\\/#breadcrumb\"},\"inLanguage\":\"pt-PT\",\"potentialAction\":[{\"@type\":\"ReadAction\",\"target\":[\"https:\\\/\\\/loginfo24.com\\\/pt-pt\\\/2022\\\/11\\\/06\\\/tx-logistik-integra-o-jadeweserport-em-wilhelmshaven-a-sua-rede\\\/\"]}]},{\"@type\":\"ImageObject\",\"inLanguage\":\"pt-PT\",\"@id\":\"https:\\\/\\\/loginfo24.com\\\/pt-pt\\\/2022\\\/11\\\/06\\\/tx-logistik-integra-o-jadeweserport-em-wilhelmshaven-a-sua-rede\\\/#primaryimage\",\"url\":\"https:\\\/\\\/loginfo24.com\\\/wp-content\\\/uploads\\\/sites\\\/7\\\/2025\\\/12\\\/TX_Logistik_6.11.22.jpg\",\"contentUrl\":\"https:\\\/\\\/loginfo24.com\\\/wp-content\\\/uploads\\\/sites\\\/7\\\/2025\\\/12\\\/TX_Logistik_6.11.22.jpg\",\"width\":1341,\"height\":891},{\"@type\":\"BreadcrumbList\",\"@id\":\"https:\\\/\\\/loginfo24.com\\\/pt-pt\\\/2022\\\/11\\\/06\\\/tx-logistik-integra-o-jadeweserport-em-wilhelmshaven-a-sua-rede\\\/#breadcrumb\",\"itemListElement\":[{\"@type\":\"ListItem\",\"position\":1,\"name\":\"Startseite\",\"item\":\"https:\\\/\\\/loginfo24.com\\\/pt-pt\\\/\"},{\"@type\":\"ListItem\",\"position\":2,\"name\":\"TX Logistik integra o JadeWeserPort em Wilhelmshaven \u00e0 sua rede\"}]},{\"@type\":\"WebSite\",\"@id\":\"https:\\\/\\\/loginfo24.com\\\/pt-pt\\\/#website\",\"url\":\"https:\\\/\\\/loginfo24.com\\\/pt-pt\\\/\",\"name\":\"Loginfo24\",\"description\":\"Loginfo24 \u00e9 a plataforma dedicada \u00e0 log\u00edstica e \u00e0s cadeias de abastecimento, com informa\u00e7\u00f5es dispon\u00edveis 24 horas por dia.\",\"publisher\":{\"@id\":\"https:\\\/\\\/loginfo24.com\\\/pt-pt\\\/#organization\"},\"potentialAction\":[{\"@type\":\"SearchAction\",\"target\":{\"@type\":\"EntryPoint\",\"urlTemplate\":\"https:\\\/\\\/loginfo24.com\\\/pt-pt\\\/?s={search_term_string}\"},\"query-input\":{\"@type\":\"PropertyValueSpecification\",\"valueRequired\":true,\"valueName\":\"search_term_string\"}}],\"inLanguage\":\"pt-PT\"},{\"@type\":\"Organization\",\"@id\":\"https:\\\/\\\/loginfo24.com\\\/pt-pt\\\/#organization\",\"name\":\"Logismedia Group AG\",\"url\":\"https:\\\/\\\/loginfo24.com\\\/pt-pt\\\/\",\"logo\":{\"@type\":\"ImageObject\",\"inLanguage\":\"pt-PT\",\"@id\":\"https:\\\/\\\/loginfo24.com\\\/pt-pt\\\/#\\\/schema\\\/logo\\\/image\\\/\",\"url\":\"https:\\\/\\\/loginfo24.com\\\/wp-content\\\/uploads\\\/sites\\\/7\\\/2026\\\/01\\\/Logo_LogInfo24.png\",\"contentUrl\":\"https:\\\/\\\/loginfo24.com\\\/wp-content\\\/uploads\\\/sites\\\/7\\\/2026\\\/01\\\/Logo_LogInfo24.png\",\"width\":938,\"height\":351,\"caption\":\"Logismedia Group AG\"},\"image\":{\"@id\":\"https:\\\/\\\/loginfo24.com\\\/pt-pt\\\/#\\\/schema\\\/logo\\\/image\\\/\"},\"sameAs\":[\"https:\\\/\\\/www.facebook.com\\\/people\\\/Loginfo24\\\/100057360583332\\\/\",\"https:\\\/\\\/www.linkedin.com\\\/company\\\/lofinfo24\\\/\"]}]}<\/script>\n<!-- \/ Yoast SEO plugin. -->","yoast_head_json":{"title":"TX Logistik integra o JadeWeserPort em Wilhelmshaven \u00e0 sua rede - Loginfo24","robots":{"index":"index","follow":"follow","max-snippet":"max-snippet:-1","max-image-preview":"max-image-preview:large","max-video-preview":"max-video-preview:-1"},"canonical":"https:\/\/loginfo24.com\/pt-pt\/2022\/11\/06\/tx-logistik-integra-o-jadeweserport-em-wilhelmshaven-a-sua-rede\/","og_locale":"pt_PT","og_type":"article","og_title":"TX Logistik integra o JadeWeserPort em Wilhelmshaven \u00e0 sua rede - Loginfo24","og_description":"A TX Logistik AG (grupo Mercitalia) ir\u00e1 integrar o porto de \u00e1guas profundas Jade-Weser-Port Wilhelmshaven na sua rede. Est\u00e1 previsto que, a partir de meados de [\u2026]","og_url":"https:\/\/loginfo24.com\/pt-pt\/2022\/11\/06\/tx-logistik-integra-o-jadeweserport-em-wilhelmshaven-a-sua-rede\/","og_site_name":"Loginfo24","article_publisher":"https:\/\/www.facebook.com\/people\/Loginfo24\/100057360583332\/","article_published_time":"2022-11-06T09:29:36+00:00","og_image":[{"width":1341,"height":891,"url":"https:\/\/loginfo24.com\/wp-content\/uploads\/sites\/7\/2025\/12\/TX_Logistik_6.11.22.jpg","type":"image\/jpeg"}],"twitter_card":"summary_large_image","twitter_misc":{"Tempo estimado de leitura":"1 minuto"},"schema":{"@context":"https:\/\/schema.org","@graph":[{"@type":"Article","@id":"https:\/\/loginfo24.com\/pt-pt\/2022\/11\/06\/tx-logistik-integra-o-jadeweserport-em-wilhelmshaven-a-sua-rede\/#article","isPartOf":{"@id":"https:\/\/loginfo24.com\/pt-pt\/2022\/11\/06\/tx-logistik-integra-o-jadeweserport-em-wilhelmshaven-a-sua-rede\/"},"author":{"name":"","@id":""},"headline":"TX Logistik integra o JadeWeserPort em Wilhelmshaven \u00e0 sua rede","datePublished":"2022-11-06T09:29:36+00:00","mainEntityOfPage":{"@id":"https:\/\/loginfo24.com\/pt-pt\/2022\/11\/06\/tx-logistik-integra-o-jadeweserport-em-wilhelmshaven-a-sua-rede\/"},"wordCount":288,"commentCount":0,"publisher":{"@id":"https:\/\/loginfo24.com\/pt-pt\/#organization"},"image":{"@id":"https:\/\/loginfo24.com\/pt-pt\/2022\/11\/06\/tx-logistik-integra-o-jadeweserport-em-wilhelmshaven-a-sua-rede\/#primaryimage"},"thumbnailUrl":"https:\/\/loginfo24.com\/wp-content\/uploads\/sites\/7\/2025\/12\/TX_Logistik_6.11.22.jpg","articleSection":["Forwarding &amp; Logistics","Regions","Shipping &amp; Ports"],"inLanguage":"pt-PT","potentialAction":[{"@type":"CommentAction","name":"Comment","target":["https:\/\/loginfo24.com\/pt-pt\/2022\/11\/06\/tx-logistik-integra-o-jadeweserport-em-wilhelmshaven-a-sua-rede\/#respond"]}]},{"@type":"WebPage","@id":"https:\/\/loginfo24.com\/pt-pt\/2022\/11\/06\/tx-logistik-integra-o-jadeweserport-em-wilhelmshaven-a-sua-rede\/","url":"https:\/\/loginfo24.com\/pt-pt\/2022\/11\/06\/tx-logistik-integra-o-jadeweserport-em-wilhelmshaven-a-sua-rede\/","name":"TX Logistik integra o JadeWeserPort em Wilhelmshaven \u00e0 sua rede - Loginfo24","isPartOf":{"@id":"https:\/\/loginfo24.com\/pt-pt\/#website"},"primaryImageOfPage":{"@id":"https:\/\/loginfo24.com\/pt-pt\/2022\/11\/06\/tx-logistik-integra-o-jadeweserport-em-wilhelmshaven-a-sua-rede\/#primaryimage"},"image":{"@id":"https:\/\/loginfo24.com\/pt-pt\/2022\/11\/06\/tx-logistik-integra-o-jadeweserport-em-wilhelmshaven-a-sua-rede\/#primaryimage"},"thumbnailUrl":"https:\/\/loginfo24.com\/wp-content\/uploads\/sites\/7\/2025\/12\/TX_Logistik_6.11.22.jpg","datePublished":"2022-11-06T09:29:36+00:00","breadcrumb":{"@id":"https:\/\/loginfo24.com\/pt-pt\/2022\/11\/06\/tx-logistik-integra-o-jadeweserport-em-wilhelmshaven-a-sua-rede\/#breadcrumb"},"inLanguage":"pt-PT","potentialAction":[{"@type":"ReadAction","target":["https:\/\/loginfo24.com\/pt-pt\/2022\/11\/06\/tx-logistik-integra-o-jadeweserport-em-wilhelmshaven-a-sua-rede\/"]}]},{"@type":"ImageObject","inLanguage":"pt-PT","@id":"https:\/\/loginfo24.com\/pt-pt\/2022\/11\/06\/tx-logistik-integra-o-jadeweserport-em-wilhelmshaven-a-sua-rede\/#primaryimage","url":"https:\/\/loginfo24.com\/wp-content\/uploads\/sites\/7\/2025\/12\/TX_Logistik_6.11.22.jpg","contentUrl":"https:\/\/loginfo24.com\/wp-content\/uploads\/sites\/7\/2025\/12\/TX_Logistik_6.11.22.jpg","width":1341,"height":891},{"@type":"BreadcrumbList","@id":"https:\/\/loginfo24.com\/pt-pt\/2022\/11\/06\/tx-logistik-integra-o-jadeweserport-em-wilhelmshaven-a-sua-rede\/#breadcrumb","itemListElement":[{"@type":"ListItem","position":1,"name":"Startseite","item":"https:\/\/loginfo24.com\/pt-pt\/"},{"@type":"ListItem","position":2,"name":"TX Logistik integra o JadeWeserPort em Wilhelmshaven \u00e0 sua rede"}]},{"@type":"WebSite","@id":"https:\/\/loginfo24.com\/pt-pt\/#website","url":"https:\/\/loginfo24.com\/pt-pt\/","name":"Loginfo24","description":"Loginfo24 \u00e9 a plataforma dedicada \u00e0 log\u00edstica e \u00e0s cadeias de abastecimento, com informa\u00e7\u00f5es dispon\u00edveis 24 horas por dia.","publisher":{"@id":"https:\/\/loginfo24.com\/pt-pt\/#organization"},"potentialAction":[{"@type":"SearchAction","target":{"@type":"EntryPoint","urlTemplate":"https:\/\/loginfo24.com\/pt-pt\/?s={search_term_string}"},"query-input":{"@type":"PropertyValueSpecification","valueRequired":true,"valueName":"search_term_string"}}],"inLanguage":"pt-PT"},{"@type":"Organization","@id":"https:\/\/loginfo24.com\/pt-pt\/#organization","name":"Logismedia Group AG","url":"https:\/\/loginfo24.com\/pt-pt\/","logo":{"@type":"ImageObject","inLanguage":"pt-PT","@id":"https:\/\/loginfo24.com\/pt-pt\/#\/schema\/logo\/image\/","url":"https:\/\/loginfo24.com\/wp-content\/uploads\/sites\/7\/2026\/01\/Logo_LogInfo24.png","contentUrl":"https:\/\/loginfo24.com\/wp-content\/uploads\/sites\/7\/2026\/01\/Logo_LogInfo24.png","width":938,"height":351,"caption":"Logismedia Group AG"},"image":{"@id":"https:\/\/loginfo24.com\/pt-pt\/#\/schema\/logo\/image\/"},"sameAs":["https:\/\/www.facebook.com\/people\/Loginfo24\/100057360583332\/","https:\/\/www.linkedin.com\/company\/lofinfo24\/"]}]}},"_links":{"self":[{"href":"https:\/\/loginfo24.com\/pt-pt\/wp-json\/wp\/v2\/posts\/59278","targetHints":{"allow":["GET"]}}],"collection":[{"href":"https:\/\/loginfo24.com\/pt-pt\/wp-json\/wp\/v2\/posts"}],"about":[{"href":"https:\/\/loginfo24.com\/pt-pt\/wp-json\/wp\/v2\/types\/post"}],"replies":[{"embeddable":true,"href":"https:\/\/loginfo24.com\/pt-pt\/wp-json\/wp\/v2\/comments?post=59278"}],"version-history":[{"count":0,"href":"https:\/\/loginfo24.com\/pt-pt\/wp-json\/wp\/v2\/posts\/59278\/revisions"}],"wp:featuredmedia":[{"embeddable":true,"href":"https:\/\/loginfo24.com\/pt-pt\/wp-json\/wp\/v2\/media\/9048"}],"wp:attachment":[{"href":"https:\/\/loginfo24.com\/pt-pt\/wp-json\/wp\/v2\/media?parent=59278"}],"wp:term":[{"taxonomy":"category","embeddable":true,"href":"https:\/\/loginfo24.com\/pt-pt\/wp-json\/wp\/v2\/categories?post=59278"},{"taxonomy":"post_tag","embeddable":true,"href":"https:\/\/loginfo24.com\/pt-pt\/wp-json\/wp\/v2\/tags?post=59278"}],"curies":[{"name":"wp","href":"https:\/\/api.w.org\/{rel}","templated":true}]}}