{"id":58445,"date":"2022-09-14T15:06:54","date_gmt":"2022-09-14T13:06:54","guid":{"rendered":"https:\/\/blog.brand-architecture.at\/2022\/09\/14\/cargo-trans-logistik-ctl-expande-o-conselho-com-guido-soffker\/"},"modified":"2022-09-14T15:06:54","modified_gmt":"2022-09-14T13:06:54","slug":"cargo-trans-logistik-ctl-expande-o-conselho-com-guido-soffker","status":"publish","type":"post","link":"https:\/\/loginfo24.com\/pt-pt\/2022\/09\/14\/cargo-trans-logistik-ctl-expande-o-conselho-com-guido-soffker\/","title":{"rendered":"Cargo Trans Logistik (CTL) expande o conselho com Guido S\u00f6ffker"},"content":{"rendered":"<h5><strong>O conselho de supervis\u00e3o da Cargo Trans Logistik AG (CTL) nomeia Guido S\u00f6ffker com efeito a partir de 1 de outubro deste ano para o conselho executivo. Ao mesmo tempo, Francesco De Lauso \u00e9 nomeado presidente do \u00f3rg\u00e3o. Com a expans\u00e3o da sua lideran\u00e7a, que inclui al\u00e9m de De Lauso e S\u00f6ffker tamb\u00e9m Paul Walter, a empresa responde ao crescimento dos \u00faltimos anos e cria as condi\u00e7\u00f5es para continuar esse desenvolvimento.<\/strong><\/h5>\n<p>(Homburg\/Efze) Guido S\u00f6ffker (54) \u00e9 respons\u00e1vel na CTL desde maio de 2021 por todas as quest\u00f5es relacionadas com TI e processamento de dados. Nesta fun\u00e7\u00e3o, o homem de 54 anos modernizou com sucesso a infraestrutura de TI existente e adaptou-a \u00e0s crescentes exig\u00eancias nesta \u00e1rea. O pai de tr\u00eas filhos acumulou vasta experi\u00eancia em log\u00edstica, especialmente no setor de carga fracionada, anteriormente como diretor-geral de uma empresa de transporte.<\/p>\n<h5><strong>Mais estabilidade e dinamismo<\/strong><\/h5>\n<p>Na sua nova posi\u00e7\u00e3o como diretor de TI da CTL, S\u00f6ffker ser\u00e1 respons\u00e1vel, entre outras coisas, pelo desenvolvimento cont\u00ednuo das aplica\u00e7\u00f5es do sistema e trabalhar\u00e1 em conjunto com Francesco De Lauso e Paul Walter na expans\u00e3o da coopera\u00e7\u00e3o log\u00edstica. O objetivo declarado do novo conselho \u00e9 tamb\u00e9m garantir ainda mais estabilidade e dinamismo na gest\u00e3o da empresa.<\/p>\n<p>Foto: \u00a9 CTL \/ <strong><em>Legenda da imagem: <\/em><\/strong><em>O conselho de supervis\u00e3o da Cargo Trans Logistik AG (CTL) nomeia Guido S\u00f6ffker com efeito a partir de 1 de outubro deste ano para o conselho executivo.<\/em><\/p>\n<p>&nbsp;<\/p>\n","protected":false},"excerpt":{"rendered":"<p>O conselho de supervis\u00e3o da Cargo Trans Logistik AG (CTL) nomeia Guido S\u00f6ffker com efeito a partir de 1 de outubro deste ano para o conselho<span class=\"excerpt-hellip\"> [\u2026]<\/span><\/p>\n","protected":false},"author":0,"featured_media":9394,"comment_status":"open","ping_status":"open","sticky":false,"template":"","format":"standard","meta":{"_acf_changed":false,"footnotes":""},"categories":[1557,1556,1561],"tags":[],"class_list":["post-58445","post","type-post","status-publish","format-standard","has-post-thumbnail","hentry","category-forwarding-logistics","category-intermodal-road","category-regions"],"acf":[],"yoast_head":"<!-- This site is optimized with the Yoast SEO plugin v27.3 - https:\/\/yoast.com\/product\/yoast-seo-wordpress\/ -->\n<title>Cargo Trans Logistik (CTL) expande o conselho com Guido S\u00f6ffker - Loginfo24<\/title>\n<meta name=\"robots\" content=\"index, follow, max-snippet:-1, max-image-preview:large, max-video-preview:-1\" \/>\n<link rel=\"canonical\" href=\"https:\/\/loginfo24.com\/pt-pt\/2022\/09\/14\/cargo-trans-logistik-ctl-expande-o-conselho-com-guido-soffker\/\" \/>\n<meta property=\"og:locale\" content=\"pt_PT\" \/>\n<meta property=\"og:type\" content=\"article\" \/>\n<meta property=\"og:title\" content=\"Cargo Trans Logistik (CTL) expande o conselho com Guido S\u00f6ffker - Loginfo24\" \/>\n<meta property=\"og:description\" content=\"O conselho de supervis\u00e3o da Cargo Trans Logistik AG (CTL) nomeia Guido S\u00f6ffker com efeito a partir de 1 de outubro deste ano para o conselho [\u2026]\" \/>\n<meta property=\"og:url\" content=\"https:\/\/loginfo24.com\/pt-pt\/2022\/09\/14\/cargo-trans-logistik-ctl-expande-o-conselho-com-guido-soffker\/\" \/>\n<meta property=\"og:site_name\" content=\"Loginfo24\" \/>\n<meta property=\"article:publisher\" content=\"https:\/\/www.facebook.com\/people\/Loginfo24\/100057360583332\/\" \/>\n<meta property=\"article:published_time\" content=\"2022-09-14T13:06:54+00:00\" \/>\n<meta property=\"og:image\" content=\"https:\/\/loginfo24.com\/wp-content\/uploads\/sites\/7\/2025\/12\/CTL_14.9.22.jpg\" \/>\n\t<meta property=\"og:image:width\" content=\"1259\" \/>\n\t<meta property=\"og:image:height\" content=\"972\" \/>\n\t<meta property=\"og:image:type\" content=\"image\/jpeg\" \/>\n<meta name=\"twitter:card\" content=\"summary_large_image\" \/>\n<meta name=\"twitter:label1\" content=\"Tempo estimado de leitura\" \/>\n\t<meta name=\"twitter:data1\" content=\"1 minuto\" \/>\n<script type=\"application\/ld+json\" class=\"yoast-schema-graph\">{\"@context\":\"https:\\\/\\\/schema.org\",\"@graph\":[{\"@type\":\"Article\",\"@id\":\"https:\\\/\\\/loginfo24.com\\\/pt-pt\\\/2022\\\/09\\\/14\\\/cargo-trans-logistik-ctl-expande-o-conselho-com-guido-soffker\\\/#article\",\"isPartOf\":{\"@id\":\"https:\\\/\\\/loginfo24.com\\\/pt-pt\\\/2022\\\/09\\\/14\\\/cargo-trans-logistik-ctl-expande-o-conselho-com-guido-soffker\\\/\"},\"author\":{\"name\":\"\",\"@id\":\"\"},\"headline\":\"Cargo Trans Logistik (CTL) expande o conselho com Guido S\u00f6ffker\",\"datePublished\":\"2022-09-14T13:06:54+00:00\",\"mainEntityOfPage\":{\"@id\":\"https:\\\/\\\/loginfo24.com\\\/pt-pt\\\/2022\\\/09\\\/14\\\/cargo-trans-logistik-ctl-expande-o-conselho-com-guido-soffker\\\/\"},\"wordCount\":267,\"commentCount\":0,\"publisher\":{\"@id\":\"https:\\\/\\\/loginfo24.com\\\/pt-pt\\\/#organization\"},\"image\":{\"@id\":\"https:\\\/\\\/loginfo24.com\\\/pt-pt\\\/2022\\\/09\\\/14\\\/cargo-trans-logistik-ctl-expande-o-conselho-com-guido-soffker\\\/#primaryimage\"},\"thumbnailUrl\":\"https:\\\/\\\/loginfo24.com\\\/wp-content\\\/uploads\\\/sites\\\/7\\\/2025\\\/12\\\/CTL_14.9.22.jpg\",\"articleSection\":[\"Forwarding &amp; Logistics\",\"Intermodal \\\/ Road\",\"Regions\"],\"inLanguage\":\"pt-PT\",\"potentialAction\":[{\"@type\":\"CommentAction\",\"name\":\"Comment\",\"target\":[\"https:\\\/\\\/loginfo24.com\\\/pt-pt\\\/2022\\\/09\\\/14\\\/cargo-trans-logistik-ctl-expande-o-conselho-com-guido-soffker\\\/#respond\"]}]},{\"@type\":\"WebPage\",\"@id\":\"https:\\\/\\\/loginfo24.com\\\/pt-pt\\\/2022\\\/09\\\/14\\\/cargo-trans-logistik-ctl-expande-o-conselho-com-guido-soffker\\\/\",\"url\":\"https:\\\/\\\/loginfo24.com\\\/pt-pt\\\/2022\\\/09\\\/14\\\/cargo-trans-logistik-ctl-expande-o-conselho-com-guido-soffker\\\/\",\"name\":\"Cargo Trans Logistik (CTL) expande o conselho com Guido S\u00f6ffker - Loginfo24\",\"isPartOf\":{\"@id\":\"https:\\\/\\\/loginfo24.com\\\/pt-pt\\\/#website\"},\"primaryImageOfPage\":{\"@id\":\"https:\\\/\\\/loginfo24.com\\\/pt-pt\\\/2022\\\/09\\\/14\\\/cargo-trans-logistik-ctl-expande-o-conselho-com-guido-soffker\\\/#primaryimage\"},\"image\":{\"@id\":\"https:\\\/\\\/loginfo24.com\\\/pt-pt\\\/2022\\\/09\\\/14\\\/cargo-trans-logistik-ctl-expande-o-conselho-com-guido-soffker\\\/#primaryimage\"},\"thumbnailUrl\":\"https:\\\/\\\/loginfo24.com\\\/wp-content\\\/uploads\\\/sites\\\/7\\\/2025\\\/12\\\/CTL_14.9.22.jpg\",\"datePublished\":\"2022-09-14T13:06:54+00:00\",\"breadcrumb\":{\"@id\":\"https:\\\/\\\/loginfo24.com\\\/pt-pt\\\/2022\\\/09\\\/14\\\/cargo-trans-logistik-ctl-expande-o-conselho-com-guido-soffker\\\/#breadcrumb\"},\"inLanguage\":\"pt-PT\",\"potentialAction\":[{\"@type\":\"ReadAction\",\"target\":[\"https:\\\/\\\/loginfo24.com\\\/pt-pt\\\/2022\\\/09\\\/14\\\/cargo-trans-logistik-ctl-expande-o-conselho-com-guido-soffker\\\/\"]}]},{\"@type\":\"ImageObject\",\"inLanguage\":\"pt-PT\",\"@id\":\"https:\\\/\\\/loginfo24.com\\\/pt-pt\\\/2022\\\/09\\\/14\\\/cargo-trans-logistik-ctl-expande-o-conselho-com-guido-soffker\\\/#primaryimage\",\"url\":\"https:\\\/\\\/loginfo24.com\\\/wp-content\\\/uploads\\\/sites\\\/7\\\/2025\\\/12\\\/CTL_14.9.22.jpg\",\"contentUrl\":\"https:\\\/\\\/loginfo24.com\\\/wp-content\\\/uploads\\\/sites\\\/7\\\/2025\\\/12\\\/CTL_14.9.22.jpg\",\"width\":1259,\"height\":972},{\"@type\":\"BreadcrumbList\",\"@id\":\"https:\\\/\\\/loginfo24.com\\\/pt-pt\\\/2022\\\/09\\\/14\\\/cargo-trans-logistik-ctl-expande-o-conselho-com-guido-soffker\\\/#breadcrumb\",\"itemListElement\":[{\"@type\":\"ListItem\",\"position\":1,\"name\":\"Startseite\",\"item\":\"https:\\\/\\\/loginfo24.com\\\/pt-pt\\\/\"},{\"@type\":\"ListItem\",\"position\":2,\"name\":\"Cargo Trans Logistik (CTL) expande o conselho com Guido S\u00f6ffker\"}]},{\"@type\":\"WebSite\",\"@id\":\"https:\\\/\\\/loginfo24.com\\\/pt-pt\\\/#website\",\"url\":\"https:\\\/\\\/loginfo24.com\\\/pt-pt\\\/\",\"name\":\"Loginfo24\",\"description\":\"Loginfo24 \u00e9 a plataforma dedicada \u00e0 log\u00edstica e \u00e0s cadeias de abastecimento, com informa\u00e7\u00f5es dispon\u00edveis 24 horas por dia.\",\"publisher\":{\"@id\":\"https:\\\/\\\/loginfo24.com\\\/pt-pt\\\/#organization\"},\"potentialAction\":[{\"@type\":\"SearchAction\",\"target\":{\"@type\":\"EntryPoint\",\"urlTemplate\":\"https:\\\/\\\/loginfo24.com\\\/pt-pt\\\/?s={search_term_string}\"},\"query-input\":{\"@type\":\"PropertyValueSpecification\",\"valueRequired\":true,\"valueName\":\"search_term_string\"}}],\"inLanguage\":\"pt-PT\"},{\"@type\":\"Organization\",\"@id\":\"https:\\\/\\\/loginfo24.com\\\/pt-pt\\\/#organization\",\"name\":\"Logismedia Group AG\",\"url\":\"https:\\\/\\\/loginfo24.com\\\/pt-pt\\\/\",\"logo\":{\"@type\":\"ImageObject\",\"inLanguage\":\"pt-PT\",\"@id\":\"https:\\\/\\\/loginfo24.com\\\/pt-pt\\\/#\\\/schema\\\/logo\\\/image\\\/\",\"url\":\"https:\\\/\\\/loginfo24.com\\\/wp-content\\\/uploads\\\/sites\\\/7\\\/2026\\\/01\\\/Logo_LogInfo24.png\",\"contentUrl\":\"https:\\\/\\\/loginfo24.com\\\/wp-content\\\/uploads\\\/sites\\\/7\\\/2026\\\/01\\\/Logo_LogInfo24.png\",\"width\":938,\"height\":351,\"caption\":\"Logismedia Group AG\"},\"image\":{\"@id\":\"https:\\\/\\\/loginfo24.com\\\/pt-pt\\\/#\\\/schema\\\/logo\\\/image\\\/\"},\"sameAs\":[\"https:\\\/\\\/www.facebook.com\\\/people\\\/Loginfo24\\\/100057360583332\\\/\",\"https:\\\/\\\/www.linkedin.com\\\/company\\\/lofinfo24\\\/\"]}]}<\/script>\n<!-- \/ Yoast SEO plugin. -->","yoast_head_json":{"title":"Cargo Trans Logistik (CTL) expande o conselho com Guido S\u00f6ffker - Loginfo24","robots":{"index":"index","follow":"follow","max-snippet":"max-snippet:-1","max-image-preview":"max-image-preview:large","max-video-preview":"max-video-preview:-1"},"canonical":"https:\/\/loginfo24.com\/pt-pt\/2022\/09\/14\/cargo-trans-logistik-ctl-expande-o-conselho-com-guido-soffker\/","og_locale":"pt_PT","og_type":"article","og_title":"Cargo Trans Logistik (CTL) expande o conselho com Guido S\u00f6ffker - Loginfo24","og_description":"O conselho de supervis\u00e3o da Cargo Trans Logistik AG (CTL) nomeia Guido S\u00f6ffker com efeito a partir de 1 de outubro deste ano para o conselho [\u2026]","og_url":"https:\/\/loginfo24.com\/pt-pt\/2022\/09\/14\/cargo-trans-logistik-ctl-expande-o-conselho-com-guido-soffker\/","og_site_name":"Loginfo24","article_publisher":"https:\/\/www.facebook.com\/people\/Loginfo24\/100057360583332\/","article_published_time":"2022-09-14T13:06:54+00:00","og_image":[{"width":1259,"height":972,"url":"https:\/\/loginfo24.com\/wp-content\/uploads\/sites\/7\/2025\/12\/CTL_14.9.22.jpg","type":"image\/jpeg"}],"twitter_card":"summary_large_image","twitter_misc":{"Tempo estimado de leitura":"1 minuto"},"schema":{"@context":"https:\/\/schema.org","@graph":[{"@type":"Article","@id":"https:\/\/loginfo24.com\/pt-pt\/2022\/09\/14\/cargo-trans-logistik-ctl-expande-o-conselho-com-guido-soffker\/#article","isPartOf":{"@id":"https:\/\/loginfo24.com\/pt-pt\/2022\/09\/14\/cargo-trans-logistik-ctl-expande-o-conselho-com-guido-soffker\/"},"author":{"name":"","@id":""},"headline":"Cargo Trans Logistik (CTL) expande o conselho com Guido S\u00f6ffker","datePublished":"2022-09-14T13:06:54+00:00","mainEntityOfPage":{"@id":"https:\/\/loginfo24.com\/pt-pt\/2022\/09\/14\/cargo-trans-logistik-ctl-expande-o-conselho-com-guido-soffker\/"},"wordCount":267,"commentCount":0,"publisher":{"@id":"https:\/\/loginfo24.com\/pt-pt\/#organization"},"image":{"@id":"https:\/\/loginfo24.com\/pt-pt\/2022\/09\/14\/cargo-trans-logistik-ctl-expande-o-conselho-com-guido-soffker\/#primaryimage"},"thumbnailUrl":"https:\/\/loginfo24.com\/wp-content\/uploads\/sites\/7\/2025\/12\/CTL_14.9.22.jpg","articleSection":["Forwarding &amp; Logistics","Intermodal \/ Road","Regions"],"inLanguage":"pt-PT","potentialAction":[{"@type":"CommentAction","name":"Comment","target":["https:\/\/loginfo24.com\/pt-pt\/2022\/09\/14\/cargo-trans-logistik-ctl-expande-o-conselho-com-guido-soffker\/#respond"]}]},{"@type":"WebPage","@id":"https:\/\/loginfo24.com\/pt-pt\/2022\/09\/14\/cargo-trans-logistik-ctl-expande-o-conselho-com-guido-soffker\/","url":"https:\/\/loginfo24.com\/pt-pt\/2022\/09\/14\/cargo-trans-logistik-ctl-expande-o-conselho-com-guido-soffker\/","name":"Cargo Trans Logistik (CTL) expande o conselho com Guido S\u00f6ffker - Loginfo24","isPartOf":{"@id":"https:\/\/loginfo24.com\/pt-pt\/#website"},"primaryImageOfPage":{"@id":"https:\/\/loginfo24.com\/pt-pt\/2022\/09\/14\/cargo-trans-logistik-ctl-expande-o-conselho-com-guido-soffker\/#primaryimage"},"image":{"@id":"https:\/\/loginfo24.com\/pt-pt\/2022\/09\/14\/cargo-trans-logistik-ctl-expande-o-conselho-com-guido-soffker\/#primaryimage"},"thumbnailUrl":"https:\/\/loginfo24.com\/wp-content\/uploads\/sites\/7\/2025\/12\/CTL_14.9.22.jpg","datePublished":"2022-09-14T13:06:54+00:00","breadcrumb":{"@id":"https:\/\/loginfo24.com\/pt-pt\/2022\/09\/14\/cargo-trans-logistik-ctl-expande-o-conselho-com-guido-soffker\/#breadcrumb"},"inLanguage":"pt-PT","potentialAction":[{"@type":"ReadAction","target":["https:\/\/loginfo24.com\/pt-pt\/2022\/09\/14\/cargo-trans-logistik-ctl-expande-o-conselho-com-guido-soffker\/"]}]},{"@type":"ImageObject","inLanguage":"pt-PT","@id":"https:\/\/loginfo24.com\/pt-pt\/2022\/09\/14\/cargo-trans-logistik-ctl-expande-o-conselho-com-guido-soffker\/#primaryimage","url":"https:\/\/loginfo24.com\/wp-content\/uploads\/sites\/7\/2025\/12\/CTL_14.9.22.jpg","contentUrl":"https:\/\/loginfo24.com\/wp-content\/uploads\/sites\/7\/2025\/12\/CTL_14.9.22.jpg","width":1259,"height":972},{"@type":"BreadcrumbList","@id":"https:\/\/loginfo24.com\/pt-pt\/2022\/09\/14\/cargo-trans-logistik-ctl-expande-o-conselho-com-guido-soffker\/#breadcrumb","itemListElement":[{"@type":"ListItem","position":1,"name":"Startseite","item":"https:\/\/loginfo24.com\/pt-pt\/"},{"@type":"ListItem","position":2,"name":"Cargo Trans Logistik (CTL) expande o conselho com Guido S\u00f6ffker"}]},{"@type":"WebSite","@id":"https:\/\/loginfo24.com\/pt-pt\/#website","url":"https:\/\/loginfo24.com\/pt-pt\/","name":"Loginfo24","description":"Loginfo24 \u00e9 a plataforma dedicada \u00e0 log\u00edstica e \u00e0s cadeias de abastecimento, com informa\u00e7\u00f5es dispon\u00edveis 24 horas por dia.","publisher":{"@id":"https:\/\/loginfo24.com\/pt-pt\/#organization"},"potentialAction":[{"@type":"SearchAction","target":{"@type":"EntryPoint","urlTemplate":"https:\/\/loginfo24.com\/pt-pt\/?s={search_term_string}"},"query-input":{"@type":"PropertyValueSpecification","valueRequired":true,"valueName":"search_term_string"}}],"inLanguage":"pt-PT"},{"@type":"Organization","@id":"https:\/\/loginfo24.com\/pt-pt\/#organization","name":"Logismedia Group AG","url":"https:\/\/loginfo24.com\/pt-pt\/","logo":{"@type":"ImageObject","inLanguage":"pt-PT","@id":"https:\/\/loginfo24.com\/pt-pt\/#\/schema\/logo\/image\/","url":"https:\/\/loginfo24.com\/wp-content\/uploads\/sites\/7\/2026\/01\/Logo_LogInfo24.png","contentUrl":"https:\/\/loginfo24.com\/wp-content\/uploads\/sites\/7\/2026\/01\/Logo_LogInfo24.png","width":938,"height":351,"caption":"Logismedia Group AG"},"image":{"@id":"https:\/\/loginfo24.com\/pt-pt\/#\/schema\/logo\/image\/"},"sameAs":["https:\/\/www.facebook.com\/people\/Loginfo24\/100057360583332\/","https:\/\/www.linkedin.com\/company\/lofinfo24\/"]}]}},"_links":{"self":[{"href":"https:\/\/loginfo24.com\/pt-pt\/wp-json\/wp\/v2\/posts\/58445","targetHints":{"allow":["GET"]}}],"collection":[{"href":"https:\/\/loginfo24.com\/pt-pt\/wp-json\/wp\/v2\/posts"}],"about":[{"href":"https:\/\/loginfo24.com\/pt-pt\/wp-json\/wp\/v2\/types\/post"}],"replies":[{"embeddable":true,"href":"https:\/\/loginfo24.com\/pt-pt\/wp-json\/wp\/v2\/comments?post=58445"}],"version-history":[{"count":0,"href":"https:\/\/loginfo24.com\/pt-pt\/wp-json\/wp\/v2\/posts\/58445\/revisions"}],"wp:featuredmedia":[{"embeddable":true,"href":"https:\/\/loginfo24.com\/pt-pt\/wp-json\/wp\/v2\/media\/9394"}],"wp:attachment":[{"href":"https:\/\/loginfo24.com\/pt-pt\/wp-json\/wp\/v2\/media?parent=58445"}],"wp:term":[{"taxonomy":"category","embeddable":true,"href":"https:\/\/loginfo24.com\/pt-pt\/wp-json\/wp\/v2\/categories?post=58445"},{"taxonomy":"post_tag","embeddable":true,"href":"https:\/\/loginfo24.com\/pt-pt\/wp-json\/wp\/v2\/tags?post=58445"}],"curies":[{"name":"wp","href":"https:\/\/api.w.org\/{rel}","templated":true}]}}