{"id":57955,"date":"2022-08-22T13:50:29","date_gmt":"2022-08-22T11:50:29","guid":{"rendered":"https:\/\/blog.brand-architecture.at\/2022\/08\/22\/arvato-e-sephora-inauguram-novo-picktower-em-duren\/"},"modified":"2022-08-22T13:50:29","modified_gmt":"2022-08-22T11:50:29","slug":"arvato-e-sephora-inauguram-novo-picktower-em-duren","status":"publish","type":"post","link":"https:\/\/loginfo24.com\/pt-pt\/2022\/08\/22\/arvato-e-sephora-inauguram-novo-picktower-em-duren\/","title":{"rendered":"Arvato e Sephora inauguram novo Picktower em D\u00fcren"},"content":{"rendered":"<h5><strong>A Arvato Supply Chain Solutions expande suas capacidades na localiza\u00e7\u00e3o de D\u00fcren para a empresa de cosm\u00e9ticos SEPHORA. Para isso, o cliente se mudou para um novo m\u00f3dulo de armaz\u00e9m com 7.000 metros quadrados de \u00e1rea e sete port\u00f5es de armaz\u00e9m. O n\u00facleo da expans\u00e3o \u00e9 um novo Picktower com quatro n\u00edveis de armazenamento, de onde os produtos s\u00e3o coletados. A instala\u00e7\u00e3o de prateleiras tem 40.000 locais de armazenamento para 20.000 artigos. &#8220;Assim, ela est\u00e1 otimamente projetada para o crescimento acelerado do com\u00e9rcio eletr\u00f4nico da SEPHORA&#8221;, explicou Julia B\u00f6rs, Presidente de Produtos de Consumo da Arvato Supply Chain Solutions. &#8220;Pois com o novo Picktower podemos representar um grande volume de armazenamento em uma \u00e1rea relativamente pequena.&#8221; O prazo do projeto foi de apenas seis meses. O volume de investimento \u00e9 de 3,3 milh\u00f5es de euros.<\/strong><\/h5>\n<p>(G\u00fctersloh\/D\u00fcren) A SEPHORA firmou uma parceria com a Zalando no ano passado. Desde ent\u00e3o, os produtos da marca de beleza e de suas empresas parceiras tamb\u00e9m s\u00e3o oferecidos na plataforma online, o que levou a um r\u00e1pido crescimento das encomendas de com\u00e9rcio eletr\u00f4nico na Europa. A Arvato j\u00e1 armazena, coleta e embala os artigos para a SEPHORA na localiza\u00e7\u00e3o de D\u00fcren desde 2018 e cuida da distribui\u00e7\u00e3o para os clientes finais nos mercados alem\u00e3o e austr\u00edaco. A Arvato assume, al\u00e9m da entrada e sa\u00edda de mercadorias, tamb\u00e9m servi\u00e7os como gest\u00e3o de estoque, servi\u00e7os de valor agregado e gest\u00e3o de devolu\u00e7\u00f5es. Para lidar com o crescimento cont\u00ednuo das quantidades de forma mais r\u00e1pida e flex\u00edvel, o cliente agora se mudou para um novo m\u00f3dulo de armaz\u00e9m com Picktower. A instala\u00e7\u00e3o possui um total de quatro n\u00edveis de armazenamento com gavetas, que garantem uma separa\u00e7\u00e3o de mercadorias ideal e flex\u00edvel para at\u00e9 1,3 milh\u00f5es de artigos. Assim que os pedidos s\u00e3o coletados pelos funcion\u00e1rios, eles s\u00e3o transportados por elevador para duas linhas de embalagem, onde s\u00e3o preparados para envio.<\/p>\n<p>O grupo de beleza tamb\u00e9m espera um aumento cont\u00ednuo das quantidades no futuro. A nova instala\u00e7\u00e3o j\u00e1 est\u00e1 projetada para expans\u00e3o. No futuro, at\u00e9 50.000 pacotes por dia poder\u00e3o ser enviados. Tamb\u00e9m est\u00e1 planejada uma automa\u00e7\u00e3o do processo de embalagem. &#8220;A Arvato Supply Chain Solutions \u00e9 um fornecedor profissional com uma profunda experi\u00eancia em com\u00e9rcio eletr\u00f4nico, que n\u00e3o s\u00f3 possui uma equipe muito poderosa, mas tamb\u00e9m sempre tem os clientes finais em mente&#8221;, diz Bj\u00f6rn \u00dcbersch\u00e4r, Gerente Geral da Alemanha da SEPHORA. &#8220;A colabora\u00e7\u00e3o n\u00e3o est\u00e1 apenas indo muito bem na Alemanha e na \u00c1ustria, mas tamb\u00e9m na Espanha, Portugal, It\u00e1lia, Pol\u00f4nia e Turquia. Essas s\u00e3o boas condi\u00e7\u00f5es para expandir ainda mais a colabora\u00e7\u00e3o no futuro.&#8221;<\/p>\n<p>Foto: \u00a9 Arvato Supply Chain Solutions \/ <strong><em>Legenda da imagem:<\/em><\/strong><em> (da esq. para a dir.): Jacques Pellissier, Diretor de Supply Chain EME (SEPHORA), Julia B\u00f6rs, Presidente de Produtos de Consumo (Arvato Supply Chain Solutions), Bj\u00f6rn \u00dcbersch\u00e4r, Gerente Geral da Alemanha (SEPHORA)<\/em><\/p>\n","protected":false},"excerpt":{"rendered":"<p>A Arvato Supply Chain Solutions expande suas capacidades na localiza\u00e7\u00e3o de D\u00fcren para a empresa de cosm\u00e9ticos SEPHORA. Para isso, o cliente se mudou para um<span class=\"excerpt-hellip\"> [\u2026]<\/span><\/p>\n","protected":false},"author":0,"featured_media":9600,"comment_status":"open","ping_status":"open","sticky":false,"template":"","format":"standard","meta":{"_acf_changed":false,"footnotes":""},"categories":[1557,1560,1561],"tags":[],"class_list":["post-57955","post","type-post","status-publish","format-standard","has-post-thumbnail","hentry","category-forwarding-logistics","category-intralogistics","category-regions"],"acf":[],"yoast_head":"<!-- This site is optimized with the Yoast SEO plugin v27.3 - https:\/\/yoast.com\/product\/yoast-seo-wordpress\/ -->\n<title>Arvato e Sephora inauguram novo Picktower em D\u00fcren - Loginfo24<\/title>\n<meta name=\"robots\" content=\"index, follow, max-snippet:-1, max-image-preview:large, max-video-preview:-1\" \/>\n<link rel=\"canonical\" href=\"https:\/\/loginfo24.com\/pt-pt\/2022\/08\/22\/arvato-e-sephora-inauguram-novo-picktower-em-duren\/\" \/>\n<meta property=\"og:locale\" content=\"pt_PT\" \/>\n<meta property=\"og:type\" content=\"article\" \/>\n<meta property=\"og:title\" content=\"Arvato e Sephora inauguram novo Picktower em D\u00fcren - Loginfo24\" \/>\n<meta property=\"og:description\" content=\"A Arvato Supply Chain Solutions expande suas capacidades na localiza\u00e7\u00e3o de D\u00fcren para a empresa de cosm\u00e9ticos SEPHORA. Para isso, o cliente se mudou para um [\u2026]\" \/>\n<meta property=\"og:url\" content=\"https:\/\/loginfo24.com\/pt-pt\/2022\/08\/22\/arvato-e-sephora-inauguram-novo-picktower-em-duren\/\" \/>\n<meta property=\"og:site_name\" content=\"Loginfo24\" \/>\n<meta property=\"article:publisher\" content=\"https:\/\/www.facebook.com\/people\/Loginfo24\/100057360583332\/\" \/>\n<meta property=\"article:published_time\" content=\"2022-08-22T11:50:29+00:00\" \/>\n<meta property=\"og:image\" content=\"https:\/\/loginfo24.com\/wp-content\/uploads\/sites\/7\/2025\/12\/Arvato_22.08.2022.jpg\" \/>\n\t<meta property=\"og:image:width\" content=\"1002\" \/>\n\t<meta property=\"og:image:height\" content=\"665\" \/>\n\t<meta property=\"og:image:type\" content=\"image\/jpeg\" \/>\n<meta name=\"twitter:card\" content=\"summary_large_image\" \/>\n<meta name=\"twitter:label1\" content=\"Tempo estimado de leitura\" \/>\n\t<meta name=\"twitter:data1\" content=\"3 minutos\" \/>\n<script type=\"application\/ld+json\" class=\"yoast-schema-graph\">{\"@context\":\"https:\\\/\\\/schema.org\",\"@graph\":[{\"@type\":\"Article\",\"@id\":\"https:\\\/\\\/loginfo24.com\\\/pt-pt\\\/2022\\\/08\\\/22\\\/arvato-e-sephora-inauguram-novo-picktower-em-duren\\\/#article\",\"isPartOf\":{\"@id\":\"https:\\\/\\\/loginfo24.com\\\/pt-pt\\\/2022\\\/08\\\/22\\\/arvato-e-sephora-inauguram-novo-picktower-em-duren\\\/\"},\"author\":{\"name\":\"\",\"@id\":\"\"},\"headline\":\"Arvato e Sephora inauguram novo Picktower em D\u00fcren\",\"datePublished\":\"2022-08-22T11:50:29+00:00\",\"mainEntityOfPage\":{\"@id\":\"https:\\\/\\\/loginfo24.com\\\/pt-pt\\\/2022\\\/08\\\/22\\\/arvato-e-sephora-inauguram-novo-picktower-em-duren\\\/\"},\"wordCount\":543,\"commentCount\":0,\"publisher\":{\"@id\":\"https:\\\/\\\/loginfo24.com\\\/pt-pt\\\/#organization\"},\"image\":{\"@id\":\"https:\\\/\\\/loginfo24.com\\\/pt-pt\\\/2022\\\/08\\\/22\\\/arvato-e-sephora-inauguram-novo-picktower-em-duren\\\/#primaryimage\"},\"thumbnailUrl\":\"https:\\\/\\\/loginfo24.com\\\/wp-content\\\/uploads\\\/sites\\\/7\\\/2025\\\/12\\\/Arvato_22.08.2022.jpg\",\"articleSection\":[\"Forwarding &amp; Logistics\",\"Intralogistics\",\"Regions\"],\"inLanguage\":\"pt-PT\",\"potentialAction\":[{\"@type\":\"CommentAction\",\"name\":\"Comment\",\"target\":[\"https:\\\/\\\/loginfo24.com\\\/pt-pt\\\/2022\\\/08\\\/22\\\/arvato-e-sephora-inauguram-novo-picktower-em-duren\\\/#respond\"]}]},{\"@type\":\"WebPage\",\"@id\":\"https:\\\/\\\/loginfo24.com\\\/pt-pt\\\/2022\\\/08\\\/22\\\/arvato-e-sephora-inauguram-novo-picktower-em-duren\\\/\",\"url\":\"https:\\\/\\\/loginfo24.com\\\/pt-pt\\\/2022\\\/08\\\/22\\\/arvato-e-sephora-inauguram-novo-picktower-em-duren\\\/\",\"name\":\"Arvato e Sephora inauguram novo Picktower em D\u00fcren - Loginfo24\",\"isPartOf\":{\"@id\":\"https:\\\/\\\/loginfo24.com\\\/pt-pt\\\/#website\"},\"primaryImageOfPage\":{\"@id\":\"https:\\\/\\\/loginfo24.com\\\/pt-pt\\\/2022\\\/08\\\/22\\\/arvato-e-sephora-inauguram-novo-picktower-em-duren\\\/#primaryimage\"},\"image\":{\"@id\":\"https:\\\/\\\/loginfo24.com\\\/pt-pt\\\/2022\\\/08\\\/22\\\/arvato-e-sephora-inauguram-novo-picktower-em-duren\\\/#primaryimage\"},\"thumbnailUrl\":\"https:\\\/\\\/loginfo24.com\\\/wp-content\\\/uploads\\\/sites\\\/7\\\/2025\\\/12\\\/Arvato_22.08.2022.jpg\",\"datePublished\":\"2022-08-22T11:50:29+00:00\",\"breadcrumb\":{\"@id\":\"https:\\\/\\\/loginfo24.com\\\/pt-pt\\\/2022\\\/08\\\/22\\\/arvato-e-sephora-inauguram-novo-picktower-em-duren\\\/#breadcrumb\"},\"inLanguage\":\"pt-PT\",\"potentialAction\":[{\"@type\":\"ReadAction\",\"target\":[\"https:\\\/\\\/loginfo24.com\\\/pt-pt\\\/2022\\\/08\\\/22\\\/arvato-e-sephora-inauguram-novo-picktower-em-duren\\\/\"]}]},{\"@type\":\"ImageObject\",\"inLanguage\":\"pt-PT\",\"@id\":\"https:\\\/\\\/loginfo24.com\\\/pt-pt\\\/2022\\\/08\\\/22\\\/arvato-e-sephora-inauguram-novo-picktower-em-duren\\\/#primaryimage\",\"url\":\"https:\\\/\\\/loginfo24.com\\\/wp-content\\\/uploads\\\/sites\\\/7\\\/2025\\\/12\\\/Arvato_22.08.2022.jpg\",\"contentUrl\":\"https:\\\/\\\/loginfo24.com\\\/wp-content\\\/uploads\\\/sites\\\/7\\\/2025\\\/12\\\/Arvato_22.08.2022.jpg\",\"width\":1002,\"height\":665},{\"@type\":\"BreadcrumbList\",\"@id\":\"https:\\\/\\\/loginfo24.com\\\/pt-pt\\\/2022\\\/08\\\/22\\\/arvato-e-sephora-inauguram-novo-picktower-em-duren\\\/#breadcrumb\",\"itemListElement\":[{\"@type\":\"ListItem\",\"position\":1,\"name\":\"Startseite\",\"item\":\"https:\\\/\\\/loginfo24.com\\\/pt-pt\\\/\"},{\"@type\":\"ListItem\",\"position\":2,\"name\":\"Arvato e Sephora inauguram novo Picktower em D\u00fcren\"}]},{\"@type\":\"WebSite\",\"@id\":\"https:\\\/\\\/loginfo24.com\\\/pt-pt\\\/#website\",\"url\":\"https:\\\/\\\/loginfo24.com\\\/pt-pt\\\/\",\"name\":\"Loginfo24\",\"description\":\"Loginfo24 \u00e9 a plataforma dedicada \u00e0 log\u00edstica e \u00e0s cadeias de abastecimento, com informa\u00e7\u00f5es dispon\u00edveis 24 horas por dia.\",\"publisher\":{\"@id\":\"https:\\\/\\\/loginfo24.com\\\/pt-pt\\\/#organization\"},\"potentialAction\":[{\"@type\":\"SearchAction\",\"target\":{\"@type\":\"EntryPoint\",\"urlTemplate\":\"https:\\\/\\\/loginfo24.com\\\/pt-pt\\\/?s={search_term_string}\"},\"query-input\":{\"@type\":\"PropertyValueSpecification\",\"valueRequired\":true,\"valueName\":\"search_term_string\"}}],\"inLanguage\":\"pt-PT\"},{\"@type\":\"Organization\",\"@id\":\"https:\\\/\\\/loginfo24.com\\\/pt-pt\\\/#organization\",\"name\":\"Logismedia Group AG\",\"url\":\"https:\\\/\\\/loginfo24.com\\\/pt-pt\\\/\",\"logo\":{\"@type\":\"ImageObject\",\"inLanguage\":\"pt-PT\",\"@id\":\"https:\\\/\\\/loginfo24.com\\\/pt-pt\\\/#\\\/schema\\\/logo\\\/image\\\/\",\"url\":\"https:\\\/\\\/loginfo24.com\\\/wp-content\\\/uploads\\\/sites\\\/7\\\/2026\\\/01\\\/Logo_LogInfo24.png\",\"contentUrl\":\"https:\\\/\\\/loginfo24.com\\\/wp-content\\\/uploads\\\/sites\\\/7\\\/2026\\\/01\\\/Logo_LogInfo24.png\",\"width\":938,\"height\":351,\"caption\":\"Logismedia Group AG\"},\"image\":{\"@id\":\"https:\\\/\\\/loginfo24.com\\\/pt-pt\\\/#\\\/schema\\\/logo\\\/image\\\/\"},\"sameAs\":[\"https:\\\/\\\/www.facebook.com\\\/people\\\/Loginfo24\\\/100057360583332\\\/\",\"https:\\\/\\\/www.linkedin.com\\\/company\\\/lofinfo24\\\/\"]}]}<\/script>\n<!-- \/ Yoast SEO plugin. -->","yoast_head_json":{"title":"Arvato e Sephora inauguram novo Picktower em D\u00fcren - Loginfo24","robots":{"index":"index","follow":"follow","max-snippet":"max-snippet:-1","max-image-preview":"max-image-preview:large","max-video-preview":"max-video-preview:-1"},"canonical":"https:\/\/loginfo24.com\/pt-pt\/2022\/08\/22\/arvato-e-sephora-inauguram-novo-picktower-em-duren\/","og_locale":"pt_PT","og_type":"article","og_title":"Arvato e Sephora inauguram novo Picktower em D\u00fcren - Loginfo24","og_description":"A Arvato Supply Chain Solutions expande suas capacidades na localiza\u00e7\u00e3o de D\u00fcren para a empresa de cosm\u00e9ticos SEPHORA. Para isso, o cliente se mudou para um [\u2026]","og_url":"https:\/\/loginfo24.com\/pt-pt\/2022\/08\/22\/arvato-e-sephora-inauguram-novo-picktower-em-duren\/","og_site_name":"Loginfo24","article_publisher":"https:\/\/www.facebook.com\/people\/Loginfo24\/100057360583332\/","article_published_time":"2022-08-22T11:50:29+00:00","og_image":[{"width":1002,"height":665,"url":"https:\/\/loginfo24.com\/wp-content\/uploads\/sites\/7\/2025\/12\/Arvato_22.08.2022.jpg","type":"image\/jpeg"}],"twitter_card":"summary_large_image","twitter_misc":{"Tempo estimado de leitura":"3 minutos"},"schema":{"@context":"https:\/\/schema.org","@graph":[{"@type":"Article","@id":"https:\/\/loginfo24.com\/pt-pt\/2022\/08\/22\/arvato-e-sephora-inauguram-novo-picktower-em-duren\/#article","isPartOf":{"@id":"https:\/\/loginfo24.com\/pt-pt\/2022\/08\/22\/arvato-e-sephora-inauguram-novo-picktower-em-duren\/"},"author":{"name":"","@id":""},"headline":"Arvato e Sephora inauguram novo Picktower em D\u00fcren","datePublished":"2022-08-22T11:50:29+00:00","mainEntityOfPage":{"@id":"https:\/\/loginfo24.com\/pt-pt\/2022\/08\/22\/arvato-e-sephora-inauguram-novo-picktower-em-duren\/"},"wordCount":543,"commentCount":0,"publisher":{"@id":"https:\/\/loginfo24.com\/pt-pt\/#organization"},"image":{"@id":"https:\/\/loginfo24.com\/pt-pt\/2022\/08\/22\/arvato-e-sephora-inauguram-novo-picktower-em-duren\/#primaryimage"},"thumbnailUrl":"https:\/\/loginfo24.com\/wp-content\/uploads\/sites\/7\/2025\/12\/Arvato_22.08.2022.jpg","articleSection":["Forwarding &amp; Logistics","Intralogistics","Regions"],"inLanguage":"pt-PT","potentialAction":[{"@type":"CommentAction","name":"Comment","target":["https:\/\/loginfo24.com\/pt-pt\/2022\/08\/22\/arvato-e-sephora-inauguram-novo-picktower-em-duren\/#respond"]}]},{"@type":"WebPage","@id":"https:\/\/loginfo24.com\/pt-pt\/2022\/08\/22\/arvato-e-sephora-inauguram-novo-picktower-em-duren\/","url":"https:\/\/loginfo24.com\/pt-pt\/2022\/08\/22\/arvato-e-sephora-inauguram-novo-picktower-em-duren\/","name":"Arvato e Sephora inauguram novo Picktower em D\u00fcren - Loginfo24","isPartOf":{"@id":"https:\/\/loginfo24.com\/pt-pt\/#website"},"primaryImageOfPage":{"@id":"https:\/\/loginfo24.com\/pt-pt\/2022\/08\/22\/arvato-e-sephora-inauguram-novo-picktower-em-duren\/#primaryimage"},"image":{"@id":"https:\/\/loginfo24.com\/pt-pt\/2022\/08\/22\/arvato-e-sephora-inauguram-novo-picktower-em-duren\/#primaryimage"},"thumbnailUrl":"https:\/\/loginfo24.com\/wp-content\/uploads\/sites\/7\/2025\/12\/Arvato_22.08.2022.jpg","datePublished":"2022-08-22T11:50:29+00:00","breadcrumb":{"@id":"https:\/\/loginfo24.com\/pt-pt\/2022\/08\/22\/arvato-e-sephora-inauguram-novo-picktower-em-duren\/#breadcrumb"},"inLanguage":"pt-PT","potentialAction":[{"@type":"ReadAction","target":["https:\/\/loginfo24.com\/pt-pt\/2022\/08\/22\/arvato-e-sephora-inauguram-novo-picktower-em-duren\/"]}]},{"@type":"ImageObject","inLanguage":"pt-PT","@id":"https:\/\/loginfo24.com\/pt-pt\/2022\/08\/22\/arvato-e-sephora-inauguram-novo-picktower-em-duren\/#primaryimage","url":"https:\/\/loginfo24.com\/wp-content\/uploads\/sites\/7\/2025\/12\/Arvato_22.08.2022.jpg","contentUrl":"https:\/\/loginfo24.com\/wp-content\/uploads\/sites\/7\/2025\/12\/Arvato_22.08.2022.jpg","width":1002,"height":665},{"@type":"BreadcrumbList","@id":"https:\/\/loginfo24.com\/pt-pt\/2022\/08\/22\/arvato-e-sephora-inauguram-novo-picktower-em-duren\/#breadcrumb","itemListElement":[{"@type":"ListItem","position":1,"name":"Startseite","item":"https:\/\/loginfo24.com\/pt-pt\/"},{"@type":"ListItem","position":2,"name":"Arvato e Sephora inauguram novo Picktower em D\u00fcren"}]},{"@type":"WebSite","@id":"https:\/\/loginfo24.com\/pt-pt\/#website","url":"https:\/\/loginfo24.com\/pt-pt\/","name":"Loginfo24","description":"Loginfo24 \u00e9 a plataforma dedicada \u00e0 log\u00edstica e \u00e0s cadeias de abastecimento, com informa\u00e7\u00f5es dispon\u00edveis 24 horas por dia.","publisher":{"@id":"https:\/\/loginfo24.com\/pt-pt\/#organization"},"potentialAction":[{"@type":"SearchAction","target":{"@type":"EntryPoint","urlTemplate":"https:\/\/loginfo24.com\/pt-pt\/?s={search_term_string}"},"query-input":{"@type":"PropertyValueSpecification","valueRequired":true,"valueName":"search_term_string"}}],"inLanguage":"pt-PT"},{"@type":"Organization","@id":"https:\/\/loginfo24.com\/pt-pt\/#organization","name":"Logismedia Group AG","url":"https:\/\/loginfo24.com\/pt-pt\/","logo":{"@type":"ImageObject","inLanguage":"pt-PT","@id":"https:\/\/loginfo24.com\/pt-pt\/#\/schema\/logo\/image\/","url":"https:\/\/loginfo24.com\/wp-content\/uploads\/sites\/7\/2026\/01\/Logo_LogInfo24.png","contentUrl":"https:\/\/loginfo24.com\/wp-content\/uploads\/sites\/7\/2026\/01\/Logo_LogInfo24.png","width":938,"height":351,"caption":"Logismedia Group AG"},"image":{"@id":"https:\/\/loginfo24.com\/pt-pt\/#\/schema\/logo\/image\/"},"sameAs":["https:\/\/www.facebook.com\/people\/Loginfo24\/100057360583332\/","https:\/\/www.linkedin.com\/company\/lofinfo24\/"]}]}},"_links":{"self":[{"href":"https:\/\/loginfo24.com\/pt-pt\/wp-json\/wp\/v2\/posts\/57955","targetHints":{"allow":["GET"]}}],"collection":[{"href":"https:\/\/loginfo24.com\/pt-pt\/wp-json\/wp\/v2\/posts"}],"about":[{"href":"https:\/\/loginfo24.com\/pt-pt\/wp-json\/wp\/v2\/types\/post"}],"replies":[{"embeddable":true,"href":"https:\/\/loginfo24.com\/pt-pt\/wp-json\/wp\/v2\/comments?post=57955"}],"version-history":[{"count":0,"href":"https:\/\/loginfo24.com\/pt-pt\/wp-json\/wp\/v2\/posts\/57955\/revisions"}],"wp:featuredmedia":[{"embeddable":true,"href":"https:\/\/loginfo24.com\/pt-pt\/wp-json\/wp\/v2\/media\/9600"}],"wp:attachment":[{"href":"https:\/\/loginfo24.com\/pt-pt\/wp-json\/wp\/v2\/media?parent=57955"}],"wp:term":[{"taxonomy":"category","embeddable":true,"href":"https:\/\/loginfo24.com\/pt-pt\/wp-json\/wp\/v2\/categories?post=57955"},{"taxonomy":"post_tag","embeddable":true,"href":"https:\/\/loginfo24.com\/pt-pt\/wp-json\/wp\/v2\/tags?post=57955"}],"curies":[{"name":"wp","href":"https:\/\/api.w.org\/{rel}","templated":true}]}}