{"id":57076,"date":"2022-06-22T17:19:42","date_gmt":"2022-06-22T15:19:42","guid":{"rendered":"https:\/\/blog.brand-architecture.at\/2022\/06\/22\/first-mile-assessora-a-cidade-de-lahr-na-concepcao-da-logistica-urbana\/"},"modified":"2022-06-22T17:19:42","modified_gmt":"2022-06-22T15:19:42","slug":"first-mile-assessora-a-cidade-de-lahr-na-concepcao-da-logistica-urbana","status":"publish","type":"post","link":"https:\/\/loginfo24.com\/pt-pt\/2022\/06\/22\/first-mile-assessora-a-cidade-de-lahr-na-concepcao-da-logistica-urbana\/","title":{"rendered":"first mile assessora a cidade de Lahr na concep\u00e7\u00e3o da log\u00edstica urbana"},"content":{"rendered":"<h5><strong>A cidade de Lahr\/Schwarzwald contratou a consultoria de log\u00edstica Last-Mile first mile de Hamburgo para desenvolver um conceito de log\u00edstica urbana. Os desafios cl\u00e1ssicos do tr\u00e1fego de entregas em centros urbanos, como a obstru\u00e7\u00e3o de outros participantes do tr\u00e1fego e pedestres, tamb\u00e9m s\u00e3o encontrados em Lahr. O projeto \u00e9 financiado pelo Minist\u00e9rio Federal dos Transportes.<\/strong><\/h5>\n<p>(Hamburgo\/Lahr) No final de 2021, o Minist\u00e9rio Federal dos Transportes anunciou o financiamento de oito projetos em todo o pa\u00eds relacionados \u00e0 log\u00edstica urbana. Entre eles est\u00e1 um conceito de log\u00edstica urbana para Lahr, que deve apresentar medidas que possibilitem mudan\u00e7as positivas na log\u00edstica urbana em rela\u00e7\u00e3o aos processos de entrega e aos ve\u00edculos utilizados pelos servi\u00e7os de entrega. A cidade, com cerca de 50.000 habitantes, localizada na borda ocidental da Floresta Negra, fica a cerca de 38 km ao norte de Freiburg e abriga atualmente, no Aeroporto de Lahr, centros de log\u00edstica de empresas como Amazon, DHL, Fiege e Zalando.<\/p>\n<h5><strong>Desafio t\u00edpico para o centro da cidade<\/strong><\/h5>\n<p>O projeto de Lahr se concentra no tr\u00e1fego de entregas na \u00e1rea central da cidade e no bairro residencial da parte sul do centro. A \u00e1rea central de Lahr revela, especialmente nas zonas de pedestres, os desafios de tr\u00e1fego t\u00edpicos das cadeias de entrega atuais na \u00daltima Milha: aus\u00eancia de paradas e estacionamentos em conformidade com as regras, obstru\u00e7\u00f5es a outros participantes do tr\u00e1fego e pedestres, aumento das emiss\u00f5es, entradas fora da janela de entrega \u2013 neste caso, das 6h \u00e0s 11h. Tudo isso leva a perturba\u00e7\u00f5es e a uma diminui\u00e7\u00e3o da qualidade de perman\u00eancia. O conceito dos peritos, que estar\u00e1 dispon\u00edvel no final do ano, deve ajudar a resolver esses problemas.<\/p>\n<h5><strong>Apoio a conceitos de log\u00edstica urbana<\/strong><\/h5>\n<p>O volume total de financiamento em todo o pa\u00eds \u00e9 de 1,1 milh\u00e3o de euros. Atrav\u00e9s da diretriz de financiamento &#8220;Log\u00edstica Urbana&#8221;, o minist\u00e9rio tem apoiado desde julho de 2019 conceitos de log\u00edstica urbana e estudos de viabilidade, bem como a cria\u00e7\u00e3o de micro-dep\u00f3sitos log\u00edsticos, a partir dos quais a distribui\u00e7\u00e3o final na \u00daltima Milha pode ser realizada por bicicletas de carga ou similares.<\/p>\n<p>Foto: \u00a9 first mile \/ <strong><em>Legenda da imagem:<\/em><\/strong><em> No local em Lahr: Wolfgang Beecken (esquerda) e Jan Gimbel da first mile<\/em><\/p>\n","protected":false},"excerpt":{"rendered":"<p>A cidade de Lahr\/Schwarzwald contratou a consultoria de log\u00edstica Last-Mile first mile de Hamburgo para desenvolver um conceito de log\u00edstica urbana. Os desafios cl\u00e1ssicos do tr\u00e1fego<span class=\"excerpt-hellip\"> [\u2026]<\/span><\/p>\n","protected":false},"author":0,"featured_media":9983,"comment_status":"open","ping_status":"open","sticky":false,"template":"","format":"standard","meta":{"_acf_changed":false,"footnotes":""},"categories":[1665,1557,1556,1561],"tags":[],"class_list":["post-57076","post","type-post","status-publish","format-standard","has-post-thumbnail","hentry","category-categories","category-forwarding-logistics","category-intermodal-road","category-regions"],"acf":[],"yoast_head":"<!-- This site is optimized with the Yoast SEO plugin v27.3 - https:\/\/yoast.com\/product\/yoast-seo-wordpress\/ -->\n<title>first mile assessora a cidade de Lahr na concep\u00e7\u00e3o da log\u00edstica urbana - Loginfo24<\/title>\n<meta name=\"robots\" content=\"index, follow, max-snippet:-1, max-image-preview:large, max-video-preview:-1\" \/>\n<link rel=\"canonical\" href=\"https:\/\/loginfo24.com\/pt-pt\/2022\/06\/22\/first-mile-assessora-a-cidade-de-lahr-na-concepcao-da-logistica-urbana\/\" \/>\n<meta property=\"og:locale\" content=\"pt_PT\" \/>\n<meta property=\"og:type\" content=\"article\" \/>\n<meta property=\"og:title\" content=\"first mile assessora a cidade de Lahr na concep\u00e7\u00e3o da log\u00edstica urbana - Loginfo24\" \/>\n<meta property=\"og:description\" content=\"A cidade de Lahr\/Schwarzwald contratou a consultoria de log\u00edstica Last-Mile first mile de Hamburgo para desenvolver um conceito de log\u00edstica urbana. Os desafios cl\u00e1ssicos do tr\u00e1fego [\u2026]\" \/>\n<meta property=\"og:url\" content=\"https:\/\/loginfo24.com\/pt-pt\/2022\/06\/22\/first-mile-assessora-a-cidade-de-lahr-na-concepcao-da-logistica-urbana\/\" \/>\n<meta property=\"og:site_name\" content=\"Loginfo24\" \/>\n<meta property=\"article:publisher\" content=\"https:\/\/www.facebook.com\/people\/Loginfo24\/100057360583332\/\" \/>\n<meta property=\"article:published_time\" content=\"2022-06-22T15:19:42+00:00\" \/>\n<meta property=\"og:image\" content=\"https:\/\/loginfo24.com\/wp-content\/uploads\/sites\/7\/2025\/12\/FirstMile_22.6.22.jpg\" \/>\n\t<meta property=\"og:image:width\" content=\"1225\" \/>\n\t<meta property=\"og:image:height\" content=\"762\" \/>\n\t<meta property=\"og:image:type\" content=\"image\/jpeg\" \/>\n<meta name=\"twitter:card\" content=\"summary_large_image\" \/>\n<meta name=\"twitter:label1\" content=\"Tempo estimado de leitura\" \/>\n\t<meta name=\"twitter:data1\" content=\"2 minutos\" \/>\n<script type=\"application\/ld+json\" class=\"yoast-schema-graph\">{\"@context\":\"https:\\\/\\\/schema.org\",\"@graph\":[{\"@type\":\"Article\",\"@id\":\"https:\\\/\\\/loginfo24.com\\\/pt-pt\\\/2022\\\/06\\\/22\\\/first-mile-assessora-a-cidade-de-lahr-na-concepcao-da-logistica-urbana\\\/#article\",\"isPartOf\":{\"@id\":\"https:\\\/\\\/loginfo24.com\\\/pt-pt\\\/2022\\\/06\\\/22\\\/first-mile-assessora-a-cidade-de-lahr-na-concepcao-da-logistica-urbana\\\/\"},\"author\":{\"name\":\"\",\"@id\":\"\"},\"headline\":\"first mile assessora a cidade de Lahr na concep\u00e7\u00e3o da log\u00edstica urbana\",\"datePublished\":\"2022-06-22T15:19:42+00:00\",\"mainEntityOfPage\":{\"@id\":\"https:\\\/\\\/loginfo24.com\\\/pt-pt\\\/2022\\\/06\\\/22\\\/first-mile-assessora-a-cidade-de-lahr-na-concepcao-da-logistica-urbana\\\/\"},\"wordCount\":413,\"commentCount\":0,\"publisher\":{\"@id\":\"https:\\\/\\\/loginfo24.com\\\/pt-pt\\\/#organization\"},\"image\":{\"@id\":\"https:\\\/\\\/loginfo24.com\\\/pt-pt\\\/2022\\\/06\\\/22\\\/first-mile-assessora-a-cidade-de-lahr-na-concepcao-da-logistica-urbana\\\/#primaryimage\"},\"thumbnailUrl\":\"https:\\\/\\\/loginfo24.com\\\/wp-content\\\/uploads\\\/sites\\\/7\\\/2025\\\/12\\\/FirstMile_22.6.22.jpg\",\"articleSection\":[\"Categories\",\"Forwarding &amp; Logistics\",\"Intermodal \\\/ Road\",\"Regions\"],\"inLanguage\":\"pt-PT\",\"potentialAction\":[{\"@type\":\"CommentAction\",\"name\":\"Comment\",\"target\":[\"https:\\\/\\\/loginfo24.com\\\/pt-pt\\\/2022\\\/06\\\/22\\\/first-mile-assessora-a-cidade-de-lahr-na-concepcao-da-logistica-urbana\\\/#respond\"]}]},{\"@type\":\"WebPage\",\"@id\":\"https:\\\/\\\/loginfo24.com\\\/pt-pt\\\/2022\\\/06\\\/22\\\/first-mile-assessora-a-cidade-de-lahr-na-concepcao-da-logistica-urbana\\\/\",\"url\":\"https:\\\/\\\/loginfo24.com\\\/pt-pt\\\/2022\\\/06\\\/22\\\/first-mile-assessora-a-cidade-de-lahr-na-concepcao-da-logistica-urbana\\\/\",\"name\":\"first mile assessora a cidade de Lahr na concep\u00e7\u00e3o da log\u00edstica urbana - Loginfo24\",\"isPartOf\":{\"@id\":\"https:\\\/\\\/loginfo24.com\\\/pt-pt\\\/#website\"},\"primaryImageOfPage\":{\"@id\":\"https:\\\/\\\/loginfo24.com\\\/pt-pt\\\/2022\\\/06\\\/22\\\/first-mile-assessora-a-cidade-de-lahr-na-concepcao-da-logistica-urbana\\\/#primaryimage\"},\"image\":{\"@id\":\"https:\\\/\\\/loginfo24.com\\\/pt-pt\\\/2022\\\/06\\\/22\\\/first-mile-assessora-a-cidade-de-lahr-na-concepcao-da-logistica-urbana\\\/#primaryimage\"},\"thumbnailUrl\":\"https:\\\/\\\/loginfo24.com\\\/wp-content\\\/uploads\\\/sites\\\/7\\\/2025\\\/12\\\/FirstMile_22.6.22.jpg\",\"datePublished\":\"2022-06-22T15:19:42+00:00\",\"breadcrumb\":{\"@id\":\"https:\\\/\\\/loginfo24.com\\\/pt-pt\\\/2022\\\/06\\\/22\\\/first-mile-assessora-a-cidade-de-lahr-na-concepcao-da-logistica-urbana\\\/#breadcrumb\"},\"inLanguage\":\"pt-PT\",\"potentialAction\":[{\"@type\":\"ReadAction\",\"target\":[\"https:\\\/\\\/loginfo24.com\\\/pt-pt\\\/2022\\\/06\\\/22\\\/first-mile-assessora-a-cidade-de-lahr-na-concepcao-da-logistica-urbana\\\/\"]}]},{\"@type\":\"ImageObject\",\"inLanguage\":\"pt-PT\",\"@id\":\"https:\\\/\\\/loginfo24.com\\\/pt-pt\\\/2022\\\/06\\\/22\\\/first-mile-assessora-a-cidade-de-lahr-na-concepcao-da-logistica-urbana\\\/#primaryimage\",\"url\":\"https:\\\/\\\/loginfo24.com\\\/wp-content\\\/uploads\\\/sites\\\/7\\\/2025\\\/12\\\/FirstMile_22.6.22.jpg\",\"contentUrl\":\"https:\\\/\\\/loginfo24.com\\\/wp-content\\\/uploads\\\/sites\\\/7\\\/2025\\\/12\\\/FirstMile_22.6.22.jpg\",\"width\":1225,\"height\":762},{\"@type\":\"BreadcrumbList\",\"@id\":\"https:\\\/\\\/loginfo24.com\\\/pt-pt\\\/2022\\\/06\\\/22\\\/first-mile-assessora-a-cidade-de-lahr-na-concepcao-da-logistica-urbana\\\/#breadcrumb\",\"itemListElement\":[{\"@type\":\"ListItem\",\"position\":1,\"name\":\"Startseite\",\"item\":\"https:\\\/\\\/loginfo24.com\\\/pt-pt\\\/\"},{\"@type\":\"ListItem\",\"position\":2,\"name\":\"first mile assessora a cidade de Lahr na concep\u00e7\u00e3o da log\u00edstica urbana\"}]},{\"@type\":\"WebSite\",\"@id\":\"https:\\\/\\\/loginfo24.com\\\/pt-pt\\\/#website\",\"url\":\"https:\\\/\\\/loginfo24.com\\\/pt-pt\\\/\",\"name\":\"Loginfo24\",\"description\":\"Loginfo24 \u00e9 a plataforma dedicada \u00e0 log\u00edstica e \u00e0s cadeias de abastecimento, com informa\u00e7\u00f5es dispon\u00edveis 24 horas por dia.\",\"publisher\":{\"@id\":\"https:\\\/\\\/loginfo24.com\\\/pt-pt\\\/#organization\"},\"potentialAction\":[{\"@type\":\"SearchAction\",\"target\":{\"@type\":\"EntryPoint\",\"urlTemplate\":\"https:\\\/\\\/loginfo24.com\\\/pt-pt\\\/?s={search_term_string}\"},\"query-input\":{\"@type\":\"PropertyValueSpecification\",\"valueRequired\":true,\"valueName\":\"search_term_string\"}}],\"inLanguage\":\"pt-PT\"},{\"@type\":\"Organization\",\"@id\":\"https:\\\/\\\/loginfo24.com\\\/pt-pt\\\/#organization\",\"name\":\"Logismedia Group AG\",\"url\":\"https:\\\/\\\/loginfo24.com\\\/pt-pt\\\/\",\"logo\":{\"@type\":\"ImageObject\",\"inLanguage\":\"pt-PT\",\"@id\":\"https:\\\/\\\/loginfo24.com\\\/pt-pt\\\/#\\\/schema\\\/logo\\\/image\\\/\",\"url\":\"https:\\\/\\\/loginfo24.com\\\/wp-content\\\/uploads\\\/sites\\\/7\\\/2026\\\/01\\\/Logo_LogInfo24.png\",\"contentUrl\":\"https:\\\/\\\/loginfo24.com\\\/wp-content\\\/uploads\\\/sites\\\/7\\\/2026\\\/01\\\/Logo_LogInfo24.png\",\"width\":938,\"height\":351,\"caption\":\"Logismedia Group AG\"},\"image\":{\"@id\":\"https:\\\/\\\/loginfo24.com\\\/pt-pt\\\/#\\\/schema\\\/logo\\\/image\\\/\"},\"sameAs\":[\"https:\\\/\\\/www.facebook.com\\\/people\\\/Loginfo24\\\/100057360583332\\\/\",\"https:\\\/\\\/www.linkedin.com\\\/company\\\/lofinfo24\\\/\"]}]}<\/script>\n<!-- \/ Yoast SEO plugin. -->","yoast_head_json":{"title":"first mile assessora a cidade de Lahr na concep\u00e7\u00e3o da log\u00edstica urbana - Loginfo24","robots":{"index":"index","follow":"follow","max-snippet":"max-snippet:-1","max-image-preview":"max-image-preview:large","max-video-preview":"max-video-preview:-1"},"canonical":"https:\/\/loginfo24.com\/pt-pt\/2022\/06\/22\/first-mile-assessora-a-cidade-de-lahr-na-concepcao-da-logistica-urbana\/","og_locale":"pt_PT","og_type":"article","og_title":"first mile assessora a cidade de Lahr na concep\u00e7\u00e3o da log\u00edstica urbana - Loginfo24","og_description":"A cidade de Lahr\/Schwarzwald contratou a consultoria de log\u00edstica Last-Mile first mile de Hamburgo para desenvolver um conceito de log\u00edstica urbana. Os desafios cl\u00e1ssicos do tr\u00e1fego [\u2026]","og_url":"https:\/\/loginfo24.com\/pt-pt\/2022\/06\/22\/first-mile-assessora-a-cidade-de-lahr-na-concepcao-da-logistica-urbana\/","og_site_name":"Loginfo24","article_publisher":"https:\/\/www.facebook.com\/people\/Loginfo24\/100057360583332\/","article_published_time":"2022-06-22T15:19:42+00:00","og_image":[{"width":1225,"height":762,"url":"https:\/\/loginfo24.com\/wp-content\/uploads\/sites\/7\/2025\/12\/FirstMile_22.6.22.jpg","type":"image\/jpeg"}],"twitter_card":"summary_large_image","twitter_misc":{"Tempo estimado de leitura":"2 minutos"},"schema":{"@context":"https:\/\/schema.org","@graph":[{"@type":"Article","@id":"https:\/\/loginfo24.com\/pt-pt\/2022\/06\/22\/first-mile-assessora-a-cidade-de-lahr-na-concepcao-da-logistica-urbana\/#article","isPartOf":{"@id":"https:\/\/loginfo24.com\/pt-pt\/2022\/06\/22\/first-mile-assessora-a-cidade-de-lahr-na-concepcao-da-logistica-urbana\/"},"author":{"name":"","@id":""},"headline":"first mile assessora a cidade de Lahr na concep\u00e7\u00e3o da log\u00edstica urbana","datePublished":"2022-06-22T15:19:42+00:00","mainEntityOfPage":{"@id":"https:\/\/loginfo24.com\/pt-pt\/2022\/06\/22\/first-mile-assessora-a-cidade-de-lahr-na-concepcao-da-logistica-urbana\/"},"wordCount":413,"commentCount":0,"publisher":{"@id":"https:\/\/loginfo24.com\/pt-pt\/#organization"},"image":{"@id":"https:\/\/loginfo24.com\/pt-pt\/2022\/06\/22\/first-mile-assessora-a-cidade-de-lahr-na-concepcao-da-logistica-urbana\/#primaryimage"},"thumbnailUrl":"https:\/\/loginfo24.com\/wp-content\/uploads\/sites\/7\/2025\/12\/FirstMile_22.6.22.jpg","articleSection":["Categories","Forwarding &amp; Logistics","Intermodal \/ Road","Regions"],"inLanguage":"pt-PT","potentialAction":[{"@type":"CommentAction","name":"Comment","target":["https:\/\/loginfo24.com\/pt-pt\/2022\/06\/22\/first-mile-assessora-a-cidade-de-lahr-na-concepcao-da-logistica-urbana\/#respond"]}]},{"@type":"WebPage","@id":"https:\/\/loginfo24.com\/pt-pt\/2022\/06\/22\/first-mile-assessora-a-cidade-de-lahr-na-concepcao-da-logistica-urbana\/","url":"https:\/\/loginfo24.com\/pt-pt\/2022\/06\/22\/first-mile-assessora-a-cidade-de-lahr-na-concepcao-da-logistica-urbana\/","name":"first mile assessora a cidade de Lahr na concep\u00e7\u00e3o da log\u00edstica urbana - Loginfo24","isPartOf":{"@id":"https:\/\/loginfo24.com\/pt-pt\/#website"},"primaryImageOfPage":{"@id":"https:\/\/loginfo24.com\/pt-pt\/2022\/06\/22\/first-mile-assessora-a-cidade-de-lahr-na-concepcao-da-logistica-urbana\/#primaryimage"},"image":{"@id":"https:\/\/loginfo24.com\/pt-pt\/2022\/06\/22\/first-mile-assessora-a-cidade-de-lahr-na-concepcao-da-logistica-urbana\/#primaryimage"},"thumbnailUrl":"https:\/\/loginfo24.com\/wp-content\/uploads\/sites\/7\/2025\/12\/FirstMile_22.6.22.jpg","datePublished":"2022-06-22T15:19:42+00:00","breadcrumb":{"@id":"https:\/\/loginfo24.com\/pt-pt\/2022\/06\/22\/first-mile-assessora-a-cidade-de-lahr-na-concepcao-da-logistica-urbana\/#breadcrumb"},"inLanguage":"pt-PT","potentialAction":[{"@type":"ReadAction","target":["https:\/\/loginfo24.com\/pt-pt\/2022\/06\/22\/first-mile-assessora-a-cidade-de-lahr-na-concepcao-da-logistica-urbana\/"]}]},{"@type":"ImageObject","inLanguage":"pt-PT","@id":"https:\/\/loginfo24.com\/pt-pt\/2022\/06\/22\/first-mile-assessora-a-cidade-de-lahr-na-concepcao-da-logistica-urbana\/#primaryimage","url":"https:\/\/loginfo24.com\/wp-content\/uploads\/sites\/7\/2025\/12\/FirstMile_22.6.22.jpg","contentUrl":"https:\/\/loginfo24.com\/wp-content\/uploads\/sites\/7\/2025\/12\/FirstMile_22.6.22.jpg","width":1225,"height":762},{"@type":"BreadcrumbList","@id":"https:\/\/loginfo24.com\/pt-pt\/2022\/06\/22\/first-mile-assessora-a-cidade-de-lahr-na-concepcao-da-logistica-urbana\/#breadcrumb","itemListElement":[{"@type":"ListItem","position":1,"name":"Startseite","item":"https:\/\/loginfo24.com\/pt-pt\/"},{"@type":"ListItem","position":2,"name":"first mile assessora a cidade de Lahr na concep\u00e7\u00e3o da log\u00edstica urbana"}]},{"@type":"WebSite","@id":"https:\/\/loginfo24.com\/pt-pt\/#website","url":"https:\/\/loginfo24.com\/pt-pt\/","name":"Loginfo24","description":"Loginfo24 \u00e9 a plataforma dedicada \u00e0 log\u00edstica e \u00e0s cadeias de abastecimento, com informa\u00e7\u00f5es dispon\u00edveis 24 horas por dia.","publisher":{"@id":"https:\/\/loginfo24.com\/pt-pt\/#organization"},"potentialAction":[{"@type":"SearchAction","target":{"@type":"EntryPoint","urlTemplate":"https:\/\/loginfo24.com\/pt-pt\/?s={search_term_string}"},"query-input":{"@type":"PropertyValueSpecification","valueRequired":true,"valueName":"search_term_string"}}],"inLanguage":"pt-PT"},{"@type":"Organization","@id":"https:\/\/loginfo24.com\/pt-pt\/#organization","name":"Logismedia Group AG","url":"https:\/\/loginfo24.com\/pt-pt\/","logo":{"@type":"ImageObject","inLanguage":"pt-PT","@id":"https:\/\/loginfo24.com\/pt-pt\/#\/schema\/logo\/image\/","url":"https:\/\/loginfo24.com\/wp-content\/uploads\/sites\/7\/2026\/01\/Logo_LogInfo24.png","contentUrl":"https:\/\/loginfo24.com\/wp-content\/uploads\/sites\/7\/2026\/01\/Logo_LogInfo24.png","width":938,"height":351,"caption":"Logismedia Group AG"},"image":{"@id":"https:\/\/loginfo24.com\/pt-pt\/#\/schema\/logo\/image\/"},"sameAs":["https:\/\/www.facebook.com\/people\/Loginfo24\/100057360583332\/","https:\/\/www.linkedin.com\/company\/lofinfo24\/"]}]}},"_links":{"self":[{"href":"https:\/\/loginfo24.com\/pt-pt\/wp-json\/wp\/v2\/posts\/57076","targetHints":{"allow":["GET"]}}],"collection":[{"href":"https:\/\/loginfo24.com\/pt-pt\/wp-json\/wp\/v2\/posts"}],"about":[{"href":"https:\/\/loginfo24.com\/pt-pt\/wp-json\/wp\/v2\/types\/post"}],"replies":[{"embeddable":true,"href":"https:\/\/loginfo24.com\/pt-pt\/wp-json\/wp\/v2\/comments?post=57076"}],"version-history":[{"count":0,"href":"https:\/\/loginfo24.com\/pt-pt\/wp-json\/wp\/v2\/posts\/57076\/revisions"}],"wp:featuredmedia":[{"embeddable":true,"href":"https:\/\/loginfo24.com\/pt-pt\/wp-json\/wp\/v2\/media\/9983"}],"wp:attachment":[{"href":"https:\/\/loginfo24.com\/pt-pt\/wp-json\/wp\/v2\/media?parent=57076"}],"wp:term":[{"taxonomy":"category","embeddable":true,"href":"https:\/\/loginfo24.com\/pt-pt\/wp-json\/wp\/v2\/categories?post=57076"},{"taxonomy":"post_tag","embeddable":true,"href":"https:\/\/loginfo24.com\/pt-pt\/wp-json\/wp\/v2\/tags?post=57076"}],"curies":[{"name":"wp","href":"https:\/\/api.w.org\/{rel}","templated":true}]}}