{"id":56737,"date":"2022-06-02T14:20:58","date_gmt":"2022-06-02T12:20:58","guid":{"rendered":"https:\/\/blog.brand-architecture.at\/2022\/06\/02\/cargo-sous-terrain-inicia-a-implementacao\/"},"modified":"2022-06-02T14:20:58","modified_gmt":"2022-06-02T12:20:58","slug":"cargo-sous-terrain-inicia-a-implementacao","status":"publish","type":"post","link":"https:\/\/loginfo24.com\/pt-pt\/2022\/06\/02\/cargo-sous-terrain-inicia-a-implementacao\/","title":{"rendered":"Cargo sous terrain inicia a implementa\u00e7\u00e3o"},"content":{"rendered":"<h5><strong>Al\u00e9m dos passos concretos de planejamento para o primeiro trecho, que ser\u00e1 inaugurado em 2031, a Cargo sous terrain (CST), em colabora\u00e7\u00e3o com cidades e cant\u00f5es, est\u00e1 criando as condi\u00e7\u00f5es para a rede em toda a Su\u00ed\u00e7a. No leste e no oeste da Su\u00ed\u00e7a, a CST conseguiu fortalecer a base para a realiza\u00e7\u00e3o nos \u00faltimos meses, alcan\u00e7ando os primeiros marcos na regi\u00e3o de Zurique.<\/strong><\/h5>\n<p>Com a decis\u00e3o positiva do parlamento no final de 2021, os recursos dos investidores da CST se tornaram dispon\u00edveis para a fase de autoriza\u00e7\u00e3o de constru\u00e7\u00e3o. Esta fase inclui a prepara\u00e7\u00e3o dos procedimentos de autoriza\u00e7\u00e3o necess\u00e1rios nos cant\u00f5es ao longo do primeiro trecho do t\u00fanel. Nos cant\u00f5es de Aargau, Solothurn e Zurique, os procedimentos de planejamento come\u00e7am no final de 2022, formando a base para a CST. No est\u00e1gio atual, a CST est\u00e1 examinando locais adequados para hubs ao longo do primeiro trecho de H\u00e4rkingen at\u00e9 o Aeroporto de Zurique. Em todos os locais, a CST est\u00e1 avaliando a acessibilidade de transporte e realizando investiga\u00e7\u00f5es geol\u00f3gicas. O objetivo \u00e9 a integra\u00e7\u00e3o cuidadosa na paisagem e nas \u00e1reas urbanas. A CST oferece a oportunidade de realizar marcos arquitet\u00f4nicos e reduzir o tr\u00e1fego de superf\u00edcie. Paralelamente ao planejamento do primeiro trecho, a CST est\u00e1 trabalhando na expans\u00e3o para a rede em toda a Su\u00ed\u00e7a at\u00e9 2045. Nos \u00faltimos meses, a CST conseguiu alcan\u00e7ar importantes metas em v\u00e1rios cant\u00f5es.<\/p>\n<h5><strong>O leste da Su\u00ed\u00e7a quer uma conex\u00e3o r\u00e1pida com a CST<\/strong><\/h5>\n<p>Juntamente com os cant\u00f5es de St. Gallen e Thurgau, a CST realizou uma an\u00e1lise de potencial que examinou a viabilidade do transporte de carga subterr\u00e2neo entre Zurique e o leste da Su\u00ed\u00e7a com base nas quantidades de mercadorias. Foi demonstrado que a extens\u00e3o da rede at\u00e9 St. Gallen \u00e9 promissora do ponto de vista t\u00e9cnico e econ\u00f4mico. Com base nos resultados, agora ser\u00e3o realizadas investiga\u00e7\u00f5es mais aprofundadas em poss\u00edveis locais de hub. Os cant\u00f5es de St. Gallen e Thurgau est\u00e3o satisfeitos com os resultados positivos e buscam uma conex\u00e3o o mais r\u00e1pida poss\u00edvel com o sistema inovador.<\/p>\n<h5><strong>Potenciais promissores na Romandia<\/strong><\/h5>\n<p>Um estudo de viabilidade em colabora\u00e7\u00e3o com os cant\u00f5es de Vaud e Genebra tamb\u00e9m confirmou a viabilidade econ\u00f4mica de uma conex\u00e3o com a rede CST na Romandia. A transfer\u00eancia parcial do transporte rodovi\u00e1rio de carga para o subsolo traz tamb\u00e9m grandes benef\u00edcios ecol\u00f3gicos na regi\u00e3o do Lago de Genebra. No total, resulta em uma melhoria da qualidade de vida e da sa\u00fade p\u00fablica na regi\u00e3o. Assim como no leste da Su\u00ed\u00e7a, os cant\u00f5es e a CST agora realizar\u00e3o mais estudos sobre a conex\u00e3o com a CST, concretizando os benef\u00edcios e a viabilidade pr\u00e1tica.<\/p>\n<h5><strong>Zurique: al\u00edvio do tr\u00e1fego na cidade e no aeroporto<\/strong><\/h5>\n<p>Com a Flughafen Z\u00fcrich AG (FZAG), que est\u00e1 envolvida na CST desde 2019, a CST AG assinou recentemente um &#8220;Memorando de Entendimento&#8221;. A CST AG e a FZAG j\u00e1 pretendem conectar o aeroporto com o primeiro trecho. Isso resultar\u00e1 em um al\u00edvio das estradas de acesso, ao mesmo tempo em que gerencia os fluxos log\u00edsticos no aeroporto. Estruturalmente, isso ser\u00e1 feito com um desvio a partir do t\u00fanel principal. A CST garante t\u00faneis e elevadores verticais, enquanto a FZAG constr\u00f3i o pr\u00f3prio edif\u00edcio do terminal log\u00edstico. Na cidade de Zurique, a CST apoia as autoridades municipais em um projeto piloto para o dep\u00f3sito e coleta de pacotes. A &#8220;Sal\u00fcBox&#8221; deve consolidar o crescente tr\u00e1fego de entrega de pacotes e aliviar os bairros residenciais do tr\u00e1fego de entrega. Assim, representa um complemento e uma alternativa \u00e0 caixa de leite atual. O com\u00e9rcio local e o varejo tamb\u00e9m podem usar a Sal\u00fcBox para deixar mercadorias. A cidade de Zurique testar\u00e1 o conceito com a CST como parceira de implementa\u00e7\u00e3o a partir do outono em quatro locais na \u00e1rea urbana. Esta parceria faz parte das atividades da log\u00edstica urbana da CST, para reduzir o tr\u00e1fego urbano e as emiss\u00f5es de poluentes mesmo antes da opera\u00e7\u00e3o do t\u00fanel, o que melhora a qualidade de vida para todos.<\/p>\n<p>Foto: \u00a9 Cargo sous terrain AG<\/p>\n","protected":false},"excerpt":{"rendered":"<p>Al\u00e9m dos passos concretos de planejamento para o primeiro trecho, que ser\u00e1 inaugurado em 2031, a Cargo sous terrain (CST), em colabora\u00e7\u00e3o com cidades e cant\u00f5es,<span class=\"excerpt-hellip\"> [\u2026]<\/span><\/p>\n","protected":false},"author":0,"featured_media":10121,"comment_status":"open","ping_status":"open","sticky":false,"template":"","format":"standard","meta":{"_acf_changed":false,"footnotes":""},"categories":[1665,1557,1561],"tags":[],"class_list":["post-56737","post","type-post","status-publish","format-standard","has-post-thumbnail","hentry","category-categories","category-forwarding-logistics","category-regions"],"acf":[],"yoast_head":"<!-- This site is optimized with the Yoast SEO plugin v27.3 - https:\/\/yoast.com\/product\/yoast-seo-wordpress\/ -->\n<title>Cargo sous terrain inicia a implementa\u00e7\u00e3o - Loginfo24<\/title>\n<meta name=\"robots\" content=\"index, follow, max-snippet:-1, max-image-preview:large, max-video-preview:-1\" \/>\n<link rel=\"canonical\" href=\"https:\/\/loginfo24.com\/pt-pt\/2022\/06\/02\/cargo-sous-terrain-inicia-a-implementacao\/\" \/>\n<meta property=\"og:locale\" content=\"pt_PT\" \/>\n<meta property=\"og:type\" content=\"article\" \/>\n<meta property=\"og:title\" content=\"Cargo sous terrain inicia a implementa\u00e7\u00e3o - Loginfo24\" \/>\n<meta property=\"og:description\" content=\"Al\u00e9m dos passos concretos de planejamento para o primeiro trecho, que ser\u00e1 inaugurado em 2031, a Cargo sous terrain (CST), em colabora\u00e7\u00e3o com cidades e cant\u00f5es, [\u2026]\" \/>\n<meta property=\"og:url\" content=\"https:\/\/loginfo24.com\/pt-pt\/2022\/06\/02\/cargo-sous-terrain-inicia-a-implementacao\/\" \/>\n<meta property=\"og:site_name\" content=\"Loginfo24\" \/>\n<meta property=\"article:publisher\" content=\"https:\/\/www.facebook.com\/people\/Loginfo24\/100057360583332\/\" \/>\n<meta property=\"article:published_time\" content=\"2022-06-02T12:20:58+00:00\" \/>\n<meta property=\"og:image\" content=\"https:\/\/loginfo24.com\/wp-content\/uploads\/sites\/7\/2025\/12\/CST_03.06.2022.jpg\" \/>\n\t<meta property=\"og:image:width\" content=\"1454\" \/>\n\t<meta property=\"og:image:height\" content=\"884\" \/>\n\t<meta property=\"og:image:type\" content=\"image\/jpeg\" \/>\n<meta name=\"twitter:card\" content=\"summary_large_image\" \/>\n<meta name=\"twitter:label1\" content=\"Tempo estimado de leitura\" \/>\n\t<meta name=\"twitter:data1\" content=\"4 minutos\" \/>\n<script type=\"application\/ld+json\" class=\"yoast-schema-graph\">{\"@context\":\"https:\\\/\\\/schema.org\",\"@graph\":[{\"@type\":\"Article\",\"@id\":\"https:\\\/\\\/loginfo24.com\\\/pt-pt\\\/2022\\\/06\\\/02\\\/cargo-sous-terrain-inicia-a-implementacao\\\/#article\",\"isPartOf\":{\"@id\":\"https:\\\/\\\/loginfo24.com\\\/pt-pt\\\/2022\\\/06\\\/02\\\/cargo-sous-terrain-inicia-a-implementacao\\\/\"},\"author\":{\"name\":\"\",\"@id\":\"\"},\"headline\":\"Cargo sous terrain inicia a implementa\u00e7\u00e3o\",\"datePublished\":\"2022-06-02T12:20:58+00:00\",\"mainEntityOfPage\":{\"@id\":\"https:\\\/\\\/loginfo24.com\\\/pt-pt\\\/2022\\\/06\\\/02\\\/cargo-sous-terrain-inicia-a-implementacao\\\/\"},\"wordCount\":756,\"commentCount\":0,\"publisher\":{\"@id\":\"https:\\\/\\\/loginfo24.com\\\/pt-pt\\\/#organization\"},\"image\":{\"@id\":\"https:\\\/\\\/loginfo24.com\\\/pt-pt\\\/2022\\\/06\\\/02\\\/cargo-sous-terrain-inicia-a-implementacao\\\/#primaryimage\"},\"thumbnailUrl\":\"https:\\\/\\\/loginfo24.com\\\/wp-content\\\/uploads\\\/sites\\\/7\\\/2025\\\/12\\\/CST_03.06.2022.jpg\",\"articleSection\":[\"Categories\",\"Forwarding &amp; Logistics\",\"Regions\"],\"inLanguage\":\"pt-PT\",\"potentialAction\":[{\"@type\":\"CommentAction\",\"name\":\"Comment\",\"target\":[\"https:\\\/\\\/loginfo24.com\\\/pt-pt\\\/2022\\\/06\\\/02\\\/cargo-sous-terrain-inicia-a-implementacao\\\/#respond\"]}]},{\"@type\":\"WebPage\",\"@id\":\"https:\\\/\\\/loginfo24.com\\\/pt-pt\\\/2022\\\/06\\\/02\\\/cargo-sous-terrain-inicia-a-implementacao\\\/\",\"url\":\"https:\\\/\\\/loginfo24.com\\\/pt-pt\\\/2022\\\/06\\\/02\\\/cargo-sous-terrain-inicia-a-implementacao\\\/\",\"name\":\"Cargo sous terrain inicia a implementa\u00e7\u00e3o - Loginfo24\",\"isPartOf\":{\"@id\":\"https:\\\/\\\/loginfo24.com\\\/pt-pt\\\/#website\"},\"primaryImageOfPage\":{\"@id\":\"https:\\\/\\\/loginfo24.com\\\/pt-pt\\\/2022\\\/06\\\/02\\\/cargo-sous-terrain-inicia-a-implementacao\\\/#primaryimage\"},\"image\":{\"@id\":\"https:\\\/\\\/loginfo24.com\\\/pt-pt\\\/2022\\\/06\\\/02\\\/cargo-sous-terrain-inicia-a-implementacao\\\/#primaryimage\"},\"thumbnailUrl\":\"https:\\\/\\\/loginfo24.com\\\/wp-content\\\/uploads\\\/sites\\\/7\\\/2025\\\/12\\\/CST_03.06.2022.jpg\",\"datePublished\":\"2022-06-02T12:20:58+00:00\",\"breadcrumb\":{\"@id\":\"https:\\\/\\\/loginfo24.com\\\/pt-pt\\\/2022\\\/06\\\/02\\\/cargo-sous-terrain-inicia-a-implementacao\\\/#breadcrumb\"},\"inLanguage\":\"pt-PT\",\"potentialAction\":[{\"@type\":\"ReadAction\",\"target\":[\"https:\\\/\\\/loginfo24.com\\\/pt-pt\\\/2022\\\/06\\\/02\\\/cargo-sous-terrain-inicia-a-implementacao\\\/\"]}]},{\"@type\":\"ImageObject\",\"inLanguage\":\"pt-PT\",\"@id\":\"https:\\\/\\\/loginfo24.com\\\/pt-pt\\\/2022\\\/06\\\/02\\\/cargo-sous-terrain-inicia-a-implementacao\\\/#primaryimage\",\"url\":\"https:\\\/\\\/loginfo24.com\\\/wp-content\\\/uploads\\\/sites\\\/7\\\/2025\\\/12\\\/CST_03.06.2022.jpg\",\"contentUrl\":\"https:\\\/\\\/loginfo24.com\\\/wp-content\\\/uploads\\\/sites\\\/7\\\/2025\\\/12\\\/CST_03.06.2022.jpg\",\"width\":1454,\"height\":884},{\"@type\":\"BreadcrumbList\",\"@id\":\"https:\\\/\\\/loginfo24.com\\\/pt-pt\\\/2022\\\/06\\\/02\\\/cargo-sous-terrain-inicia-a-implementacao\\\/#breadcrumb\",\"itemListElement\":[{\"@type\":\"ListItem\",\"position\":1,\"name\":\"Startseite\",\"item\":\"https:\\\/\\\/loginfo24.com\\\/pt-pt\\\/\"},{\"@type\":\"ListItem\",\"position\":2,\"name\":\"Cargo sous terrain inicia a implementa\u00e7\u00e3o\"}]},{\"@type\":\"WebSite\",\"@id\":\"https:\\\/\\\/loginfo24.com\\\/pt-pt\\\/#website\",\"url\":\"https:\\\/\\\/loginfo24.com\\\/pt-pt\\\/\",\"name\":\"Loginfo24\",\"description\":\"Loginfo24 \u00e9 a plataforma dedicada \u00e0 log\u00edstica e \u00e0s cadeias de abastecimento, com informa\u00e7\u00f5es dispon\u00edveis 24 horas por dia.\",\"publisher\":{\"@id\":\"https:\\\/\\\/loginfo24.com\\\/pt-pt\\\/#organization\"},\"potentialAction\":[{\"@type\":\"SearchAction\",\"target\":{\"@type\":\"EntryPoint\",\"urlTemplate\":\"https:\\\/\\\/loginfo24.com\\\/pt-pt\\\/?s={search_term_string}\"},\"query-input\":{\"@type\":\"PropertyValueSpecification\",\"valueRequired\":true,\"valueName\":\"search_term_string\"}}],\"inLanguage\":\"pt-PT\"},{\"@type\":\"Organization\",\"@id\":\"https:\\\/\\\/loginfo24.com\\\/pt-pt\\\/#organization\",\"name\":\"Logismedia Group AG\",\"url\":\"https:\\\/\\\/loginfo24.com\\\/pt-pt\\\/\",\"logo\":{\"@type\":\"ImageObject\",\"inLanguage\":\"pt-PT\",\"@id\":\"https:\\\/\\\/loginfo24.com\\\/pt-pt\\\/#\\\/schema\\\/logo\\\/image\\\/\",\"url\":\"https:\\\/\\\/loginfo24.com\\\/wp-content\\\/uploads\\\/sites\\\/7\\\/2026\\\/01\\\/Logo_LogInfo24.png\",\"contentUrl\":\"https:\\\/\\\/loginfo24.com\\\/wp-content\\\/uploads\\\/sites\\\/7\\\/2026\\\/01\\\/Logo_LogInfo24.png\",\"width\":938,\"height\":351,\"caption\":\"Logismedia Group AG\"},\"image\":{\"@id\":\"https:\\\/\\\/loginfo24.com\\\/pt-pt\\\/#\\\/schema\\\/logo\\\/image\\\/\"},\"sameAs\":[\"https:\\\/\\\/www.facebook.com\\\/people\\\/Loginfo24\\\/100057360583332\\\/\",\"https:\\\/\\\/www.linkedin.com\\\/company\\\/lofinfo24\\\/\"]}]}<\/script>\n<!-- \/ Yoast SEO plugin. -->","yoast_head_json":{"title":"Cargo sous terrain inicia a implementa\u00e7\u00e3o - Loginfo24","robots":{"index":"index","follow":"follow","max-snippet":"max-snippet:-1","max-image-preview":"max-image-preview:large","max-video-preview":"max-video-preview:-1"},"canonical":"https:\/\/loginfo24.com\/pt-pt\/2022\/06\/02\/cargo-sous-terrain-inicia-a-implementacao\/","og_locale":"pt_PT","og_type":"article","og_title":"Cargo sous terrain inicia a implementa\u00e7\u00e3o - Loginfo24","og_description":"Al\u00e9m dos passos concretos de planejamento para o primeiro trecho, que ser\u00e1 inaugurado em 2031, a Cargo sous terrain (CST), em colabora\u00e7\u00e3o com cidades e cant\u00f5es, [\u2026]","og_url":"https:\/\/loginfo24.com\/pt-pt\/2022\/06\/02\/cargo-sous-terrain-inicia-a-implementacao\/","og_site_name":"Loginfo24","article_publisher":"https:\/\/www.facebook.com\/people\/Loginfo24\/100057360583332\/","article_published_time":"2022-06-02T12:20:58+00:00","og_image":[{"width":1454,"height":884,"url":"https:\/\/loginfo24.com\/wp-content\/uploads\/sites\/7\/2025\/12\/CST_03.06.2022.jpg","type":"image\/jpeg"}],"twitter_card":"summary_large_image","twitter_misc":{"Tempo estimado de leitura":"4 minutos"},"schema":{"@context":"https:\/\/schema.org","@graph":[{"@type":"Article","@id":"https:\/\/loginfo24.com\/pt-pt\/2022\/06\/02\/cargo-sous-terrain-inicia-a-implementacao\/#article","isPartOf":{"@id":"https:\/\/loginfo24.com\/pt-pt\/2022\/06\/02\/cargo-sous-terrain-inicia-a-implementacao\/"},"author":{"name":"","@id":""},"headline":"Cargo sous terrain inicia a implementa\u00e7\u00e3o","datePublished":"2022-06-02T12:20:58+00:00","mainEntityOfPage":{"@id":"https:\/\/loginfo24.com\/pt-pt\/2022\/06\/02\/cargo-sous-terrain-inicia-a-implementacao\/"},"wordCount":756,"commentCount":0,"publisher":{"@id":"https:\/\/loginfo24.com\/pt-pt\/#organization"},"image":{"@id":"https:\/\/loginfo24.com\/pt-pt\/2022\/06\/02\/cargo-sous-terrain-inicia-a-implementacao\/#primaryimage"},"thumbnailUrl":"https:\/\/loginfo24.com\/wp-content\/uploads\/sites\/7\/2025\/12\/CST_03.06.2022.jpg","articleSection":["Categories","Forwarding &amp; Logistics","Regions"],"inLanguage":"pt-PT","potentialAction":[{"@type":"CommentAction","name":"Comment","target":["https:\/\/loginfo24.com\/pt-pt\/2022\/06\/02\/cargo-sous-terrain-inicia-a-implementacao\/#respond"]}]},{"@type":"WebPage","@id":"https:\/\/loginfo24.com\/pt-pt\/2022\/06\/02\/cargo-sous-terrain-inicia-a-implementacao\/","url":"https:\/\/loginfo24.com\/pt-pt\/2022\/06\/02\/cargo-sous-terrain-inicia-a-implementacao\/","name":"Cargo sous terrain inicia a implementa\u00e7\u00e3o - Loginfo24","isPartOf":{"@id":"https:\/\/loginfo24.com\/pt-pt\/#website"},"primaryImageOfPage":{"@id":"https:\/\/loginfo24.com\/pt-pt\/2022\/06\/02\/cargo-sous-terrain-inicia-a-implementacao\/#primaryimage"},"image":{"@id":"https:\/\/loginfo24.com\/pt-pt\/2022\/06\/02\/cargo-sous-terrain-inicia-a-implementacao\/#primaryimage"},"thumbnailUrl":"https:\/\/loginfo24.com\/wp-content\/uploads\/sites\/7\/2025\/12\/CST_03.06.2022.jpg","datePublished":"2022-06-02T12:20:58+00:00","breadcrumb":{"@id":"https:\/\/loginfo24.com\/pt-pt\/2022\/06\/02\/cargo-sous-terrain-inicia-a-implementacao\/#breadcrumb"},"inLanguage":"pt-PT","potentialAction":[{"@type":"ReadAction","target":["https:\/\/loginfo24.com\/pt-pt\/2022\/06\/02\/cargo-sous-terrain-inicia-a-implementacao\/"]}]},{"@type":"ImageObject","inLanguage":"pt-PT","@id":"https:\/\/loginfo24.com\/pt-pt\/2022\/06\/02\/cargo-sous-terrain-inicia-a-implementacao\/#primaryimage","url":"https:\/\/loginfo24.com\/wp-content\/uploads\/sites\/7\/2025\/12\/CST_03.06.2022.jpg","contentUrl":"https:\/\/loginfo24.com\/wp-content\/uploads\/sites\/7\/2025\/12\/CST_03.06.2022.jpg","width":1454,"height":884},{"@type":"BreadcrumbList","@id":"https:\/\/loginfo24.com\/pt-pt\/2022\/06\/02\/cargo-sous-terrain-inicia-a-implementacao\/#breadcrumb","itemListElement":[{"@type":"ListItem","position":1,"name":"Startseite","item":"https:\/\/loginfo24.com\/pt-pt\/"},{"@type":"ListItem","position":2,"name":"Cargo sous terrain inicia a implementa\u00e7\u00e3o"}]},{"@type":"WebSite","@id":"https:\/\/loginfo24.com\/pt-pt\/#website","url":"https:\/\/loginfo24.com\/pt-pt\/","name":"Loginfo24","description":"Loginfo24 \u00e9 a plataforma dedicada \u00e0 log\u00edstica e \u00e0s cadeias de abastecimento, com informa\u00e7\u00f5es dispon\u00edveis 24 horas por dia.","publisher":{"@id":"https:\/\/loginfo24.com\/pt-pt\/#organization"},"potentialAction":[{"@type":"SearchAction","target":{"@type":"EntryPoint","urlTemplate":"https:\/\/loginfo24.com\/pt-pt\/?s={search_term_string}"},"query-input":{"@type":"PropertyValueSpecification","valueRequired":true,"valueName":"search_term_string"}}],"inLanguage":"pt-PT"},{"@type":"Organization","@id":"https:\/\/loginfo24.com\/pt-pt\/#organization","name":"Logismedia Group AG","url":"https:\/\/loginfo24.com\/pt-pt\/","logo":{"@type":"ImageObject","inLanguage":"pt-PT","@id":"https:\/\/loginfo24.com\/pt-pt\/#\/schema\/logo\/image\/","url":"https:\/\/loginfo24.com\/wp-content\/uploads\/sites\/7\/2026\/01\/Logo_LogInfo24.png","contentUrl":"https:\/\/loginfo24.com\/wp-content\/uploads\/sites\/7\/2026\/01\/Logo_LogInfo24.png","width":938,"height":351,"caption":"Logismedia Group AG"},"image":{"@id":"https:\/\/loginfo24.com\/pt-pt\/#\/schema\/logo\/image\/"},"sameAs":["https:\/\/www.facebook.com\/people\/Loginfo24\/100057360583332\/","https:\/\/www.linkedin.com\/company\/lofinfo24\/"]}]}},"_links":{"self":[{"href":"https:\/\/loginfo24.com\/pt-pt\/wp-json\/wp\/v2\/posts\/56737","targetHints":{"allow":["GET"]}}],"collection":[{"href":"https:\/\/loginfo24.com\/pt-pt\/wp-json\/wp\/v2\/posts"}],"about":[{"href":"https:\/\/loginfo24.com\/pt-pt\/wp-json\/wp\/v2\/types\/post"}],"replies":[{"embeddable":true,"href":"https:\/\/loginfo24.com\/pt-pt\/wp-json\/wp\/v2\/comments?post=56737"}],"version-history":[{"count":0,"href":"https:\/\/loginfo24.com\/pt-pt\/wp-json\/wp\/v2\/posts\/56737\/revisions"}],"wp:featuredmedia":[{"embeddable":true,"href":"https:\/\/loginfo24.com\/pt-pt\/wp-json\/wp\/v2\/media\/10121"}],"wp:attachment":[{"href":"https:\/\/loginfo24.com\/pt-pt\/wp-json\/wp\/v2\/media?parent=56737"}],"wp:term":[{"taxonomy":"category","embeddable":true,"href":"https:\/\/loginfo24.com\/pt-pt\/wp-json\/wp\/v2\/categories?post=56737"},{"taxonomy":"post_tag","embeddable":true,"href":"https:\/\/loginfo24.com\/pt-pt\/wp-json\/wp\/v2\/tags?post=56737"}],"curies":[{"name":"wp","href":"https:\/\/api.w.org\/{rel}","templated":true}]}}