{"id":56654,"date":"2022-05-31T17:10:44","date_gmt":"2022-05-31T15:10:44","guid":{"rendered":"https:\/\/blog.brand-architecture.at\/2022\/05\/31\/a-estreia-mundial-do-armazem-compacto-powercube-da-jungheinrich\/"},"modified":"2022-05-31T17:10:44","modified_gmt":"2022-05-31T15:10:44","slug":"a-estreia-mundial-do-armazem-compacto-powercube-da-jungheinrich","status":"publish","type":"post","link":"https:\/\/loginfo24.com\/pt-pt\/2022\/05\/31\/a-estreia-mundial-do-armazem-compacto-powercube-da-jungheinrich\/","title":{"rendered":"A estreia mundial do armaz\u00e9m compacto PowerCube da Jungheinrich"},"content":{"rendered":"<p><strong>A Jungheinrich apresenta na LogiMAT 2022 o armaz\u00e9m compacto automatizado PowerCube, abrindo assim uma nova dimens\u00e3o de efici\u00eancia no armaz\u00e9m. O PowerCube impressiona pela utiliza\u00e7\u00e3o \u00fanica do espa\u00e7o, m\u00e1xima flexibilidade, forte desempenho e f\u00e1cil integra\u00e7\u00e3o f\u00edsica e digital em armaz\u00e9ns existentes. A inova\u00e7\u00e3o da Jungheinrich estabelece novos padr\u00f5es no campo dos sistemas de armazenamento automatizados.<\/strong> <\/p>\n<p>(Estugarda) O PowerCube \u00e9 um armaz\u00e9m compacto automatizado para o armazenamento e separa\u00e7\u00e3o especialmente compactos de pequenas pe\u00e7as e carga unit\u00e1ria. Os recipientes s\u00e3o empilhados em canais verticais at\u00e9 12 m de altura no sistema de prateleiras modular do PowerCube. Esta altura do sistema permite um armazenamento de recipientes especialmente eficiente em termos de espa\u00e7o em uma \u00e1rea reduzida. O armazenamento e a remo\u00e7\u00e3o dos recipientes s\u00e3o realizados por shuttles PowerCube especialmente desenvolvidos, que se movem automaticamente sob o sistema de prateleiras. Atrav\u00e9s deste princ\u00edpio, o PowerCube oferece em compara\u00e7\u00e3o com outros armaz\u00e9ns compactos a vantagem decisiva de que o armaz\u00e9m pode ser constru\u00eddo de forma flex\u00edvel para cima e tamb\u00e9m pode ser adaptado a formas de telhado individuais.<\/p>\n<p>Para Christian Erlach, membro do conselho de vendas da Jungheinrich, o PowerCube \u00e9 a resposta adequada a uma s\u00e9rie de desafios atuais na intralog\u00edstica: &#8220;As empresas est\u00e3o sob press\u00e3o de tempo cada vez maior ou atingem limites de capacidade em seus armaz\u00e9ns. O PowerCube \u00e9 a solu\u00e7\u00e3o perfeita para aumentar significativamente a efici\u00eancia no armaz\u00e9m nessas condi\u00e7\u00f5es e melhorar a competitividade. Devido \u00e0 sua extrema compacta\u00e7\u00e3o e alto desempenho, o PowerCube transforma espa\u00e7o e tempo no armaz\u00e9m.&#8221; O PowerCube \u00e9 uma solu\u00e7\u00e3o ideal para clientes que planejam entrar na automa\u00e7\u00e3o ou para uso em diversos setores no com\u00e9rcio eletr\u00f4nico. &#8220;Seja como uma solu\u00e7\u00e3o independente, complemento para armaz\u00e9ns de corredor largo ou como o cora\u00e7\u00e3o de uma instala\u00e7\u00e3o automatizada complexa \u2013 com o PowerCube, nossos clientes podem aproveitar totalmente o potencial de seus armaz\u00e9ns&#8221;, diz Erlach.<\/p>\n<h5><strong>Utiliza\u00e7\u00e3o \u00fanica do espa\u00e7o e alta densidade de armazenamento<\/strong><\/h5>\n<p>Atrav\u00e9s da disposi\u00e7\u00e3o vertical ultracompacta dos recipientes, o PowerCube utiliza o espa\u00e7o de armazenamento de forma ideal e alcan\u00e7a uma densidade de armazenamento quatro vezes maior do que uma prateleira convencional. A altura do sistema de at\u00e9 12 m torna o PowerCube o armaz\u00e9m compacto mais alto de sua classe. Isso cria espa\u00e7o no armaz\u00e9m que pode ser utilizado para uma amplia\u00e7\u00e3o da gama de produtos ou para outros fins. Tamb\u00e9m em termos de flexibilidade, o PowerCube da Jungheinrich \u00e9 \u00fanico no mercado. O armaz\u00e9m compacto automatizado pode ser constru\u00eddo em pisos industriais normais sem necessidade de trabalhos de prepara\u00e7\u00e3o complicados, como fresagem e lixamento, e, portanto, pode ser facilmente integrado em armaz\u00e9ns existentes. Como os shuttles se movem sob os recipientes, o PowerCube pode ser facilmente expandido para cima e adaptado a diferentes estruturas de edif\u00edcios. Se necess\u00e1rio, ele tamb\u00e9m pode ser conectado a uma tecnologia de transporte planejada individualmente.<\/p>\n<h5><strong>Desempenho forte dos shuttles<\/strong><\/h5>\n<p>Os shuttles PowerCube rec\u00e9m-desenvolvidos movem-se a uma velocidade m\u00e1xima de 4 m\/s e uma acelera\u00e7\u00e3o de at\u00e9 2 m\/s\u00b2. Eles podem transportar simultaneamente dois recipientes com 50 kg de carga cada dentro do PowerCube. Os shuttles s\u00e3o capazes de se mover automaticamente no n\u00edvel abaixo da prateleira do PowerCube. Gra\u00e7as ao n\u00famero escal\u00e1vel de shuttles, a capacidade do PowerCube pode ser ajustada de forma flex\u00edvel em caso de aumento da demanda ou amplia\u00e7\u00e3o da gama de produtos. Gra\u00e7as \u00e0s suas baterias de \u00edon de l\u00edtio de alto desempenho, que s\u00e3o recarregadas durante a opera\u00e7\u00e3o em esta\u00e7\u00f5es de trabalho, os shuttles est\u00e3o prontos para uso 24 horas por dia, sem tempos de inatividade. Isso garante uma alta capacidade do sistema e torna as baterias um motivo importante para o forte desempenho do PowerCube. As baterias de \u00edon de l\u00edtio dos shuttles tamb\u00e9m se destacam pelo seu baixo desenvolvimento de calor e pelo consequente baixo impacto na temperatura ambiente dentro do armaz\u00e9m compacto. Outro ponto positivo: como os shuttles podem ser retirados do PowerCube para manuten\u00e7\u00e3o ao n\u00edvel do solo, n\u00e3o \u00e9 necess\u00e1ria uma plataforma de manuten\u00e7\u00e3o, ao contr\u00e1rio dos sistemas concorrentes.<\/p>\n<h5><strong>Integra\u00e7\u00e3o de TI inteligente para desempenho m\u00e1ximo<\/strong><\/h5>\n<p>A Jungheinrich combina no PowerCube processos eficientes e hardware inovador por meio de uma tecnologia de software de ponta. As vantagens incluem, por exemplo, a f\u00e1cil conex\u00e3o \u00e0 infraestrutura de TI existente do cliente, bem como o design do software para m\u00e1xima flexibilidade em rela\u00e7\u00e3o \u00e0s exig\u00eancias de processo e desempenho. A Jungheinrich apresenta com o PowerCube uma abordagem integrada e hol\u00edstica para o futuro do armazenamento compacto de recipientes e cumpre sua promessa de uma nova dimens\u00e3o de efici\u00eancia no armaz\u00e9m.<\/p>\n<p>Foto: \u00a9 Jungheinrich<\/p>\n","protected":false},"excerpt":{"rendered":"<p>A Jungheinrich apresenta na LogiMAT 2022 o armaz\u00e9m compacto automatizado PowerCube, abrindo assim uma nova dimens\u00e3o de efici\u00eancia no armaz\u00e9m. O PowerCube impressiona pela utiliza\u00e7\u00e3o \u00fanica<span class=\"excerpt-hellip\"> [\u2026]<\/span><\/p>\n","protected":false},"author":0,"featured_media":10154,"comment_status":"open","ping_status":"open","sticky":false,"template":"","format":"standard","meta":{"_acf_changed":false,"footnotes":""},"categories":[1665,1557,1560,1561],"tags":[],"class_list":["post-56654","post","type-post","status-publish","format-standard","has-post-thumbnail","hentry","category-categories","category-forwarding-logistics","category-intralogistics","category-regions"],"acf":[],"yoast_head":"<!-- This site is optimized with the Yoast SEO plugin v27.3 - https:\/\/yoast.com\/product\/yoast-seo-wordpress\/ -->\n<title>A estreia mundial do armaz\u00e9m compacto PowerCube da Jungheinrich - Loginfo24<\/title>\n<meta name=\"robots\" content=\"index, follow, max-snippet:-1, max-image-preview:large, max-video-preview:-1\" \/>\n<link rel=\"canonical\" href=\"https:\/\/loginfo24.com\/pt-pt\/2022\/05\/31\/a-estreia-mundial-do-armazem-compacto-powercube-da-jungheinrich\/\" \/>\n<meta property=\"og:locale\" content=\"pt_PT\" \/>\n<meta property=\"og:type\" content=\"article\" \/>\n<meta property=\"og:title\" content=\"A estreia mundial do armaz\u00e9m compacto PowerCube da Jungheinrich - Loginfo24\" \/>\n<meta property=\"og:description\" content=\"A Jungheinrich apresenta na LogiMAT 2022 o armaz\u00e9m compacto automatizado PowerCube, abrindo assim uma nova dimens\u00e3o de efici\u00eancia no armaz\u00e9m. O PowerCube impressiona pela utiliza\u00e7\u00e3o \u00fanica [\u2026]\" \/>\n<meta property=\"og:url\" content=\"https:\/\/loginfo24.com\/pt-pt\/2022\/05\/31\/a-estreia-mundial-do-armazem-compacto-powercube-da-jungheinrich\/\" \/>\n<meta property=\"og:site_name\" content=\"Loginfo24\" \/>\n<meta property=\"article:publisher\" content=\"https:\/\/www.facebook.com\/people\/Loginfo24\/100057360583332\/\" \/>\n<meta property=\"article:published_time\" content=\"2022-05-31T15:10:44+00:00\" \/>\n<meta property=\"og:image\" content=\"https:\/\/loginfo24.com\/wp-content\/uploads\/sites\/7\/2025\/12\/Jungheinrich_01.06.2022-scaled-1.jpg\" \/>\n\t<meta property=\"og:image:width\" content=\"2560\" \/>\n\t<meta property=\"og:image:height\" content=\"1216\" \/>\n\t<meta property=\"og:image:type\" content=\"image\/jpeg\" \/>\n<meta name=\"twitter:card\" content=\"summary_large_image\" \/>\n<meta name=\"twitter:label1\" content=\"Tempo estimado de leitura\" \/>\n\t<meta name=\"twitter:data1\" content=\"4 minutos\" \/>\n<script type=\"application\/ld+json\" class=\"yoast-schema-graph\">{\"@context\":\"https:\\\/\\\/schema.org\",\"@graph\":[{\"@type\":\"Article\",\"@id\":\"https:\\\/\\\/loginfo24.com\\\/pt-pt\\\/2022\\\/05\\\/31\\\/a-estreia-mundial-do-armazem-compacto-powercube-da-jungheinrich\\\/#article\",\"isPartOf\":{\"@id\":\"https:\\\/\\\/loginfo24.com\\\/pt-pt\\\/2022\\\/05\\\/31\\\/a-estreia-mundial-do-armazem-compacto-powercube-da-jungheinrich\\\/\"},\"author\":{\"name\":\"\",\"@id\":\"\"},\"headline\":\"A estreia mundial do armaz\u00e9m compacto PowerCube da Jungheinrich\",\"datePublished\":\"2022-05-31T15:10:44+00:00\",\"mainEntityOfPage\":{\"@id\":\"https:\\\/\\\/loginfo24.com\\\/pt-pt\\\/2022\\\/05\\\/31\\\/a-estreia-mundial-do-armazem-compacto-powercube-da-jungheinrich\\\/\"},\"wordCount\":855,\"commentCount\":0,\"publisher\":{\"@id\":\"https:\\\/\\\/loginfo24.com\\\/pt-pt\\\/#organization\"},\"image\":{\"@id\":\"https:\\\/\\\/loginfo24.com\\\/pt-pt\\\/2022\\\/05\\\/31\\\/a-estreia-mundial-do-armazem-compacto-powercube-da-jungheinrich\\\/#primaryimage\"},\"thumbnailUrl\":\"https:\\\/\\\/loginfo24.com\\\/wp-content\\\/uploads\\\/sites\\\/7\\\/2025\\\/12\\\/Jungheinrich_01.06.2022-scaled-1.jpg\",\"articleSection\":[\"Categories\",\"Forwarding &amp; Logistics\",\"Intralogistics\",\"Regions\"],\"inLanguage\":\"pt-PT\",\"potentialAction\":[{\"@type\":\"CommentAction\",\"name\":\"Comment\",\"target\":[\"https:\\\/\\\/loginfo24.com\\\/pt-pt\\\/2022\\\/05\\\/31\\\/a-estreia-mundial-do-armazem-compacto-powercube-da-jungheinrich\\\/#respond\"]}]},{\"@type\":\"WebPage\",\"@id\":\"https:\\\/\\\/loginfo24.com\\\/pt-pt\\\/2022\\\/05\\\/31\\\/a-estreia-mundial-do-armazem-compacto-powercube-da-jungheinrich\\\/\",\"url\":\"https:\\\/\\\/loginfo24.com\\\/pt-pt\\\/2022\\\/05\\\/31\\\/a-estreia-mundial-do-armazem-compacto-powercube-da-jungheinrich\\\/\",\"name\":\"A estreia mundial do armaz\u00e9m compacto PowerCube da Jungheinrich - Loginfo24\",\"isPartOf\":{\"@id\":\"https:\\\/\\\/loginfo24.com\\\/pt-pt\\\/#website\"},\"primaryImageOfPage\":{\"@id\":\"https:\\\/\\\/loginfo24.com\\\/pt-pt\\\/2022\\\/05\\\/31\\\/a-estreia-mundial-do-armazem-compacto-powercube-da-jungheinrich\\\/#primaryimage\"},\"image\":{\"@id\":\"https:\\\/\\\/loginfo24.com\\\/pt-pt\\\/2022\\\/05\\\/31\\\/a-estreia-mundial-do-armazem-compacto-powercube-da-jungheinrich\\\/#primaryimage\"},\"thumbnailUrl\":\"https:\\\/\\\/loginfo24.com\\\/wp-content\\\/uploads\\\/sites\\\/7\\\/2025\\\/12\\\/Jungheinrich_01.06.2022-scaled-1.jpg\",\"datePublished\":\"2022-05-31T15:10:44+00:00\",\"breadcrumb\":{\"@id\":\"https:\\\/\\\/loginfo24.com\\\/pt-pt\\\/2022\\\/05\\\/31\\\/a-estreia-mundial-do-armazem-compacto-powercube-da-jungheinrich\\\/#breadcrumb\"},\"inLanguage\":\"pt-PT\",\"potentialAction\":[{\"@type\":\"ReadAction\",\"target\":[\"https:\\\/\\\/loginfo24.com\\\/pt-pt\\\/2022\\\/05\\\/31\\\/a-estreia-mundial-do-armazem-compacto-powercube-da-jungheinrich\\\/\"]}]},{\"@type\":\"ImageObject\",\"inLanguage\":\"pt-PT\",\"@id\":\"https:\\\/\\\/loginfo24.com\\\/pt-pt\\\/2022\\\/05\\\/31\\\/a-estreia-mundial-do-armazem-compacto-powercube-da-jungheinrich\\\/#primaryimage\",\"url\":\"https:\\\/\\\/loginfo24.com\\\/wp-content\\\/uploads\\\/sites\\\/7\\\/2025\\\/12\\\/Jungheinrich_01.06.2022-scaled-1.jpg\",\"contentUrl\":\"https:\\\/\\\/loginfo24.com\\\/wp-content\\\/uploads\\\/sites\\\/7\\\/2025\\\/12\\\/Jungheinrich_01.06.2022-scaled-1.jpg\",\"width\":2560,\"height\":1216},{\"@type\":\"BreadcrumbList\",\"@id\":\"https:\\\/\\\/loginfo24.com\\\/pt-pt\\\/2022\\\/05\\\/31\\\/a-estreia-mundial-do-armazem-compacto-powercube-da-jungheinrich\\\/#breadcrumb\",\"itemListElement\":[{\"@type\":\"ListItem\",\"position\":1,\"name\":\"Startseite\",\"item\":\"https:\\\/\\\/loginfo24.com\\\/pt-pt\\\/\"},{\"@type\":\"ListItem\",\"position\":2,\"name\":\"A estreia mundial do armaz\u00e9m compacto PowerCube da Jungheinrich\"}]},{\"@type\":\"WebSite\",\"@id\":\"https:\\\/\\\/loginfo24.com\\\/pt-pt\\\/#website\",\"url\":\"https:\\\/\\\/loginfo24.com\\\/pt-pt\\\/\",\"name\":\"Loginfo24\",\"description\":\"Loginfo24 \u00e9 a plataforma dedicada \u00e0 log\u00edstica e \u00e0s cadeias de abastecimento, com informa\u00e7\u00f5es dispon\u00edveis 24 horas por dia.\",\"publisher\":{\"@id\":\"https:\\\/\\\/loginfo24.com\\\/pt-pt\\\/#organization\"},\"potentialAction\":[{\"@type\":\"SearchAction\",\"target\":{\"@type\":\"EntryPoint\",\"urlTemplate\":\"https:\\\/\\\/loginfo24.com\\\/pt-pt\\\/?s={search_term_string}\"},\"query-input\":{\"@type\":\"PropertyValueSpecification\",\"valueRequired\":true,\"valueName\":\"search_term_string\"}}],\"inLanguage\":\"pt-PT\"},{\"@type\":\"Organization\",\"@id\":\"https:\\\/\\\/loginfo24.com\\\/pt-pt\\\/#organization\",\"name\":\"Logismedia Group AG\",\"url\":\"https:\\\/\\\/loginfo24.com\\\/pt-pt\\\/\",\"logo\":{\"@type\":\"ImageObject\",\"inLanguage\":\"pt-PT\",\"@id\":\"https:\\\/\\\/loginfo24.com\\\/pt-pt\\\/#\\\/schema\\\/logo\\\/image\\\/\",\"url\":\"https:\\\/\\\/loginfo24.com\\\/wp-content\\\/uploads\\\/sites\\\/7\\\/2026\\\/01\\\/Logo_LogInfo24.png\",\"contentUrl\":\"https:\\\/\\\/loginfo24.com\\\/wp-content\\\/uploads\\\/sites\\\/7\\\/2026\\\/01\\\/Logo_LogInfo24.png\",\"width\":938,\"height\":351,\"caption\":\"Logismedia Group AG\"},\"image\":{\"@id\":\"https:\\\/\\\/loginfo24.com\\\/pt-pt\\\/#\\\/schema\\\/logo\\\/image\\\/\"},\"sameAs\":[\"https:\\\/\\\/www.facebook.com\\\/people\\\/Loginfo24\\\/100057360583332\\\/\",\"https:\\\/\\\/www.linkedin.com\\\/company\\\/lofinfo24\\\/\"]}]}<\/script>\n<!-- \/ Yoast SEO plugin. -->","yoast_head_json":{"title":"A estreia mundial do armaz\u00e9m compacto PowerCube da Jungheinrich - Loginfo24","robots":{"index":"index","follow":"follow","max-snippet":"max-snippet:-1","max-image-preview":"max-image-preview:large","max-video-preview":"max-video-preview:-1"},"canonical":"https:\/\/loginfo24.com\/pt-pt\/2022\/05\/31\/a-estreia-mundial-do-armazem-compacto-powercube-da-jungheinrich\/","og_locale":"pt_PT","og_type":"article","og_title":"A estreia mundial do armaz\u00e9m compacto PowerCube da Jungheinrich - Loginfo24","og_description":"A Jungheinrich apresenta na LogiMAT 2022 o armaz\u00e9m compacto automatizado PowerCube, abrindo assim uma nova dimens\u00e3o de efici\u00eancia no armaz\u00e9m. O PowerCube impressiona pela utiliza\u00e7\u00e3o \u00fanica [\u2026]","og_url":"https:\/\/loginfo24.com\/pt-pt\/2022\/05\/31\/a-estreia-mundial-do-armazem-compacto-powercube-da-jungheinrich\/","og_site_name":"Loginfo24","article_publisher":"https:\/\/www.facebook.com\/people\/Loginfo24\/100057360583332\/","article_published_time":"2022-05-31T15:10:44+00:00","og_image":[{"width":2560,"height":1216,"url":"https:\/\/loginfo24.com\/wp-content\/uploads\/sites\/7\/2025\/12\/Jungheinrich_01.06.2022-scaled-1.jpg","type":"image\/jpeg"}],"twitter_card":"summary_large_image","twitter_misc":{"Tempo estimado de leitura":"4 minutos"},"schema":{"@context":"https:\/\/schema.org","@graph":[{"@type":"Article","@id":"https:\/\/loginfo24.com\/pt-pt\/2022\/05\/31\/a-estreia-mundial-do-armazem-compacto-powercube-da-jungheinrich\/#article","isPartOf":{"@id":"https:\/\/loginfo24.com\/pt-pt\/2022\/05\/31\/a-estreia-mundial-do-armazem-compacto-powercube-da-jungheinrich\/"},"author":{"name":"","@id":""},"headline":"A estreia mundial do armaz\u00e9m compacto PowerCube da Jungheinrich","datePublished":"2022-05-31T15:10:44+00:00","mainEntityOfPage":{"@id":"https:\/\/loginfo24.com\/pt-pt\/2022\/05\/31\/a-estreia-mundial-do-armazem-compacto-powercube-da-jungheinrich\/"},"wordCount":855,"commentCount":0,"publisher":{"@id":"https:\/\/loginfo24.com\/pt-pt\/#organization"},"image":{"@id":"https:\/\/loginfo24.com\/pt-pt\/2022\/05\/31\/a-estreia-mundial-do-armazem-compacto-powercube-da-jungheinrich\/#primaryimage"},"thumbnailUrl":"https:\/\/loginfo24.com\/wp-content\/uploads\/sites\/7\/2025\/12\/Jungheinrich_01.06.2022-scaled-1.jpg","articleSection":["Categories","Forwarding &amp; Logistics","Intralogistics","Regions"],"inLanguage":"pt-PT","potentialAction":[{"@type":"CommentAction","name":"Comment","target":["https:\/\/loginfo24.com\/pt-pt\/2022\/05\/31\/a-estreia-mundial-do-armazem-compacto-powercube-da-jungheinrich\/#respond"]}]},{"@type":"WebPage","@id":"https:\/\/loginfo24.com\/pt-pt\/2022\/05\/31\/a-estreia-mundial-do-armazem-compacto-powercube-da-jungheinrich\/","url":"https:\/\/loginfo24.com\/pt-pt\/2022\/05\/31\/a-estreia-mundial-do-armazem-compacto-powercube-da-jungheinrich\/","name":"A estreia mundial do armaz\u00e9m compacto PowerCube da Jungheinrich - Loginfo24","isPartOf":{"@id":"https:\/\/loginfo24.com\/pt-pt\/#website"},"primaryImageOfPage":{"@id":"https:\/\/loginfo24.com\/pt-pt\/2022\/05\/31\/a-estreia-mundial-do-armazem-compacto-powercube-da-jungheinrich\/#primaryimage"},"image":{"@id":"https:\/\/loginfo24.com\/pt-pt\/2022\/05\/31\/a-estreia-mundial-do-armazem-compacto-powercube-da-jungheinrich\/#primaryimage"},"thumbnailUrl":"https:\/\/loginfo24.com\/wp-content\/uploads\/sites\/7\/2025\/12\/Jungheinrich_01.06.2022-scaled-1.jpg","datePublished":"2022-05-31T15:10:44+00:00","breadcrumb":{"@id":"https:\/\/loginfo24.com\/pt-pt\/2022\/05\/31\/a-estreia-mundial-do-armazem-compacto-powercube-da-jungheinrich\/#breadcrumb"},"inLanguage":"pt-PT","potentialAction":[{"@type":"ReadAction","target":["https:\/\/loginfo24.com\/pt-pt\/2022\/05\/31\/a-estreia-mundial-do-armazem-compacto-powercube-da-jungheinrich\/"]}]},{"@type":"ImageObject","inLanguage":"pt-PT","@id":"https:\/\/loginfo24.com\/pt-pt\/2022\/05\/31\/a-estreia-mundial-do-armazem-compacto-powercube-da-jungheinrich\/#primaryimage","url":"https:\/\/loginfo24.com\/wp-content\/uploads\/sites\/7\/2025\/12\/Jungheinrich_01.06.2022-scaled-1.jpg","contentUrl":"https:\/\/loginfo24.com\/wp-content\/uploads\/sites\/7\/2025\/12\/Jungheinrich_01.06.2022-scaled-1.jpg","width":2560,"height":1216},{"@type":"BreadcrumbList","@id":"https:\/\/loginfo24.com\/pt-pt\/2022\/05\/31\/a-estreia-mundial-do-armazem-compacto-powercube-da-jungheinrich\/#breadcrumb","itemListElement":[{"@type":"ListItem","position":1,"name":"Startseite","item":"https:\/\/loginfo24.com\/pt-pt\/"},{"@type":"ListItem","position":2,"name":"A estreia mundial do armaz\u00e9m compacto PowerCube da Jungheinrich"}]},{"@type":"WebSite","@id":"https:\/\/loginfo24.com\/pt-pt\/#website","url":"https:\/\/loginfo24.com\/pt-pt\/","name":"Loginfo24","description":"Loginfo24 \u00e9 a plataforma dedicada \u00e0 log\u00edstica e \u00e0s cadeias de abastecimento, com informa\u00e7\u00f5es dispon\u00edveis 24 horas por dia.","publisher":{"@id":"https:\/\/loginfo24.com\/pt-pt\/#organization"},"potentialAction":[{"@type":"SearchAction","target":{"@type":"EntryPoint","urlTemplate":"https:\/\/loginfo24.com\/pt-pt\/?s={search_term_string}"},"query-input":{"@type":"PropertyValueSpecification","valueRequired":true,"valueName":"search_term_string"}}],"inLanguage":"pt-PT"},{"@type":"Organization","@id":"https:\/\/loginfo24.com\/pt-pt\/#organization","name":"Logismedia Group AG","url":"https:\/\/loginfo24.com\/pt-pt\/","logo":{"@type":"ImageObject","inLanguage":"pt-PT","@id":"https:\/\/loginfo24.com\/pt-pt\/#\/schema\/logo\/image\/","url":"https:\/\/loginfo24.com\/wp-content\/uploads\/sites\/7\/2026\/01\/Logo_LogInfo24.png","contentUrl":"https:\/\/loginfo24.com\/wp-content\/uploads\/sites\/7\/2026\/01\/Logo_LogInfo24.png","width":938,"height":351,"caption":"Logismedia Group AG"},"image":{"@id":"https:\/\/loginfo24.com\/pt-pt\/#\/schema\/logo\/image\/"},"sameAs":["https:\/\/www.facebook.com\/people\/Loginfo24\/100057360583332\/","https:\/\/www.linkedin.com\/company\/lofinfo24\/"]}]}},"_links":{"self":[{"href":"https:\/\/loginfo24.com\/pt-pt\/wp-json\/wp\/v2\/posts\/56654","targetHints":{"allow":["GET"]}}],"collection":[{"href":"https:\/\/loginfo24.com\/pt-pt\/wp-json\/wp\/v2\/posts"}],"about":[{"href":"https:\/\/loginfo24.com\/pt-pt\/wp-json\/wp\/v2\/types\/post"}],"replies":[{"embeddable":true,"href":"https:\/\/loginfo24.com\/pt-pt\/wp-json\/wp\/v2\/comments?post=56654"}],"version-history":[{"count":0,"href":"https:\/\/loginfo24.com\/pt-pt\/wp-json\/wp\/v2\/posts\/56654\/revisions"}],"wp:featuredmedia":[{"embeddable":true,"href":"https:\/\/loginfo24.com\/pt-pt\/wp-json\/wp\/v2\/media\/10154"}],"wp:attachment":[{"href":"https:\/\/loginfo24.com\/pt-pt\/wp-json\/wp\/v2\/media?parent=56654"}],"wp:term":[{"taxonomy":"category","embeddable":true,"href":"https:\/\/loginfo24.com\/pt-pt\/wp-json\/wp\/v2\/categories?post=56654"},{"taxonomy":"post_tag","embeddable":true,"href":"https:\/\/loginfo24.com\/pt-pt\/wp-json\/wp\/v2\/tags?post=56654"}],"curies":[{"name":"wp","href":"https:\/\/api.w.org\/{rel}","templated":true}]}}