{"id":55124,"date":"2022-03-15T17:17:41","date_gmt":"2022-03-15T16:17:41","guid":{"rendered":"https:\/\/blog.brand-architecture.at\/2022\/03\/15\/caminhao-mercedes-benz-eeconic-com-ultimo-teste-no-circulo-polar\/"},"modified":"2022-03-15T17:17:41","modified_gmt":"2022-03-15T16:17:41","slug":"caminhao-mercedes-benz-eeconic-com-ultimo-teste-no-circulo-polar","status":"publish","type":"post","link":"https:\/\/loginfo24.com\/pt-pt\/2022\/03\/15\/caminhao-mercedes-benz-eeconic-com-ultimo-teste-no-circulo-polar\/","title":{"rendered":"Caminh\u00e3o Mercedes Benz eEconic com \u00faltimo teste no C\u00edrculo Polar"},"content":{"rendered":"<h5><strong>Com temperaturas congelantes de at\u00e9 -25\u00b0C, engenheiros de desenvolvimento da Mercedes-Benz Special Trucks testaram o caminh\u00e3o el\u00e9trico eEconic, destinado ao uso municipal, na cidade finlandesa de Rovaniemi. Antes do in\u00edcio da produ\u00e7\u00e3o em s\u00e9rie na segunda metade do ano, o caminh\u00e3o el\u00e9trico Mercedes-Benz eEconic se destaca no teste de inverno no C\u00edrculo Polar.<\/strong><\/h5>\n<p>(Stuttgart\/Rovaniemi) Antes do in\u00edcio da produ\u00e7\u00e3o em s\u00e9rie na segunda metade do ano, o caminh\u00e3o el\u00e9trico Mercedes-Benz eEconic se destaca no teste de inverno no C\u00edrculo Polar. Com temperaturas congelantes de at\u00e9 -25\u00b0C, engenheiros de desenvolvimento da Mercedes-Benz Special Trucks testaram o caminh\u00e3o el\u00e9trico destinado ao uso municipal na cidade finlandesa de Rovaniemi. Entre outras coisas, os engenheiros testaram o comportamento das baterias e do trem de for\u00e7a el\u00e9trico, bem como os sistemas associados, em temperaturas g\u00e9lidas. Durante os testes, as baterias do ve\u00edculo foram carregadas em diferentes esta\u00e7\u00f5es de carregamento para verificar a compatibilidade entre o ve\u00edculo e a esta\u00e7\u00e3o de carregamento.<\/p>\n<h5><strong>Funcionamento em condi\u00e7\u00f5es clim\u00e1ticas adversas<\/strong><\/h5>\n<p>Como parte da avalia\u00e7\u00e3o, os desenvolvedores tamb\u00e9m validaram a viabilidade pr\u00e1tica do eEconic com o ve\u00edculo de teste pr\u00f3ximo da produ\u00e7\u00e3o em rotas simuladas de coleta de lixo. Pois, especialmente no uso municipal, os ve\u00edculos devem funcionar de forma confi\u00e1vel mesmo em condi\u00e7\u00f5es clim\u00e1ticas adversas e cumprir suas tarefas. Os testes na Finl\u00e2ndia mostraram que o eEconic atende a esses requisitos \u2013 de forma silenciosa e localmente neutra em CO2. O eEconic agora est\u00e1 pronto para o pr\u00f3ximo passo: a avalia\u00e7\u00e3o pr\u00e1tica com clientes.<\/p>\n<p>O eEconic se beneficia em termos de arquitetura de ve\u00edculo da estrat\u00e9gia de plataforma global da Daimler Truck: o caminh\u00e3o de piso baixo \u00e9 baseado no eActros para o transporte pesado de distribui\u00e7\u00e3o, que entrou em produ\u00e7\u00e3o em s\u00e9rie em 2021.<\/p>\n<p>Foto: \u00a9 Mercedes-Benz Trucks<\/p>\n","protected":false},"excerpt":{"rendered":"<p>Com temperaturas congelantes de at\u00e9 -25\u00b0C, engenheiros de desenvolvimento da Mercedes-Benz Special Trucks testaram o caminh\u00e3o el\u00e9trico eEconic, destinado ao uso municipal, na cidade finlandesa de<span class=\"excerpt-hellip\"> [\u2026]<\/span><\/p>\n","protected":false},"author":0,"featured_media":10773,"comment_status":"open","ping_status":"open","sticky":false,"template":"","format":"standard","meta":{"_acf_changed":false,"footnotes":""},"categories":[1557,1556,1561],"tags":[],"class_list":["post-55124","post","type-post","status-publish","format-standard","has-post-thumbnail","hentry","category-forwarding-logistics","category-intermodal-road","category-regions"],"acf":[],"yoast_head":"<!-- This site is optimized with the Yoast SEO plugin v27.3 - https:\/\/yoast.com\/product\/yoast-seo-wordpress\/ -->\n<title>Caminh\u00e3o Mercedes Benz eEconic com \u00faltimo teste no C\u00edrculo Polar - Loginfo24<\/title>\n<meta name=\"robots\" content=\"index, follow, max-snippet:-1, max-image-preview:large, max-video-preview:-1\" \/>\n<link rel=\"canonical\" href=\"https:\/\/loginfo24.com\/pt-pt\/2022\/03\/15\/caminhao-mercedes-benz-eeconic-com-ultimo-teste-no-circulo-polar\/\" \/>\n<meta property=\"og:locale\" content=\"pt_PT\" \/>\n<meta property=\"og:type\" content=\"article\" \/>\n<meta property=\"og:title\" content=\"Caminh\u00e3o Mercedes Benz eEconic com \u00faltimo teste no C\u00edrculo Polar - Loginfo24\" \/>\n<meta property=\"og:description\" content=\"Com temperaturas congelantes de at\u00e9 -25\u00b0C, engenheiros de desenvolvimento da Mercedes-Benz Special Trucks testaram o caminh\u00e3o el\u00e9trico eEconic, destinado ao uso municipal, na cidade finlandesa de [\u2026]\" \/>\n<meta property=\"og:url\" content=\"https:\/\/loginfo24.com\/pt-pt\/2022\/03\/15\/caminhao-mercedes-benz-eeconic-com-ultimo-teste-no-circulo-polar\/\" \/>\n<meta property=\"og:site_name\" content=\"Loginfo24\" \/>\n<meta property=\"article:publisher\" content=\"https:\/\/www.facebook.com\/people\/Loginfo24\/100057360583332\/\" \/>\n<meta property=\"article:published_time\" content=\"2022-03-15T16:17:41+00:00\" \/>\n<meta property=\"og:image\" content=\"https:\/\/loginfo24.com\/wp-content\/uploads\/sites\/7\/2025\/12\/Mercdes_15.3.22.jpg\" \/>\n\t<meta property=\"og:image:width\" content=\"1211\" \/>\n\t<meta property=\"og:image:height\" content=\"760\" \/>\n\t<meta property=\"og:image:type\" content=\"image\/jpeg\" \/>\n<meta name=\"twitter:card\" content=\"summary_large_image\" \/>\n<meta name=\"twitter:label1\" content=\"Tempo estimado de leitura\" \/>\n\t<meta name=\"twitter:data1\" content=\"2 minutos\" \/>\n<script type=\"application\/ld+json\" class=\"yoast-schema-graph\">{\"@context\":\"https:\\\/\\\/schema.org\",\"@graph\":[{\"@type\":\"Article\",\"@id\":\"https:\\\/\\\/loginfo24.com\\\/pt-pt\\\/2022\\\/03\\\/15\\\/caminhao-mercedes-benz-eeconic-com-ultimo-teste-no-circulo-polar\\\/#article\",\"isPartOf\":{\"@id\":\"https:\\\/\\\/loginfo24.com\\\/pt-pt\\\/2022\\\/03\\\/15\\\/caminhao-mercedes-benz-eeconic-com-ultimo-teste-no-circulo-polar\\\/\"},\"author\":{\"name\":\"\",\"@id\":\"\"},\"headline\":\"Caminh\u00e3o Mercedes Benz eEconic com \u00faltimo teste no C\u00edrculo Polar\",\"datePublished\":\"2022-03-15T16:17:41+00:00\",\"mainEntityOfPage\":{\"@id\":\"https:\\\/\\\/loginfo24.com\\\/pt-pt\\\/2022\\\/03\\\/15\\\/caminhao-mercedes-benz-eeconic-com-ultimo-teste-no-circulo-polar\\\/\"},\"wordCount\":346,\"commentCount\":0,\"publisher\":{\"@id\":\"https:\\\/\\\/loginfo24.com\\\/pt-pt\\\/#organization\"},\"image\":{\"@id\":\"https:\\\/\\\/loginfo24.com\\\/pt-pt\\\/2022\\\/03\\\/15\\\/caminhao-mercedes-benz-eeconic-com-ultimo-teste-no-circulo-polar\\\/#primaryimage\"},\"thumbnailUrl\":\"https:\\\/\\\/loginfo24.com\\\/wp-content\\\/uploads\\\/sites\\\/7\\\/2025\\\/12\\\/Mercdes_15.3.22.jpg\",\"articleSection\":[\"Forwarding &amp; Logistics\",\"Intermodal \\\/ Road\",\"Regions\"],\"inLanguage\":\"pt-PT\",\"potentialAction\":[{\"@type\":\"CommentAction\",\"name\":\"Comment\",\"target\":[\"https:\\\/\\\/loginfo24.com\\\/pt-pt\\\/2022\\\/03\\\/15\\\/caminhao-mercedes-benz-eeconic-com-ultimo-teste-no-circulo-polar\\\/#respond\"]}]},{\"@type\":\"WebPage\",\"@id\":\"https:\\\/\\\/loginfo24.com\\\/pt-pt\\\/2022\\\/03\\\/15\\\/caminhao-mercedes-benz-eeconic-com-ultimo-teste-no-circulo-polar\\\/\",\"url\":\"https:\\\/\\\/loginfo24.com\\\/pt-pt\\\/2022\\\/03\\\/15\\\/caminhao-mercedes-benz-eeconic-com-ultimo-teste-no-circulo-polar\\\/\",\"name\":\"Caminh\u00e3o Mercedes Benz eEconic com \u00faltimo teste no C\u00edrculo Polar - Loginfo24\",\"isPartOf\":{\"@id\":\"https:\\\/\\\/loginfo24.com\\\/pt-pt\\\/#website\"},\"primaryImageOfPage\":{\"@id\":\"https:\\\/\\\/loginfo24.com\\\/pt-pt\\\/2022\\\/03\\\/15\\\/caminhao-mercedes-benz-eeconic-com-ultimo-teste-no-circulo-polar\\\/#primaryimage\"},\"image\":{\"@id\":\"https:\\\/\\\/loginfo24.com\\\/pt-pt\\\/2022\\\/03\\\/15\\\/caminhao-mercedes-benz-eeconic-com-ultimo-teste-no-circulo-polar\\\/#primaryimage\"},\"thumbnailUrl\":\"https:\\\/\\\/loginfo24.com\\\/wp-content\\\/uploads\\\/sites\\\/7\\\/2025\\\/12\\\/Mercdes_15.3.22.jpg\",\"datePublished\":\"2022-03-15T16:17:41+00:00\",\"breadcrumb\":{\"@id\":\"https:\\\/\\\/loginfo24.com\\\/pt-pt\\\/2022\\\/03\\\/15\\\/caminhao-mercedes-benz-eeconic-com-ultimo-teste-no-circulo-polar\\\/#breadcrumb\"},\"inLanguage\":\"pt-PT\",\"potentialAction\":[{\"@type\":\"ReadAction\",\"target\":[\"https:\\\/\\\/loginfo24.com\\\/pt-pt\\\/2022\\\/03\\\/15\\\/caminhao-mercedes-benz-eeconic-com-ultimo-teste-no-circulo-polar\\\/\"]}]},{\"@type\":\"ImageObject\",\"inLanguage\":\"pt-PT\",\"@id\":\"https:\\\/\\\/loginfo24.com\\\/pt-pt\\\/2022\\\/03\\\/15\\\/caminhao-mercedes-benz-eeconic-com-ultimo-teste-no-circulo-polar\\\/#primaryimage\",\"url\":\"https:\\\/\\\/loginfo24.com\\\/wp-content\\\/uploads\\\/sites\\\/7\\\/2025\\\/12\\\/Mercdes_15.3.22.jpg\",\"contentUrl\":\"https:\\\/\\\/loginfo24.com\\\/wp-content\\\/uploads\\\/sites\\\/7\\\/2025\\\/12\\\/Mercdes_15.3.22.jpg\",\"width\":1211,\"height\":760},{\"@type\":\"BreadcrumbList\",\"@id\":\"https:\\\/\\\/loginfo24.com\\\/pt-pt\\\/2022\\\/03\\\/15\\\/caminhao-mercedes-benz-eeconic-com-ultimo-teste-no-circulo-polar\\\/#breadcrumb\",\"itemListElement\":[{\"@type\":\"ListItem\",\"position\":1,\"name\":\"Startseite\",\"item\":\"https:\\\/\\\/loginfo24.com\\\/pt-pt\\\/\"},{\"@type\":\"ListItem\",\"position\":2,\"name\":\"Caminh\u00e3o Mercedes Benz eEconic com \u00faltimo teste no C\u00edrculo Polar\"}]},{\"@type\":\"WebSite\",\"@id\":\"https:\\\/\\\/loginfo24.com\\\/pt-pt\\\/#website\",\"url\":\"https:\\\/\\\/loginfo24.com\\\/pt-pt\\\/\",\"name\":\"Loginfo24\",\"description\":\"Loginfo24 \u00e9 a plataforma dedicada \u00e0 log\u00edstica e \u00e0s cadeias de abastecimento, com informa\u00e7\u00f5es dispon\u00edveis 24 horas por dia.\",\"publisher\":{\"@id\":\"https:\\\/\\\/loginfo24.com\\\/pt-pt\\\/#organization\"},\"potentialAction\":[{\"@type\":\"SearchAction\",\"target\":{\"@type\":\"EntryPoint\",\"urlTemplate\":\"https:\\\/\\\/loginfo24.com\\\/pt-pt\\\/?s={search_term_string}\"},\"query-input\":{\"@type\":\"PropertyValueSpecification\",\"valueRequired\":true,\"valueName\":\"search_term_string\"}}],\"inLanguage\":\"pt-PT\"},{\"@type\":\"Organization\",\"@id\":\"https:\\\/\\\/loginfo24.com\\\/pt-pt\\\/#organization\",\"name\":\"Logismedia Group AG\",\"url\":\"https:\\\/\\\/loginfo24.com\\\/pt-pt\\\/\",\"logo\":{\"@type\":\"ImageObject\",\"inLanguage\":\"pt-PT\",\"@id\":\"https:\\\/\\\/loginfo24.com\\\/pt-pt\\\/#\\\/schema\\\/logo\\\/image\\\/\",\"url\":\"https:\\\/\\\/loginfo24.com\\\/wp-content\\\/uploads\\\/sites\\\/7\\\/2026\\\/01\\\/Logo_LogInfo24.png\",\"contentUrl\":\"https:\\\/\\\/loginfo24.com\\\/wp-content\\\/uploads\\\/sites\\\/7\\\/2026\\\/01\\\/Logo_LogInfo24.png\",\"width\":938,\"height\":351,\"caption\":\"Logismedia Group AG\"},\"image\":{\"@id\":\"https:\\\/\\\/loginfo24.com\\\/pt-pt\\\/#\\\/schema\\\/logo\\\/image\\\/\"},\"sameAs\":[\"https:\\\/\\\/www.facebook.com\\\/people\\\/Loginfo24\\\/100057360583332\\\/\",\"https:\\\/\\\/www.linkedin.com\\\/company\\\/lofinfo24\\\/\"]}]}<\/script>\n<!-- \/ Yoast SEO plugin. -->","yoast_head_json":{"title":"Caminh\u00e3o Mercedes Benz eEconic com \u00faltimo teste no C\u00edrculo Polar - Loginfo24","robots":{"index":"index","follow":"follow","max-snippet":"max-snippet:-1","max-image-preview":"max-image-preview:large","max-video-preview":"max-video-preview:-1"},"canonical":"https:\/\/loginfo24.com\/pt-pt\/2022\/03\/15\/caminhao-mercedes-benz-eeconic-com-ultimo-teste-no-circulo-polar\/","og_locale":"pt_PT","og_type":"article","og_title":"Caminh\u00e3o Mercedes Benz eEconic com \u00faltimo teste no C\u00edrculo Polar - Loginfo24","og_description":"Com temperaturas congelantes de at\u00e9 -25\u00b0C, engenheiros de desenvolvimento da Mercedes-Benz Special Trucks testaram o caminh\u00e3o el\u00e9trico eEconic, destinado ao uso municipal, na cidade finlandesa de [\u2026]","og_url":"https:\/\/loginfo24.com\/pt-pt\/2022\/03\/15\/caminhao-mercedes-benz-eeconic-com-ultimo-teste-no-circulo-polar\/","og_site_name":"Loginfo24","article_publisher":"https:\/\/www.facebook.com\/people\/Loginfo24\/100057360583332\/","article_published_time":"2022-03-15T16:17:41+00:00","og_image":[{"width":1211,"height":760,"url":"https:\/\/loginfo24.com\/wp-content\/uploads\/sites\/7\/2025\/12\/Mercdes_15.3.22.jpg","type":"image\/jpeg"}],"twitter_card":"summary_large_image","twitter_misc":{"Tempo estimado de leitura":"2 minutos"},"schema":{"@context":"https:\/\/schema.org","@graph":[{"@type":"Article","@id":"https:\/\/loginfo24.com\/pt-pt\/2022\/03\/15\/caminhao-mercedes-benz-eeconic-com-ultimo-teste-no-circulo-polar\/#article","isPartOf":{"@id":"https:\/\/loginfo24.com\/pt-pt\/2022\/03\/15\/caminhao-mercedes-benz-eeconic-com-ultimo-teste-no-circulo-polar\/"},"author":{"name":"","@id":""},"headline":"Caminh\u00e3o Mercedes Benz eEconic com \u00faltimo teste no C\u00edrculo Polar","datePublished":"2022-03-15T16:17:41+00:00","mainEntityOfPage":{"@id":"https:\/\/loginfo24.com\/pt-pt\/2022\/03\/15\/caminhao-mercedes-benz-eeconic-com-ultimo-teste-no-circulo-polar\/"},"wordCount":346,"commentCount":0,"publisher":{"@id":"https:\/\/loginfo24.com\/pt-pt\/#organization"},"image":{"@id":"https:\/\/loginfo24.com\/pt-pt\/2022\/03\/15\/caminhao-mercedes-benz-eeconic-com-ultimo-teste-no-circulo-polar\/#primaryimage"},"thumbnailUrl":"https:\/\/loginfo24.com\/wp-content\/uploads\/sites\/7\/2025\/12\/Mercdes_15.3.22.jpg","articleSection":["Forwarding &amp; Logistics","Intermodal \/ Road","Regions"],"inLanguage":"pt-PT","potentialAction":[{"@type":"CommentAction","name":"Comment","target":["https:\/\/loginfo24.com\/pt-pt\/2022\/03\/15\/caminhao-mercedes-benz-eeconic-com-ultimo-teste-no-circulo-polar\/#respond"]}]},{"@type":"WebPage","@id":"https:\/\/loginfo24.com\/pt-pt\/2022\/03\/15\/caminhao-mercedes-benz-eeconic-com-ultimo-teste-no-circulo-polar\/","url":"https:\/\/loginfo24.com\/pt-pt\/2022\/03\/15\/caminhao-mercedes-benz-eeconic-com-ultimo-teste-no-circulo-polar\/","name":"Caminh\u00e3o Mercedes Benz eEconic com \u00faltimo teste no C\u00edrculo Polar - Loginfo24","isPartOf":{"@id":"https:\/\/loginfo24.com\/pt-pt\/#website"},"primaryImageOfPage":{"@id":"https:\/\/loginfo24.com\/pt-pt\/2022\/03\/15\/caminhao-mercedes-benz-eeconic-com-ultimo-teste-no-circulo-polar\/#primaryimage"},"image":{"@id":"https:\/\/loginfo24.com\/pt-pt\/2022\/03\/15\/caminhao-mercedes-benz-eeconic-com-ultimo-teste-no-circulo-polar\/#primaryimage"},"thumbnailUrl":"https:\/\/loginfo24.com\/wp-content\/uploads\/sites\/7\/2025\/12\/Mercdes_15.3.22.jpg","datePublished":"2022-03-15T16:17:41+00:00","breadcrumb":{"@id":"https:\/\/loginfo24.com\/pt-pt\/2022\/03\/15\/caminhao-mercedes-benz-eeconic-com-ultimo-teste-no-circulo-polar\/#breadcrumb"},"inLanguage":"pt-PT","potentialAction":[{"@type":"ReadAction","target":["https:\/\/loginfo24.com\/pt-pt\/2022\/03\/15\/caminhao-mercedes-benz-eeconic-com-ultimo-teste-no-circulo-polar\/"]}]},{"@type":"ImageObject","inLanguage":"pt-PT","@id":"https:\/\/loginfo24.com\/pt-pt\/2022\/03\/15\/caminhao-mercedes-benz-eeconic-com-ultimo-teste-no-circulo-polar\/#primaryimage","url":"https:\/\/loginfo24.com\/wp-content\/uploads\/sites\/7\/2025\/12\/Mercdes_15.3.22.jpg","contentUrl":"https:\/\/loginfo24.com\/wp-content\/uploads\/sites\/7\/2025\/12\/Mercdes_15.3.22.jpg","width":1211,"height":760},{"@type":"BreadcrumbList","@id":"https:\/\/loginfo24.com\/pt-pt\/2022\/03\/15\/caminhao-mercedes-benz-eeconic-com-ultimo-teste-no-circulo-polar\/#breadcrumb","itemListElement":[{"@type":"ListItem","position":1,"name":"Startseite","item":"https:\/\/loginfo24.com\/pt-pt\/"},{"@type":"ListItem","position":2,"name":"Caminh\u00e3o Mercedes Benz eEconic com \u00faltimo teste no C\u00edrculo Polar"}]},{"@type":"WebSite","@id":"https:\/\/loginfo24.com\/pt-pt\/#website","url":"https:\/\/loginfo24.com\/pt-pt\/","name":"Loginfo24","description":"Loginfo24 \u00e9 a plataforma dedicada \u00e0 log\u00edstica e \u00e0s cadeias de abastecimento, com informa\u00e7\u00f5es dispon\u00edveis 24 horas por dia.","publisher":{"@id":"https:\/\/loginfo24.com\/pt-pt\/#organization"},"potentialAction":[{"@type":"SearchAction","target":{"@type":"EntryPoint","urlTemplate":"https:\/\/loginfo24.com\/pt-pt\/?s={search_term_string}"},"query-input":{"@type":"PropertyValueSpecification","valueRequired":true,"valueName":"search_term_string"}}],"inLanguage":"pt-PT"},{"@type":"Organization","@id":"https:\/\/loginfo24.com\/pt-pt\/#organization","name":"Logismedia Group AG","url":"https:\/\/loginfo24.com\/pt-pt\/","logo":{"@type":"ImageObject","inLanguage":"pt-PT","@id":"https:\/\/loginfo24.com\/pt-pt\/#\/schema\/logo\/image\/","url":"https:\/\/loginfo24.com\/wp-content\/uploads\/sites\/7\/2026\/01\/Logo_LogInfo24.png","contentUrl":"https:\/\/loginfo24.com\/wp-content\/uploads\/sites\/7\/2026\/01\/Logo_LogInfo24.png","width":938,"height":351,"caption":"Logismedia Group AG"},"image":{"@id":"https:\/\/loginfo24.com\/pt-pt\/#\/schema\/logo\/image\/"},"sameAs":["https:\/\/www.facebook.com\/people\/Loginfo24\/100057360583332\/","https:\/\/www.linkedin.com\/company\/lofinfo24\/"]}]}},"_links":{"self":[{"href":"https:\/\/loginfo24.com\/pt-pt\/wp-json\/wp\/v2\/posts\/55124","targetHints":{"allow":["GET"]}}],"collection":[{"href":"https:\/\/loginfo24.com\/pt-pt\/wp-json\/wp\/v2\/posts"}],"about":[{"href":"https:\/\/loginfo24.com\/pt-pt\/wp-json\/wp\/v2\/types\/post"}],"replies":[{"embeddable":true,"href":"https:\/\/loginfo24.com\/pt-pt\/wp-json\/wp\/v2\/comments?post=55124"}],"version-history":[{"count":0,"href":"https:\/\/loginfo24.com\/pt-pt\/wp-json\/wp\/v2\/posts\/55124\/revisions"}],"wp:featuredmedia":[{"embeddable":true,"href":"https:\/\/loginfo24.com\/pt-pt\/wp-json\/wp\/v2\/media\/10773"}],"wp:attachment":[{"href":"https:\/\/loginfo24.com\/pt-pt\/wp-json\/wp\/v2\/media?parent=55124"}],"wp:term":[{"taxonomy":"category","embeddable":true,"href":"https:\/\/loginfo24.com\/pt-pt\/wp-json\/wp\/v2\/categories?post=55124"},{"taxonomy":"post_tag","embeddable":true,"href":"https:\/\/loginfo24.com\/pt-pt\/wp-json\/wp\/v2\/tags?post=55124"}],"curies":[{"name":"wp","href":"https:\/\/api.w.org\/{rel}","templated":true}]}}