{"id":54951,"date":"2022-02-28T19:21:21","date_gmt":"2022-02-28T18:21:21","guid":{"rendered":"https:\/\/blog.brand-architecture.at\/2022\/02\/28\/camaras-de-comercio-querem-cooperacao-dos-portos-do-norte-da-alemanha\/"},"modified":"2022-02-28T19:21:21","modified_gmt":"2022-02-28T18:21:21","slug":"camaras-de-comercio-querem-cooperacao-dos-portos-do-norte-da-alemanha","status":"publish","type":"post","link":"https:\/\/loginfo24.com\/pt-pt\/2022\/02\/28\/camaras-de-comercio-querem-cooperacao-dos-portos-do-norte-da-alemanha\/","title":{"rendered":"C\u00e2maras de Com\u00e9rcio querem coopera\u00e7\u00e3o dos portos do norte da Alemanha"},"content":{"rendered":"<h5><strong>O desafiador ambiente competitivo dos portos mar\u00edtimos do norte da Alemanha exige, segundo as c\u00e2maras de com\u00e9rcio de Bremen e Hamburgo, uma maior coopera\u00e7\u00e3o entre os locais portu\u00e1rios do norte da Alemanha. Uma posi\u00e7\u00e3o conjunta sobre isso foi apresentada hoje por Eduard Dubbers-Albrecht, presidente da C\u00e2mara de Com\u00e9rcio de Bremen \u2013 IHK para Bremen e Bremerhaven, Prof. Norbert Aust, presidente da C\u00e2mara de Com\u00e9rcio de Hamburgo, bem como pelos dois diretores executivos Dr. Matthias Fonger (Bremen) e Dr. Malte Heyne (Hamburgo). <\/strong><\/h5>\n<p>(Bremen\/Hamburgo) &#8220;Os portos mar\u00edtimos alem\u00e3es precisam ser fortalecidos, aproveitando sinergias na dura concorr\u00eancia internacional, para que possam cumprir ainda melhor sua fun\u00e7\u00e3o central para nossa na\u00e7\u00e3o de com\u00e9rcio exterior&#8221;, enfatizou o Prof. Aust, presidente da C\u00e2mara de Com\u00e9rcio de Hamburgo: &#8220;Atualmente, o foco do debate pol\u00edtico portu\u00e1rio est\u00e1 na poss\u00edvel fus\u00e3o dos dois grandes operadores de terminais de cont\u00eaineres, Eurogate e HHLA. No entanto, isso n\u00e3o leva necessariamente a um aumento da produtividade; antes, \u00e9 necess\u00e1rio aproveitar os efeitos de aumento de efici\u00eancia da concorr\u00eancia, independentemente disso.<\/p>\n<p>Uma influ\u00eancia pol\u00edtica direta significaria uma interven\u00e7\u00e3o nos mecanismos de mercado. Independentemente disso, os locais portu\u00e1rios do norte da Alemanha podem expandir sua coopera\u00e7\u00e3o em outras \u00e1reas, por exemplo, no fortalecimento do lobby conjunto para projetos de infraestrutura do norte da Alemanha, na comercializa\u00e7\u00e3o conjunta dos portos mar\u00edtimos do norte da Alemanha e no fortalecimento do papel dos portos na orienta\u00e7\u00e3o econ\u00f4mica neutra em CO2.&#8221;<\/p>\n<h5><strong>Somente juntos podemos recuperar participa\u00e7\u00e3o de mercado<\/strong><\/h5>\n<p>As c\u00e2maras de com\u00e9rcio de Bremen e Hamburgo veem uma urg\u00eancia especial em aumentar a efici\u00eancia e a produtividade, especialmente na movimenta\u00e7\u00e3o de cargas, bem como melhorar a competitividade de pre\u00e7os em geral, para recuperar as participa\u00e7\u00f5es de mercado j\u00e1 perdidas. Eduard Dubbers-Albrecht, presidente da C\u00e2mara de Com\u00e9rcio de Bremen, disse: &#8220;Somente por meio de esfor\u00e7os conjuntos podemos recuperar participa\u00e7\u00e3o de mercado e garantir empregos nos portos mar\u00edtimos do norte da Alemanha na concorr\u00eancia cada vez mais acirrada. Isso inclui urgentemente medidas para a automa\u00e7\u00e3o abrangente dos processos de movimenta\u00e7\u00e3o portu\u00e1ria. A redu\u00e7\u00e3o dos custos de atraca\u00e7\u00e3o nos portos \u00e9 um importante alavancador para aumentar a competitividade dos portos mar\u00edtimos alem\u00e3es. Al\u00e9m disso, precisamos urgentemente de uma reforma abrangente na cobran\u00e7a do imposto sobre o valor acrescentado das importa\u00e7\u00f5es, em dire\u00e7\u00e3o a um verdadeiro modelo de compensa\u00e7\u00e3o, seguindo o exemplo de nossos vizinhos europeus.&#8221;<\/p>\n<h5><strong>Desvantagem competitiva da legisla\u00e7\u00e3o de planejamento<\/strong><\/h5>\n<p>Ambas as representa\u00e7\u00f5es econ\u00f4micas veem um obst\u00e1culo decisivo na legisla\u00e7\u00e3o de planejamento atual. &#8220;A constru\u00e7\u00e3o de projetos de infraestrutura n\u00e3o pode se tornar uma tarefa de gera\u00e7\u00f5es&#8221;, disse o presidente Dubbers-Albrecht: &#8220;Aqui se decide quem ganha a concorr\u00eancia. Projetos como a A20, a A26, a expans\u00e3o adicional da infraestrutura ferrovi\u00e1ria para fortalecer a conex\u00e3o do hinterland do porto e a adapta\u00e7\u00e3o dos canais do Weser s\u00e3o pr\u00e9-requisitos fundamentais para o local portu\u00e1rio do norte da Alemanha.&#8221;<\/p>\n<p>Os dois presidentes enfatizam: &#8220;Nossos portos mar\u00edtimos desempenham uma fun\u00e7\u00e3o importante para a localiza\u00e7\u00e3o da economia externa da Alemanha. Portanto, declaramos expressamente o apoio de nossas duas c\u00e2maras de com\u00e9rcio na elabora\u00e7\u00e3o da &#8216;Estrat\u00e9gia Nacional de Portos&#8217; consagrada no contrato de coaliz\u00e3o do governo federal.&#8221; <\/p>\n<h4><strong><a href=\"https:\/\/www.hk24.de\/blueprint\/servlet\/resource\/blob\/5438762\/37a5e1962194440a4a7a713b5d443803\/standpunkt-hafen-data.pdf\" target=\"_blank\" rel=\"noopener\">Download do documento de posi\u00e7\u00e3o<\/a> <\/strong><\/h4>\n<p>Fotomontagem: \u00a9 Loginfo24<\/p>\n","protected":false},"excerpt":{"rendered":"<p>O desafiador ambiente competitivo dos portos mar\u00edtimos do norte da Alemanha exige, segundo as c\u00e2maras de com\u00e9rcio de Bremen e Hamburgo, uma maior coopera\u00e7\u00e3o entre os<span class=\"excerpt-hellip\"> [\u2026]<\/span><\/p>\n","protected":false},"author":0,"featured_media":10862,"comment_status":"open","ping_status":"open","sticky":false,"template":"","format":"standard","meta":{"_acf_changed":false,"footnotes":""},"categories":[1557,1561,1559],"tags":[],"class_list":["post-54951","post","type-post","status-publish","format-standard","has-post-thumbnail","hentry","category-forwarding-logistics","category-regions","category-shipping-ports"],"acf":[],"yoast_head":"<!-- This site is optimized with the Yoast SEO plugin v27.3 - https:\/\/yoast.com\/product\/yoast-seo-wordpress\/ -->\n<title>C\u00e2maras de Com\u00e9rcio querem coopera\u00e7\u00e3o dos portos do norte da Alemanha - Loginfo24<\/title>\n<meta name=\"robots\" content=\"index, follow, max-snippet:-1, max-image-preview:large, max-video-preview:-1\" \/>\n<link rel=\"canonical\" href=\"https:\/\/loginfo24.com\/pt-pt\/2022\/02\/28\/camaras-de-comercio-querem-cooperacao-dos-portos-do-norte-da-alemanha\/\" \/>\n<meta property=\"og:locale\" content=\"pt_PT\" \/>\n<meta property=\"og:type\" content=\"article\" \/>\n<meta property=\"og:title\" content=\"C\u00e2maras de Com\u00e9rcio querem coopera\u00e7\u00e3o dos portos do norte da Alemanha - Loginfo24\" \/>\n<meta property=\"og:description\" content=\"O desafiador ambiente competitivo dos portos mar\u00edtimos do norte da Alemanha exige, segundo as c\u00e2maras de com\u00e9rcio de Bremen e Hamburgo, uma maior coopera\u00e7\u00e3o entre os [\u2026]\" \/>\n<meta property=\"og:url\" content=\"https:\/\/loginfo24.com\/pt-pt\/2022\/02\/28\/camaras-de-comercio-querem-cooperacao-dos-portos-do-norte-da-alemanha\/\" \/>\n<meta property=\"og:site_name\" content=\"Loginfo24\" \/>\n<meta property=\"article:publisher\" content=\"https:\/\/www.facebook.com\/people\/Loginfo24\/100057360583332\/\" \/>\n<meta property=\"article:published_time\" content=\"2022-02-28T18:21:21+00:00\" \/>\n<meta property=\"og:image\" content=\"https:\/\/loginfo24.com\/wp-content\/uploads\/sites\/7\/2025\/12\/HK24_28.2.22.jpg\" \/>\n\t<meta property=\"og:image:width\" content=\"1208\" \/>\n\t<meta property=\"og:image:height\" content=\"766\" \/>\n\t<meta property=\"og:image:type\" content=\"image\/jpeg\" \/>\n<meta name=\"twitter:card\" content=\"summary_large_image\" \/>\n<meta name=\"twitter:label1\" content=\"Tempo estimado de leitura\" \/>\n\t<meta name=\"twitter:data1\" content=\"3 minutos\" \/>\n<script type=\"application\/ld+json\" class=\"yoast-schema-graph\">{\"@context\":\"https:\\\/\\\/schema.org\",\"@graph\":[{\"@type\":\"Article\",\"@id\":\"https:\\\/\\\/loginfo24.com\\\/pt-pt\\\/2022\\\/02\\\/28\\\/camaras-de-comercio-querem-cooperacao-dos-portos-do-norte-da-alemanha\\\/#article\",\"isPartOf\":{\"@id\":\"https:\\\/\\\/loginfo24.com\\\/pt-pt\\\/2022\\\/02\\\/28\\\/camaras-de-comercio-querem-cooperacao-dos-portos-do-norte-da-alemanha\\\/\"},\"author\":{\"name\":\"\",\"@id\":\"\"},\"headline\":\"C\u00e2maras de Com\u00e9rcio querem coopera\u00e7\u00e3o dos portos do norte da Alemanha\",\"datePublished\":\"2022-02-28T18:21:21+00:00\",\"mainEntityOfPage\":{\"@id\":\"https:\\\/\\\/loginfo24.com\\\/pt-pt\\\/2022\\\/02\\\/28\\\/camaras-de-comercio-querem-cooperacao-dos-portos-do-norte-da-alemanha\\\/\"},\"wordCount\":617,\"commentCount\":0,\"publisher\":{\"@id\":\"https:\\\/\\\/loginfo24.com\\\/pt-pt\\\/#organization\"},\"image\":{\"@id\":\"https:\\\/\\\/loginfo24.com\\\/pt-pt\\\/2022\\\/02\\\/28\\\/camaras-de-comercio-querem-cooperacao-dos-portos-do-norte-da-alemanha\\\/#primaryimage\"},\"thumbnailUrl\":\"https:\\\/\\\/loginfo24.com\\\/wp-content\\\/uploads\\\/sites\\\/7\\\/2025\\\/12\\\/HK24_28.2.22.jpg\",\"articleSection\":[\"Forwarding &amp; Logistics\",\"Regions\",\"Shipping &amp; Ports\"],\"inLanguage\":\"pt-PT\",\"potentialAction\":[{\"@type\":\"CommentAction\",\"name\":\"Comment\",\"target\":[\"https:\\\/\\\/loginfo24.com\\\/pt-pt\\\/2022\\\/02\\\/28\\\/camaras-de-comercio-querem-cooperacao-dos-portos-do-norte-da-alemanha\\\/#respond\"]}]},{\"@type\":\"WebPage\",\"@id\":\"https:\\\/\\\/loginfo24.com\\\/pt-pt\\\/2022\\\/02\\\/28\\\/camaras-de-comercio-querem-cooperacao-dos-portos-do-norte-da-alemanha\\\/\",\"url\":\"https:\\\/\\\/loginfo24.com\\\/pt-pt\\\/2022\\\/02\\\/28\\\/camaras-de-comercio-querem-cooperacao-dos-portos-do-norte-da-alemanha\\\/\",\"name\":\"C\u00e2maras de Com\u00e9rcio querem coopera\u00e7\u00e3o dos portos do norte da Alemanha - Loginfo24\",\"isPartOf\":{\"@id\":\"https:\\\/\\\/loginfo24.com\\\/pt-pt\\\/#website\"},\"primaryImageOfPage\":{\"@id\":\"https:\\\/\\\/loginfo24.com\\\/pt-pt\\\/2022\\\/02\\\/28\\\/camaras-de-comercio-querem-cooperacao-dos-portos-do-norte-da-alemanha\\\/#primaryimage\"},\"image\":{\"@id\":\"https:\\\/\\\/loginfo24.com\\\/pt-pt\\\/2022\\\/02\\\/28\\\/camaras-de-comercio-querem-cooperacao-dos-portos-do-norte-da-alemanha\\\/#primaryimage\"},\"thumbnailUrl\":\"https:\\\/\\\/loginfo24.com\\\/wp-content\\\/uploads\\\/sites\\\/7\\\/2025\\\/12\\\/HK24_28.2.22.jpg\",\"datePublished\":\"2022-02-28T18:21:21+00:00\",\"breadcrumb\":{\"@id\":\"https:\\\/\\\/loginfo24.com\\\/pt-pt\\\/2022\\\/02\\\/28\\\/camaras-de-comercio-querem-cooperacao-dos-portos-do-norte-da-alemanha\\\/#breadcrumb\"},\"inLanguage\":\"pt-PT\",\"potentialAction\":[{\"@type\":\"ReadAction\",\"target\":[\"https:\\\/\\\/loginfo24.com\\\/pt-pt\\\/2022\\\/02\\\/28\\\/camaras-de-comercio-querem-cooperacao-dos-portos-do-norte-da-alemanha\\\/\"]}]},{\"@type\":\"ImageObject\",\"inLanguage\":\"pt-PT\",\"@id\":\"https:\\\/\\\/loginfo24.com\\\/pt-pt\\\/2022\\\/02\\\/28\\\/camaras-de-comercio-querem-cooperacao-dos-portos-do-norte-da-alemanha\\\/#primaryimage\",\"url\":\"https:\\\/\\\/loginfo24.com\\\/wp-content\\\/uploads\\\/sites\\\/7\\\/2025\\\/12\\\/HK24_28.2.22.jpg\",\"contentUrl\":\"https:\\\/\\\/loginfo24.com\\\/wp-content\\\/uploads\\\/sites\\\/7\\\/2025\\\/12\\\/HK24_28.2.22.jpg\",\"width\":1208,\"height\":766},{\"@type\":\"BreadcrumbList\",\"@id\":\"https:\\\/\\\/loginfo24.com\\\/pt-pt\\\/2022\\\/02\\\/28\\\/camaras-de-comercio-querem-cooperacao-dos-portos-do-norte-da-alemanha\\\/#breadcrumb\",\"itemListElement\":[{\"@type\":\"ListItem\",\"position\":1,\"name\":\"Startseite\",\"item\":\"https:\\\/\\\/loginfo24.com\\\/pt-pt\\\/\"},{\"@type\":\"ListItem\",\"position\":2,\"name\":\"C\u00e2maras de Com\u00e9rcio querem coopera\u00e7\u00e3o dos portos do norte da Alemanha\"}]},{\"@type\":\"WebSite\",\"@id\":\"https:\\\/\\\/loginfo24.com\\\/pt-pt\\\/#website\",\"url\":\"https:\\\/\\\/loginfo24.com\\\/pt-pt\\\/\",\"name\":\"Loginfo24\",\"description\":\"Loginfo24 \u00e9 a plataforma dedicada \u00e0 log\u00edstica e \u00e0s cadeias de abastecimento, com informa\u00e7\u00f5es dispon\u00edveis 24 horas por dia.\",\"publisher\":{\"@id\":\"https:\\\/\\\/loginfo24.com\\\/pt-pt\\\/#organization\"},\"potentialAction\":[{\"@type\":\"SearchAction\",\"target\":{\"@type\":\"EntryPoint\",\"urlTemplate\":\"https:\\\/\\\/loginfo24.com\\\/pt-pt\\\/?s={search_term_string}\"},\"query-input\":{\"@type\":\"PropertyValueSpecification\",\"valueRequired\":true,\"valueName\":\"search_term_string\"}}],\"inLanguage\":\"pt-PT\"},{\"@type\":\"Organization\",\"@id\":\"https:\\\/\\\/loginfo24.com\\\/pt-pt\\\/#organization\",\"name\":\"Logismedia Group AG\",\"url\":\"https:\\\/\\\/loginfo24.com\\\/pt-pt\\\/\",\"logo\":{\"@type\":\"ImageObject\",\"inLanguage\":\"pt-PT\",\"@id\":\"https:\\\/\\\/loginfo24.com\\\/pt-pt\\\/#\\\/schema\\\/logo\\\/image\\\/\",\"url\":\"https:\\\/\\\/loginfo24.com\\\/wp-content\\\/uploads\\\/sites\\\/7\\\/2026\\\/01\\\/Logo_LogInfo24.png\",\"contentUrl\":\"https:\\\/\\\/loginfo24.com\\\/wp-content\\\/uploads\\\/sites\\\/7\\\/2026\\\/01\\\/Logo_LogInfo24.png\",\"width\":938,\"height\":351,\"caption\":\"Logismedia Group AG\"},\"image\":{\"@id\":\"https:\\\/\\\/loginfo24.com\\\/pt-pt\\\/#\\\/schema\\\/logo\\\/image\\\/\"},\"sameAs\":[\"https:\\\/\\\/www.facebook.com\\\/people\\\/Loginfo24\\\/100057360583332\\\/\",\"https:\\\/\\\/www.linkedin.com\\\/company\\\/lofinfo24\\\/\"]}]}<\/script>\n<!-- \/ Yoast SEO plugin. -->","yoast_head_json":{"title":"C\u00e2maras de Com\u00e9rcio querem coopera\u00e7\u00e3o dos portos do norte da Alemanha - Loginfo24","robots":{"index":"index","follow":"follow","max-snippet":"max-snippet:-1","max-image-preview":"max-image-preview:large","max-video-preview":"max-video-preview:-1"},"canonical":"https:\/\/loginfo24.com\/pt-pt\/2022\/02\/28\/camaras-de-comercio-querem-cooperacao-dos-portos-do-norte-da-alemanha\/","og_locale":"pt_PT","og_type":"article","og_title":"C\u00e2maras de Com\u00e9rcio querem coopera\u00e7\u00e3o dos portos do norte da Alemanha - Loginfo24","og_description":"O desafiador ambiente competitivo dos portos mar\u00edtimos do norte da Alemanha exige, segundo as c\u00e2maras de com\u00e9rcio de Bremen e Hamburgo, uma maior coopera\u00e7\u00e3o entre os [\u2026]","og_url":"https:\/\/loginfo24.com\/pt-pt\/2022\/02\/28\/camaras-de-comercio-querem-cooperacao-dos-portos-do-norte-da-alemanha\/","og_site_name":"Loginfo24","article_publisher":"https:\/\/www.facebook.com\/people\/Loginfo24\/100057360583332\/","article_published_time":"2022-02-28T18:21:21+00:00","og_image":[{"width":1208,"height":766,"url":"https:\/\/loginfo24.com\/wp-content\/uploads\/sites\/7\/2025\/12\/HK24_28.2.22.jpg","type":"image\/jpeg"}],"twitter_card":"summary_large_image","twitter_misc":{"Tempo estimado de leitura":"3 minutos"},"schema":{"@context":"https:\/\/schema.org","@graph":[{"@type":"Article","@id":"https:\/\/loginfo24.com\/pt-pt\/2022\/02\/28\/camaras-de-comercio-querem-cooperacao-dos-portos-do-norte-da-alemanha\/#article","isPartOf":{"@id":"https:\/\/loginfo24.com\/pt-pt\/2022\/02\/28\/camaras-de-comercio-querem-cooperacao-dos-portos-do-norte-da-alemanha\/"},"author":{"name":"","@id":""},"headline":"C\u00e2maras de Com\u00e9rcio querem coopera\u00e7\u00e3o dos portos do norte da Alemanha","datePublished":"2022-02-28T18:21:21+00:00","mainEntityOfPage":{"@id":"https:\/\/loginfo24.com\/pt-pt\/2022\/02\/28\/camaras-de-comercio-querem-cooperacao-dos-portos-do-norte-da-alemanha\/"},"wordCount":617,"commentCount":0,"publisher":{"@id":"https:\/\/loginfo24.com\/pt-pt\/#organization"},"image":{"@id":"https:\/\/loginfo24.com\/pt-pt\/2022\/02\/28\/camaras-de-comercio-querem-cooperacao-dos-portos-do-norte-da-alemanha\/#primaryimage"},"thumbnailUrl":"https:\/\/loginfo24.com\/wp-content\/uploads\/sites\/7\/2025\/12\/HK24_28.2.22.jpg","articleSection":["Forwarding &amp; Logistics","Regions","Shipping &amp; Ports"],"inLanguage":"pt-PT","potentialAction":[{"@type":"CommentAction","name":"Comment","target":["https:\/\/loginfo24.com\/pt-pt\/2022\/02\/28\/camaras-de-comercio-querem-cooperacao-dos-portos-do-norte-da-alemanha\/#respond"]}]},{"@type":"WebPage","@id":"https:\/\/loginfo24.com\/pt-pt\/2022\/02\/28\/camaras-de-comercio-querem-cooperacao-dos-portos-do-norte-da-alemanha\/","url":"https:\/\/loginfo24.com\/pt-pt\/2022\/02\/28\/camaras-de-comercio-querem-cooperacao-dos-portos-do-norte-da-alemanha\/","name":"C\u00e2maras de Com\u00e9rcio querem coopera\u00e7\u00e3o dos portos do norte da Alemanha - Loginfo24","isPartOf":{"@id":"https:\/\/loginfo24.com\/pt-pt\/#website"},"primaryImageOfPage":{"@id":"https:\/\/loginfo24.com\/pt-pt\/2022\/02\/28\/camaras-de-comercio-querem-cooperacao-dos-portos-do-norte-da-alemanha\/#primaryimage"},"image":{"@id":"https:\/\/loginfo24.com\/pt-pt\/2022\/02\/28\/camaras-de-comercio-querem-cooperacao-dos-portos-do-norte-da-alemanha\/#primaryimage"},"thumbnailUrl":"https:\/\/loginfo24.com\/wp-content\/uploads\/sites\/7\/2025\/12\/HK24_28.2.22.jpg","datePublished":"2022-02-28T18:21:21+00:00","breadcrumb":{"@id":"https:\/\/loginfo24.com\/pt-pt\/2022\/02\/28\/camaras-de-comercio-querem-cooperacao-dos-portos-do-norte-da-alemanha\/#breadcrumb"},"inLanguage":"pt-PT","potentialAction":[{"@type":"ReadAction","target":["https:\/\/loginfo24.com\/pt-pt\/2022\/02\/28\/camaras-de-comercio-querem-cooperacao-dos-portos-do-norte-da-alemanha\/"]}]},{"@type":"ImageObject","inLanguage":"pt-PT","@id":"https:\/\/loginfo24.com\/pt-pt\/2022\/02\/28\/camaras-de-comercio-querem-cooperacao-dos-portos-do-norte-da-alemanha\/#primaryimage","url":"https:\/\/loginfo24.com\/wp-content\/uploads\/sites\/7\/2025\/12\/HK24_28.2.22.jpg","contentUrl":"https:\/\/loginfo24.com\/wp-content\/uploads\/sites\/7\/2025\/12\/HK24_28.2.22.jpg","width":1208,"height":766},{"@type":"BreadcrumbList","@id":"https:\/\/loginfo24.com\/pt-pt\/2022\/02\/28\/camaras-de-comercio-querem-cooperacao-dos-portos-do-norte-da-alemanha\/#breadcrumb","itemListElement":[{"@type":"ListItem","position":1,"name":"Startseite","item":"https:\/\/loginfo24.com\/pt-pt\/"},{"@type":"ListItem","position":2,"name":"C\u00e2maras de Com\u00e9rcio querem coopera\u00e7\u00e3o dos portos do norte da Alemanha"}]},{"@type":"WebSite","@id":"https:\/\/loginfo24.com\/pt-pt\/#website","url":"https:\/\/loginfo24.com\/pt-pt\/","name":"Loginfo24","description":"Loginfo24 \u00e9 a plataforma dedicada \u00e0 log\u00edstica e \u00e0s cadeias de abastecimento, com informa\u00e7\u00f5es dispon\u00edveis 24 horas por dia.","publisher":{"@id":"https:\/\/loginfo24.com\/pt-pt\/#organization"},"potentialAction":[{"@type":"SearchAction","target":{"@type":"EntryPoint","urlTemplate":"https:\/\/loginfo24.com\/pt-pt\/?s={search_term_string}"},"query-input":{"@type":"PropertyValueSpecification","valueRequired":true,"valueName":"search_term_string"}}],"inLanguage":"pt-PT"},{"@type":"Organization","@id":"https:\/\/loginfo24.com\/pt-pt\/#organization","name":"Logismedia Group AG","url":"https:\/\/loginfo24.com\/pt-pt\/","logo":{"@type":"ImageObject","inLanguage":"pt-PT","@id":"https:\/\/loginfo24.com\/pt-pt\/#\/schema\/logo\/image\/","url":"https:\/\/loginfo24.com\/wp-content\/uploads\/sites\/7\/2026\/01\/Logo_LogInfo24.png","contentUrl":"https:\/\/loginfo24.com\/wp-content\/uploads\/sites\/7\/2026\/01\/Logo_LogInfo24.png","width":938,"height":351,"caption":"Logismedia Group AG"},"image":{"@id":"https:\/\/loginfo24.com\/pt-pt\/#\/schema\/logo\/image\/"},"sameAs":["https:\/\/www.facebook.com\/people\/Loginfo24\/100057360583332\/","https:\/\/www.linkedin.com\/company\/lofinfo24\/"]}]}},"_links":{"self":[{"href":"https:\/\/loginfo24.com\/pt-pt\/wp-json\/wp\/v2\/posts\/54951","targetHints":{"allow":["GET"]}}],"collection":[{"href":"https:\/\/loginfo24.com\/pt-pt\/wp-json\/wp\/v2\/posts"}],"about":[{"href":"https:\/\/loginfo24.com\/pt-pt\/wp-json\/wp\/v2\/types\/post"}],"replies":[{"embeddable":true,"href":"https:\/\/loginfo24.com\/pt-pt\/wp-json\/wp\/v2\/comments?post=54951"}],"version-history":[{"count":0,"href":"https:\/\/loginfo24.com\/pt-pt\/wp-json\/wp\/v2\/posts\/54951\/revisions"}],"wp:featuredmedia":[{"embeddable":true,"href":"https:\/\/loginfo24.com\/pt-pt\/wp-json\/wp\/v2\/media\/10862"}],"wp:attachment":[{"href":"https:\/\/loginfo24.com\/pt-pt\/wp-json\/wp\/v2\/media?parent=54951"}],"wp:term":[{"taxonomy":"category","embeddable":true,"href":"https:\/\/loginfo24.com\/pt-pt\/wp-json\/wp\/v2\/categories?post=54951"},{"taxonomy":"post_tag","embeddable":true,"href":"https:\/\/loginfo24.com\/pt-pt\/wp-json\/wp\/v2\/tags?post=54951"}],"curies":[{"name":"wp","href":"https:\/\/api.w.org\/{rel}","templated":true}]}}