{"id":54227,"date":"2022-01-29T19:13:51","date_gmt":"2022-01-29T18:13:51","guid":{"rendered":"https:\/\/blog.brand-architecture.at\/2022\/01\/29\/com-gebruder-weiss-em-missao-virtual-a-marte\/"},"modified":"2022-01-29T19:13:51","modified_gmt":"2022-01-29T18:13:51","slug":"com-gebruder-weiss-em-missao-virtual-a-marte","status":"publish","type":"post","link":"https:\/\/loginfo24.com\/pt-pt\/2022\/01\/29\/com-gebruder-weiss-em-missao-virtual-a-marte\/","title":{"rendered":"Com Gebr\u00fcder Weiss em miss\u00e3o virtual a Marte"},"content":{"rendered":"<h5><strong>Na 16\u00aa edi\u00e7\u00e3o da revista para clientes ATLAS da Gebr\u00fcder Weiss, tudo gira em torno do tema &#8220;Velocidade&#8221;. Como uma experi\u00eancia altamente individual, uma velocista, um ciclista de pista, um motociclista, profissionais de log\u00edstica, um pesquisador do tempo e um especialista em Marte relatam o papel que a velocidade desempenha em suas vidas.<\/strong><\/h5>\n<p>(Lauterach) Na parte especial, fala-se sobre a 13\u00aa miss\u00e3o an\u00e1loga a Marte do F\u00f3rum Espacial Austr\u00edaco (\u00d6WF), que a Gebr\u00fcder Weiss apoiou como parceiro log\u00edstico oficial. A especial oferece uma vis\u00e3o sobre o que \u00e9 uma miss\u00e3o an\u00e1loga, por que foi realizada e como funciona a log\u00edstica. Dr. Gernot Gr\u00f6mer, cofundador e diretor do \u00d6WF, fala em entrevista sobre desafios tecnol\u00f3gicos, problemas triviais e as grandes oportunidades de uma miss\u00e3o a Marte. Impress\u00f5es espetaculares do projeto e da log\u00edstica por tr\u00e1s dele tamb\u00e9m est\u00e3o dispon\u00edveis no v\u00eddeo:<\/p>\n<p><a href=\"https:\/\/www.youtube.com\/watch?app=desktop&amp;v=yX65hMnizqs\" target=\"_blank\" rel=\"noopener\">Dois minutos at\u00e9 #Marte?<\/a><\/p>\n<p>Os exploradores de Marte, no entanto, ainda ter\u00e3o que esperar um pouco em termos de velocidade: o voo simples para o Planeta Vermelho atualmente levaria meio ano. Voc\u00ea n\u00e3o deve levar tanto tempo para ler a nova edi\u00e7\u00e3o do ATLAS. A 16\u00aa edi\u00e7\u00e3o do ATLAS j\u00e1 pode ser lida digitalmente (ATLAS 16) ou solicitada gratuitamente (e rapidamente) em:<\/p>\n<p><a href=\"https:\/\/gw-atlas.com\/magazine-bestellen\/\" target=\"_blank\" rel=\"noopener\">gw-atlas.com\/magazine-bestellen\/<\/a><\/p>\n<h5><strong>Sobre a revista para clientes ATLAS<\/strong><\/h5>\n<p>A revista para clientes ATLAS da Gebr\u00fcder Weiss \u00e9 publicada desde 2013 e aparece semestralmente em alem\u00e3o e ingl\u00eas. Os temas abordados giram em torno do vasto mundo da log\u00edstica. O ATLAS foi premiado com o Best of Content Marketing (BCM) Award em Ouro em 2019 e 2020, e em 2019 recebeu o &#8220;Grand Prix&#8221; por trabalhos especialmente not\u00e1veis. Em outubro de 2020, foi um dos vencedores do renomado Red Dot Award.<\/p>\n<p>Foto: \u00a9 Gebr\u00fcder Weiss<\/p>\n<p>&nbsp;<\/p>\n","protected":false},"excerpt":{"rendered":"<p>Na 16\u00aa edi\u00e7\u00e3o da revista para clientes ATLAS da Gebr\u00fcder Weiss, tudo gira em torno do tema &#8220;Velocidade&#8221;. Como uma experi\u00eancia altamente individual, uma velocista, um<span class=\"excerpt-hellip\"> [\u2026]<\/span><\/p>\n","protected":false},"author":0,"featured_media":11142,"comment_status":"open","ping_status":"open","sticky":false,"template":"","format":"standard","meta":{"_acf_changed":false,"footnotes":""},"categories":[1561],"tags":[],"class_list":["post-54227","post","type-post","status-publish","format-standard","has-post-thumbnail","hentry","category-regions"],"acf":[],"yoast_head":"<!-- This site is optimized with the Yoast SEO plugin v27.3 - https:\/\/yoast.com\/product\/yoast-seo-wordpress\/ -->\n<title>Com Gebr\u00fcder Weiss em miss\u00e3o virtual a Marte - Loginfo24<\/title>\n<meta name=\"robots\" content=\"index, follow, max-snippet:-1, max-image-preview:large, max-video-preview:-1\" \/>\n<link rel=\"canonical\" href=\"https:\/\/loginfo24.com\/pt-pt\/2022\/01\/29\/com-gebruder-weiss-em-missao-virtual-a-marte\/\" \/>\n<meta property=\"og:locale\" content=\"pt_PT\" \/>\n<meta property=\"og:type\" content=\"article\" \/>\n<meta property=\"og:title\" content=\"Com Gebr\u00fcder Weiss em miss\u00e3o virtual a Marte - Loginfo24\" \/>\n<meta property=\"og:description\" content=\"Na 16\u00aa edi\u00e7\u00e3o da revista para clientes ATLAS da Gebr\u00fcder Weiss, tudo gira em torno do tema &#8220;Velocidade&#8221;. Como uma experi\u00eancia altamente individual, uma velocista, um [\u2026]\" \/>\n<meta property=\"og:url\" content=\"https:\/\/loginfo24.com\/pt-pt\/2022\/01\/29\/com-gebruder-weiss-em-missao-virtual-a-marte\/\" \/>\n<meta property=\"og:site_name\" content=\"Loginfo24\" \/>\n<meta property=\"article:publisher\" content=\"https:\/\/www.facebook.com\/people\/Loginfo24\/100057360583332\/\" \/>\n<meta property=\"article:published_time\" content=\"2022-01-29T18:13:51+00:00\" \/>\n<meta property=\"og:image\" content=\"https:\/\/loginfo24.com\/wp-content\/uploads\/sites\/7\/2025\/12\/Gebr_Weiss_28.1.22.jpg\" \/>\n\t<meta property=\"og:image:width\" content=\"1273\" \/>\n\t<meta property=\"og:image:height\" content=\"706\" \/>\n\t<meta property=\"og:image:type\" content=\"image\/jpeg\" \/>\n<meta name=\"twitter:card\" content=\"summary_large_image\" \/>\n<meta name=\"twitter:label1\" content=\"Tempo estimado de leitura\" \/>\n\t<meta name=\"twitter:data1\" content=\"2 minutos\" \/>\n<script type=\"application\/ld+json\" class=\"yoast-schema-graph\">{\"@context\":\"https:\\\/\\\/schema.org\",\"@graph\":[{\"@type\":\"Article\",\"@id\":\"https:\\\/\\\/loginfo24.com\\\/pt-pt\\\/2022\\\/01\\\/29\\\/com-gebruder-weiss-em-missao-virtual-a-marte\\\/#article\",\"isPartOf\":{\"@id\":\"https:\\\/\\\/loginfo24.com\\\/pt-pt\\\/2022\\\/01\\\/29\\\/com-gebruder-weiss-em-missao-virtual-a-marte\\\/\"},\"author\":{\"name\":\"\",\"@id\":\"\"},\"headline\":\"Com Gebr\u00fcder Weiss em miss\u00e3o virtual a Marte\",\"datePublished\":\"2022-01-29T18:13:51+00:00\",\"mainEntityOfPage\":{\"@id\":\"https:\\\/\\\/loginfo24.com\\\/pt-pt\\\/2022\\\/01\\\/29\\\/com-gebruder-weiss-em-missao-virtual-a-marte\\\/\"},\"wordCount\":320,\"commentCount\":0,\"publisher\":{\"@id\":\"https:\\\/\\\/loginfo24.com\\\/pt-pt\\\/#organization\"},\"image\":{\"@id\":\"https:\\\/\\\/loginfo24.com\\\/pt-pt\\\/2022\\\/01\\\/29\\\/com-gebruder-weiss-em-missao-virtual-a-marte\\\/#primaryimage\"},\"thumbnailUrl\":\"https:\\\/\\\/loginfo24.com\\\/wp-content\\\/uploads\\\/sites\\\/7\\\/2025\\\/12\\\/Gebr_Weiss_28.1.22.jpg\",\"articleSection\":[\"Regions\"],\"inLanguage\":\"pt-PT\",\"potentialAction\":[{\"@type\":\"CommentAction\",\"name\":\"Comment\",\"target\":[\"https:\\\/\\\/loginfo24.com\\\/pt-pt\\\/2022\\\/01\\\/29\\\/com-gebruder-weiss-em-missao-virtual-a-marte\\\/#respond\"]}]},{\"@type\":\"WebPage\",\"@id\":\"https:\\\/\\\/loginfo24.com\\\/pt-pt\\\/2022\\\/01\\\/29\\\/com-gebruder-weiss-em-missao-virtual-a-marte\\\/\",\"url\":\"https:\\\/\\\/loginfo24.com\\\/pt-pt\\\/2022\\\/01\\\/29\\\/com-gebruder-weiss-em-missao-virtual-a-marte\\\/\",\"name\":\"Com Gebr\u00fcder Weiss em miss\u00e3o virtual a Marte - Loginfo24\",\"isPartOf\":{\"@id\":\"https:\\\/\\\/loginfo24.com\\\/pt-pt\\\/#website\"},\"primaryImageOfPage\":{\"@id\":\"https:\\\/\\\/loginfo24.com\\\/pt-pt\\\/2022\\\/01\\\/29\\\/com-gebruder-weiss-em-missao-virtual-a-marte\\\/#primaryimage\"},\"image\":{\"@id\":\"https:\\\/\\\/loginfo24.com\\\/pt-pt\\\/2022\\\/01\\\/29\\\/com-gebruder-weiss-em-missao-virtual-a-marte\\\/#primaryimage\"},\"thumbnailUrl\":\"https:\\\/\\\/loginfo24.com\\\/wp-content\\\/uploads\\\/sites\\\/7\\\/2025\\\/12\\\/Gebr_Weiss_28.1.22.jpg\",\"datePublished\":\"2022-01-29T18:13:51+00:00\",\"breadcrumb\":{\"@id\":\"https:\\\/\\\/loginfo24.com\\\/pt-pt\\\/2022\\\/01\\\/29\\\/com-gebruder-weiss-em-missao-virtual-a-marte\\\/#breadcrumb\"},\"inLanguage\":\"pt-PT\",\"potentialAction\":[{\"@type\":\"ReadAction\",\"target\":[\"https:\\\/\\\/loginfo24.com\\\/pt-pt\\\/2022\\\/01\\\/29\\\/com-gebruder-weiss-em-missao-virtual-a-marte\\\/\"]}]},{\"@type\":\"ImageObject\",\"inLanguage\":\"pt-PT\",\"@id\":\"https:\\\/\\\/loginfo24.com\\\/pt-pt\\\/2022\\\/01\\\/29\\\/com-gebruder-weiss-em-missao-virtual-a-marte\\\/#primaryimage\",\"url\":\"https:\\\/\\\/loginfo24.com\\\/wp-content\\\/uploads\\\/sites\\\/7\\\/2025\\\/12\\\/Gebr_Weiss_28.1.22.jpg\",\"contentUrl\":\"https:\\\/\\\/loginfo24.com\\\/wp-content\\\/uploads\\\/sites\\\/7\\\/2025\\\/12\\\/Gebr_Weiss_28.1.22.jpg\",\"width\":1273,\"height\":706},{\"@type\":\"BreadcrumbList\",\"@id\":\"https:\\\/\\\/loginfo24.com\\\/pt-pt\\\/2022\\\/01\\\/29\\\/com-gebruder-weiss-em-missao-virtual-a-marte\\\/#breadcrumb\",\"itemListElement\":[{\"@type\":\"ListItem\",\"position\":1,\"name\":\"Startseite\",\"item\":\"https:\\\/\\\/loginfo24.com\\\/pt-pt\\\/\"},{\"@type\":\"ListItem\",\"position\":2,\"name\":\"Com Gebr\u00fcder Weiss em miss\u00e3o virtual a Marte\"}]},{\"@type\":\"WebSite\",\"@id\":\"https:\\\/\\\/loginfo24.com\\\/pt-pt\\\/#website\",\"url\":\"https:\\\/\\\/loginfo24.com\\\/pt-pt\\\/\",\"name\":\"Loginfo24\",\"description\":\"Loginfo24 \u00e9 a plataforma dedicada \u00e0 log\u00edstica e \u00e0s cadeias de abastecimento, com informa\u00e7\u00f5es dispon\u00edveis 24 horas por dia.\",\"publisher\":{\"@id\":\"https:\\\/\\\/loginfo24.com\\\/pt-pt\\\/#organization\"},\"potentialAction\":[{\"@type\":\"SearchAction\",\"target\":{\"@type\":\"EntryPoint\",\"urlTemplate\":\"https:\\\/\\\/loginfo24.com\\\/pt-pt\\\/?s={search_term_string}\"},\"query-input\":{\"@type\":\"PropertyValueSpecification\",\"valueRequired\":true,\"valueName\":\"search_term_string\"}}],\"inLanguage\":\"pt-PT\"},{\"@type\":\"Organization\",\"@id\":\"https:\\\/\\\/loginfo24.com\\\/pt-pt\\\/#organization\",\"name\":\"Logismedia Group AG\",\"url\":\"https:\\\/\\\/loginfo24.com\\\/pt-pt\\\/\",\"logo\":{\"@type\":\"ImageObject\",\"inLanguage\":\"pt-PT\",\"@id\":\"https:\\\/\\\/loginfo24.com\\\/pt-pt\\\/#\\\/schema\\\/logo\\\/image\\\/\",\"url\":\"https:\\\/\\\/loginfo24.com\\\/wp-content\\\/uploads\\\/sites\\\/7\\\/2026\\\/01\\\/Logo_LogInfo24.png\",\"contentUrl\":\"https:\\\/\\\/loginfo24.com\\\/wp-content\\\/uploads\\\/sites\\\/7\\\/2026\\\/01\\\/Logo_LogInfo24.png\",\"width\":938,\"height\":351,\"caption\":\"Logismedia Group AG\"},\"image\":{\"@id\":\"https:\\\/\\\/loginfo24.com\\\/pt-pt\\\/#\\\/schema\\\/logo\\\/image\\\/\"},\"sameAs\":[\"https:\\\/\\\/www.facebook.com\\\/people\\\/Loginfo24\\\/100057360583332\\\/\",\"https:\\\/\\\/www.linkedin.com\\\/company\\\/lofinfo24\\\/\"]}]}<\/script>\n<!-- \/ Yoast SEO plugin. -->","yoast_head_json":{"title":"Com Gebr\u00fcder Weiss em miss\u00e3o virtual a Marte - Loginfo24","robots":{"index":"index","follow":"follow","max-snippet":"max-snippet:-1","max-image-preview":"max-image-preview:large","max-video-preview":"max-video-preview:-1"},"canonical":"https:\/\/loginfo24.com\/pt-pt\/2022\/01\/29\/com-gebruder-weiss-em-missao-virtual-a-marte\/","og_locale":"pt_PT","og_type":"article","og_title":"Com Gebr\u00fcder Weiss em miss\u00e3o virtual a Marte - Loginfo24","og_description":"Na 16\u00aa edi\u00e7\u00e3o da revista para clientes ATLAS da Gebr\u00fcder Weiss, tudo gira em torno do tema &#8220;Velocidade&#8221;. Como uma experi\u00eancia altamente individual, uma velocista, um [\u2026]","og_url":"https:\/\/loginfo24.com\/pt-pt\/2022\/01\/29\/com-gebruder-weiss-em-missao-virtual-a-marte\/","og_site_name":"Loginfo24","article_publisher":"https:\/\/www.facebook.com\/people\/Loginfo24\/100057360583332\/","article_published_time":"2022-01-29T18:13:51+00:00","og_image":[{"width":1273,"height":706,"url":"https:\/\/loginfo24.com\/wp-content\/uploads\/sites\/7\/2025\/12\/Gebr_Weiss_28.1.22.jpg","type":"image\/jpeg"}],"twitter_card":"summary_large_image","twitter_misc":{"Tempo estimado de leitura":"2 minutos"},"schema":{"@context":"https:\/\/schema.org","@graph":[{"@type":"Article","@id":"https:\/\/loginfo24.com\/pt-pt\/2022\/01\/29\/com-gebruder-weiss-em-missao-virtual-a-marte\/#article","isPartOf":{"@id":"https:\/\/loginfo24.com\/pt-pt\/2022\/01\/29\/com-gebruder-weiss-em-missao-virtual-a-marte\/"},"author":{"name":"","@id":""},"headline":"Com Gebr\u00fcder Weiss em miss\u00e3o virtual a Marte","datePublished":"2022-01-29T18:13:51+00:00","mainEntityOfPage":{"@id":"https:\/\/loginfo24.com\/pt-pt\/2022\/01\/29\/com-gebruder-weiss-em-missao-virtual-a-marte\/"},"wordCount":320,"commentCount":0,"publisher":{"@id":"https:\/\/loginfo24.com\/pt-pt\/#organization"},"image":{"@id":"https:\/\/loginfo24.com\/pt-pt\/2022\/01\/29\/com-gebruder-weiss-em-missao-virtual-a-marte\/#primaryimage"},"thumbnailUrl":"https:\/\/loginfo24.com\/wp-content\/uploads\/sites\/7\/2025\/12\/Gebr_Weiss_28.1.22.jpg","articleSection":["Regions"],"inLanguage":"pt-PT","potentialAction":[{"@type":"CommentAction","name":"Comment","target":["https:\/\/loginfo24.com\/pt-pt\/2022\/01\/29\/com-gebruder-weiss-em-missao-virtual-a-marte\/#respond"]}]},{"@type":"WebPage","@id":"https:\/\/loginfo24.com\/pt-pt\/2022\/01\/29\/com-gebruder-weiss-em-missao-virtual-a-marte\/","url":"https:\/\/loginfo24.com\/pt-pt\/2022\/01\/29\/com-gebruder-weiss-em-missao-virtual-a-marte\/","name":"Com Gebr\u00fcder Weiss em miss\u00e3o virtual a Marte - Loginfo24","isPartOf":{"@id":"https:\/\/loginfo24.com\/pt-pt\/#website"},"primaryImageOfPage":{"@id":"https:\/\/loginfo24.com\/pt-pt\/2022\/01\/29\/com-gebruder-weiss-em-missao-virtual-a-marte\/#primaryimage"},"image":{"@id":"https:\/\/loginfo24.com\/pt-pt\/2022\/01\/29\/com-gebruder-weiss-em-missao-virtual-a-marte\/#primaryimage"},"thumbnailUrl":"https:\/\/loginfo24.com\/wp-content\/uploads\/sites\/7\/2025\/12\/Gebr_Weiss_28.1.22.jpg","datePublished":"2022-01-29T18:13:51+00:00","breadcrumb":{"@id":"https:\/\/loginfo24.com\/pt-pt\/2022\/01\/29\/com-gebruder-weiss-em-missao-virtual-a-marte\/#breadcrumb"},"inLanguage":"pt-PT","potentialAction":[{"@type":"ReadAction","target":["https:\/\/loginfo24.com\/pt-pt\/2022\/01\/29\/com-gebruder-weiss-em-missao-virtual-a-marte\/"]}]},{"@type":"ImageObject","inLanguage":"pt-PT","@id":"https:\/\/loginfo24.com\/pt-pt\/2022\/01\/29\/com-gebruder-weiss-em-missao-virtual-a-marte\/#primaryimage","url":"https:\/\/loginfo24.com\/wp-content\/uploads\/sites\/7\/2025\/12\/Gebr_Weiss_28.1.22.jpg","contentUrl":"https:\/\/loginfo24.com\/wp-content\/uploads\/sites\/7\/2025\/12\/Gebr_Weiss_28.1.22.jpg","width":1273,"height":706},{"@type":"BreadcrumbList","@id":"https:\/\/loginfo24.com\/pt-pt\/2022\/01\/29\/com-gebruder-weiss-em-missao-virtual-a-marte\/#breadcrumb","itemListElement":[{"@type":"ListItem","position":1,"name":"Startseite","item":"https:\/\/loginfo24.com\/pt-pt\/"},{"@type":"ListItem","position":2,"name":"Com Gebr\u00fcder Weiss em miss\u00e3o virtual a Marte"}]},{"@type":"WebSite","@id":"https:\/\/loginfo24.com\/pt-pt\/#website","url":"https:\/\/loginfo24.com\/pt-pt\/","name":"Loginfo24","description":"Loginfo24 \u00e9 a plataforma dedicada \u00e0 log\u00edstica e \u00e0s cadeias de abastecimento, com informa\u00e7\u00f5es dispon\u00edveis 24 horas por dia.","publisher":{"@id":"https:\/\/loginfo24.com\/pt-pt\/#organization"},"potentialAction":[{"@type":"SearchAction","target":{"@type":"EntryPoint","urlTemplate":"https:\/\/loginfo24.com\/pt-pt\/?s={search_term_string}"},"query-input":{"@type":"PropertyValueSpecification","valueRequired":true,"valueName":"search_term_string"}}],"inLanguage":"pt-PT"},{"@type":"Organization","@id":"https:\/\/loginfo24.com\/pt-pt\/#organization","name":"Logismedia Group AG","url":"https:\/\/loginfo24.com\/pt-pt\/","logo":{"@type":"ImageObject","inLanguage":"pt-PT","@id":"https:\/\/loginfo24.com\/pt-pt\/#\/schema\/logo\/image\/","url":"https:\/\/loginfo24.com\/wp-content\/uploads\/sites\/7\/2026\/01\/Logo_LogInfo24.png","contentUrl":"https:\/\/loginfo24.com\/wp-content\/uploads\/sites\/7\/2026\/01\/Logo_LogInfo24.png","width":938,"height":351,"caption":"Logismedia Group AG"},"image":{"@id":"https:\/\/loginfo24.com\/pt-pt\/#\/schema\/logo\/image\/"},"sameAs":["https:\/\/www.facebook.com\/people\/Loginfo24\/100057360583332\/","https:\/\/www.linkedin.com\/company\/lofinfo24\/"]}]}},"_links":{"self":[{"href":"https:\/\/loginfo24.com\/pt-pt\/wp-json\/wp\/v2\/posts\/54227","targetHints":{"allow":["GET"]}}],"collection":[{"href":"https:\/\/loginfo24.com\/pt-pt\/wp-json\/wp\/v2\/posts"}],"about":[{"href":"https:\/\/loginfo24.com\/pt-pt\/wp-json\/wp\/v2\/types\/post"}],"replies":[{"embeddable":true,"href":"https:\/\/loginfo24.com\/pt-pt\/wp-json\/wp\/v2\/comments?post=54227"}],"version-history":[{"count":0,"href":"https:\/\/loginfo24.com\/pt-pt\/wp-json\/wp\/v2\/posts\/54227\/revisions"}],"wp:featuredmedia":[{"embeddable":true,"href":"https:\/\/loginfo24.com\/pt-pt\/wp-json\/wp\/v2\/media\/11142"}],"wp:attachment":[{"href":"https:\/\/loginfo24.com\/pt-pt\/wp-json\/wp\/v2\/media?parent=54227"}],"wp:term":[{"taxonomy":"category","embeddable":true,"href":"https:\/\/loginfo24.com\/pt-pt\/wp-json\/wp\/v2\/categories?post=54227"},{"taxonomy":"post_tag","embeddable":true,"href":"https:\/\/loginfo24.com\/pt-pt\/wp-json\/wp\/v2\/tags?post=54227"}],"curies":[{"name":"wp","href":"https:\/\/api.w.org\/{rel}","templated":true}]}}