{"id":53836,"date":"2021-11-29T19:05:06","date_gmt":"2021-11-29T18:05:06","guid":{"rendered":"https:\/\/blog.brand-architecture.at\/2021\/11\/29\/feiras-transport-logistic-e-air-cargo-2023-tambem-no-sudeste-asiatico\/"},"modified":"2021-11-29T19:05:06","modified_gmt":"2021-11-29T18:05:06","slug":"feiras-transport-logistic-e-air-cargo-2023-tambem-no-sudeste-asiatico","status":"publish","type":"post","link":"https:\/\/loginfo24.com\/pt-pt\/2021\/11\/29\/feiras-transport-logistic-e-air-cargo-2023-tambem-no-sudeste-asiatico\/","title":{"rendered":"Feiras transport logistic e air cargo 2023 tamb\u00e9m no Sudeste Asi\u00e1tico"},"content":{"rendered":"<h5><strong>A edi\u00e7\u00e3o do Sudeste Asi\u00e1tico da transport logistic e air cargo ocorrer\u00e1 de 13 a 15 de setembro de 2023 no Marina Bay Sands em Cingapura. A MMI Asia, a subsidi\u00e1ria regional da Messe M\u00fcnchen, anunciou as datas juntamente com os principais representantes do setor local, Changi Airport Group, SATS Ltd e DHL Express. O recente lan\u00e7amento complementa o cluster de feiras de log\u00edstica l\u00edderes, que inclui \u00cdndia, China, Turquia, Estados Unidos e o maior evento de log\u00edstica do mundo e feira-m\u00e3e em Munique.<\/strong><\/h5>\n<p>(Munique\/Cingapura) O Singapore Tourism Board (STB) e a MMI Asia assinaram em 15 de novembro de 2021 um memorando de entendimento para realizar a edi\u00e7\u00e3o do Sudeste Asi\u00e1tico da feira transport logistic e air cargo a cada dois anos em Cingapura a partir de 2023. A parceria da feira inclui o desenvolvimento de novos conte\u00fados, componentes de programa\u00e7\u00e3o e exibi\u00e7\u00e3o, a\u00e7\u00f5es de marketing e publicidade conjuntas, bem como colabora\u00e7\u00e3o na troca de conhecimento do setor.<\/p>\n<p>Michael Wilton, diretor executivo da MMI Asia, afirma: &#8220;Em um mundo disruptivo, a ind\u00fastria de log\u00edstica deve se adaptar, mudar e permanecer flex\u00edvel para atender \u00e0s extraordin\u00e1rias demandas que as economias globais impuseram a essa ind\u00fastria. O novo evento oferece aos principais participantes do mercado a oportunidade de trocar ideias, estabelecer novos contatos e se informar sobre as \u00faltimas tend\u00eancias e melhores pr\u00e1ticas do setor. Para os embarcadores que precisam lidar com as sempre mut\u00e1veis demandas de suas redes de distribui\u00e7\u00e3o e log\u00edstica, o evento oferece um acesso incompar\u00e1vel \u00e0s melhores solu\u00e7\u00f5es e servi\u00e7os dispon\u00edveis no mercado global&#8221;.<\/p>\n<p>A nova feira incluir\u00e1 uma confer\u00eancia de alto n\u00edvel que se concentrar\u00e1 em temas e problemas espec\u00edficos do ecossistema log\u00edstico. Sob o tema central &#8220;Log\u00edstica Integrada para um Mundo Disruptivo&#8221;, a confer\u00eancia e as sess\u00f5es de forma\u00e7\u00e3o abordar\u00e3o desafios e oferecer\u00e3o solu\u00e7\u00f5es para as empresas continuarem a ter sucesso no futuro.<\/p>\n<h5><strong>Momento certo para presen\u00e7a no Sudeste Asi\u00e1tico<\/strong><\/h5>\n<p>Lim Ching Kiat, diretor administrativo de Desenvolvimento de Hub A\u00e9reo do Changi Airport Group, comenta: &#8220;O transporte a\u00e9reo desempenha um papel fundamental no com\u00e9rcio global e nas cadeias de suprimento \u2013 sua import\u00e2ncia foi ainda mais evidente durante a pandemia com a entrega de produtos essenciais e suprimentos m\u00e9dicos. Para o futuro, espera-se que a participa\u00e7\u00e3o do Sudeste Asi\u00e1tico no tr\u00e1fego a\u00e9reo global continue a aumentar, e centros de carga globais como Changi desempenhar\u00e3o um papel fundamental nisso. Portanto, \u00e9 exatamente o momento certo para lan\u00e7ar a feira transport logistic e air cargo nesta regi\u00e3o do mundo com sua pr\u00f3pria edi\u00e7\u00e3o. Como um importante centro de carga a\u00e9rea, mas tamb\u00e9m como um local de congressos e feiras significativas na regi\u00e3o, estamos felizes que o evento ser\u00e1 realizado aqui em Cingapura e desejamos muito sucesso para o in\u00edcio&#8221;.<\/p>\n<p>Detalhes sobre a edi\u00e7\u00e3o do Sudeste Asi\u00e1tico da transport logistic e air cargo estar\u00e3o dispon\u00edveis em breve em:<\/p>\n<p><a href=\"https:\/\/transportlogisticasean.com\/\" target=\"_blank\" rel=\"noopener noreferrer\">www.transportlogisticasean.com<\/a><\/p>\n<p>Foto: \u00a9 Messe M\u00fcnchen<\/p>\n","protected":false},"excerpt":{"rendered":"<p>A edi\u00e7\u00e3o do Sudeste Asi\u00e1tico da transport logistic e air cargo ocorrer\u00e1 de 13 a 15 de setembro de 2023 no Marina Bay Sands em Cingapura.<span class=\"excerpt-hellip\"> [\u2026]<\/span><\/p>\n","protected":false},"author":0,"featured_media":11618,"comment_status":"open","ping_status":"open","sticky":false,"template":"","format":"standard","meta":{"_acf_changed":false,"footnotes":""},"categories":[1557,1561],"tags":[],"class_list":["post-53836","post","type-post","status-publish","format-standard","has-post-thumbnail","hentry","category-forwarding-logistics","category-regions"],"acf":[],"yoast_head":"<!-- This site is optimized with the Yoast SEO plugin v27.3 - https:\/\/yoast.com\/product\/yoast-seo-wordpress\/ -->\n<title>Feiras transport logistic e air cargo 2023 tamb\u00e9m no Sudeste Asi\u00e1tico - Loginfo24<\/title>\n<meta name=\"robots\" content=\"index, follow, max-snippet:-1, max-image-preview:large, max-video-preview:-1\" \/>\n<link rel=\"canonical\" href=\"https:\/\/loginfo24.com\/pt-pt\/2021\/11\/29\/feiras-transport-logistic-e-air-cargo-2023-tambem-no-sudeste-asiatico\/\" \/>\n<meta property=\"og:locale\" content=\"pt_PT\" \/>\n<meta property=\"og:type\" content=\"article\" \/>\n<meta property=\"og:title\" content=\"Feiras transport logistic e air cargo 2023 tamb\u00e9m no Sudeste Asi\u00e1tico - Loginfo24\" \/>\n<meta property=\"og:description\" content=\"A edi\u00e7\u00e3o do Sudeste Asi\u00e1tico da transport logistic e air cargo ocorrer\u00e1 de 13 a 15 de setembro de 2023 no Marina Bay Sands em Cingapura. [\u2026]\" \/>\n<meta property=\"og:url\" content=\"https:\/\/loginfo24.com\/pt-pt\/2021\/11\/29\/feiras-transport-logistic-e-air-cargo-2023-tambem-no-sudeste-asiatico\/\" \/>\n<meta property=\"og:site_name\" content=\"Loginfo24\" \/>\n<meta property=\"article:publisher\" content=\"https:\/\/www.facebook.com\/people\/Loginfo24\/100057360583332\/\" \/>\n<meta property=\"article:published_time\" content=\"2021-11-29T18:05:06+00:00\" \/>\n<meta property=\"og:image\" content=\"https:\/\/loginfo24.com\/wp-content\/uploads\/sites\/7\/2025\/12\/MesseMuenchen_29.11.21.jpg\" \/>\n\t<meta property=\"og:image:width\" content=\"1254\" \/>\n\t<meta property=\"og:image:height\" content=\"734\" \/>\n\t<meta property=\"og:image:type\" content=\"image\/jpeg\" \/>\n<meta name=\"twitter:card\" content=\"summary_large_image\" \/>\n<meta name=\"twitter:label1\" content=\"Tempo estimado de leitura\" \/>\n\t<meta name=\"twitter:data1\" content=\"3 minutos\" \/>\n<script type=\"application\/ld+json\" class=\"yoast-schema-graph\">{\"@context\":\"https:\\\/\\\/schema.org\",\"@graph\":[{\"@type\":\"Article\",\"@id\":\"https:\\\/\\\/loginfo24.com\\\/pt-pt\\\/2021\\\/11\\\/29\\\/feiras-transport-logistic-e-air-cargo-2023-tambem-no-sudeste-asiatico\\\/#article\",\"isPartOf\":{\"@id\":\"https:\\\/\\\/loginfo24.com\\\/pt-pt\\\/2021\\\/11\\\/29\\\/feiras-transport-logistic-e-air-cargo-2023-tambem-no-sudeste-asiatico\\\/\"},\"author\":{\"name\":\"\",\"@id\":\"\"},\"headline\":\"Feiras transport logistic e air cargo 2023 tamb\u00e9m no Sudeste Asi\u00e1tico\",\"datePublished\":\"2021-11-29T18:05:06+00:00\",\"mainEntityOfPage\":{\"@id\":\"https:\\\/\\\/loginfo24.com\\\/pt-pt\\\/2021\\\/11\\\/29\\\/feiras-transport-logistic-e-air-cargo-2023-tambem-no-sudeste-asiatico\\\/\"},\"wordCount\":547,\"commentCount\":0,\"publisher\":{\"@id\":\"https:\\\/\\\/loginfo24.com\\\/pt-pt\\\/#organization\"},\"image\":{\"@id\":\"https:\\\/\\\/loginfo24.com\\\/pt-pt\\\/2021\\\/11\\\/29\\\/feiras-transport-logistic-e-air-cargo-2023-tambem-no-sudeste-asiatico\\\/#primaryimage\"},\"thumbnailUrl\":\"https:\\\/\\\/loginfo24.com\\\/wp-content\\\/uploads\\\/sites\\\/7\\\/2025\\\/12\\\/MesseMuenchen_29.11.21.jpg\",\"articleSection\":[\"Forwarding &amp; Logistics\",\"Regions\"],\"inLanguage\":\"pt-PT\",\"potentialAction\":[{\"@type\":\"CommentAction\",\"name\":\"Comment\",\"target\":[\"https:\\\/\\\/loginfo24.com\\\/pt-pt\\\/2021\\\/11\\\/29\\\/feiras-transport-logistic-e-air-cargo-2023-tambem-no-sudeste-asiatico\\\/#respond\"]}]},{\"@type\":\"WebPage\",\"@id\":\"https:\\\/\\\/loginfo24.com\\\/pt-pt\\\/2021\\\/11\\\/29\\\/feiras-transport-logistic-e-air-cargo-2023-tambem-no-sudeste-asiatico\\\/\",\"url\":\"https:\\\/\\\/loginfo24.com\\\/pt-pt\\\/2021\\\/11\\\/29\\\/feiras-transport-logistic-e-air-cargo-2023-tambem-no-sudeste-asiatico\\\/\",\"name\":\"Feiras transport logistic e air cargo 2023 tamb\u00e9m no Sudeste Asi\u00e1tico - Loginfo24\",\"isPartOf\":{\"@id\":\"https:\\\/\\\/loginfo24.com\\\/pt-pt\\\/#website\"},\"primaryImageOfPage\":{\"@id\":\"https:\\\/\\\/loginfo24.com\\\/pt-pt\\\/2021\\\/11\\\/29\\\/feiras-transport-logistic-e-air-cargo-2023-tambem-no-sudeste-asiatico\\\/#primaryimage\"},\"image\":{\"@id\":\"https:\\\/\\\/loginfo24.com\\\/pt-pt\\\/2021\\\/11\\\/29\\\/feiras-transport-logistic-e-air-cargo-2023-tambem-no-sudeste-asiatico\\\/#primaryimage\"},\"thumbnailUrl\":\"https:\\\/\\\/loginfo24.com\\\/wp-content\\\/uploads\\\/sites\\\/7\\\/2025\\\/12\\\/MesseMuenchen_29.11.21.jpg\",\"datePublished\":\"2021-11-29T18:05:06+00:00\",\"breadcrumb\":{\"@id\":\"https:\\\/\\\/loginfo24.com\\\/pt-pt\\\/2021\\\/11\\\/29\\\/feiras-transport-logistic-e-air-cargo-2023-tambem-no-sudeste-asiatico\\\/#breadcrumb\"},\"inLanguage\":\"pt-PT\",\"potentialAction\":[{\"@type\":\"ReadAction\",\"target\":[\"https:\\\/\\\/loginfo24.com\\\/pt-pt\\\/2021\\\/11\\\/29\\\/feiras-transport-logistic-e-air-cargo-2023-tambem-no-sudeste-asiatico\\\/\"]}]},{\"@type\":\"ImageObject\",\"inLanguage\":\"pt-PT\",\"@id\":\"https:\\\/\\\/loginfo24.com\\\/pt-pt\\\/2021\\\/11\\\/29\\\/feiras-transport-logistic-e-air-cargo-2023-tambem-no-sudeste-asiatico\\\/#primaryimage\",\"url\":\"https:\\\/\\\/loginfo24.com\\\/wp-content\\\/uploads\\\/sites\\\/7\\\/2025\\\/12\\\/MesseMuenchen_29.11.21.jpg\",\"contentUrl\":\"https:\\\/\\\/loginfo24.com\\\/wp-content\\\/uploads\\\/sites\\\/7\\\/2025\\\/12\\\/MesseMuenchen_29.11.21.jpg\",\"width\":1254,\"height\":734},{\"@type\":\"BreadcrumbList\",\"@id\":\"https:\\\/\\\/loginfo24.com\\\/pt-pt\\\/2021\\\/11\\\/29\\\/feiras-transport-logistic-e-air-cargo-2023-tambem-no-sudeste-asiatico\\\/#breadcrumb\",\"itemListElement\":[{\"@type\":\"ListItem\",\"position\":1,\"name\":\"Startseite\",\"item\":\"https:\\\/\\\/loginfo24.com\\\/pt-pt\\\/\"},{\"@type\":\"ListItem\",\"position\":2,\"name\":\"Feiras transport logistic e air cargo 2023 tamb\u00e9m no Sudeste Asi\u00e1tico\"}]},{\"@type\":\"WebSite\",\"@id\":\"https:\\\/\\\/loginfo24.com\\\/pt-pt\\\/#website\",\"url\":\"https:\\\/\\\/loginfo24.com\\\/pt-pt\\\/\",\"name\":\"Loginfo24\",\"description\":\"Loginfo24 \u00e9 a plataforma dedicada \u00e0 log\u00edstica e \u00e0s cadeias de abastecimento, com informa\u00e7\u00f5es dispon\u00edveis 24 horas por dia.\",\"publisher\":{\"@id\":\"https:\\\/\\\/loginfo24.com\\\/pt-pt\\\/#organization\"},\"potentialAction\":[{\"@type\":\"SearchAction\",\"target\":{\"@type\":\"EntryPoint\",\"urlTemplate\":\"https:\\\/\\\/loginfo24.com\\\/pt-pt\\\/?s={search_term_string}\"},\"query-input\":{\"@type\":\"PropertyValueSpecification\",\"valueRequired\":true,\"valueName\":\"search_term_string\"}}],\"inLanguage\":\"pt-PT\"},{\"@type\":\"Organization\",\"@id\":\"https:\\\/\\\/loginfo24.com\\\/pt-pt\\\/#organization\",\"name\":\"Logismedia Group AG\",\"url\":\"https:\\\/\\\/loginfo24.com\\\/pt-pt\\\/\",\"logo\":{\"@type\":\"ImageObject\",\"inLanguage\":\"pt-PT\",\"@id\":\"https:\\\/\\\/loginfo24.com\\\/pt-pt\\\/#\\\/schema\\\/logo\\\/image\\\/\",\"url\":\"https:\\\/\\\/loginfo24.com\\\/wp-content\\\/uploads\\\/sites\\\/7\\\/2026\\\/01\\\/Logo_LogInfo24.png\",\"contentUrl\":\"https:\\\/\\\/loginfo24.com\\\/wp-content\\\/uploads\\\/sites\\\/7\\\/2026\\\/01\\\/Logo_LogInfo24.png\",\"width\":938,\"height\":351,\"caption\":\"Logismedia Group AG\"},\"image\":{\"@id\":\"https:\\\/\\\/loginfo24.com\\\/pt-pt\\\/#\\\/schema\\\/logo\\\/image\\\/\"},\"sameAs\":[\"https:\\\/\\\/www.facebook.com\\\/people\\\/Loginfo24\\\/100057360583332\\\/\",\"https:\\\/\\\/www.linkedin.com\\\/company\\\/lofinfo24\\\/\"]}]}<\/script>\n<!-- \/ Yoast SEO plugin. -->","yoast_head_json":{"title":"Feiras transport logistic e air cargo 2023 tamb\u00e9m no Sudeste Asi\u00e1tico - Loginfo24","robots":{"index":"index","follow":"follow","max-snippet":"max-snippet:-1","max-image-preview":"max-image-preview:large","max-video-preview":"max-video-preview:-1"},"canonical":"https:\/\/loginfo24.com\/pt-pt\/2021\/11\/29\/feiras-transport-logistic-e-air-cargo-2023-tambem-no-sudeste-asiatico\/","og_locale":"pt_PT","og_type":"article","og_title":"Feiras transport logistic e air cargo 2023 tamb\u00e9m no Sudeste Asi\u00e1tico - Loginfo24","og_description":"A edi\u00e7\u00e3o do Sudeste Asi\u00e1tico da transport logistic e air cargo ocorrer\u00e1 de 13 a 15 de setembro de 2023 no Marina Bay Sands em Cingapura. [\u2026]","og_url":"https:\/\/loginfo24.com\/pt-pt\/2021\/11\/29\/feiras-transport-logistic-e-air-cargo-2023-tambem-no-sudeste-asiatico\/","og_site_name":"Loginfo24","article_publisher":"https:\/\/www.facebook.com\/people\/Loginfo24\/100057360583332\/","article_published_time":"2021-11-29T18:05:06+00:00","og_image":[{"width":1254,"height":734,"url":"https:\/\/loginfo24.com\/wp-content\/uploads\/sites\/7\/2025\/12\/MesseMuenchen_29.11.21.jpg","type":"image\/jpeg"}],"twitter_card":"summary_large_image","twitter_misc":{"Tempo estimado de leitura":"3 minutos"},"schema":{"@context":"https:\/\/schema.org","@graph":[{"@type":"Article","@id":"https:\/\/loginfo24.com\/pt-pt\/2021\/11\/29\/feiras-transport-logistic-e-air-cargo-2023-tambem-no-sudeste-asiatico\/#article","isPartOf":{"@id":"https:\/\/loginfo24.com\/pt-pt\/2021\/11\/29\/feiras-transport-logistic-e-air-cargo-2023-tambem-no-sudeste-asiatico\/"},"author":{"name":"","@id":""},"headline":"Feiras transport logistic e air cargo 2023 tamb\u00e9m no Sudeste Asi\u00e1tico","datePublished":"2021-11-29T18:05:06+00:00","mainEntityOfPage":{"@id":"https:\/\/loginfo24.com\/pt-pt\/2021\/11\/29\/feiras-transport-logistic-e-air-cargo-2023-tambem-no-sudeste-asiatico\/"},"wordCount":547,"commentCount":0,"publisher":{"@id":"https:\/\/loginfo24.com\/pt-pt\/#organization"},"image":{"@id":"https:\/\/loginfo24.com\/pt-pt\/2021\/11\/29\/feiras-transport-logistic-e-air-cargo-2023-tambem-no-sudeste-asiatico\/#primaryimage"},"thumbnailUrl":"https:\/\/loginfo24.com\/wp-content\/uploads\/sites\/7\/2025\/12\/MesseMuenchen_29.11.21.jpg","articleSection":["Forwarding &amp; Logistics","Regions"],"inLanguage":"pt-PT","potentialAction":[{"@type":"CommentAction","name":"Comment","target":["https:\/\/loginfo24.com\/pt-pt\/2021\/11\/29\/feiras-transport-logistic-e-air-cargo-2023-tambem-no-sudeste-asiatico\/#respond"]}]},{"@type":"WebPage","@id":"https:\/\/loginfo24.com\/pt-pt\/2021\/11\/29\/feiras-transport-logistic-e-air-cargo-2023-tambem-no-sudeste-asiatico\/","url":"https:\/\/loginfo24.com\/pt-pt\/2021\/11\/29\/feiras-transport-logistic-e-air-cargo-2023-tambem-no-sudeste-asiatico\/","name":"Feiras transport logistic e air cargo 2023 tamb\u00e9m no Sudeste Asi\u00e1tico - Loginfo24","isPartOf":{"@id":"https:\/\/loginfo24.com\/pt-pt\/#website"},"primaryImageOfPage":{"@id":"https:\/\/loginfo24.com\/pt-pt\/2021\/11\/29\/feiras-transport-logistic-e-air-cargo-2023-tambem-no-sudeste-asiatico\/#primaryimage"},"image":{"@id":"https:\/\/loginfo24.com\/pt-pt\/2021\/11\/29\/feiras-transport-logistic-e-air-cargo-2023-tambem-no-sudeste-asiatico\/#primaryimage"},"thumbnailUrl":"https:\/\/loginfo24.com\/wp-content\/uploads\/sites\/7\/2025\/12\/MesseMuenchen_29.11.21.jpg","datePublished":"2021-11-29T18:05:06+00:00","breadcrumb":{"@id":"https:\/\/loginfo24.com\/pt-pt\/2021\/11\/29\/feiras-transport-logistic-e-air-cargo-2023-tambem-no-sudeste-asiatico\/#breadcrumb"},"inLanguage":"pt-PT","potentialAction":[{"@type":"ReadAction","target":["https:\/\/loginfo24.com\/pt-pt\/2021\/11\/29\/feiras-transport-logistic-e-air-cargo-2023-tambem-no-sudeste-asiatico\/"]}]},{"@type":"ImageObject","inLanguage":"pt-PT","@id":"https:\/\/loginfo24.com\/pt-pt\/2021\/11\/29\/feiras-transport-logistic-e-air-cargo-2023-tambem-no-sudeste-asiatico\/#primaryimage","url":"https:\/\/loginfo24.com\/wp-content\/uploads\/sites\/7\/2025\/12\/MesseMuenchen_29.11.21.jpg","contentUrl":"https:\/\/loginfo24.com\/wp-content\/uploads\/sites\/7\/2025\/12\/MesseMuenchen_29.11.21.jpg","width":1254,"height":734},{"@type":"BreadcrumbList","@id":"https:\/\/loginfo24.com\/pt-pt\/2021\/11\/29\/feiras-transport-logistic-e-air-cargo-2023-tambem-no-sudeste-asiatico\/#breadcrumb","itemListElement":[{"@type":"ListItem","position":1,"name":"Startseite","item":"https:\/\/loginfo24.com\/pt-pt\/"},{"@type":"ListItem","position":2,"name":"Feiras transport logistic e air cargo 2023 tamb\u00e9m no Sudeste Asi\u00e1tico"}]},{"@type":"WebSite","@id":"https:\/\/loginfo24.com\/pt-pt\/#website","url":"https:\/\/loginfo24.com\/pt-pt\/","name":"Loginfo24","description":"Loginfo24 \u00e9 a plataforma dedicada \u00e0 log\u00edstica e \u00e0s cadeias de abastecimento, com informa\u00e7\u00f5es dispon\u00edveis 24 horas por dia.","publisher":{"@id":"https:\/\/loginfo24.com\/pt-pt\/#organization"},"potentialAction":[{"@type":"SearchAction","target":{"@type":"EntryPoint","urlTemplate":"https:\/\/loginfo24.com\/pt-pt\/?s={search_term_string}"},"query-input":{"@type":"PropertyValueSpecification","valueRequired":true,"valueName":"search_term_string"}}],"inLanguage":"pt-PT"},{"@type":"Organization","@id":"https:\/\/loginfo24.com\/pt-pt\/#organization","name":"Logismedia Group AG","url":"https:\/\/loginfo24.com\/pt-pt\/","logo":{"@type":"ImageObject","inLanguage":"pt-PT","@id":"https:\/\/loginfo24.com\/pt-pt\/#\/schema\/logo\/image\/","url":"https:\/\/loginfo24.com\/wp-content\/uploads\/sites\/7\/2026\/01\/Logo_LogInfo24.png","contentUrl":"https:\/\/loginfo24.com\/wp-content\/uploads\/sites\/7\/2026\/01\/Logo_LogInfo24.png","width":938,"height":351,"caption":"Logismedia Group AG"},"image":{"@id":"https:\/\/loginfo24.com\/pt-pt\/#\/schema\/logo\/image\/"},"sameAs":["https:\/\/www.facebook.com\/people\/Loginfo24\/100057360583332\/","https:\/\/www.linkedin.com\/company\/lofinfo24\/"]}]}},"_links":{"self":[{"href":"https:\/\/loginfo24.com\/pt-pt\/wp-json\/wp\/v2\/posts\/53836","targetHints":{"allow":["GET"]}}],"collection":[{"href":"https:\/\/loginfo24.com\/pt-pt\/wp-json\/wp\/v2\/posts"}],"about":[{"href":"https:\/\/loginfo24.com\/pt-pt\/wp-json\/wp\/v2\/types\/post"}],"replies":[{"embeddable":true,"href":"https:\/\/loginfo24.com\/pt-pt\/wp-json\/wp\/v2\/comments?post=53836"}],"version-history":[{"count":0,"href":"https:\/\/loginfo24.com\/pt-pt\/wp-json\/wp\/v2\/posts\/53836\/revisions"}],"wp:featuredmedia":[{"embeddable":true,"href":"https:\/\/loginfo24.com\/pt-pt\/wp-json\/wp\/v2\/media\/11618"}],"wp:attachment":[{"href":"https:\/\/loginfo24.com\/pt-pt\/wp-json\/wp\/v2\/media?parent=53836"}],"wp:term":[{"taxonomy":"category","embeddable":true,"href":"https:\/\/loginfo24.com\/pt-pt\/wp-json\/wp\/v2\/categories?post=53836"},{"taxonomy":"post_tag","embeddable":true,"href":"https:\/\/loginfo24.com\/pt-pt\/wp-json\/wp\/v2\/tags?post=53836"}],"curies":[{"name":"wp","href":"https:\/\/api.w.org\/{rel}","templated":true}]}}