{"id":53716,"date":"2021-11-24T18:31:23","date_gmt":"2021-11-24T17:31:23","guid":{"rendered":"https:\/\/blog.brand-architecture.at\/2021\/11\/24\/werner-spath-assume-a-fab-fordertechnik-und-anlagenbau-gmbh\/"},"modified":"2021-11-24T18:31:23","modified_gmt":"2021-11-24T17:31:23","slug":"werner-spath-assume-a-fab-fordertechnik-und-anlagenbau-gmbh","status":"publish","type":"post","link":"https:\/\/loginfo24.com\/pt-pt\/2021\/11\/24\/werner-spath-assume-a-fab-fordertechnik-und-anlagenbau-gmbh\/","title":{"rendered":"Werner Sp\u00e4th assume a FAB F\u00f6rdertechnik und Anlagenbau GmbH"},"content":{"rendered":"<h5><strong>A FAB F\u00f6rdertechnik und Anlagenbau GmbH de Waldshut-Tiengen tem um novo propriet\u00e1rio a partir de 01.10.2021. O atual diretor executivo Werner Sp\u00e4th assume a empresa, que foi fundada em 1974 por Anton M\u00fcller.<\/strong><strong>A fabricante de m\u00e1quinas e instala\u00e7\u00f5es produz solu\u00e7\u00f5es de sistema para a intralog\u00edstica.<\/strong><\/h5>\n<p>(Waldshut-Tiengen) A regulamenta\u00e7\u00e3o da sucess\u00e3o para a FAB j\u00e1 estava planejada h\u00e1 algum tempo pelo fundador da empresa, Anton M\u00fcller. Preparativos foram feitos em conjunto para que a transi\u00e7\u00e3o pudesse ser realizada de forma fluida. Werner Sp\u00e4th, que est\u00e1 na empresa desde 2015, estudou ap\u00f3s sua forma\u00e7\u00e3o na DHBW em L\u00f6rrach no curso de Administra\u00e7\u00e3o de Empresas, Expedi\u00e7\u00e3o, Transporte e Log\u00edstica. Em seguida, completou seu mestrado na HFWU em N\u00fcrtingen no curso de Gest\u00e3o Empresarial. Na FAB, ele atuou como diretor comercial e procurador, antes de ser nomeado diretor executivo em 2019. &#8220;\u00c9 importante para mim levar a empresa adiante e moderniz\u00e1-la&#8221;, diz Sp\u00e4th. Assim, o novo propriet\u00e1rio de 31 anos investiu em novas m\u00e1quinas de produ\u00e7\u00e3o e software moderno. Para os pr\u00f3ximos anos, tamb\u00e9m est\u00e3o planejados mais projetos de digitaliza\u00e7\u00e3o. O objetivo do empres\u00e1rio \u00e9 fortalecer ainda mais a posi\u00e7\u00e3o da FAB no amplo mercado de intralog\u00edstica.<\/p>\n<h5><strong>Entrada na tecnologia de transporte de recipientes<\/strong><\/h5>\n<p>O campo de neg\u00f3cios de sistemas de fluxo de material foi ampliado em 2021 com a entrada na tecnologia de transporte de produtos leves (tecnologia de transporte de recipientes). Isso permitiu que a FAB abordasse novos grupos de clientes e oferecesse um portf\u00f3lio de produtos ainda mais amplo aos clientes existentes. Paralelamente \u00e0 moderniza\u00e7\u00e3o e posicionamento da empresa, Sp\u00e4th considera especialmente o fator humano como um dos pilares mais importantes do sucesso empresarial. &#8220;Uma boa conviv\u00eancia na equipe \u00e9 a base para enfrentar juntos os desafios futuros&#8221;, conclui Werner Sp\u00e4th. &#8220;Com base nisso, iremos moldar claramente o crescimento futuro da FAB.&#8221;<\/p>\n<p>Foto: \u00a9 FAB \/ <strong><em>Legenda da imagem<\/em><\/strong><em>: Werner Sp\u00e4th, s\u00f3cio-gerente<\/em><\/p>\n","protected":false},"excerpt":{"rendered":"<p>A FAB F\u00f6rdertechnik und Anlagenbau GmbH de Waldshut-Tiengen tem um novo propriet\u00e1rio a partir de 01.10.2021. O atual diretor executivo Werner Sp\u00e4th assume a empresa, que<span class=\"excerpt-hellip\"> [\u2026]<\/span><\/p>\n","protected":false},"author":0,"featured_media":11670,"comment_status":"open","ping_status":"open","sticky":false,"template":"","format":"standard","meta":{"_acf_changed":false,"footnotes":""},"categories":[1557,1560,1561],"tags":[],"class_list":["post-53716","post","type-post","status-publish","format-standard","has-post-thumbnail","hentry","category-forwarding-logistics","category-intralogistics","category-regions"],"acf":[],"yoast_head":"<!-- This site is optimized with the Yoast SEO plugin v27.3 - https:\/\/yoast.com\/product\/yoast-seo-wordpress\/ -->\n<title>Werner Sp\u00e4th assume a FAB F\u00f6rdertechnik und Anlagenbau GmbH - Loginfo24<\/title>\n<meta name=\"robots\" content=\"index, follow, max-snippet:-1, max-image-preview:large, max-video-preview:-1\" \/>\n<link rel=\"canonical\" href=\"https:\/\/loginfo24.com\/pt-pt\/2021\/11\/24\/werner-spath-assume-a-fab-fordertechnik-und-anlagenbau-gmbh\/\" \/>\n<meta property=\"og:locale\" content=\"pt_PT\" \/>\n<meta property=\"og:type\" content=\"article\" \/>\n<meta property=\"og:title\" content=\"Werner Sp\u00e4th assume a FAB F\u00f6rdertechnik und Anlagenbau GmbH - Loginfo24\" \/>\n<meta property=\"og:description\" content=\"A FAB F\u00f6rdertechnik und Anlagenbau GmbH de Waldshut-Tiengen tem um novo propriet\u00e1rio a partir de 01.10.2021. O atual diretor executivo Werner Sp\u00e4th assume a empresa, que [\u2026]\" \/>\n<meta property=\"og:url\" content=\"https:\/\/loginfo24.com\/pt-pt\/2021\/11\/24\/werner-spath-assume-a-fab-fordertechnik-und-anlagenbau-gmbh\/\" \/>\n<meta property=\"og:site_name\" content=\"Loginfo24\" \/>\n<meta property=\"article:publisher\" content=\"https:\/\/www.facebook.com\/people\/Loginfo24\/100057360583332\/\" \/>\n<meta property=\"article:published_time\" content=\"2021-11-24T17:31:23+00:00\" \/>\n<meta property=\"og:image\" content=\"https:\/\/loginfo24.com\/wp-content\/uploads\/sites\/7\/2025\/12\/FAB_24.11.21.jpg\" \/>\n\t<meta property=\"og:image:width\" content=\"1381\" \/>\n\t<meta property=\"og:image:height\" content=\"920\" \/>\n\t<meta property=\"og:image:type\" content=\"image\/jpeg\" \/>\n<meta name=\"twitter:card\" content=\"summary_large_image\" \/>\n<meta name=\"twitter:label1\" content=\"Tempo estimado de leitura\" \/>\n\t<meta name=\"twitter:data1\" content=\"2 minutos\" \/>\n<script type=\"application\/ld+json\" class=\"yoast-schema-graph\">{\"@context\":\"https:\\\/\\\/schema.org\",\"@graph\":[{\"@type\":\"Article\",\"@id\":\"https:\\\/\\\/loginfo24.com\\\/pt-pt\\\/2021\\\/11\\\/24\\\/werner-spath-assume-a-fab-fordertechnik-und-anlagenbau-gmbh\\\/#article\",\"isPartOf\":{\"@id\":\"https:\\\/\\\/loginfo24.com\\\/pt-pt\\\/2021\\\/11\\\/24\\\/werner-spath-assume-a-fab-fordertechnik-und-anlagenbau-gmbh\\\/\"},\"author\":{\"name\":\"\",\"@id\":\"\"},\"headline\":\"Werner Sp\u00e4th assume a FAB F\u00f6rdertechnik und Anlagenbau GmbH\",\"datePublished\":\"2021-11-24T17:31:23+00:00\",\"mainEntityOfPage\":{\"@id\":\"https:\\\/\\\/loginfo24.com\\\/pt-pt\\\/2021\\\/11\\\/24\\\/werner-spath-assume-a-fab-fordertechnik-und-anlagenbau-gmbh\\\/\"},\"wordCount\":352,\"commentCount\":0,\"publisher\":{\"@id\":\"https:\\\/\\\/loginfo24.com\\\/pt-pt\\\/#organization\"},\"image\":{\"@id\":\"https:\\\/\\\/loginfo24.com\\\/pt-pt\\\/2021\\\/11\\\/24\\\/werner-spath-assume-a-fab-fordertechnik-und-anlagenbau-gmbh\\\/#primaryimage\"},\"thumbnailUrl\":\"https:\\\/\\\/loginfo24.com\\\/wp-content\\\/uploads\\\/sites\\\/7\\\/2025\\\/12\\\/FAB_24.11.21.jpg\",\"articleSection\":[\"Forwarding &amp; Logistics\",\"Intralogistics\",\"Regions\"],\"inLanguage\":\"pt-PT\",\"potentialAction\":[{\"@type\":\"CommentAction\",\"name\":\"Comment\",\"target\":[\"https:\\\/\\\/loginfo24.com\\\/pt-pt\\\/2021\\\/11\\\/24\\\/werner-spath-assume-a-fab-fordertechnik-und-anlagenbau-gmbh\\\/#respond\"]}]},{\"@type\":\"WebPage\",\"@id\":\"https:\\\/\\\/loginfo24.com\\\/pt-pt\\\/2021\\\/11\\\/24\\\/werner-spath-assume-a-fab-fordertechnik-und-anlagenbau-gmbh\\\/\",\"url\":\"https:\\\/\\\/loginfo24.com\\\/pt-pt\\\/2021\\\/11\\\/24\\\/werner-spath-assume-a-fab-fordertechnik-und-anlagenbau-gmbh\\\/\",\"name\":\"Werner Sp\u00e4th assume a FAB F\u00f6rdertechnik und Anlagenbau GmbH - Loginfo24\",\"isPartOf\":{\"@id\":\"https:\\\/\\\/loginfo24.com\\\/pt-pt\\\/#website\"},\"primaryImageOfPage\":{\"@id\":\"https:\\\/\\\/loginfo24.com\\\/pt-pt\\\/2021\\\/11\\\/24\\\/werner-spath-assume-a-fab-fordertechnik-und-anlagenbau-gmbh\\\/#primaryimage\"},\"image\":{\"@id\":\"https:\\\/\\\/loginfo24.com\\\/pt-pt\\\/2021\\\/11\\\/24\\\/werner-spath-assume-a-fab-fordertechnik-und-anlagenbau-gmbh\\\/#primaryimage\"},\"thumbnailUrl\":\"https:\\\/\\\/loginfo24.com\\\/wp-content\\\/uploads\\\/sites\\\/7\\\/2025\\\/12\\\/FAB_24.11.21.jpg\",\"datePublished\":\"2021-11-24T17:31:23+00:00\",\"breadcrumb\":{\"@id\":\"https:\\\/\\\/loginfo24.com\\\/pt-pt\\\/2021\\\/11\\\/24\\\/werner-spath-assume-a-fab-fordertechnik-und-anlagenbau-gmbh\\\/#breadcrumb\"},\"inLanguage\":\"pt-PT\",\"potentialAction\":[{\"@type\":\"ReadAction\",\"target\":[\"https:\\\/\\\/loginfo24.com\\\/pt-pt\\\/2021\\\/11\\\/24\\\/werner-spath-assume-a-fab-fordertechnik-und-anlagenbau-gmbh\\\/\"]}]},{\"@type\":\"ImageObject\",\"inLanguage\":\"pt-PT\",\"@id\":\"https:\\\/\\\/loginfo24.com\\\/pt-pt\\\/2021\\\/11\\\/24\\\/werner-spath-assume-a-fab-fordertechnik-und-anlagenbau-gmbh\\\/#primaryimage\",\"url\":\"https:\\\/\\\/loginfo24.com\\\/wp-content\\\/uploads\\\/sites\\\/7\\\/2025\\\/12\\\/FAB_24.11.21.jpg\",\"contentUrl\":\"https:\\\/\\\/loginfo24.com\\\/wp-content\\\/uploads\\\/sites\\\/7\\\/2025\\\/12\\\/FAB_24.11.21.jpg\",\"width\":1381,\"height\":920},{\"@type\":\"BreadcrumbList\",\"@id\":\"https:\\\/\\\/loginfo24.com\\\/pt-pt\\\/2021\\\/11\\\/24\\\/werner-spath-assume-a-fab-fordertechnik-und-anlagenbau-gmbh\\\/#breadcrumb\",\"itemListElement\":[{\"@type\":\"ListItem\",\"position\":1,\"name\":\"Startseite\",\"item\":\"https:\\\/\\\/loginfo24.com\\\/pt-pt\\\/\"},{\"@type\":\"ListItem\",\"position\":2,\"name\":\"Werner Sp\u00e4th assume a FAB F\u00f6rdertechnik und Anlagenbau GmbH\"}]},{\"@type\":\"WebSite\",\"@id\":\"https:\\\/\\\/loginfo24.com\\\/pt-pt\\\/#website\",\"url\":\"https:\\\/\\\/loginfo24.com\\\/pt-pt\\\/\",\"name\":\"Loginfo24\",\"description\":\"Loginfo24 \u00e9 a plataforma dedicada \u00e0 log\u00edstica e \u00e0s cadeias de abastecimento, com informa\u00e7\u00f5es dispon\u00edveis 24 horas por dia.\",\"publisher\":{\"@id\":\"https:\\\/\\\/loginfo24.com\\\/pt-pt\\\/#organization\"},\"potentialAction\":[{\"@type\":\"SearchAction\",\"target\":{\"@type\":\"EntryPoint\",\"urlTemplate\":\"https:\\\/\\\/loginfo24.com\\\/pt-pt\\\/?s={search_term_string}\"},\"query-input\":{\"@type\":\"PropertyValueSpecification\",\"valueRequired\":true,\"valueName\":\"search_term_string\"}}],\"inLanguage\":\"pt-PT\"},{\"@type\":\"Organization\",\"@id\":\"https:\\\/\\\/loginfo24.com\\\/pt-pt\\\/#organization\",\"name\":\"Logismedia Group AG\",\"url\":\"https:\\\/\\\/loginfo24.com\\\/pt-pt\\\/\",\"logo\":{\"@type\":\"ImageObject\",\"inLanguage\":\"pt-PT\",\"@id\":\"https:\\\/\\\/loginfo24.com\\\/pt-pt\\\/#\\\/schema\\\/logo\\\/image\\\/\",\"url\":\"https:\\\/\\\/loginfo24.com\\\/wp-content\\\/uploads\\\/sites\\\/7\\\/2026\\\/01\\\/Logo_LogInfo24.png\",\"contentUrl\":\"https:\\\/\\\/loginfo24.com\\\/wp-content\\\/uploads\\\/sites\\\/7\\\/2026\\\/01\\\/Logo_LogInfo24.png\",\"width\":938,\"height\":351,\"caption\":\"Logismedia Group AG\"},\"image\":{\"@id\":\"https:\\\/\\\/loginfo24.com\\\/pt-pt\\\/#\\\/schema\\\/logo\\\/image\\\/\"},\"sameAs\":[\"https:\\\/\\\/www.facebook.com\\\/people\\\/Loginfo24\\\/100057360583332\\\/\",\"https:\\\/\\\/www.linkedin.com\\\/company\\\/lofinfo24\\\/\"]}]}<\/script>\n<!-- \/ Yoast SEO plugin. -->","yoast_head_json":{"title":"Werner Sp\u00e4th assume a FAB F\u00f6rdertechnik und Anlagenbau GmbH - Loginfo24","robots":{"index":"index","follow":"follow","max-snippet":"max-snippet:-1","max-image-preview":"max-image-preview:large","max-video-preview":"max-video-preview:-1"},"canonical":"https:\/\/loginfo24.com\/pt-pt\/2021\/11\/24\/werner-spath-assume-a-fab-fordertechnik-und-anlagenbau-gmbh\/","og_locale":"pt_PT","og_type":"article","og_title":"Werner Sp\u00e4th assume a FAB F\u00f6rdertechnik und Anlagenbau GmbH - Loginfo24","og_description":"A FAB F\u00f6rdertechnik und Anlagenbau GmbH de Waldshut-Tiengen tem um novo propriet\u00e1rio a partir de 01.10.2021. O atual diretor executivo Werner Sp\u00e4th assume a empresa, que [\u2026]","og_url":"https:\/\/loginfo24.com\/pt-pt\/2021\/11\/24\/werner-spath-assume-a-fab-fordertechnik-und-anlagenbau-gmbh\/","og_site_name":"Loginfo24","article_publisher":"https:\/\/www.facebook.com\/people\/Loginfo24\/100057360583332\/","article_published_time":"2021-11-24T17:31:23+00:00","og_image":[{"width":1381,"height":920,"url":"https:\/\/loginfo24.com\/wp-content\/uploads\/sites\/7\/2025\/12\/FAB_24.11.21.jpg","type":"image\/jpeg"}],"twitter_card":"summary_large_image","twitter_misc":{"Tempo estimado de leitura":"2 minutos"},"schema":{"@context":"https:\/\/schema.org","@graph":[{"@type":"Article","@id":"https:\/\/loginfo24.com\/pt-pt\/2021\/11\/24\/werner-spath-assume-a-fab-fordertechnik-und-anlagenbau-gmbh\/#article","isPartOf":{"@id":"https:\/\/loginfo24.com\/pt-pt\/2021\/11\/24\/werner-spath-assume-a-fab-fordertechnik-und-anlagenbau-gmbh\/"},"author":{"name":"","@id":""},"headline":"Werner Sp\u00e4th assume a FAB F\u00f6rdertechnik und Anlagenbau GmbH","datePublished":"2021-11-24T17:31:23+00:00","mainEntityOfPage":{"@id":"https:\/\/loginfo24.com\/pt-pt\/2021\/11\/24\/werner-spath-assume-a-fab-fordertechnik-und-anlagenbau-gmbh\/"},"wordCount":352,"commentCount":0,"publisher":{"@id":"https:\/\/loginfo24.com\/pt-pt\/#organization"},"image":{"@id":"https:\/\/loginfo24.com\/pt-pt\/2021\/11\/24\/werner-spath-assume-a-fab-fordertechnik-und-anlagenbau-gmbh\/#primaryimage"},"thumbnailUrl":"https:\/\/loginfo24.com\/wp-content\/uploads\/sites\/7\/2025\/12\/FAB_24.11.21.jpg","articleSection":["Forwarding &amp; Logistics","Intralogistics","Regions"],"inLanguage":"pt-PT","potentialAction":[{"@type":"CommentAction","name":"Comment","target":["https:\/\/loginfo24.com\/pt-pt\/2021\/11\/24\/werner-spath-assume-a-fab-fordertechnik-und-anlagenbau-gmbh\/#respond"]}]},{"@type":"WebPage","@id":"https:\/\/loginfo24.com\/pt-pt\/2021\/11\/24\/werner-spath-assume-a-fab-fordertechnik-und-anlagenbau-gmbh\/","url":"https:\/\/loginfo24.com\/pt-pt\/2021\/11\/24\/werner-spath-assume-a-fab-fordertechnik-und-anlagenbau-gmbh\/","name":"Werner Sp\u00e4th assume a FAB F\u00f6rdertechnik und Anlagenbau GmbH - Loginfo24","isPartOf":{"@id":"https:\/\/loginfo24.com\/pt-pt\/#website"},"primaryImageOfPage":{"@id":"https:\/\/loginfo24.com\/pt-pt\/2021\/11\/24\/werner-spath-assume-a-fab-fordertechnik-und-anlagenbau-gmbh\/#primaryimage"},"image":{"@id":"https:\/\/loginfo24.com\/pt-pt\/2021\/11\/24\/werner-spath-assume-a-fab-fordertechnik-und-anlagenbau-gmbh\/#primaryimage"},"thumbnailUrl":"https:\/\/loginfo24.com\/wp-content\/uploads\/sites\/7\/2025\/12\/FAB_24.11.21.jpg","datePublished":"2021-11-24T17:31:23+00:00","breadcrumb":{"@id":"https:\/\/loginfo24.com\/pt-pt\/2021\/11\/24\/werner-spath-assume-a-fab-fordertechnik-und-anlagenbau-gmbh\/#breadcrumb"},"inLanguage":"pt-PT","potentialAction":[{"@type":"ReadAction","target":["https:\/\/loginfo24.com\/pt-pt\/2021\/11\/24\/werner-spath-assume-a-fab-fordertechnik-und-anlagenbau-gmbh\/"]}]},{"@type":"ImageObject","inLanguage":"pt-PT","@id":"https:\/\/loginfo24.com\/pt-pt\/2021\/11\/24\/werner-spath-assume-a-fab-fordertechnik-und-anlagenbau-gmbh\/#primaryimage","url":"https:\/\/loginfo24.com\/wp-content\/uploads\/sites\/7\/2025\/12\/FAB_24.11.21.jpg","contentUrl":"https:\/\/loginfo24.com\/wp-content\/uploads\/sites\/7\/2025\/12\/FAB_24.11.21.jpg","width":1381,"height":920},{"@type":"BreadcrumbList","@id":"https:\/\/loginfo24.com\/pt-pt\/2021\/11\/24\/werner-spath-assume-a-fab-fordertechnik-und-anlagenbau-gmbh\/#breadcrumb","itemListElement":[{"@type":"ListItem","position":1,"name":"Startseite","item":"https:\/\/loginfo24.com\/pt-pt\/"},{"@type":"ListItem","position":2,"name":"Werner Sp\u00e4th assume a FAB F\u00f6rdertechnik und Anlagenbau GmbH"}]},{"@type":"WebSite","@id":"https:\/\/loginfo24.com\/pt-pt\/#website","url":"https:\/\/loginfo24.com\/pt-pt\/","name":"Loginfo24","description":"Loginfo24 \u00e9 a plataforma dedicada \u00e0 log\u00edstica e \u00e0s cadeias de abastecimento, com informa\u00e7\u00f5es dispon\u00edveis 24 horas por dia.","publisher":{"@id":"https:\/\/loginfo24.com\/pt-pt\/#organization"},"potentialAction":[{"@type":"SearchAction","target":{"@type":"EntryPoint","urlTemplate":"https:\/\/loginfo24.com\/pt-pt\/?s={search_term_string}"},"query-input":{"@type":"PropertyValueSpecification","valueRequired":true,"valueName":"search_term_string"}}],"inLanguage":"pt-PT"},{"@type":"Organization","@id":"https:\/\/loginfo24.com\/pt-pt\/#organization","name":"Logismedia Group AG","url":"https:\/\/loginfo24.com\/pt-pt\/","logo":{"@type":"ImageObject","inLanguage":"pt-PT","@id":"https:\/\/loginfo24.com\/pt-pt\/#\/schema\/logo\/image\/","url":"https:\/\/loginfo24.com\/wp-content\/uploads\/sites\/7\/2026\/01\/Logo_LogInfo24.png","contentUrl":"https:\/\/loginfo24.com\/wp-content\/uploads\/sites\/7\/2026\/01\/Logo_LogInfo24.png","width":938,"height":351,"caption":"Logismedia Group AG"},"image":{"@id":"https:\/\/loginfo24.com\/pt-pt\/#\/schema\/logo\/image\/"},"sameAs":["https:\/\/www.facebook.com\/people\/Loginfo24\/100057360583332\/","https:\/\/www.linkedin.com\/company\/lofinfo24\/"]}]}},"_links":{"self":[{"href":"https:\/\/loginfo24.com\/pt-pt\/wp-json\/wp\/v2\/posts\/53716","targetHints":{"allow":["GET"]}}],"collection":[{"href":"https:\/\/loginfo24.com\/pt-pt\/wp-json\/wp\/v2\/posts"}],"about":[{"href":"https:\/\/loginfo24.com\/pt-pt\/wp-json\/wp\/v2\/types\/post"}],"replies":[{"embeddable":true,"href":"https:\/\/loginfo24.com\/pt-pt\/wp-json\/wp\/v2\/comments?post=53716"}],"version-history":[{"count":0,"href":"https:\/\/loginfo24.com\/pt-pt\/wp-json\/wp\/v2\/posts\/53716\/revisions"}],"wp:featuredmedia":[{"embeddable":true,"href":"https:\/\/loginfo24.com\/pt-pt\/wp-json\/wp\/v2\/media\/11670"}],"wp:attachment":[{"href":"https:\/\/loginfo24.com\/pt-pt\/wp-json\/wp\/v2\/media?parent=53716"}],"wp:term":[{"taxonomy":"category","embeddable":true,"href":"https:\/\/loginfo24.com\/pt-pt\/wp-json\/wp\/v2\/categories?post=53716"},{"taxonomy":"post_tag","embeddable":true,"href":"https:\/\/loginfo24.com\/pt-pt\/wp-json\/wp\/v2\/tags?post=53716"}],"curies":[{"name":"wp","href":"https:\/\/api.w.org\/{rel}","templated":true}]}}