{"id":53590,"date":"2021-11-19T16:10:54","date_gmt":"2021-11-19T15:10:54","guid":{"rendered":"https:\/\/blog.brand-architecture.at\/2021\/11\/19\/premio-europeu-de-transporte-sustentavel-para-a-volvo-trucks\/"},"modified":"2021-11-19T16:10:54","modified_gmt":"2021-11-19T15:10:54","slug":"premio-europeu-de-transporte-sustentavel-para-a-volvo-trucks","status":"publish","type":"post","link":"https:\/\/loginfo24.com\/pt-pt\/2021\/11\/19\/premio-europeu-de-transporte-sustentavel-para-a-volvo-trucks\/","title":{"rendered":"Pr\u00e9mio Europeu de Transporte Sustent\u00e1vel para a Volvo Trucks"},"content":{"rendered":"<h5><strong>O Volvo FH com I-Save e os modelos com motor a g\u00e1s, o Volvo FH LNG e o Volvo FM LNG, destacam-se nas importantes categorias de transportes sustent\u00e1veis &#8220;cami\u00f5es&#8221; e &#8220;cami\u00f5es a g\u00e1s&#8221;. O Pr\u00e9mio Europeu de Transporte Sustent\u00e1vel 2022 foi entregue ontem pelo jornal de transporte de mercadorias &#8220;transport&#8221; em Munique.<\/strong><\/h5>\n<p>(Ismaning\/Munique) &#8220;Estamos muito orgulhosos de ter ganho estes importantes pr\u00e9mios nas duas categorias de transporte de mercadorias eficiente. O eficiente Volvo FH com o seu I-Save Turbo Compound \u00e9 o cami\u00e3o mais econ\u00f3mico que a Volvo j\u00e1 construiu. Mas aqui a evolu\u00e7\u00e3o dos motores a diesel n\u00e3o para. Vamos precisar deles ainda por muito tempo nestes tempos de mudan\u00e7a e torn\u00e1-los ainda mais econ\u00f3micos&#8221;, disse Peter Str\u00f6m, Vice-Presidente e Diretor-Geral da Volvo Trucks na Alemanha.<\/p>\n<p>Na categoria &#8220;cami\u00f5es a g\u00e1s&#8221;, os Volvo FH e Volvo FM com motor LNG e Bio-LNG, que est\u00e3o no mercado desde 2018, conseguiram alcan\u00e7ar o topo. Eles s\u00e3o uma parte importante da estrat\u00e9gia da Volvo Trucks rumo a menores emiss\u00f5es de CO<sub>2<\/sub> no transporte de longa dist\u00e2ncia. Os motores LNG da Volvo baseiam-se no princ\u00edpio do diesel e, portanto, s\u00e3o especialmente eficientes e econ\u00f3micos. Com o uso de LNG convencional, economizam at\u00e9 20% de CO<sub>2<\/sub>. Com a utiliza\u00e7\u00e3o de BIO LNG, s\u00e3o poss\u00edveis at\u00e9 100% de redu\u00e7\u00f5es de CO<sub>2<\/sub>.*<\/p>\n<h5><strong>Particularmente econ\u00f3micos<\/strong><\/h5>\n<p>&#8220;Particularmente econ\u00f3micos no consumo \u2013 assim, os dois cami\u00f5es LNG da Volvo conseguiram destacar-se da concorr\u00eancia&#8221;, disse Christine Harttmann, Editora-Chefe da &#8220;transport&#8221; e membro do j\u00fari t\u00e9cnico.<\/p>\n<p>&#8220;O uso de LNG foi inicialmente visto por muitos apenas como uma tecnologia de transi\u00e7\u00e3o. No entanto, acreditamos que o LNG e o BIO LNG s\u00e3o uma parte importante do caminho para emiss\u00f5es zero. A Volvo Trucks aposta em cami\u00f5es el\u00e9tricos, a g\u00e1s e a diesel para alcan\u00e7ar o Acordo Clim\u00e1tico de Paris&#8221;, afirmou Peter Str\u00f6m sobre a conquista dos pr\u00e9mios.<\/p>\n<h5><strong>Economias de combust\u00edvel combinadas com tecnologia inteligente<\/strong><\/h5>\n<p>Na decis\u00e3o do j\u00fari t\u00e9cnico para as duas tecnologias vencedoras da Volvo Trucks, crit\u00e9rios econ\u00f3micos, ecol\u00f3gicos e sociais desempenharam um papel importante. As economias de combust\u00edvel combinadas com tecnologia inteligente foram decisivas para a atribui\u00e7\u00e3o do pr\u00e9mio nas duas categorias.<\/p>\n<p>&#8220;O fabricante tamb\u00e9m conseguiu convencer o j\u00fari com o seu compromisso social, especialmente no que diz respeito \u00e0 seguran\u00e7a rodovi\u00e1ria das crian\u00e7as. Al\u00e9m disso, a Volvo Trucks j\u00e1 tem duas das suas f\u00e1bricas a produzir de forma clim\u00e1tica neutra&#8221;, disse Christine Harttmann ao justificar a decis\u00e3o do j\u00fari.<\/p>\n<p>*<em> Este valor refere-se \u00e0s emiss\u00f5es durante a opera\u00e7\u00e3o do ve\u00edculo (&#8220;Tank to Wheel&#8221;).<\/em><\/p>\n<p>Foto: \u00a9 Volvo Trucks<\/p>\n<p>&nbsp;<\/p>\n<p>&nbsp;<\/p>\n","protected":false},"excerpt":{"rendered":"<p>O Volvo FH com I-Save e os modelos com motor a g\u00e1s, o Volvo FH LNG e o Volvo FM LNG, destacam-se nas importantes categorias de<span class=\"excerpt-hellip\"> [\u2026]<\/span><\/p>\n","protected":false},"author":0,"featured_media":11719,"comment_status":"open","ping_status":"open","sticky":false,"template":"","format":"standard","meta":{"_acf_changed":false,"footnotes":""},"categories":[1557,1561],"tags":[],"class_list":["post-53590","post","type-post","status-publish","format-standard","has-post-thumbnail","hentry","category-forwarding-logistics","category-regions"],"acf":[],"yoast_head":"<!-- This site is optimized with the Yoast SEO plugin v27.3 - https:\/\/yoast.com\/product\/yoast-seo-wordpress\/ -->\n<title>Pr\u00e9mio Europeu de Transporte Sustent\u00e1vel para a Volvo Trucks - Loginfo24<\/title>\n<meta name=\"robots\" content=\"index, follow, max-snippet:-1, max-image-preview:large, max-video-preview:-1\" \/>\n<link rel=\"canonical\" href=\"https:\/\/loginfo24.com\/pt-pt\/2021\/11\/19\/premio-europeu-de-transporte-sustentavel-para-a-volvo-trucks\/\" \/>\n<meta property=\"og:locale\" content=\"pt_PT\" \/>\n<meta property=\"og:type\" content=\"article\" \/>\n<meta property=\"og:title\" content=\"Pr\u00e9mio Europeu de Transporte Sustent\u00e1vel para a Volvo Trucks - Loginfo24\" \/>\n<meta property=\"og:description\" content=\"O Volvo FH com I-Save e os modelos com motor a g\u00e1s, o Volvo FH LNG e o Volvo FM LNG, destacam-se nas importantes categorias de [\u2026]\" \/>\n<meta property=\"og:url\" content=\"https:\/\/loginfo24.com\/pt-pt\/2021\/11\/19\/premio-europeu-de-transporte-sustentavel-para-a-volvo-trucks\/\" \/>\n<meta property=\"og:site_name\" content=\"Loginfo24\" \/>\n<meta property=\"article:publisher\" content=\"https:\/\/www.facebook.com\/people\/Loginfo24\/100057360583332\/\" \/>\n<meta property=\"article:published_time\" content=\"2021-11-19T15:10:54+00:00\" \/>\n<meta property=\"og:image\" content=\"https:\/\/loginfo24.com\/wp-content\/uploads\/sites\/7\/2025\/12\/Volvo_Truck_19.11.21.jpg\" \/>\n\t<meta property=\"og:image:width\" content=\"1303\" \/>\n\t<meta property=\"og:image:height\" content=\"727\" \/>\n\t<meta property=\"og:image:type\" content=\"image\/jpeg\" \/>\n<meta name=\"twitter:card\" content=\"summary_large_image\" \/>\n<meta name=\"twitter:label1\" content=\"Tempo estimado de leitura\" \/>\n\t<meta name=\"twitter:data1\" content=\"2 minutos\" \/>\n<script type=\"application\/ld+json\" class=\"yoast-schema-graph\">{\"@context\":\"https:\\\/\\\/schema.org\",\"@graph\":[{\"@type\":\"Article\",\"@id\":\"https:\\\/\\\/loginfo24.com\\\/pt-pt\\\/2021\\\/11\\\/19\\\/premio-europeu-de-transporte-sustentavel-para-a-volvo-trucks\\\/#article\",\"isPartOf\":{\"@id\":\"https:\\\/\\\/loginfo24.com\\\/pt-pt\\\/2021\\\/11\\\/19\\\/premio-europeu-de-transporte-sustentavel-para-a-volvo-trucks\\\/\"},\"author\":{\"name\":\"\",\"@id\":\"\"},\"headline\":\"Pr\u00e9mio Europeu de Transporte Sustent\u00e1vel para a Volvo Trucks\",\"datePublished\":\"2021-11-19T15:10:54+00:00\",\"mainEntityOfPage\":{\"@id\":\"https:\\\/\\\/loginfo24.com\\\/pt-pt\\\/2021\\\/11\\\/19\\\/premio-europeu-de-transporte-sustentavel-para-a-volvo-trucks\\\/\"},\"wordCount\":494,\"commentCount\":0,\"publisher\":{\"@id\":\"https:\\\/\\\/loginfo24.com\\\/pt-pt\\\/#organization\"},\"image\":{\"@id\":\"https:\\\/\\\/loginfo24.com\\\/pt-pt\\\/2021\\\/11\\\/19\\\/premio-europeu-de-transporte-sustentavel-para-a-volvo-trucks\\\/#primaryimage\"},\"thumbnailUrl\":\"https:\\\/\\\/loginfo24.com\\\/wp-content\\\/uploads\\\/sites\\\/7\\\/2025\\\/12\\\/Volvo_Truck_19.11.21.jpg\",\"articleSection\":[\"Forwarding &amp; Logistics\",\"Regions\"],\"inLanguage\":\"pt-PT\",\"potentialAction\":[{\"@type\":\"CommentAction\",\"name\":\"Comment\",\"target\":[\"https:\\\/\\\/loginfo24.com\\\/pt-pt\\\/2021\\\/11\\\/19\\\/premio-europeu-de-transporte-sustentavel-para-a-volvo-trucks\\\/#respond\"]}]},{\"@type\":\"WebPage\",\"@id\":\"https:\\\/\\\/loginfo24.com\\\/pt-pt\\\/2021\\\/11\\\/19\\\/premio-europeu-de-transporte-sustentavel-para-a-volvo-trucks\\\/\",\"url\":\"https:\\\/\\\/loginfo24.com\\\/pt-pt\\\/2021\\\/11\\\/19\\\/premio-europeu-de-transporte-sustentavel-para-a-volvo-trucks\\\/\",\"name\":\"Pr\u00e9mio Europeu de Transporte Sustent\u00e1vel para a Volvo Trucks - Loginfo24\",\"isPartOf\":{\"@id\":\"https:\\\/\\\/loginfo24.com\\\/pt-pt\\\/#website\"},\"primaryImageOfPage\":{\"@id\":\"https:\\\/\\\/loginfo24.com\\\/pt-pt\\\/2021\\\/11\\\/19\\\/premio-europeu-de-transporte-sustentavel-para-a-volvo-trucks\\\/#primaryimage\"},\"image\":{\"@id\":\"https:\\\/\\\/loginfo24.com\\\/pt-pt\\\/2021\\\/11\\\/19\\\/premio-europeu-de-transporte-sustentavel-para-a-volvo-trucks\\\/#primaryimage\"},\"thumbnailUrl\":\"https:\\\/\\\/loginfo24.com\\\/wp-content\\\/uploads\\\/sites\\\/7\\\/2025\\\/12\\\/Volvo_Truck_19.11.21.jpg\",\"datePublished\":\"2021-11-19T15:10:54+00:00\",\"breadcrumb\":{\"@id\":\"https:\\\/\\\/loginfo24.com\\\/pt-pt\\\/2021\\\/11\\\/19\\\/premio-europeu-de-transporte-sustentavel-para-a-volvo-trucks\\\/#breadcrumb\"},\"inLanguage\":\"pt-PT\",\"potentialAction\":[{\"@type\":\"ReadAction\",\"target\":[\"https:\\\/\\\/loginfo24.com\\\/pt-pt\\\/2021\\\/11\\\/19\\\/premio-europeu-de-transporte-sustentavel-para-a-volvo-trucks\\\/\"]}]},{\"@type\":\"ImageObject\",\"inLanguage\":\"pt-PT\",\"@id\":\"https:\\\/\\\/loginfo24.com\\\/pt-pt\\\/2021\\\/11\\\/19\\\/premio-europeu-de-transporte-sustentavel-para-a-volvo-trucks\\\/#primaryimage\",\"url\":\"https:\\\/\\\/loginfo24.com\\\/wp-content\\\/uploads\\\/sites\\\/7\\\/2025\\\/12\\\/Volvo_Truck_19.11.21.jpg\",\"contentUrl\":\"https:\\\/\\\/loginfo24.com\\\/wp-content\\\/uploads\\\/sites\\\/7\\\/2025\\\/12\\\/Volvo_Truck_19.11.21.jpg\",\"width\":1303,\"height\":727},{\"@type\":\"BreadcrumbList\",\"@id\":\"https:\\\/\\\/loginfo24.com\\\/pt-pt\\\/2021\\\/11\\\/19\\\/premio-europeu-de-transporte-sustentavel-para-a-volvo-trucks\\\/#breadcrumb\",\"itemListElement\":[{\"@type\":\"ListItem\",\"position\":1,\"name\":\"Startseite\",\"item\":\"https:\\\/\\\/loginfo24.com\\\/pt-pt\\\/\"},{\"@type\":\"ListItem\",\"position\":2,\"name\":\"Pr\u00e9mio Europeu de Transporte Sustent\u00e1vel para a Volvo Trucks\"}]},{\"@type\":\"WebSite\",\"@id\":\"https:\\\/\\\/loginfo24.com\\\/pt-pt\\\/#website\",\"url\":\"https:\\\/\\\/loginfo24.com\\\/pt-pt\\\/\",\"name\":\"Loginfo24\",\"description\":\"Loginfo24 \u00e9 a plataforma dedicada \u00e0 log\u00edstica e \u00e0s cadeias de abastecimento, com informa\u00e7\u00f5es dispon\u00edveis 24 horas por dia.\",\"publisher\":{\"@id\":\"https:\\\/\\\/loginfo24.com\\\/pt-pt\\\/#organization\"},\"potentialAction\":[{\"@type\":\"SearchAction\",\"target\":{\"@type\":\"EntryPoint\",\"urlTemplate\":\"https:\\\/\\\/loginfo24.com\\\/pt-pt\\\/?s={search_term_string}\"},\"query-input\":{\"@type\":\"PropertyValueSpecification\",\"valueRequired\":true,\"valueName\":\"search_term_string\"}}],\"inLanguage\":\"pt-PT\"},{\"@type\":\"Organization\",\"@id\":\"https:\\\/\\\/loginfo24.com\\\/pt-pt\\\/#organization\",\"name\":\"Logismedia Group AG\",\"url\":\"https:\\\/\\\/loginfo24.com\\\/pt-pt\\\/\",\"logo\":{\"@type\":\"ImageObject\",\"inLanguage\":\"pt-PT\",\"@id\":\"https:\\\/\\\/loginfo24.com\\\/pt-pt\\\/#\\\/schema\\\/logo\\\/image\\\/\",\"url\":\"https:\\\/\\\/loginfo24.com\\\/wp-content\\\/uploads\\\/sites\\\/7\\\/2026\\\/01\\\/Logo_LogInfo24.png\",\"contentUrl\":\"https:\\\/\\\/loginfo24.com\\\/wp-content\\\/uploads\\\/sites\\\/7\\\/2026\\\/01\\\/Logo_LogInfo24.png\",\"width\":938,\"height\":351,\"caption\":\"Logismedia Group AG\"},\"image\":{\"@id\":\"https:\\\/\\\/loginfo24.com\\\/pt-pt\\\/#\\\/schema\\\/logo\\\/image\\\/\"},\"sameAs\":[\"https:\\\/\\\/www.facebook.com\\\/people\\\/Loginfo24\\\/100057360583332\\\/\",\"https:\\\/\\\/www.linkedin.com\\\/company\\\/lofinfo24\\\/\"]}]}<\/script>\n<!-- \/ Yoast SEO plugin. -->","yoast_head_json":{"title":"Pr\u00e9mio Europeu de Transporte Sustent\u00e1vel para a Volvo Trucks - Loginfo24","robots":{"index":"index","follow":"follow","max-snippet":"max-snippet:-1","max-image-preview":"max-image-preview:large","max-video-preview":"max-video-preview:-1"},"canonical":"https:\/\/loginfo24.com\/pt-pt\/2021\/11\/19\/premio-europeu-de-transporte-sustentavel-para-a-volvo-trucks\/","og_locale":"pt_PT","og_type":"article","og_title":"Pr\u00e9mio Europeu de Transporte Sustent\u00e1vel para a Volvo Trucks - Loginfo24","og_description":"O Volvo FH com I-Save e os modelos com motor a g\u00e1s, o Volvo FH LNG e o Volvo FM LNG, destacam-se nas importantes categorias de [\u2026]","og_url":"https:\/\/loginfo24.com\/pt-pt\/2021\/11\/19\/premio-europeu-de-transporte-sustentavel-para-a-volvo-trucks\/","og_site_name":"Loginfo24","article_publisher":"https:\/\/www.facebook.com\/people\/Loginfo24\/100057360583332\/","article_published_time":"2021-11-19T15:10:54+00:00","og_image":[{"width":1303,"height":727,"url":"https:\/\/loginfo24.com\/wp-content\/uploads\/sites\/7\/2025\/12\/Volvo_Truck_19.11.21.jpg","type":"image\/jpeg"}],"twitter_card":"summary_large_image","twitter_misc":{"Tempo estimado de leitura":"2 minutos"},"schema":{"@context":"https:\/\/schema.org","@graph":[{"@type":"Article","@id":"https:\/\/loginfo24.com\/pt-pt\/2021\/11\/19\/premio-europeu-de-transporte-sustentavel-para-a-volvo-trucks\/#article","isPartOf":{"@id":"https:\/\/loginfo24.com\/pt-pt\/2021\/11\/19\/premio-europeu-de-transporte-sustentavel-para-a-volvo-trucks\/"},"author":{"name":"","@id":""},"headline":"Pr\u00e9mio Europeu de Transporte Sustent\u00e1vel para a Volvo Trucks","datePublished":"2021-11-19T15:10:54+00:00","mainEntityOfPage":{"@id":"https:\/\/loginfo24.com\/pt-pt\/2021\/11\/19\/premio-europeu-de-transporte-sustentavel-para-a-volvo-trucks\/"},"wordCount":494,"commentCount":0,"publisher":{"@id":"https:\/\/loginfo24.com\/pt-pt\/#organization"},"image":{"@id":"https:\/\/loginfo24.com\/pt-pt\/2021\/11\/19\/premio-europeu-de-transporte-sustentavel-para-a-volvo-trucks\/#primaryimage"},"thumbnailUrl":"https:\/\/loginfo24.com\/wp-content\/uploads\/sites\/7\/2025\/12\/Volvo_Truck_19.11.21.jpg","articleSection":["Forwarding &amp; Logistics","Regions"],"inLanguage":"pt-PT","potentialAction":[{"@type":"CommentAction","name":"Comment","target":["https:\/\/loginfo24.com\/pt-pt\/2021\/11\/19\/premio-europeu-de-transporte-sustentavel-para-a-volvo-trucks\/#respond"]}]},{"@type":"WebPage","@id":"https:\/\/loginfo24.com\/pt-pt\/2021\/11\/19\/premio-europeu-de-transporte-sustentavel-para-a-volvo-trucks\/","url":"https:\/\/loginfo24.com\/pt-pt\/2021\/11\/19\/premio-europeu-de-transporte-sustentavel-para-a-volvo-trucks\/","name":"Pr\u00e9mio Europeu de Transporte Sustent\u00e1vel para a Volvo Trucks - Loginfo24","isPartOf":{"@id":"https:\/\/loginfo24.com\/pt-pt\/#website"},"primaryImageOfPage":{"@id":"https:\/\/loginfo24.com\/pt-pt\/2021\/11\/19\/premio-europeu-de-transporte-sustentavel-para-a-volvo-trucks\/#primaryimage"},"image":{"@id":"https:\/\/loginfo24.com\/pt-pt\/2021\/11\/19\/premio-europeu-de-transporte-sustentavel-para-a-volvo-trucks\/#primaryimage"},"thumbnailUrl":"https:\/\/loginfo24.com\/wp-content\/uploads\/sites\/7\/2025\/12\/Volvo_Truck_19.11.21.jpg","datePublished":"2021-11-19T15:10:54+00:00","breadcrumb":{"@id":"https:\/\/loginfo24.com\/pt-pt\/2021\/11\/19\/premio-europeu-de-transporte-sustentavel-para-a-volvo-trucks\/#breadcrumb"},"inLanguage":"pt-PT","potentialAction":[{"@type":"ReadAction","target":["https:\/\/loginfo24.com\/pt-pt\/2021\/11\/19\/premio-europeu-de-transporte-sustentavel-para-a-volvo-trucks\/"]}]},{"@type":"ImageObject","inLanguage":"pt-PT","@id":"https:\/\/loginfo24.com\/pt-pt\/2021\/11\/19\/premio-europeu-de-transporte-sustentavel-para-a-volvo-trucks\/#primaryimage","url":"https:\/\/loginfo24.com\/wp-content\/uploads\/sites\/7\/2025\/12\/Volvo_Truck_19.11.21.jpg","contentUrl":"https:\/\/loginfo24.com\/wp-content\/uploads\/sites\/7\/2025\/12\/Volvo_Truck_19.11.21.jpg","width":1303,"height":727},{"@type":"BreadcrumbList","@id":"https:\/\/loginfo24.com\/pt-pt\/2021\/11\/19\/premio-europeu-de-transporte-sustentavel-para-a-volvo-trucks\/#breadcrumb","itemListElement":[{"@type":"ListItem","position":1,"name":"Startseite","item":"https:\/\/loginfo24.com\/pt-pt\/"},{"@type":"ListItem","position":2,"name":"Pr\u00e9mio Europeu de Transporte Sustent\u00e1vel para a Volvo Trucks"}]},{"@type":"WebSite","@id":"https:\/\/loginfo24.com\/pt-pt\/#website","url":"https:\/\/loginfo24.com\/pt-pt\/","name":"Loginfo24","description":"Loginfo24 \u00e9 a plataforma dedicada \u00e0 log\u00edstica e \u00e0s cadeias de abastecimento, com informa\u00e7\u00f5es dispon\u00edveis 24 horas por dia.","publisher":{"@id":"https:\/\/loginfo24.com\/pt-pt\/#organization"},"potentialAction":[{"@type":"SearchAction","target":{"@type":"EntryPoint","urlTemplate":"https:\/\/loginfo24.com\/pt-pt\/?s={search_term_string}"},"query-input":{"@type":"PropertyValueSpecification","valueRequired":true,"valueName":"search_term_string"}}],"inLanguage":"pt-PT"},{"@type":"Organization","@id":"https:\/\/loginfo24.com\/pt-pt\/#organization","name":"Logismedia Group AG","url":"https:\/\/loginfo24.com\/pt-pt\/","logo":{"@type":"ImageObject","inLanguage":"pt-PT","@id":"https:\/\/loginfo24.com\/pt-pt\/#\/schema\/logo\/image\/","url":"https:\/\/loginfo24.com\/wp-content\/uploads\/sites\/7\/2026\/01\/Logo_LogInfo24.png","contentUrl":"https:\/\/loginfo24.com\/wp-content\/uploads\/sites\/7\/2026\/01\/Logo_LogInfo24.png","width":938,"height":351,"caption":"Logismedia Group AG"},"image":{"@id":"https:\/\/loginfo24.com\/pt-pt\/#\/schema\/logo\/image\/"},"sameAs":["https:\/\/www.facebook.com\/people\/Loginfo24\/100057360583332\/","https:\/\/www.linkedin.com\/company\/lofinfo24\/"]}]}},"_links":{"self":[{"href":"https:\/\/loginfo24.com\/pt-pt\/wp-json\/wp\/v2\/posts\/53590","targetHints":{"allow":["GET"]}}],"collection":[{"href":"https:\/\/loginfo24.com\/pt-pt\/wp-json\/wp\/v2\/posts"}],"about":[{"href":"https:\/\/loginfo24.com\/pt-pt\/wp-json\/wp\/v2\/types\/post"}],"replies":[{"embeddable":true,"href":"https:\/\/loginfo24.com\/pt-pt\/wp-json\/wp\/v2\/comments?post=53590"}],"version-history":[{"count":0,"href":"https:\/\/loginfo24.com\/pt-pt\/wp-json\/wp\/v2\/posts\/53590\/revisions"}],"wp:featuredmedia":[{"embeddable":true,"href":"https:\/\/loginfo24.com\/pt-pt\/wp-json\/wp\/v2\/media\/11719"}],"wp:attachment":[{"href":"https:\/\/loginfo24.com\/pt-pt\/wp-json\/wp\/v2\/media?parent=53590"}],"wp:term":[{"taxonomy":"category","embeddable":true,"href":"https:\/\/loginfo24.com\/pt-pt\/wp-json\/wp\/v2\/categories?post=53590"},{"taxonomy":"post_tag","embeddable":true,"href":"https:\/\/loginfo24.com\/pt-pt\/wp-json\/wp\/v2\/tags?post=53590"}],"curies":[{"name":"wp","href":"https:\/\/api.w.org\/{rel}","templated":true}]}}