{"id":53566,"date":"2021-11-18T15:53:33","date_gmt":"2021-11-18T14:53:33","guid":{"rendered":"https:\/\/blog.brand-architecture.at\/2021\/11\/18\/clientes-da-forto-alcancam-metas-climaticas-quase-dois-anos-mais-cedo\/"},"modified":"2021-11-18T15:53:33","modified_gmt":"2021-11-18T14:53:33","slug":"clientes-da-forto-alcancam-metas-climaticas-quase-dois-anos-mais-cedo","status":"publish","type":"post","link":"https:\/\/loginfo24.com\/pt-pt\/2021\/11\/18\/clientes-da-forto-alcancam-metas-climaticas-quase-dois-anos-mais-cedo\/","title":{"rendered":"Clientes da Forto alcan\u00e7am metas clim\u00e1ticas quase dois anos mais cedo"},"content":{"rendered":"<h5><strong>Os programas de neutralidade clim\u00e1tica da Forto est\u00e3o a ser rapidamente adotados pelos clientes e alcan\u00e7am a meta de 50% de neutralidade clim\u00e1tica quase dois anos antes do esperado. Clientes do setor de transporte mar\u00edtimo demonstram um interesse crescente em ofertas sustent\u00e1veis que est\u00e3o alinhadas com suas pr\u00f3prias metas de sustentabilidade.<\/strong><\/h5>\n<p>(PresseBox; Berlim) &#8220;Vemos esses n\u00fameros como indicadores positivos de uma mudan\u00e7a significativa no mercado. Quest\u00f5es de sustentabilidade est\u00e3o mais em evid\u00eancia do que nunca para nossos clientes&#8221;, explica Michael Wax, CEO e cofundador da Forto.<\/p>\n<p>A Forto, um fornecedor l\u00edder de solu\u00e7\u00f5es digitalizadas de expedi\u00e7\u00e3o e cadeia de suprimentos, anunciou hoje um marco recente em seu roteiro de sustentabilidade: mais de 50% das cargas completas de cont\u00eaineres mar\u00edtimos (FCL) foram reservadas no terceiro trimestre de 2021 com a oferta de prote\u00e7\u00e3o clim\u00e1tica da Forto. Durante este per\u00edodo, 65% dos clientes de frete mar\u00edtimo da Forto se comprometeram a compensar as emiss\u00f5es de CO2e de suas remessas mar\u00edtimas, representando a maior porcentagem de clientes at\u00e9 agora. A taxa de ado\u00e7\u00e3o foi alcan\u00e7ada muito antes da previs\u00e3o originalmente estabelecida pela empresa para 2023.<\/p>\n<h5><strong>Um ponto crucial para log\u00edstica e ind\u00fastria<\/strong><\/h5>\n<p>O resultado sinaliza a crescente import\u00e2ncia de solu\u00e7\u00f5es baseadas no clima por parte dos clientes e marca um importante pr\u00f3ximo passo no \u00e2mbito do objetivo de longo prazo da empresa de impulsionar a transi\u00e7\u00e3o para cadeias de suprimentos sustent\u00e1veis. &#8220;Vemos esses n\u00fameros como indicadores positivos de uma mudan\u00e7a significativa no mercado. Quest\u00f5es de sustentabilidade est\u00e3o mais em evid\u00eancia do que nunca para nossos clientes&#8221;, explica Michael Wax, CEO e cofundador da Forto. &#8220;Este \u00e9 um ponto decisivo para a ind\u00fastria de log\u00edstica e h\u00e1 uma enorme oportunidade para a ind\u00fastria impulsionar inova\u00e7\u00f5es e novos programas que impactar\u00e3o dramaticamente o com\u00e9rcio e, claro, todas as pessoas, nosso planeta e as gera\u00e7\u00f5es futuras.&#8221;<\/p>\n<h5><strong>Neutralidade clim\u00e1tica na log\u00edstica<\/strong><\/h5>\n<p>Em abril de 2021, a Forto anunciou seu objetivo de tornar seus transportes 100% neutros em carbono at\u00e9 2025. O compromisso de combater os impactos globais do transporte mar\u00edtimo e do transporte sobre as pessoas e o planeta est\u00e1 enraizado na DNA e na estrat\u00e9gia da Forto. O programa da Forto come\u00e7a fornecendo aos clientes uma vis\u00e3o geral das emiss\u00f5es e disponibilizando informa\u00e7\u00f5es que os capacitam a tomar decis\u00f5es eficazes baseadas em dados. O objetivo \u00e9 que decis\u00f5es sustent\u00e1veis se tornem o padr\u00e3o, o que pode ser alcan\u00e7ado tornando as medidas de prote\u00e7\u00e3o clim\u00e1tica mais simples. A empresa apoia isso por meio de investimentos pr\u00f3prios, que se somam aos investimentos dos clientes.<\/p>\n<h5><strong>As iniciativas concentram-se nas seguintes \u00e1reas:<\/strong><\/h5>\n<ul>\n<li>Transpar\u00eancia e visibilidade dos impactos clim\u00e1ticos. A Forto acredita que o primeiro passo para a a\u00e7\u00e3o \u00e9 o conhecimento. A empresa colabora com terceiros independentes para monitorar e analisar continuamente a pegada de CO2 das remessas reservadas por seus clientes, a fim de identificar inefici\u00eancias e reduzir emiss\u00f5es. Essas informa\u00e7\u00f5es est\u00e3o dispon\u00edveis para os clientes por meio de relat\u00f3rios de emiss\u00f5es em n\u00edvel de remessa.<\/li>\n<li>Compensa\u00e7\u00e3o de CO2e para todos os modos de transporte. A Forto oferece compensa\u00e7\u00f5es de CO2e para todos os modos de transporte, sendo a compensa\u00e7\u00e3o parte padr\u00e3o das remessas mar\u00edtimas. Proteger o clima \u00e9 simples, pois os clientes podem definir suas prefer\u00eancias de compensa\u00e7\u00e3o diretamente na plataforma da Forto em n\u00edvel global e de remessa. Marcas l\u00edderes nos setores de moda, m\u00f3veis e eletr\u00f4nicos est\u00e3o entre os clientes que participam do programa como parte de suas pr\u00f3prias iniciativas de sustentabilidade.<\/li>\n<li>Compromisso de compensa\u00e7\u00e3o de CO2e da Forto e correspond\u00eancia 1+1. Para impulsionar ainda mais os impactos positivos no clima, a Forto dobra as compensa\u00e7\u00f5es de CO2e de cada cliente. Al\u00e9m disso, a Forto investe na compensa\u00e7\u00e3o autom\u00e1tica de todas as remessas mar\u00edtimas de carga inferior a um cont\u00eainer (LCL), tornando-as 100% neutras em carbono, sem custos adicionais para o cliente.<\/li>\n<li>Transporte com energia alternativa. Como a compensa\u00e7\u00e3o \u00e9 apenas o primeiro passo em dire\u00e7\u00e3o a uma log\u00edstica sustent\u00e1vel, a Forto est\u00e1 comprometida em explorar meios de transporte mais ecol\u00f3gicos. Por exemplo, 90% do transporte ferrovi\u00e1rio intermodal na Alemanha \u00e9 realizado por trens movidos a energia renov\u00e1vel.<\/li>\n<li>Educa\u00e7\u00e3o cont\u00ednua e consultoria. A empresa est\u00e1 trabalhando para capacitar as pessoas a tomar medidas de prote\u00e7\u00e3o clim\u00e1tica, ouvindo, discutindo, aprendendo e inovando em conjunto. Todas as equipes da Forto s\u00e3o treinadas pela crescente equipe de sustentabilidade da empresa para colaborar estrategicamente com parceiros, clientes e outras partes interessadas para explorar op\u00e7\u00f5es de sustentabilidade e encontrar solu\u00e7\u00f5es que atendam \u00e0s suas necessidades.<\/li>\n<\/ul>\n<h5><strong>Construindo uma rede de parceiros e colaboradores<\/strong><\/h5>\n<p>A Forto tamb\u00e9m est\u00e1 trabalhando para construir uma rede de parceiros e colaboradores em n\u00edvel global para alcan\u00e7ar conjuntamente metas de sustentabilidade e clim\u00e1ticas. &#8220;A sustentabilidade deve se tornar uma parte integrante de toda filosofia empresarial&#8221;, afirma Dr. ing. Michael Ardelt, COO da Forto. &#8220;N\u00e3o queremos apenas impactar positivamente nosso neg\u00f3cio, mas o de toda a ind\u00fastria. Isso significa que estamos colaborando com nossos clientes, nossos parceiros e uma variedade de empresas para avan\u00e7ar conjuntamente essas iniciativas de sustentabilidade.&#8221;<\/p>\n<p>A empresa acredita firmemente em um mundo de com\u00e9rcio livre e justo, conectando os benef\u00edcios do com\u00e9rcio global a uma forma sustent\u00e1vel de transporte de mercadorias. Poucos outros setores ou conquistas na hist\u00f3ria da humanidade tiveram um impacto semelhante na melhoria do padr\u00e3o de vida das pessoas em todo o mundo como o com\u00e9rcio. Al\u00e9m de reduzir a carga ambiental e melhorar as condi\u00e7\u00f5es sociais, uma empresa sustent\u00e1vel e equilibrada tamb\u00e9m \u00e9 uma empresa \u00e0 prova de futuro. O objetivo da Forto \u00e9 tornar as cadeias de suprimentos \u00e0 prova de futuro e preparar a ind\u00fastria para os desafios do pr\u00f3ximo s\u00e9culo.<\/p>\n<h5><strong>Viver a sustentabilidade de dentro para fora<\/strong><\/h5>\n<p>A Forto se esfor\u00e7a para viver a sustentabilidade tamb\u00e9m de dentro para fora. Desde sua funda\u00e7\u00e3o, a empresa calcula, reduz e compensa sua pegada de emiss\u00f5es internas com o objetivo de neutralidade de CO2e para as opera\u00e7\u00f5es internas. A Forto tamb\u00e9m trabalha todos os dias para criar um ambiente inspirador e sustent\u00e1vel para seus colaboradores, com iniciativas como energia verde, alimentos org\u00e2nicos e uma pol\u00edtica de viagens amig\u00e1vel ao clima. A empresa oferece programas adicionais, como o plantio de \u00e1rvores em vez de presentes de produtos como recompensa para os colaboradores, al\u00e9m de educa\u00e7\u00e3o cont\u00ednua e inspira\u00e7\u00e3o, bem como treinamentos sobre quest\u00f5es de sustentabilidade.<\/p>\n<p>Foto: \u00a9 Forto \/ <strong><em>Legenda da imagem:<\/em><\/strong><em> (da esquerda para a direita) Co-fundador e CTO Erik Muttersbach, Co-fundador e CEO Michael Wax, COO Dr. ing. Michael Ardelt.<\/em><\/p>\n","protected":false},"excerpt":{"rendered":"<p>Os programas de neutralidade clim\u00e1tica da Forto est\u00e3o a ser rapidamente adotados pelos clientes e alcan\u00e7am a meta de 50% de neutralidade clim\u00e1tica quase dois anos<span class=\"excerpt-hellip\"> [\u2026]<\/span><\/p>\n","protected":false},"author":0,"featured_media":11731,"comment_status":"open","ping_status":"open","sticky":false,"template":"","format":"standard","meta":{"_acf_changed":false,"footnotes":""},"categories":[1665,1557,1561,1559],"tags":[],"class_list":["post-53566","post","type-post","status-publish","format-standard","has-post-thumbnail","hentry","category-categories","category-forwarding-logistics","category-regions","category-shipping-ports"],"acf":[],"yoast_head":"<!-- This site is optimized with the Yoast SEO plugin v27.3 - https:\/\/yoast.com\/product\/yoast-seo-wordpress\/ -->\n<title>Clientes da Forto alcan\u00e7am metas clim\u00e1ticas quase dois anos mais cedo - Loginfo24<\/title>\n<meta name=\"robots\" content=\"index, follow, max-snippet:-1, max-image-preview:large, max-video-preview:-1\" \/>\n<link rel=\"canonical\" href=\"https:\/\/loginfo24.com\/pt-pt\/2021\/11\/18\/clientes-da-forto-alcancam-metas-climaticas-quase-dois-anos-mais-cedo\/\" \/>\n<meta property=\"og:locale\" content=\"pt_PT\" \/>\n<meta property=\"og:type\" content=\"article\" \/>\n<meta property=\"og:title\" content=\"Clientes da Forto alcan\u00e7am metas clim\u00e1ticas quase dois anos mais cedo - Loginfo24\" \/>\n<meta property=\"og:description\" content=\"Os programas de neutralidade clim\u00e1tica da Forto est\u00e3o a ser rapidamente adotados pelos clientes e alcan\u00e7am a meta de 50% de neutralidade clim\u00e1tica quase dois anos [\u2026]\" \/>\n<meta property=\"og:url\" content=\"https:\/\/loginfo24.com\/pt-pt\/2021\/11\/18\/clientes-da-forto-alcancam-metas-climaticas-quase-dois-anos-mais-cedo\/\" \/>\n<meta property=\"og:site_name\" content=\"Loginfo24\" \/>\n<meta property=\"article:publisher\" content=\"https:\/\/www.facebook.com\/people\/Loginfo24\/100057360583332\/\" \/>\n<meta property=\"article:published_time\" content=\"2021-11-18T14:53:33+00:00\" \/>\n<meta property=\"og:image\" content=\"https:\/\/loginfo24.com\/wp-content\/uploads\/sites\/7\/2025\/12\/Forto_18.11.21.jpg\" \/>\n\t<meta property=\"og:image:width\" content=\"1393\" \/>\n\t<meta property=\"og:image:height\" content=\"858\" \/>\n\t<meta property=\"og:image:type\" content=\"image\/jpeg\" \/>\n<meta name=\"twitter:card\" content=\"summary_large_image\" \/>\n<meta name=\"twitter:label1\" content=\"Tempo estimado de leitura\" \/>\n\t<meta name=\"twitter:data1\" content=\"6 minutos\" \/>\n<script type=\"application\/ld+json\" class=\"yoast-schema-graph\">{\"@context\":\"https:\\\/\\\/schema.org\",\"@graph\":[{\"@type\":\"Article\",\"@id\":\"https:\\\/\\\/loginfo24.com\\\/pt-pt\\\/2021\\\/11\\\/18\\\/clientes-da-forto-alcancam-metas-climaticas-quase-dois-anos-mais-cedo\\\/#article\",\"isPartOf\":{\"@id\":\"https:\\\/\\\/loginfo24.com\\\/pt-pt\\\/2021\\\/11\\\/18\\\/clientes-da-forto-alcancam-metas-climaticas-quase-dois-anos-mais-cedo\\\/\"},\"author\":{\"name\":\"\",\"@id\":\"\"},\"headline\":\"Clientes da Forto alcan\u00e7am metas clim\u00e1ticas quase dois anos mais cedo\",\"datePublished\":\"2021-11-18T14:53:33+00:00\",\"mainEntityOfPage\":{\"@id\":\"https:\\\/\\\/loginfo24.com\\\/pt-pt\\\/2021\\\/11\\\/18\\\/clientes-da-forto-alcancam-metas-climaticas-quase-dois-anos-mais-cedo\\\/\"},\"wordCount\":1201,\"commentCount\":0,\"publisher\":{\"@id\":\"https:\\\/\\\/loginfo24.com\\\/pt-pt\\\/#organization\"},\"image\":{\"@id\":\"https:\\\/\\\/loginfo24.com\\\/pt-pt\\\/2021\\\/11\\\/18\\\/clientes-da-forto-alcancam-metas-climaticas-quase-dois-anos-mais-cedo\\\/#primaryimage\"},\"thumbnailUrl\":\"https:\\\/\\\/loginfo24.com\\\/wp-content\\\/uploads\\\/sites\\\/7\\\/2025\\\/12\\\/Forto_18.11.21.jpg\",\"articleSection\":[\"Categories\",\"Forwarding &amp; Logistics\",\"Regions\",\"Shipping &amp; Ports\"],\"inLanguage\":\"pt-PT\",\"potentialAction\":[{\"@type\":\"CommentAction\",\"name\":\"Comment\",\"target\":[\"https:\\\/\\\/loginfo24.com\\\/pt-pt\\\/2021\\\/11\\\/18\\\/clientes-da-forto-alcancam-metas-climaticas-quase-dois-anos-mais-cedo\\\/#respond\"]}]},{\"@type\":\"WebPage\",\"@id\":\"https:\\\/\\\/loginfo24.com\\\/pt-pt\\\/2021\\\/11\\\/18\\\/clientes-da-forto-alcancam-metas-climaticas-quase-dois-anos-mais-cedo\\\/\",\"url\":\"https:\\\/\\\/loginfo24.com\\\/pt-pt\\\/2021\\\/11\\\/18\\\/clientes-da-forto-alcancam-metas-climaticas-quase-dois-anos-mais-cedo\\\/\",\"name\":\"Clientes da Forto alcan\u00e7am metas clim\u00e1ticas quase dois anos mais cedo - Loginfo24\",\"isPartOf\":{\"@id\":\"https:\\\/\\\/loginfo24.com\\\/pt-pt\\\/#website\"},\"primaryImageOfPage\":{\"@id\":\"https:\\\/\\\/loginfo24.com\\\/pt-pt\\\/2021\\\/11\\\/18\\\/clientes-da-forto-alcancam-metas-climaticas-quase-dois-anos-mais-cedo\\\/#primaryimage\"},\"image\":{\"@id\":\"https:\\\/\\\/loginfo24.com\\\/pt-pt\\\/2021\\\/11\\\/18\\\/clientes-da-forto-alcancam-metas-climaticas-quase-dois-anos-mais-cedo\\\/#primaryimage\"},\"thumbnailUrl\":\"https:\\\/\\\/loginfo24.com\\\/wp-content\\\/uploads\\\/sites\\\/7\\\/2025\\\/12\\\/Forto_18.11.21.jpg\",\"datePublished\":\"2021-11-18T14:53:33+00:00\",\"breadcrumb\":{\"@id\":\"https:\\\/\\\/loginfo24.com\\\/pt-pt\\\/2021\\\/11\\\/18\\\/clientes-da-forto-alcancam-metas-climaticas-quase-dois-anos-mais-cedo\\\/#breadcrumb\"},\"inLanguage\":\"pt-PT\",\"potentialAction\":[{\"@type\":\"ReadAction\",\"target\":[\"https:\\\/\\\/loginfo24.com\\\/pt-pt\\\/2021\\\/11\\\/18\\\/clientes-da-forto-alcancam-metas-climaticas-quase-dois-anos-mais-cedo\\\/\"]}]},{\"@type\":\"ImageObject\",\"inLanguage\":\"pt-PT\",\"@id\":\"https:\\\/\\\/loginfo24.com\\\/pt-pt\\\/2021\\\/11\\\/18\\\/clientes-da-forto-alcancam-metas-climaticas-quase-dois-anos-mais-cedo\\\/#primaryimage\",\"url\":\"https:\\\/\\\/loginfo24.com\\\/wp-content\\\/uploads\\\/sites\\\/7\\\/2025\\\/12\\\/Forto_18.11.21.jpg\",\"contentUrl\":\"https:\\\/\\\/loginfo24.com\\\/wp-content\\\/uploads\\\/sites\\\/7\\\/2025\\\/12\\\/Forto_18.11.21.jpg\",\"width\":1393,\"height\":858},{\"@type\":\"BreadcrumbList\",\"@id\":\"https:\\\/\\\/loginfo24.com\\\/pt-pt\\\/2021\\\/11\\\/18\\\/clientes-da-forto-alcancam-metas-climaticas-quase-dois-anos-mais-cedo\\\/#breadcrumb\",\"itemListElement\":[{\"@type\":\"ListItem\",\"position\":1,\"name\":\"Startseite\",\"item\":\"https:\\\/\\\/loginfo24.com\\\/pt-pt\\\/\"},{\"@type\":\"ListItem\",\"position\":2,\"name\":\"Clientes da Forto alcan\u00e7am metas clim\u00e1ticas quase dois anos mais cedo\"}]},{\"@type\":\"WebSite\",\"@id\":\"https:\\\/\\\/loginfo24.com\\\/pt-pt\\\/#website\",\"url\":\"https:\\\/\\\/loginfo24.com\\\/pt-pt\\\/\",\"name\":\"Loginfo24\",\"description\":\"Loginfo24 \u00e9 a plataforma dedicada \u00e0 log\u00edstica e \u00e0s cadeias de abastecimento, com informa\u00e7\u00f5es dispon\u00edveis 24 horas por dia.\",\"publisher\":{\"@id\":\"https:\\\/\\\/loginfo24.com\\\/pt-pt\\\/#organization\"},\"potentialAction\":[{\"@type\":\"SearchAction\",\"target\":{\"@type\":\"EntryPoint\",\"urlTemplate\":\"https:\\\/\\\/loginfo24.com\\\/pt-pt\\\/?s={search_term_string}\"},\"query-input\":{\"@type\":\"PropertyValueSpecification\",\"valueRequired\":true,\"valueName\":\"search_term_string\"}}],\"inLanguage\":\"pt-PT\"},{\"@type\":\"Organization\",\"@id\":\"https:\\\/\\\/loginfo24.com\\\/pt-pt\\\/#organization\",\"name\":\"Logismedia Group AG\",\"url\":\"https:\\\/\\\/loginfo24.com\\\/pt-pt\\\/\",\"logo\":{\"@type\":\"ImageObject\",\"inLanguage\":\"pt-PT\",\"@id\":\"https:\\\/\\\/loginfo24.com\\\/pt-pt\\\/#\\\/schema\\\/logo\\\/image\\\/\",\"url\":\"https:\\\/\\\/loginfo24.com\\\/wp-content\\\/uploads\\\/sites\\\/7\\\/2026\\\/01\\\/Logo_LogInfo24.png\",\"contentUrl\":\"https:\\\/\\\/loginfo24.com\\\/wp-content\\\/uploads\\\/sites\\\/7\\\/2026\\\/01\\\/Logo_LogInfo24.png\",\"width\":938,\"height\":351,\"caption\":\"Logismedia Group AG\"},\"image\":{\"@id\":\"https:\\\/\\\/loginfo24.com\\\/pt-pt\\\/#\\\/schema\\\/logo\\\/image\\\/\"},\"sameAs\":[\"https:\\\/\\\/www.facebook.com\\\/people\\\/Loginfo24\\\/100057360583332\\\/\",\"https:\\\/\\\/www.linkedin.com\\\/company\\\/lofinfo24\\\/\"]}]}<\/script>\n<!-- \/ Yoast SEO plugin. -->","yoast_head_json":{"title":"Clientes da Forto alcan\u00e7am metas clim\u00e1ticas quase dois anos mais cedo - Loginfo24","robots":{"index":"index","follow":"follow","max-snippet":"max-snippet:-1","max-image-preview":"max-image-preview:large","max-video-preview":"max-video-preview:-1"},"canonical":"https:\/\/loginfo24.com\/pt-pt\/2021\/11\/18\/clientes-da-forto-alcancam-metas-climaticas-quase-dois-anos-mais-cedo\/","og_locale":"pt_PT","og_type":"article","og_title":"Clientes da Forto alcan\u00e7am metas clim\u00e1ticas quase dois anos mais cedo - Loginfo24","og_description":"Os programas de neutralidade clim\u00e1tica da Forto est\u00e3o a ser rapidamente adotados pelos clientes e alcan\u00e7am a meta de 50% de neutralidade clim\u00e1tica quase dois anos [\u2026]","og_url":"https:\/\/loginfo24.com\/pt-pt\/2021\/11\/18\/clientes-da-forto-alcancam-metas-climaticas-quase-dois-anos-mais-cedo\/","og_site_name":"Loginfo24","article_publisher":"https:\/\/www.facebook.com\/people\/Loginfo24\/100057360583332\/","article_published_time":"2021-11-18T14:53:33+00:00","og_image":[{"width":1393,"height":858,"url":"https:\/\/loginfo24.com\/wp-content\/uploads\/sites\/7\/2025\/12\/Forto_18.11.21.jpg","type":"image\/jpeg"}],"twitter_card":"summary_large_image","twitter_misc":{"Tempo estimado de leitura":"6 minutos"},"schema":{"@context":"https:\/\/schema.org","@graph":[{"@type":"Article","@id":"https:\/\/loginfo24.com\/pt-pt\/2021\/11\/18\/clientes-da-forto-alcancam-metas-climaticas-quase-dois-anos-mais-cedo\/#article","isPartOf":{"@id":"https:\/\/loginfo24.com\/pt-pt\/2021\/11\/18\/clientes-da-forto-alcancam-metas-climaticas-quase-dois-anos-mais-cedo\/"},"author":{"name":"","@id":""},"headline":"Clientes da Forto alcan\u00e7am metas clim\u00e1ticas quase dois anos mais cedo","datePublished":"2021-11-18T14:53:33+00:00","mainEntityOfPage":{"@id":"https:\/\/loginfo24.com\/pt-pt\/2021\/11\/18\/clientes-da-forto-alcancam-metas-climaticas-quase-dois-anos-mais-cedo\/"},"wordCount":1201,"commentCount":0,"publisher":{"@id":"https:\/\/loginfo24.com\/pt-pt\/#organization"},"image":{"@id":"https:\/\/loginfo24.com\/pt-pt\/2021\/11\/18\/clientes-da-forto-alcancam-metas-climaticas-quase-dois-anos-mais-cedo\/#primaryimage"},"thumbnailUrl":"https:\/\/loginfo24.com\/wp-content\/uploads\/sites\/7\/2025\/12\/Forto_18.11.21.jpg","articleSection":["Categories","Forwarding &amp; Logistics","Regions","Shipping &amp; Ports"],"inLanguage":"pt-PT","potentialAction":[{"@type":"CommentAction","name":"Comment","target":["https:\/\/loginfo24.com\/pt-pt\/2021\/11\/18\/clientes-da-forto-alcancam-metas-climaticas-quase-dois-anos-mais-cedo\/#respond"]}]},{"@type":"WebPage","@id":"https:\/\/loginfo24.com\/pt-pt\/2021\/11\/18\/clientes-da-forto-alcancam-metas-climaticas-quase-dois-anos-mais-cedo\/","url":"https:\/\/loginfo24.com\/pt-pt\/2021\/11\/18\/clientes-da-forto-alcancam-metas-climaticas-quase-dois-anos-mais-cedo\/","name":"Clientes da Forto alcan\u00e7am metas clim\u00e1ticas quase dois anos mais cedo - Loginfo24","isPartOf":{"@id":"https:\/\/loginfo24.com\/pt-pt\/#website"},"primaryImageOfPage":{"@id":"https:\/\/loginfo24.com\/pt-pt\/2021\/11\/18\/clientes-da-forto-alcancam-metas-climaticas-quase-dois-anos-mais-cedo\/#primaryimage"},"image":{"@id":"https:\/\/loginfo24.com\/pt-pt\/2021\/11\/18\/clientes-da-forto-alcancam-metas-climaticas-quase-dois-anos-mais-cedo\/#primaryimage"},"thumbnailUrl":"https:\/\/loginfo24.com\/wp-content\/uploads\/sites\/7\/2025\/12\/Forto_18.11.21.jpg","datePublished":"2021-11-18T14:53:33+00:00","breadcrumb":{"@id":"https:\/\/loginfo24.com\/pt-pt\/2021\/11\/18\/clientes-da-forto-alcancam-metas-climaticas-quase-dois-anos-mais-cedo\/#breadcrumb"},"inLanguage":"pt-PT","potentialAction":[{"@type":"ReadAction","target":["https:\/\/loginfo24.com\/pt-pt\/2021\/11\/18\/clientes-da-forto-alcancam-metas-climaticas-quase-dois-anos-mais-cedo\/"]}]},{"@type":"ImageObject","inLanguage":"pt-PT","@id":"https:\/\/loginfo24.com\/pt-pt\/2021\/11\/18\/clientes-da-forto-alcancam-metas-climaticas-quase-dois-anos-mais-cedo\/#primaryimage","url":"https:\/\/loginfo24.com\/wp-content\/uploads\/sites\/7\/2025\/12\/Forto_18.11.21.jpg","contentUrl":"https:\/\/loginfo24.com\/wp-content\/uploads\/sites\/7\/2025\/12\/Forto_18.11.21.jpg","width":1393,"height":858},{"@type":"BreadcrumbList","@id":"https:\/\/loginfo24.com\/pt-pt\/2021\/11\/18\/clientes-da-forto-alcancam-metas-climaticas-quase-dois-anos-mais-cedo\/#breadcrumb","itemListElement":[{"@type":"ListItem","position":1,"name":"Startseite","item":"https:\/\/loginfo24.com\/pt-pt\/"},{"@type":"ListItem","position":2,"name":"Clientes da Forto alcan\u00e7am metas clim\u00e1ticas quase dois anos mais cedo"}]},{"@type":"WebSite","@id":"https:\/\/loginfo24.com\/pt-pt\/#website","url":"https:\/\/loginfo24.com\/pt-pt\/","name":"Loginfo24","description":"Loginfo24 \u00e9 a plataforma dedicada \u00e0 log\u00edstica e \u00e0s cadeias de abastecimento, com informa\u00e7\u00f5es dispon\u00edveis 24 horas por dia.","publisher":{"@id":"https:\/\/loginfo24.com\/pt-pt\/#organization"},"potentialAction":[{"@type":"SearchAction","target":{"@type":"EntryPoint","urlTemplate":"https:\/\/loginfo24.com\/pt-pt\/?s={search_term_string}"},"query-input":{"@type":"PropertyValueSpecification","valueRequired":true,"valueName":"search_term_string"}}],"inLanguage":"pt-PT"},{"@type":"Organization","@id":"https:\/\/loginfo24.com\/pt-pt\/#organization","name":"Logismedia Group AG","url":"https:\/\/loginfo24.com\/pt-pt\/","logo":{"@type":"ImageObject","inLanguage":"pt-PT","@id":"https:\/\/loginfo24.com\/pt-pt\/#\/schema\/logo\/image\/","url":"https:\/\/loginfo24.com\/wp-content\/uploads\/sites\/7\/2026\/01\/Logo_LogInfo24.png","contentUrl":"https:\/\/loginfo24.com\/wp-content\/uploads\/sites\/7\/2026\/01\/Logo_LogInfo24.png","width":938,"height":351,"caption":"Logismedia Group AG"},"image":{"@id":"https:\/\/loginfo24.com\/pt-pt\/#\/schema\/logo\/image\/"},"sameAs":["https:\/\/www.facebook.com\/people\/Loginfo24\/100057360583332\/","https:\/\/www.linkedin.com\/company\/lofinfo24\/"]}]}},"_links":{"self":[{"href":"https:\/\/loginfo24.com\/pt-pt\/wp-json\/wp\/v2\/posts\/53566","targetHints":{"allow":["GET"]}}],"collection":[{"href":"https:\/\/loginfo24.com\/pt-pt\/wp-json\/wp\/v2\/posts"}],"about":[{"href":"https:\/\/loginfo24.com\/pt-pt\/wp-json\/wp\/v2\/types\/post"}],"replies":[{"embeddable":true,"href":"https:\/\/loginfo24.com\/pt-pt\/wp-json\/wp\/v2\/comments?post=53566"}],"version-history":[{"count":0,"href":"https:\/\/loginfo24.com\/pt-pt\/wp-json\/wp\/v2\/posts\/53566\/revisions"}],"wp:featuredmedia":[{"embeddable":true,"href":"https:\/\/loginfo24.com\/pt-pt\/wp-json\/wp\/v2\/media\/11731"}],"wp:attachment":[{"href":"https:\/\/loginfo24.com\/pt-pt\/wp-json\/wp\/v2\/media?parent=53566"}],"wp:term":[{"taxonomy":"category","embeddable":true,"href":"https:\/\/loginfo24.com\/pt-pt\/wp-json\/wp\/v2\/categories?post=53566"},{"taxonomy":"post_tag","embeddable":true,"href":"https:\/\/loginfo24.com\/pt-pt\/wp-json\/wp\/v2\/tags?post=53566"}],"curies":[{"name":"wp","href":"https:\/\/api.w.org\/{rel}","templated":true}]}}