{"id":53560,"date":"2021-11-18T15:45:49","date_gmt":"2021-11-18T14:45:49","guid":{"rendered":"https:\/\/blog.brand-architecture.at\/2021\/11\/18\/hellmann-recebe-o-premio-para-a-conciliabilidade-entre-trabalho-e-cuidados\/"},"modified":"2021-11-18T15:45:49","modified_gmt":"2021-11-18T14:45:49","slug":"hellmann-recebe-o-premio-para-a-conciliabilidade-entre-trabalho-e-cuidados","status":"publish","type":"post","link":"https:\/\/loginfo24.com\/pt-pt\/2021\/11\/18\/hellmann-recebe-o-premio-para-a-conciliabilidade-entre-trabalho-e-cuidados\/","title":{"rendered":"Hellmann recebe o Pr\u00eamio &#8220;Para a Conciliabilidade entre Trabalho e Cuidados&#8221;"},"content":{"rendered":"<h5><strong>A Hellmann Worldwide Logistics foi premiada na 8\u00aa Confer\u00eancia de Cuidados de Berlim com o Pr\u00eamio Otto Heinemann &#8220;Para a Conciliabilidade entre Trabalho e Cuidados&#8221;. O pr\u00eamio, que est\u00e1 sob a tutela do Ministro Federal da Economia Peter Altmaier, reconhece empresas com conceitos inovadores para apoiar colaboradores que, al\u00e9m de suas atividades profissionais, cuidam de familiares que necessitam de cuidados.<\/strong><\/h5>\n<p>(Osnabr\u00fcck) A empresa familiar Hellmann, fundada h\u00e1 150 anos, impressionou na categoria &#8220;Empregador com 251 a 5.000 funcion\u00e1rios&#8221; com seu conceito preventivo e ao mesmo tempo proativo: a concilia\u00e7\u00e3o entre fam\u00edlia e trabalho est\u00e1 desde sempre firmemente enraizada na filosofia da empresa e \u00e9 uma parte central da estrat\u00e9gia de recursos humanos. Especialmente devido ao desenvolvimento demogr\u00e1fico, a empresa desenvolveu nos \u00faltimos anos uma variedade de medidas de apoio para colaboradores afetados. Isso n\u00e3o se refere apenas ao cuidado de idosos, mas tamb\u00e9m ao acompanhamento de crian\u00e7as com defici\u00eancias. Al\u00e9m de hor\u00e1rios de trabalho flex\u00edveis e amplas regulamenta\u00e7\u00f5es de home office, a empresa concede dias de f\u00e9rias adicionais para o cuidado de familiares e oferece uma s\u00e9rie de servi\u00e7os de consultoria, bem como um atendimento de emerg\u00eancia especialmente para crian\u00e7as com defici\u00eancias.<\/p>\n<h5><strong>Assumir responsabilidade social como empresa<\/strong><\/h5>\n<p>&#8220;Estamos muito felizes com a premia\u00e7\u00e3o do Pr\u00eamio Otto Heinemann e o reconhecimento do nosso compromisso por uma melhor concilia\u00e7\u00e3o entre trabalho e cuidados. Todos os colegas que cuidam de familiares al\u00e9m de suas atividades profissionais s\u00e3o verdadeiros exemplos e, por isso, \u00e9 uma preocupa\u00e7\u00e3o importante para n\u00f3s criar as melhores condi\u00e7\u00f5es poss\u00edveis como empregador. A maioria das pessoas que necessitam de cuidados \u00e9 hoje assistida por membros da fam\u00edlia que trabalham, e eu acredito que devemos compartilhar essa grande responsabilidade social tamb\u00e9m como empresa e empregador&#8221;, disse Christa Stienen, Chief People Officer da Hellmann Worldwide Logistics.<\/p>\n<p>Foto: \u00a9 Hellmann<\/p>\n","protected":false},"excerpt":{"rendered":"<p>A Hellmann Worldwide Logistics foi premiada na 8\u00aa Confer\u00eancia de Cuidados de Berlim com o Pr\u00eamio Otto Heinemann &#8220;Para a Conciliabilidade entre Trabalho e Cuidados&#8221;. O<span class=\"excerpt-hellip\"> [\u2026]<\/span><\/p>\n","protected":false},"author":0,"featured_media":11733,"comment_status":"open","ping_status":"open","sticky":false,"template":"","format":"standard","meta":{"_acf_changed":false,"footnotes":""},"categories":[1557,1561],"tags":[],"class_list":["post-53560","post","type-post","status-publish","format-standard","has-post-thumbnail","hentry","category-forwarding-logistics","category-regions"],"acf":[],"yoast_head":"<!-- This site is optimized with the Yoast SEO plugin v27.3 - https:\/\/yoast.com\/product\/yoast-seo-wordpress\/ -->\n<title>Hellmann recebe o Pr\u00eamio &quot;Para a Conciliabilidade entre Trabalho e Cuidados&quot; - Loginfo24<\/title>\n<meta name=\"robots\" content=\"index, follow, max-snippet:-1, max-image-preview:large, max-video-preview:-1\" \/>\n<link rel=\"canonical\" href=\"https:\/\/loginfo24.com\/pt-pt\/2021\/11\/18\/hellmann-recebe-o-premio-para-a-conciliabilidade-entre-trabalho-e-cuidados\/\" \/>\n<meta property=\"og:locale\" content=\"pt_PT\" \/>\n<meta property=\"og:type\" content=\"article\" \/>\n<meta property=\"og:title\" content=\"Hellmann recebe o Pr\u00eamio &quot;Para a Conciliabilidade entre Trabalho e Cuidados&quot; - Loginfo24\" \/>\n<meta property=\"og:description\" content=\"A Hellmann Worldwide Logistics foi premiada na 8\u00aa Confer\u00eancia de Cuidados de Berlim com o Pr\u00eamio Otto Heinemann &#8220;Para a Conciliabilidade entre Trabalho e Cuidados&#8221;. O [\u2026]\" \/>\n<meta property=\"og:url\" content=\"https:\/\/loginfo24.com\/pt-pt\/2021\/11\/18\/hellmann-recebe-o-premio-para-a-conciliabilidade-entre-trabalho-e-cuidados\/\" \/>\n<meta property=\"og:site_name\" content=\"Loginfo24\" \/>\n<meta property=\"article:publisher\" content=\"https:\/\/www.facebook.com\/people\/Loginfo24\/100057360583332\/\" \/>\n<meta property=\"article:published_time\" content=\"2021-11-18T14:45:49+00:00\" \/>\n<meta property=\"og:image\" content=\"https:\/\/loginfo24.com\/wp-content\/uploads\/sites\/7\/2025\/12\/Hellmann_18.11.21.jpg\" \/>\n\t<meta property=\"og:image:width\" content=\"1236\" \/>\n\t<meta property=\"og:image:height\" content=\"788\" \/>\n\t<meta property=\"og:image:type\" content=\"image\/jpeg\" \/>\n<meta name=\"twitter:card\" content=\"summary_large_image\" \/>\n<meta name=\"twitter:label1\" content=\"Tempo estimado de leitura\" \/>\n\t<meta name=\"twitter:data1\" content=\"2 minutos\" \/>\n<script type=\"application\/ld+json\" class=\"yoast-schema-graph\">{\"@context\":\"https:\\\/\\\/schema.org\",\"@graph\":[{\"@type\":\"Article\",\"@id\":\"https:\\\/\\\/loginfo24.com\\\/pt-pt\\\/2021\\\/11\\\/18\\\/hellmann-recebe-o-premio-para-a-conciliabilidade-entre-trabalho-e-cuidados\\\/#article\",\"isPartOf\":{\"@id\":\"https:\\\/\\\/loginfo24.com\\\/pt-pt\\\/2021\\\/11\\\/18\\\/hellmann-recebe-o-premio-para-a-conciliabilidade-entre-trabalho-e-cuidados\\\/\"},\"author\":{\"name\":\"\",\"@id\":\"\"},\"headline\":\"Hellmann recebe o Pr\u00eamio &#8220;Para a Conciliabilidade entre Trabalho e Cuidados&#8221;\",\"datePublished\":\"2021-11-18T14:45:49+00:00\",\"mainEntityOfPage\":{\"@id\":\"https:\\\/\\\/loginfo24.com\\\/pt-pt\\\/2021\\\/11\\\/18\\\/hellmann-recebe-o-premio-para-a-conciliabilidade-entre-trabalho-e-cuidados\\\/\"},\"wordCount\":336,\"commentCount\":0,\"publisher\":{\"@id\":\"https:\\\/\\\/loginfo24.com\\\/pt-pt\\\/#organization\"},\"image\":{\"@id\":\"https:\\\/\\\/loginfo24.com\\\/pt-pt\\\/2021\\\/11\\\/18\\\/hellmann-recebe-o-premio-para-a-conciliabilidade-entre-trabalho-e-cuidados\\\/#primaryimage\"},\"thumbnailUrl\":\"https:\\\/\\\/loginfo24.com\\\/wp-content\\\/uploads\\\/sites\\\/7\\\/2025\\\/12\\\/Hellmann_18.11.21.jpg\",\"articleSection\":[\"Forwarding &amp; Logistics\",\"Regions\"],\"inLanguage\":\"pt-PT\",\"potentialAction\":[{\"@type\":\"CommentAction\",\"name\":\"Comment\",\"target\":[\"https:\\\/\\\/loginfo24.com\\\/pt-pt\\\/2021\\\/11\\\/18\\\/hellmann-recebe-o-premio-para-a-conciliabilidade-entre-trabalho-e-cuidados\\\/#respond\"]}]},{\"@type\":\"WebPage\",\"@id\":\"https:\\\/\\\/loginfo24.com\\\/pt-pt\\\/2021\\\/11\\\/18\\\/hellmann-recebe-o-premio-para-a-conciliabilidade-entre-trabalho-e-cuidados\\\/\",\"url\":\"https:\\\/\\\/loginfo24.com\\\/pt-pt\\\/2021\\\/11\\\/18\\\/hellmann-recebe-o-premio-para-a-conciliabilidade-entre-trabalho-e-cuidados\\\/\",\"name\":\"Hellmann recebe o Pr\u00eamio \\\"Para a Conciliabilidade entre Trabalho e Cuidados\\\" - Loginfo24\",\"isPartOf\":{\"@id\":\"https:\\\/\\\/loginfo24.com\\\/pt-pt\\\/#website\"},\"primaryImageOfPage\":{\"@id\":\"https:\\\/\\\/loginfo24.com\\\/pt-pt\\\/2021\\\/11\\\/18\\\/hellmann-recebe-o-premio-para-a-conciliabilidade-entre-trabalho-e-cuidados\\\/#primaryimage\"},\"image\":{\"@id\":\"https:\\\/\\\/loginfo24.com\\\/pt-pt\\\/2021\\\/11\\\/18\\\/hellmann-recebe-o-premio-para-a-conciliabilidade-entre-trabalho-e-cuidados\\\/#primaryimage\"},\"thumbnailUrl\":\"https:\\\/\\\/loginfo24.com\\\/wp-content\\\/uploads\\\/sites\\\/7\\\/2025\\\/12\\\/Hellmann_18.11.21.jpg\",\"datePublished\":\"2021-11-18T14:45:49+00:00\",\"breadcrumb\":{\"@id\":\"https:\\\/\\\/loginfo24.com\\\/pt-pt\\\/2021\\\/11\\\/18\\\/hellmann-recebe-o-premio-para-a-conciliabilidade-entre-trabalho-e-cuidados\\\/#breadcrumb\"},\"inLanguage\":\"pt-PT\",\"potentialAction\":[{\"@type\":\"ReadAction\",\"target\":[\"https:\\\/\\\/loginfo24.com\\\/pt-pt\\\/2021\\\/11\\\/18\\\/hellmann-recebe-o-premio-para-a-conciliabilidade-entre-trabalho-e-cuidados\\\/\"]}]},{\"@type\":\"ImageObject\",\"inLanguage\":\"pt-PT\",\"@id\":\"https:\\\/\\\/loginfo24.com\\\/pt-pt\\\/2021\\\/11\\\/18\\\/hellmann-recebe-o-premio-para-a-conciliabilidade-entre-trabalho-e-cuidados\\\/#primaryimage\",\"url\":\"https:\\\/\\\/loginfo24.com\\\/wp-content\\\/uploads\\\/sites\\\/7\\\/2025\\\/12\\\/Hellmann_18.11.21.jpg\",\"contentUrl\":\"https:\\\/\\\/loginfo24.com\\\/wp-content\\\/uploads\\\/sites\\\/7\\\/2025\\\/12\\\/Hellmann_18.11.21.jpg\",\"width\":1236,\"height\":788},{\"@type\":\"BreadcrumbList\",\"@id\":\"https:\\\/\\\/loginfo24.com\\\/pt-pt\\\/2021\\\/11\\\/18\\\/hellmann-recebe-o-premio-para-a-conciliabilidade-entre-trabalho-e-cuidados\\\/#breadcrumb\",\"itemListElement\":[{\"@type\":\"ListItem\",\"position\":1,\"name\":\"Startseite\",\"item\":\"https:\\\/\\\/loginfo24.com\\\/pt-pt\\\/\"},{\"@type\":\"ListItem\",\"position\":2,\"name\":\"Hellmann recebe o Pr\u00eamio &#8220;Para a Conciliabilidade entre Trabalho e Cuidados&#8221;\"}]},{\"@type\":\"WebSite\",\"@id\":\"https:\\\/\\\/loginfo24.com\\\/pt-pt\\\/#website\",\"url\":\"https:\\\/\\\/loginfo24.com\\\/pt-pt\\\/\",\"name\":\"Loginfo24\",\"description\":\"Loginfo24 \u00e9 a plataforma dedicada \u00e0 log\u00edstica e \u00e0s cadeias de abastecimento, com informa\u00e7\u00f5es dispon\u00edveis 24 horas por dia.\",\"publisher\":{\"@id\":\"https:\\\/\\\/loginfo24.com\\\/pt-pt\\\/#organization\"},\"potentialAction\":[{\"@type\":\"SearchAction\",\"target\":{\"@type\":\"EntryPoint\",\"urlTemplate\":\"https:\\\/\\\/loginfo24.com\\\/pt-pt\\\/?s={search_term_string}\"},\"query-input\":{\"@type\":\"PropertyValueSpecification\",\"valueRequired\":true,\"valueName\":\"search_term_string\"}}],\"inLanguage\":\"pt-PT\"},{\"@type\":\"Organization\",\"@id\":\"https:\\\/\\\/loginfo24.com\\\/pt-pt\\\/#organization\",\"name\":\"Logismedia Group AG\",\"url\":\"https:\\\/\\\/loginfo24.com\\\/pt-pt\\\/\",\"logo\":{\"@type\":\"ImageObject\",\"inLanguage\":\"pt-PT\",\"@id\":\"https:\\\/\\\/loginfo24.com\\\/pt-pt\\\/#\\\/schema\\\/logo\\\/image\\\/\",\"url\":\"https:\\\/\\\/loginfo24.com\\\/wp-content\\\/uploads\\\/sites\\\/7\\\/2026\\\/01\\\/Logo_LogInfo24.png\",\"contentUrl\":\"https:\\\/\\\/loginfo24.com\\\/wp-content\\\/uploads\\\/sites\\\/7\\\/2026\\\/01\\\/Logo_LogInfo24.png\",\"width\":938,\"height\":351,\"caption\":\"Logismedia Group AG\"},\"image\":{\"@id\":\"https:\\\/\\\/loginfo24.com\\\/pt-pt\\\/#\\\/schema\\\/logo\\\/image\\\/\"},\"sameAs\":[\"https:\\\/\\\/www.facebook.com\\\/people\\\/Loginfo24\\\/100057360583332\\\/\",\"https:\\\/\\\/www.linkedin.com\\\/company\\\/lofinfo24\\\/\"]}]}<\/script>\n<!-- \/ Yoast SEO plugin. -->","yoast_head_json":{"title":"Hellmann recebe o Pr\u00eamio \"Para a Conciliabilidade entre Trabalho e Cuidados\" - Loginfo24","robots":{"index":"index","follow":"follow","max-snippet":"max-snippet:-1","max-image-preview":"max-image-preview:large","max-video-preview":"max-video-preview:-1"},"canonical":"https:\/\/loginfo24.com\/pt-pt\/2021\/11\/18\/hellmann-recebe-o-premio-para-a-conciliabilidade-entre-trabalho-e-cuidados\/","og_locale":"pt_PT","og_type":"article","og_title":"Hellmann recebe o Pr\u00eamio \"Para a Conciliabilidade entre Trabalho e Cuidados\" - Loginfo24","og_description":"A Hellmann Worldwide Logistics foi premiada na 8\u00aa Confer\u00eancia de Cuidados de Berlim com o Pr\u00eamio Otto Heinemann &#8220;Para a Conciliabilidade entre Trabalho e Cuidados&#8221;. O [\u2026]","og_url":"https:\/\/loginfo24.com\/pt-pt\/2021\/11\/18\/hellmann-recebe-o-premio-para-a-conciliabilidade-entre-trabalho-e-cuidados\/","og_site_name":"Loginfo24","article_publisher":"https:\/\/www.facebook.com\/people\/Loginfo24\/100057360583332\/","article_published_time":"2021-11-18T14:45:49+00:00","og_image":[{"width":1236,"height":788,"url":"https:\/\/loginfo24.com\/wp-content\/uploads\/sites\/7\/2025\/12\/Hellmann_18.11.21.jpg","type":"image\/jpeg"}],"twitter_card":"summary_large_image","twitter_misc":{"Tempo estimado de leitura":"2 minutos"},"schema":{"@context":"https:\/\/schema.org","@graph":[{"@type":"Article","@id":"https:\/\/loginfo24.com\/pt-pt\/2021\/11\/18\/hellmann-recebe-o-premio-para-a-conciliabilidade-entre-trabalho-e-cuidados\/#article","isPartOf":{"@id":"https:\/\/loginfo24.com\/pt-pt\/2021\/11\/18\/hellmann-recebe-o-premio-para-a-conciliabilidade-entre-trabalho-e-cuidados\/"},"author":{"name":"","@id":""},"headline":"Hellmann recebe o Pr\u00eamio &#8220;Para a Conciliabilidade entre Trabalho e Cuidados&#8221;","datePublished":"2021-11-18T14:45:49+00:00","mainEntityOfPage":{"@id":"https:\/\/loginfo24.com\/pt-pt\/2021\/11\/18\/hellmann-recebe-o-premio-para-a-conciliabilidade-entre-trabalho-e-cuidados\/"},"wordCount":336,"commentCount":0,"publisher":{"@id":"https:\/\/loginfo24.com\/pt-pt\/#organization"},"image":{"@id":"https:\/\/loginfo24.com\/pt-pt\/2021\/11\/18\/hellmann-recebe-o-premio-para-a-conciliabilidade-entre-trabalho-e-cuidados\/#primaryimage"},"thumbnailUrl":"https:\/\/loginfo24.com\/wp-content\/uploads\/sites\/7\/2025\/12\/Hellmann_18.11.21.jpg","articleSection":["Forwarding &amp; Logistics","Regions"],"inLanguage":"pt-PT","potentialAction":[{"@type":"CommentAction","name":"Comment","target":["https:\/\/loginfo24.com\/pt-pt\/2021\/11\/18\/hellmann-recebe-o-premio-para-a-conciliabilidade-entre-trabalho-e-cuidados\/#respond"]}]},{"@type":"WebPage","@id":"https:\/\/loginfo24.com\/pt-pt\/2021\/11\/18\/hellmann-recebe-o-premio-para-a-conciliabilidade-entre-trabalho-e-cuidados\/","url":"https:\/\/loginfo24.com\/pt-pt\/2021\/11\/18\/hellmann-recebe-o-premio-para-a-conciliabilidade-entre-trabalho-e-cuidados\/","name":"Hellmann recebe o Pr\u00eamio \"Para a Conciliabilidade entre Trabalho e Cuidados\" - Loginfo24","isPartOf":{"@id":"https:\/\/loginfo24.com\/pt-pt\/#website"},"primaryImageOfPage":{"@id":"https:\/\/loginfo24.com\/pt-pt\/2021\/11\/18\/hellmann-recebe-o-premio-para-a-conciliabilidade-entre-trabalho-e-cuidados\/#primaryimage"},"image":{"@id":"https:\/\/loginfo24.com\/pt-pt\/2021\/11\/18\/hellmann-recebe-o-premio-para-a-conciliabilidade-entre-trabalho-e-cuidados\/#primaryimage"},"thumbnailUrl":"https:\/\/loginfo24.com\/wp-content\/uploads\/sites\/7\/2025\/12\/Hellmann_18.11.21.jpg","datePublished":"2021-11-18T14:45:49+00:00","breadcrumb":{"@id":"https:\/\/loginfo24.com\/pt-pt\/2021\/11\/18\/hellmann-recebe-o-premio-para-a-conciliabilidade-entre-trabalho-e-cuidados\/#breadcrumb"},"inLanguage":"pt-PT","potentialAction":[{"@type":"ReadAction","target":["https:\/\/loginfo24.com\/pt-pt\/2021\/11\/18\/hellmann-recebe-o-premio-para-a-conciliabilidade-entre-trabalho-e-cuidados\/"]}]},{"@type":"ImageObject","inLanguage":"pt-PT","@id":"https:\/\/loginfo24.com\/pt-pt\/2021\/11\/18\/hellmann-recebe-o-premio-para-a-conciliabilidade-entre-trabalho-e-cuidados\/#primaryimage","url":"https:\/\/loginfo24.com\/wp-content\/uploads\/sites\/7\/2025\/12\/Hellmann_18.11.21.jpg","contentUrl":"https:\/\/loginfo24.com\/wp-content\/uploads\/sites\/7\/2025\/12\/Hellmann_18.11.21.jpg","width":1236,"height":788},{"@type":"BreadcrumbList","@id":"https:\/\/loginfo24.com\/pt-pt\/2021\/11\/18\/hellmann-recebe-o-premio-para-a-conciliabilidade-entre-trabalho-e-cuidados\/#breadcrumb","itemListElement":[{"@type":"ListItem","position":1,"name":"Startseite","item":"https:\/\/loginfo24.com\/pt-pt\/"},{"@type":"ListItem","position":2,"name":"Hellmann recebe o Pr\u00eamio &#8220;Para a Conciliabilidade entre Trabalho e Cuidados&#8221;"}]},{"@type":"WebSite","@id":"https:\/\/loginfo24.com\/pt-pt\/#website","url":"https:\/\/loginfo24.com\/pt-pt\/","name":"Loginfo24","description":"Loginfo24 \u00e9 a plataforma dedicada \u00e0 log\u00edstica e \u00e0s cadeias de abastecimento, com informa\u00e7\u00f5es dispon\u00edveis 24 horas por dia.","publisher":{"@id":"https:\/\/loginfo24.com\/pt-pt\/#organization"},"potentialAction":[{"@type":"SearchAction","target":{"@type":"EntryPoint","urlTemplate":"https:\/\/loginfo24.com\/pt-pt\/?s={search_term_string}"},"query-input":{"@type":"PropertyValueSpecification","valueRequired":true,"valueName":"search_term_string"}}],"inLanguage":"pt-PT"},{"@type":"Organization","@id":"https:\/\/loginfo24.com\/pt-pt\/#organization","name":"Logismedia Group AG","url":"https:\/\/loginfo24.com\/pt-pt\/","logo":{"@type":"ImageObject","inLanguage":"pt-PT","@id":"https:\/\/loginfo24.com\/pt-pt\/#\/schema\/logo\/image\/","url":"https:\/\/loginfo24.com\/wp-content\/uploads\/sites\/7\/2026\/01\/Logo_LogInfo24.png","contentUrl":"https:\/\/loginfo24.com\/wp-content\/uploads\/sites\/7\/2026\/01\/Logo_LogInfo24.png","width":938,"height":351,"caption":"Logismedia Group AG"},"image":{"@id":"https:\/\/loginfo24.com\/pt-pt\/#\/schema\/logo\/image\/"},"sameAs":["https:\/\/www.facebook.com\/people\/Loginfo24\/100057360583332\/","https:\/\/www.linkedin.com\/company\/lofinfo24\/"]}]}},"_links":{"self":[{"href":"https:\/\/loginfo24.com\/pt-pt\/wp-json\/wp\/v2\/posts\/53560","targetHints":{"allow":["GET"]}}],"collection":[{"href":"https:\/\/loginfo24.com\/pt-pt\/wp-json\/wp\/v2\/posts"}],"about":[{"href":"https:\/\/loginfo24.com\/pt-pt\/wp-json\/wp\/v2\/types\/post"}],"replies":[{"embeddable":true,"href":"https:\/\/loginfo24.com\/pt-pt\/wp-json\/wp\/v2\/comments?post=53560"}],"version-history":[{"count":0,"href":"https:\/\/loginfo24.com\/pt-pt\/wp-json\/wp\/v2\/posts\/53560\/revisions"}],"wp:featuredmedia":[{"embeddable":true,"href":"https:\/\/loginfo24.com\/pt-pt\/wp-json\/wp\/v2\/media\/11733"}],"wp:attachment":[{"href":"https:\/\/loginfo24.com\/pt-pt\/wp-json\/wp\/v2\/media?parent=53560"}],"wp:term":[{"taxonomy":"category","embeddable":true,"href":"https:\/\/loginfo24.com\/pt-pt\/wp-json\/wp\/v2\/categories?post=53560"},{"taxonomy":"post_tag","embeddable":true,"href":"https:\/\/loginfo24.com\/pt-pt\/wp-json\/wp\/v2\/tags?post=53560"}],"curies":[{"name":"wp","href":"https:\/\/api.w.org\/{rel}","templated":true}]}}