{"id":53530,"date":"2021-11-17T18:40:45","date_gmt":"2021-11-17T17:40:45","guid":{"rendered":"https:\/\/blog.brand-architecture.at\/2021\/11\/17\/no-cna-logistik-forum-a-sustentabilidade-e-a-resiliencia-foram-discutidas\/"},"modified":"2021-11-17T18:40:45","modified_gmt":"2021-11-17T17:40:45","slug":"no-cna-logistik-forum-a-sustentabilidade-e-a-resiliencia-foram-discutidas","status":"publish","type":"post","link":"https:\/\/loginfo24.com\/pt-pt\/2021\/11\/17\/no-cna-logistik-forum-a-sustentabilidade-e-a-resiliencia-foram-discutidas\/","title":{"rendered":"No CNA Logistik Forum, a sustentabilidade e a resili\u00eancia foram discutidas"},"content":{"rendered":"<h5><strong>Mais de 100 participantes da ind\u00fastria e da ci\u00eancia da log\u00edstica discutiram no CNA Logistik Forum em Nuremberg solu\u00e7\u00f5es inovadoras para transporte e log\u00edstica. Este ano, o foco foi o campo de tens\u00e3o entre resili\u00eancia, sustentabilidade e efici\u00eancia, no qual o setor precisa se posicionar. Um pr\u00eamio tamb\u00e9m foi concedido \u00e0 Lobster Logistics.<\/strong><\/h5>\n<p>(Nuremberg) A log\u00edstica est\u00e1 em transforma\u00e7\u00e3o: n\u00e3o \u00e9 apenas desde a crise da Corona que as exig\u00eancias por sustentabilidade, resili\u00eancia e efici\u00eancia est\u00e3o aumentando no setor. Mas como podem esses objetivos conflitantes ser conciliados? Que papel podem as plataformas digitais desempenhar? E como podem os modos de transporte e as ordens de transporte ser interconectados de forma eficaz?<\/p>\n<p>Essas quest\u00f5es estiveram no centro do 11\u00ba CNA Logistik Forum em 15 de novembro de 2021 em Nuremberg. No centro de conven\u00e7\u00f5es lotado da Meistersingerhalle, mais de 100 participantes se envolveram na plataforma de di\u00e1logo sobre conceitos e tecnologias inovadoras para transporte e log\u00edstica.<\/p>\n<p>Na abertura, Dr. Rudolf Aunkofer, diretor executivo do CNA e.V., e Dr. Roland Fischer, diretor do grupo de trabalho para servi\u00e7os de cadeia de suprimentos do Fraunhofer Institute for Integrated Circuits IIS e membro do conselho do CNA e.V., deram as boas-vindas ao p\u00fablico. Dr. Fischer destacou a contribui\u00e7\u00e3o da digitaliza\u00e7\u00e3o para uma log\u00edstica mais sustent\u00e1vel e resiliente: &#8220;A digitaliza\u00e7\u00e3o em combina\u00e7\u00e3o com a expertise em dados \u00e9 um fator-chave essencial para a viabilidade futura do setor. Pois a transforma\u00e7\u00e3o digital n\u00e3o apenas proporciona transportes mais flex\u00edveis ou processos de produ\u00e7\u00e3o mais eficientes, garantindo assim resili\u00eancia econ\u00f4mica. Mas tamb\u00e9m promove maior sustentabilidade ecol\u00f3gica e social.&#8221; O papel da pol\u00edtica para inova\u00e7\u00f5es foi explicado por Helmut Sch\u00fctz, chefe do departamento no Minist\u00e9rio da Habita\u00e7\u00e3o, Constru\u00e7\u00e3o e Transporte da Baviera: o minist\u00e9rio apoia o desenvolvimento da log\u00edstica por meio do financiamento de projetos de pesquisa, desde a adapta\u00e7\u00e3o de infraestruturas at\u00e9 subs\u00eddios para investimentos em empresas.<\/p>\n<h5><strong>Transporte sustent\u00e1vel como desafio<\/strong><\/h5>\n<p>Que a economia j\u00e1 est\u00e1 avan\u00e7ando foi demonstrado pelas palestras principais pela manh\u00e3: Dirk Weberskirch, respons\u00e1vel pela tecnologia de c\u00e9lulas de combust\u00edvel na MAN Truck &amp; Bus, relatou sobre o estado da tecnologia de propuls\u00e3o por c\u00e9lulas de combust\u00edvel para caminh\u00f5es. Ele deixou claro que j\u00e1 existe tecnologia de propuls\u00e3o eficiente baseada em hidrog\u00eanio. No entanto, os fabricantes est\u00e3o cautelosos em rela\u00e7\u00e3o ao fornecimento de hidrog\u00eanio \u2013 ainda n\u00e3o est\u00e1 claro se as infraestruturas que permitem o abastecimento com hidrog\u00eanio l\u00edquido, gasoso ou ligado a uma subst\u00e2ncia transportadora prevalecer\u00e3o.<\/p>\n<p>Dada a escassez de hidrog\u00eanio &#8220;verde&#8221; de fontes renov\u00e1veis ou baterias adequadas, atualmente a mudan\u00e7a de modo de transporte oferece oportunidades para reduzir as emiss\u00f5es no transporte. Sebastian Schilling, chefe de vendas europeias e desenvolvimento de corredores da DB Cargo AG, e Matthijs van Doorn, diretor de cadeia de suprimentos e log\u00edstica do Porto de Roterd\u00e3, deram uma vis\u00e3o sobre as oportunidades que o transporte combinado oferece, especialmente no tr\u00e1fego de hinterland do porto. Conex\u00f5es foram expandidas nos \u00faltimos anos e podem ser utilizadas de forma cada vez mais confort\u00e1vel gra\u00e7as a tecnologias digitais \u2013 como plataformas de reserva e rastreamento.<\/p>\n<p>Como prestadores de servi\u00e7os log\u00edsticos de m\u00e9dio porte avaliam essas e outras inova\u00e7\u00f5es para transporte e armazenamento, foi mostrado por Dr. Johannes S\u00f6llner, membro da diretoria do Geis Group. Os conceitos devem ser sempre avaliados criticamente em rela\u00e7\u00e3o \u00e0s condi\u00e7\u00f5es estruturais \u2013 infraestrutura, suscetibilidade a erros, potencial de custos. Em seguida, pilotos internos da empresa s\u00e3o necess\u00e1rios para identificar tecnologias adequadas para os pr\u00f3prios processos. Ele ilustrou como isso acontece na pr\u00e1tica dentro do Geis Group com v\u00e1rios exemplos, desde o e-forwarding at\u00e9 sistemas de assist\u00eancia \u00e0 coleta.<\/p>\n<h5><strong>Lobster Logistics ganha o Technology for Future Award<\/strong><\/h5>\n<p>Durante uma sess\u00e3o de pitch, cinco pioneiros digitais para transporte e log\u00edstica se apresentaram ao julgamento do p\u00fablico. Os temas variaram de sistemas de assist\u00eancia de carregamento da Digilo a plataformas de reserva para mais transpar\u00eancia no transporte, como Timocom ou IMSLOT, at\u00e9 controle de entrada para terminais da CONROO.<\/p>\n<p>O Technology for Future Award 2021 foi finalmente concedido a Niko Hossain, CEO da Lobster Logistics Cloud GmbH. Com a logistics.cloud, ele apresentou uma plataforma baseada em nuvem para gerenciamento da cadeia de suprimentos. A solu\u00e7\u00e3o integrada deve ajudar as empresas a integrar, rastrear e gerenciar cadeias de suprimentos de forma automatizada e transparente. O sistema modular, incluindo rastreamento de envios, relat\u00f3rios, conex\u00e3o de telem\u00e1tica, entre outros, convenceu o p\u00fablico. &#8220;Estamos muito felizes com essa confirma\u00e7\u00e3o do nosso trabalho e agradecemos ao CNA e ao Logistik Forum por essa \u00f3tima premia\u00e7\u00e3o!&#8221;, comemorou Hossain pela premia\u00e7\u00e3o.<\/p>\n<p><img loading=\"lazy\" decoding=\"async\" class=\"size-large wp-image-15669\" src=\"https:\/\/loginfo24.com\/wp-content\/uploads\/sites\/7\/2025\/12\/CNA_17.11.21_2.jpg\" alt=\"\" width=\"1024\" height=\"676\" \/> Pitch do Technology for Future Award vencedor Niko Hossain, CEO<br \/>Lobster Logistics Cloud GmbH<\/caption>\n<h5><strong>Construindo o futuro do transporte<\/strong><\/h5>\n<p>Como os dados podem ser utilizados de forma mais eficaz para tornar os transportes mais sustent\u00e1veis e resilientes, foi demonstrado por Axel Bagszas e Uwe Veres-Homm do grupo de trabalho para servi\u00e7os de cadeia de suprimentos do Fraunhofer IIS. Com v\u00e1rios exemplos, eles mostraram os benef\u00edcios das aplica\u00e7\u00f5es de an\u00e1lise de dados no transporte combinado. Que simplesmente compartilhar dados pode ajudar a utilizar as capacidades de transporte de forma mais eficaz em colabora\u00e7\u00f5es interempresariais foi explicado por Steffen Riedel da Eckes-Granini. O Prof. Dr. Ulrich M\u00fcller-Steinfahrt, da Universidade de W\u00fcrzburg-Schweinfurt, e Michael Liepelt, da LKW Walter, finalmente complementaram com exemplos pr\u00e1ticos para um transporte mais sustent\u00e1vel, desde o comprovante de entrega digital at\u00e9 a mudan\u00e7a para o transporte ferrovi\u00e1rio.<\/p>\n<p>Para concluir, o Major d.R. Herwig Rubin do Regimento Estadual da Baviera destacou os desafios que a log\u00edstica militar enfrenta em tempos de guerra e paz. A analogia com a log\u00edstica &#8220;civil&#8221; ficou clara: aqui tamb\u00e9m, sistemas robustos e padronizados s\u00e3o bem-sucedidos. No entanto, o &#8220;caminho informal do sargento&#8221; e o planejamento flex\u00edvel tamb\u00e9m desempenham um papel decisivo para garantir o suprimento e o equipamento das tropas.<\/p>\n<h5><strong>Dados atuais para a log\u00edstica na Baviera<\/strong><\/h5>\n<p>Al\u00e9m das palestras t\u00e9cnicas, Dr. Rudolf Aunkofer apresentou os primeiros resultados do <em>Bar\u00f4metro de Humor Log\u00edstico da Baviera<\/em> da Iniciativa Log\u00edstica da Baviera. A pesquisa avalia mensalmente a situa\u00e7\u00e3o dos neg\u00f3cios, as expectativas de neg\u00f3cios e a percep\u00e7\u00e3o sobre os desafios atuais para a ind\u00fastria de transporte e log\u00edstica da Baviera.<\/p>\n<p>A Iniciativa Log\u00edstica da Baviera, portanto, fornece um clima econ\u00f4mico espec\u00edfico para o setor e o estado. Al\u00e9m disso, a pesquisa oferece dados sobre os desafios atuais do setor. As \u00faltimas pesquisas mostraram, por exemplo, que j\u00e1 hoje 79% dos clientes em transporte e log\u00edstica consideram a sustentabilidade um fator importante para sua log\u00edstica. Os principais obst\u00e1culos para o desenvolvimento dos neg\u00f3cios do setor foram identificados em outubro de 2021 como a falta de m\u00e3o de obra qualificada (73%), a falta de capacidade (65%) e os efeitos da pandemia de COVID-19 (51%).<\/p>\n<p>Isso confirma a atualidade dos desafios que foram discutidos no 11\u00ba CNA Logistik Forum 2021. As contribui\u00e7\u00f5es mostraram solu\u00e7\u00f5es, mas tamb\u00e9m abordaram as dificuldades do processo de inova\u00e7\u00e3o. &#8220;O caminho da primeira ideia at\u00e9 a inova\u00e7\u00e3o aceita pelo mercado e, portanto, bem-sucedida, n\u00e3o \u00e9 f\u00e1cil, especialmente no setor de log\u00edstica. O CNA e.V. apoia fundadores inovadores, assim como startups ou empresas estabelecidas que desejam transformar suas inova\u00e7\u00f5es em modelos de neg\u00f3cios funcionais.&#8221;<\/p>\n<h5><strong>Sobre o CNA Logistik Forum<\/strong><\/h5>\n<p>O Logistik Forum \u00e9 o congresso de inova\u00e7\u00e3o para transporte e log\u00edstica na Baviera. Em coopera\u00e7\u00e3o com o grupo de trabalho de servi\u00e7os de cadeia de suprimentos do Fraunhofer Institute for Integrated Circuits IIS, o CNA e.V. organizou o congresso em Nuremberg em 2021 pela d\u00e9cima primeira vez.<\/p>\n<p>Foto: \u00a9 CNA \/ <strong><em>Legenda da imagem: <\/em><\/strong><em>Palestra principal <\/em><em>Dr. Johannes S\u00f6llner, diretor executivo do Geis Group<\/em><\/p>\n","protected":false},"excerpt":{"rendered":"<p>Mais de 100 participantes da ind\u00fastria e da ci\u00eancia da log\u00edstica discutiram no CNA Logistik Forum em Nuremberg solu\u00e7\u00f5es inovadoras para transporte e log\u00edstica. Este ano,<span class=\"excerpt-hellip\"> [\u2026]<\/span><\/p>\n","protected":false},"author":0,"featured_media":11749,"comment_status":"open","ping_status":"open","sticky":false,"template":"","format":"standard","meta":{"_acf_changed":false,"footnotes":""},"categories":[1557,1561],"tags":[],"class_list":["post-53530","post","type-post","status-publish","format-standard","has-post-thumbnail","hentry","category-forwarding-logistics","category-regions"],"acf":[],"yoast_head":"<!-- This site is optimized with the Yoast SEO plugin v27.3 - https:\/\/yoast.com\/product\/yoast-seo-wordpress\/ -->\n<title>No CNA Logistik Forum, a sustentabilidade e a resili\u00eancia foram discutidas - Loginfo24<\/title>\n<meta name=\"robots\" content=\"index, follow, max-snippet:-1, max-image-preview:large, max-video-preview:-1\" \/>\n<link rel=\"canonical\" href=\"https:\/\/loginfo24.com\/pt-pt\/2021\/11\/17\/no-cna-logistik-forum-a-sustentabilidade-e-a-resiliencia-foram-discutidas\/\" \/>\n<meta property=\"og:locale\" content=\"pt_PT\" \/>\n<meta property=\"og:type\" content=\"article\" \/>\n<meta property=\"og:title\" content=\"No CNA Logistik Forum, a sustentabilidade e a resili\u00eancia foram discutidas - Loginfo24\" \/>\n<meta property=\"og:description\" content=\"Mais de 100 participantes da ind\u00fastria e da ci\u00eancia da log\u00edstica discutiram no CNA Logistik Forum em Nuremberg solu\u00e7\u00f5es inovadoras para transporte e log\u00edstica. Este ano, [\u2026]\" \/>\n<meta property=\"og:url\" content=\"https:\/\/loginfo24.com\/pt-pt\/2021\/11\/17\/no-cna-logistik-forum-a-sustentabilidade-e-a-resiliencia-foram-discutidas\/\" \/>\n<meta property=\"og:site_name\" content=\"Loginfo24\" \/>\n<meta property=\"article:publisher\" content=\"https:\/\/www.facebook.com\/people\/Loginfo24\/100057360583332\/\" \/>\n<meta property=\"article:published_time\" content=\"2021-11-17T17:40:45+00:00\" \/>\n<meta property=\"og:image\" content=\"https:\/\/loginfo24.com\/wp-content\/uploads\/sites\/7\/2025\/12\/CNA_17.11.21_Titel.jpg\" \/>\n\t<meta property=\"og:image:width\" content=\"1224\" \/>\n\t<meta property=\"og:image:height\" content=\"862\" \/>\n\t<meta property=\"og:image:type\" content=\"image\/jpeg\" \/>\n<meta name=\"twitter:card\" content=\"summary_large_image\" \/>\n<meta name=\"twitter:label1\" content=\"Tempo estimado de leitura\" \/>\n\t<meta name=\"twitter:data1\" content=\"7 minutos\" \/>\n<script type=\"application\/ld+json\" class=\"yoast-schema-graph\">{\"@context\":\"https:\\\/\\\/schema.org\",\"@graph\":[{\"@type\":\"Article\",\"@id\":\"https:\\\/\\\/loginfo24.com\\\/pt-pt\\\/2021\\\/11\\\/17\\\/no-cna-logistik-forum-a-sustentabilidade-e-a-resiliencia-foram-discutidas\\\/#article\",\"isPartOf\":{\"@id\":\"https:\\\/\\\/loginfo24.com\\\/pt-pt\\\/2021\\\/11\\\/17\\\/no-cna-logistik-forum-a-sustentabilidade-e-a-resiliencia-foram-discutidas\\\/\"},\"author\":{\"name\":\"\",\"@id\":\"\"},\"headline\":\"No CNA Logistik Forum, a sustentabilidade e a resili\u00eancia foram discutidas\",\"datePublished\":\"2021-11-17T17:40:45+00:00\",\"mainEntityOfPage\":{\"@id\":\"https:\\\/\\\/loginfo24.com\\\/pt-pt\\\/2021\\\/11\\\/17\\\/no-cna-logistik-forum-a-sustentabilidade-e-a-resiliencia-foram-discutidas\\\/\"},\"wordCount\":1397,\"commentCount\":0,\"publisher\":{\"@id\":\"https:\\\/\\\/loginfo24.com\\\/pt-pt\\\/#organization\"},\"image\":{\"@id\":\"https:\\\/\\\/loginfo24.com\\\/pt-pt\\\/2021\\\/11\\\/17\\\/no-cna-logistik-forum-a-sustentabilidade-e-a-resiliencia-foram-discutidas\\\/#primaryimage\"},\"thumbnailUrl\":\"https:\\\/\\\/loginfo24.com\\\/wp-content\\\/uploads\\\/sites\\\/7\\\/2025\\\/12\\\/CNA_17.11.21_Titel.jpg\",\"articleSection\":[\"Forwarding &amp; Logistics\",\"Regions\"],\"inLanguage\":\"pt-PT\",\"potentialAction\":[{\"@type\":\"CommentAction\",\"name\":\"Comment\",\"target\":[\"https:\\\/\\\/loginfo24.com\\\/pt-pt\\\/2021\\\/11\\\/17\\\/no-cna-logistik-forum-a-sustentabilidade-e-a-resiliencia-foram-discutidas\\\/#respond\"]}]},{\"@type\":\"WebPage\",\"@id\":\"https:\\\/\\\/loginfo24.com\\\/pt-pt\\\/2021\\\/11\\\/17\\\/no-cna-logistik-forum-a-sustentabilidade-e-a-resiliencia-foram-discutidas\\\/\",\"url\":\"https:\\\/\\\/loginfo24.com\\\/pt-pt\\\/2021\\\/11\\\/17\\\/no-cna-logistik-forum-a-sustentabilidade-e-a-resiliencia-foram-discutidas\\\/\",\"name\":\"No CNA Logistik Forum, a sustentabilidade e a resili\u00eancia foram discutidas - Loginfo24\",\"isPartOf\":{\"@id\":\"https:\\\/\\\/loginfo24.com\\\/pt-pt\\\/#website\"},\"primaryImageOfPage\":{\"@id\":\"https:\\\/\\\/loginfo24.com\\\/pt-pt\\\/2021\\\/11\\\/17\\\/no-cna-logistik-forum-a-sustentabilidade-e-a-resiliencia-foram-discutidas\\\/#primaryimage\"},\"image\":{\"@id\":\"https:\\\/\\\/loginfo24.com\\\/pt-pt\\\/2021\\\/11\\\/17\\\/no-cna-logistik-forum-a-sustentabilidade-e-a-resiliencia-foram-discutidas\\\/#primaryimage\"},\"thumbnailUrl\":\"https:\\\/\\\/loginfo24.com\\\/wp-content\\\/uploads\\\/sites\\\/7\\\/2025\\\/12\\\/CNA_17.11.21_Titel.jpg\",\"datePublished\":\"2021-11-17T17:40:45+00:00\",\"breadcrumb\":{\"@id\":\"https:\\\/\\\/loginfo24.com\\\/pt-pt\\\/2021\\\/11\\\/17\\\/no-cna-logistik-forum-a-sustentabilidade-e-a-resiliencia-foram-discutidas\\\/#breadcrumb\"},\"inLanguage\":\"pt-PT\",\"potentialAction\":[{\"@type\":\"ReadAction\",\"target\":[\"https:\\\/\\\/loginfo24.com\\\/pt-pt\\\/2021\\\/11\\\/17\\\/no-cna-logistik-forum-a-sustentabilidade-e-a-resiliencia-foram-discutidas\\\/\"]}]},{\"@type\":\"ImageObject\",\"inLanguage\":\"pt-PT\",\"@id\":\"https:\\\/\\\/loginfo24.com\\\/pt-pt\\\/2021\\\/11\\\/17\\\/no-cna-logistik-forum-a-sustentabilidade-e-a-resiliencia-foram-discutidas\\\/#primaryimage\",\"url\":\"https:\\\/\\\/loginfo24.com\\\/wp-content\\\/uploads\\\/sites\\\/7\\\/2025\\\/12\\\/CNA_17.11.21_Titel.jpg\",\"contentUrl\":\"https:\\\/\\\/loginfo24.com\\\/wp-content\\\/uploads\\\/sites\\\/7\\\/2025\\\/12\\\/CNA_17.11.21_Titel.jpg\",\"width\":1224,\"height\":862},{\"@type\":\"BreadcrumbList\",\"@id\":\"https:\\\/\\\/loginfo24.com\\\/pt-pt\\\/2021\\\/11\\\/17\\\/no-cna-logistik-forum-a-sustentabilidade-e-a-resiliencia-foram-discutidas\\\/#breadcrumb\",\"itemListElement\":[{\"@type\":\"ListItem\",\"position\":1,\"name\":\"Startseite\",\"item\":\"https:\\\/\\\/loginfo24.com\\\/pt-pt\\\/\"},{\"@type\":\"ListItem\",\"position\":2,\"name\":\"No CNA Logistik Forum, a sustentabilidade e a resili\u00eancia foram discutidas\"}]},{\"@type\":\"WebSite\",\"@id\":\"https:\\\/\\\/loginfo24.com\\\/pt-pt\\\/#website\",\"url\":\"https:\\\/\\\/loginfo24.com\\\/pt-pt\\\/\",\"name\":\"Loginfo24\",\"description\":\"Loginfo24 \u00e9 a plataforma dedicada \u00e0 log\u00edstica e \u00e0s cadeias de abastecimento, com informa\u00e7\u00f5es dispon\u00edveis 24 horas por dia.\",\"publisher\":{\"@id\":\"https:\\\/\\\/loginfo24.com\\\/pt-pt\\\/#organization\"},\"potentialAction\":[{\"@type\":\"SearchAction\",\"target\":{\"@type\":\"EntryPoint\",\"urlTemplate\":\"https:\\\/\\\/loginfo24.com\\\/pt-pt\\\/?s={search_term_string}\"},\"query-input\":{\"@type\":\"PropertyValueSpecification\",\"valueRequired\":true,\"valueName\":\"search_term_string\"}}],\"inLanguage\":\"pt-PT\"},{\"@type\":\"Organization\",\"@id\":\"https:\\\/\\\/loginfo24.com\\\/pt-pt\\\/#organization\",\"name\":\"Logismedia Group AG\",\"url\":\"https:\\\/\\\/loginfo24.com\\\/pt-pt\\\/\",\"logo\":{\"@type\":\"ImageObject\",\"inLanguage\":\"pt-PT\",\"@id\":\"https:\\\/\\\/loginfo24.com\\\/pt-pt\\\/#\\\/schema\\\/logo\\\/image\\\/\",\"url\":\"https:\\\/\\\/loginfo24.com\\\/wp-content\\\/uploads\\\/sites\\\/7\\\/2026\\\/01\\\/Logo_LogInfo24.png\",\"contentUrl\":\"https:\\\/\\\/loginfo24.com\\\/wp-content\\\/uploads\\\/sites\\\/7\\\/2026\\\/01\\\/Logo_LogInfo24.png\",\"width\":938,\"height\":351,\"caption\":\"Logismedia Group AG\"},\"image\":{\"@id\":\"https:\\\/\\\/loginfo24.com\\\/pt-pt\\\/#\\\/schema\\\/logo\\\/image\\\/\"},\"sameAs\":[\"https:\\\/\\\/www.facebook.com\\\/people\\\/Loginfo24\\\/100057360583332\\\/\",\"https:\\\/\\\/www.linkedin.com\\\/company\\\/lofinfo24\\\/\"]}]}<\/script>\n<!-- \/ Yoast SEO plugin. -->","yoast_head_json":{"title":"No CNA Logistik Forum, a sustentabilidade e a resili\u00eancia foram discutidas - Loginfo24","robots":{"index":"index","follow":"follow","max-snippet":"max-snippet:-1","max-image-preview":"max-image-preview:large","max-video-preview":"max-video-preview:-1"},"canonical":"https:\/\/loginfo24.com\/pt-pt\/2021\/11\/17\/no-cna-logistik-forum-a-sustentabilidade-e-a-resiliencia-foram-discutidas\/","og_locale":"pt_PT","og_type":"article","og_title":"No CNA Logistik Forum, a sustentabilidade e a resili\u00eancia foram discutidas - Loginfo24","og_description":"Mais de 100 participantes da ind\u00fastria e da ci\u00eancia da log\u00edstica discutiram no CNA Logistik Forum em Nuremberg solu\u00e7\u00f5es inovadoras para transporte e log\u00edstica. Este ano, [\u2026]","og_url":"https:\/\/loginfo24.com\/pt-pt\/2021\/11\/17\/no-cna-logistik-forum-a-sustentabilidade-e-a-resiliencia-foram-discutidas\/","og_site_name":"Loginfo24","article_publisher":"https:\/\/www.facebook.com\/people\/Loginfo24\/100057360583332\/","article_published_time":"2021-11-17T17:40:45+00:00","og_image":[{"width":1224,"height":862,"url":"https:\/\/loginfo24.com\/wp-content\/uploads\/sites\/7\/2025\/12\/CNA_17.11.21_Titel.jpg","type":"image\/jpeg"}],"twitter_card":"summary_large_image","twitter_misc":{"Tempo estimado de leitura":"7 minutos"},"schema":{"@context":"https:\/\/schema.org","@graph":[{"@type":"Article","@id":"https:\/\/loginfo24.com\/pt-pt\/2021\/11\/17\/no-cna-logistik-forum-a-sustentabilidade-e-a-resiliencia-foram-discutidas\/#article","isPartOf":{"@id":"https:\/\/loginfo24.com\/pt-pt\/2021\/11\/17\/no-cna-logistik-forum-a-sustentabilidade-e-a-resiliencia-foram-discutidas\/"},"author":{"name":"","@id":""},"headline":"No CNA Logistik Forum, a sustentabilidade e a resili\u00eancia foram discutidas","datePublished":"2021-11-17T17:40:45+00:00","mainEntityOfPage":{"@id":"https:\/\/loginfo24.com\/pt-pt\/2021\/11\/17\/no-cna-logistik-forum-a-sustentabilidade-e-a-resiliencia-foram-discutidas\/"},"wordCount":1397,"commentCount":0,"publisher":{"@id":"https:\/\/loginfo24.com\/pt-pt\/#organization"},"image":{"@id":"https:\/\/loginfo24.com\/pt-pt\/2021\/11\/17\/no-cna-logistik-forum-a-sustentabilidade-e-a-resiliencia-foram-discutidas\/#primaryimage"},"thumbnailUrl":"https:\/\/loginfo24.com\/wp-content\/uploads\/sites\/7\/2025\/12\/CNA_17.11.21_Titel.jpg","articleSection":["Forwarding &amp; Logistics","Regions"],"inLanguage":"pt-PT","potentialAction":[{"@type":"CommentAction","name":"Comment","target":["https:\/\/loginfo24.com\/pt-pt\/2021\/11\/17\/no-cna-logistik-forum-a-sustentabilidade-e-a-resiliencia-foram-discutidas\/#respond"]}]},{"@type":"WebPage","@id":"https:\/\/loginfo24.com\/pt-pt\/2021\/11\/17\/no-cna-logistik-forum-a-sustentabilidade-e-a-resiliencia-foram-discutidas\/","url":"https:\/\/loginfo24.com\/pt-pt\/2021\/11\/17\/no-cna-logistik-forum-a-sustentabilidade-e-a-resiliencia-foram-discutidas\/","name":"No CNA Logistik Forum, a sustentabilidade e a resili\u00eancia foram discutidas - Loginfo24","isPartOf":{"@id":"https:\/\/loginfo24.com\/pt-pt\/#website"},"primaryImageOfPage":{"@id":"https:\/\/loginfo24.com\/pt-pt\/2021\/11\/17\/no-cna-logistik-forum-a-sustentabilidade-e-a-resiliencia-foram-discutidas\/#primaryimage"},"image":{"@id":"https:\/\/loginfo24.com\/pt-pt\/2021\/11\/17\/no-cna-logistik-forum-a-sustentabilidade-e-a-resiliencia-foram-discutidas\/#primaryimage"},"thumbnailUrl":"https:\/\/loginfo24.com\/wp-content\/uploads\/sites\/7\/2025\/12\/CNA_17.11.21_Titel.jpg","datePublished":"2021-11-17T17:40:45+00:00","breadcrumb":{"@id":"https:\/\/loginfo24.com\/pt-pt\/2021\/11\/17\/no-cna-logistik-forum-a-sustentabilidade-e-a-resiliencia-foram-discutidas\/#breadcrumb"},"inLanguage":"pt-PT","potentialAction":[{"@type":"ReadAction","target":["https:\/\/loginfo24.com\/pt-pt\/2021\/11\/17\/no-cna-logistik-forum-a-sustentabilidade-e-a-resiliencia-foram-discutidas\/"]}]},{"@type":"ImageObject","inLanguage":"pt-PT","@id":"https:\/\/loginfo24.com\/pt-pt\/2021\/11\/17\/no-cna-logistik-forum-a-sustentabilidade-e-a-resiliencia-foram-discutidas\/#primaryimage","url":"https:\/\/loginfo24.com\/wp-content\/uploads\/sites\/7\/2025\/12\/CNA_17.11.21_Titel.jpg","contentUrl":"https:\/\/loginfo24.com\/wp-content\/uploads\/sites\/7\/2025\/12\/CNA_17.11.21_Titel.jpg","width":1224,"height":862},{"@type":"BreadcrumbList","@id":"https:\/\/loginfo24.com\/pt-pt\/2021\/11\/17\/no-cna-logistik-forum-a-sustentabilidade-e-a-resiliencia-foram-discutidas\/#breadcrumb","itemListElement":[{"@type":"ListItem","position":1,"name":"Startseite","item":"https:\/\/loginfo24.com\/pt-pt\/"},{"@type":"ListItem","position":2,"name":"No CNA Logistik Forum, a sustentabilidade e a resili\u00eancia foram discutidas"}]},{"@type":"WebSite","@id":"https:\/\/loginfo24.com\/pt-pt\/#website","url":"https:\/\/loginfo24.com\/pt-pt\/","name":"Loginfo24","description":"Loginfo24 \u00e9 a plataforma dedicada \u00e0 log\u00edstica e \u00e0s cadeias de abastecimento, com informa\u00e7\u00f5es dispon\u00edveis 24 horas por dia.","publisher":{"@id":"https:\/\/loginfo24.com\/pt-pt\/#organization"},"potentialAction":[{"@type":"SearchAction","target":{"@type":"EntryPoint","urlTemplate":"https:\/\/loginfo24.com\/pt-pt\/?s={search_term_string}"},"query-input":{"@type":"PropertyValueSpecification","valueRequired":true,"valueName":"search_term_string"}}],"inLanguage":"pt-PT"},{"@type":"Organization","@id":"https:\/\/loginfo24.com\/pt-pt\/#organization","name":"Logismedia Group AG","url":"https:\/\/loginfo24.com\/pt-pt\/","logo":{"@type":"ImageObject","inLanguage":"pt-PT","@id":"https:\/\/loginfo24.com\/pt-pt\/#\/schema\/logo\/image\/","url":"https:\/\/loginfo24.com\/wp-content\/uploads\/sites\/7\/2026\/01\/Logo_LogInfo24.png","contentUrl":"https:\/\/loginfo24.com\/wp-content\/uploads\/sites\/7\/2026\/01\/Logo_LogInfo24.png","width":938,"height":351,"caption":"Logismedia Group AG"},"image":{"@id":"https:\/\/loginfo24.com\/pt-pt\/#\/schema\/logo\/image\/"},"sameAs":["https:\/\/www.facebook.com\/people\/Loginfo24\/100057360583332\/","https:\/\/www.linkedin.com\/company\/lofinfo24\/"]}]}},"_links":{"self":[{"href":"https:\/\/loginfo24.com\/pt-pt\/wp-json\/wp\/v2\/posts\/53530","targetHints":{"allow":["GET"]}}],"collection":[{"href":"https:\/\/loginfo24.com\/pt-pt\/wp-json\/wp\/v2\/posts"}],"about":[{"href":"https:\/\/loginfo24.com\/pt-pt\/wp-json\/wp\/v2\/types\/post"}],"replies":[{"embeddable":true,"href":"https:\/\/loginfo24.com\/pt-pt\/wp-json\/wp\/v2\/comments?post=53530"}],"version-history":[{"count":0,"href":"https:\/\/loginfo24.com\/pt-pt\/wp-json\/wp\/v2\/posts\/53530\/revisions"}],"wp:featuredmedia":[{"embeddable":true,"href":"https:\/\/loginfo24.com\/pt-pt\/wp-json\/wp\/v2\/media\/11749"}],"wp:attachment":[{"href":"https:\/\/loginfo24.com\/pt-pt\/wp-json\/wp\/v2\/media?parent=53530"}],"wp:term":[{"taxonomy":"category","embeddable":true,"href":"https:\/\/loginfo24.com\/pt-pt\/wp-json\/wp\/v2\/categories?post=53530"},{"taxonomy":"post_tag","embeddable":true,"href":"https:\/\/loginfo24.com\/pt-pt\/wp-json\/wp\/v2\/tags?post=53530"}],"curies":[{"name":"wp","href":"https:\/\/api.w.org\/{rel}","templated":true}]}}