{"id":52259,"date":"2021-09-24T18:06:36","date_gmt":"2021-09-24T16:06:36","guid":{"rendered":"https:\/\/blog.brand-architecture.at\/2021\/09\/24\/6-gala-beneficente-para-o-swiss-supply-chain-hall-of-fame-2021\/"},"modified":"2021-09-24T18:06:36","modified_gmt":"2021-09-24T16:06:36","slug":"6-gala-beneficente-para-o-swiss-supply-chain-hall-of-fame-2021","status":"publish","type":"post","link":"https:\/\/loginfo24.com\/pt-pt\/2021\/09\/24\/6-gala-beneficente-para-o-swiss-supply-chain-hall-of-fame-2021\/","title":{"rendered":"6. Gala Beneficente para o SWISS SUPPLY CHAIN HALL OF FAME 2021"},"content":{"rendered":"<h5><strong>Recep\u00e7\u00e3o de Roland Brack e Walter Mittelholzer (postumamente) como 13\u00ba e 14\u00ba membros na Swiss Supply Chain Hall of Fame. No Verkehrshaus der Schweiz em Lucerna, os dois foram homenageados durante a digna 6\u00aa Gala Beneficente. Na presen\u00e7a de cerca de 300 convidados, Daniel Hauser (Roland Brack) e Paul Kurrus (Walter Mittelholzer) foram os laudadores dos homenageados.<\/strong><\/h5>\n<p>&nbsp;<\/p>\n<h5><strong>Pioneiro do E-Commerce Roland Brack<\/strong><\/h5>\n<p>Na 6\u00aa Gala Beneficente da Swiss Supply Chain Hall of Fame em 22.9.21 no Verkehrshaus der Schweiz em Lucerna, Roland Brack, pioneiro su\u00ed\u00e7o do e-commerce e o mais bem-sucedido comerciante online independente, foi solenemente recebido como o 14\u00ba membro na sala de honra, na presen\u00e7a de cerca de 300 convidados. O laudador Daniel Hauser, Diretor Geral da Kardex, elogiou Roland Brack, que permaneceu humilde, como uma pessoa que, como pioneiro do e-commerce, entendeu como usar a log\u00edstica e a cadeia de suprimentos como uma posi\u00e7\u00e3o estrat\u00e9gica de sucesso de forma inovadora, bem-sucedida e sustent\u00e1vel para seus clientes e fornecedores.<\/p>\n<p>[caption id=&#8221;attachment_14440&#8243; align=&#8221;alignnone&#8221; width=&#8221;964&#8243;&gt;<img loading=\"lazy\" decoding=\"async\" class=\"wp-image-14440 size-full\" src=\"https:\/\/loginfo24.com\/wp-content\/uploads\/sites\/7\/2025\/12\/SHOF_24.9.21_2.jpg\" alt=\"\" width=\"964\" height=\"960\" \/> Roland Brack (esquerda) recebe o pr\u00eamio do presidente do j\u00fari Prof. Dr. Herbert Ruile<\/caption>\n<p>&nbsp;<\/p>\n<h5><strong>Pioneiro da Avia\u00e7\u00e3o e Carga A\u00e9rea Walter Mittelholzer <\/strong><strong>(1894 \u2013 1937)<\/strong><\/h5>\n<p>Paul Kurrus, ex-membro do conselho nacional e presidente honor\u00e1rio da Aerosuisse, laudador de Walter Mittelholzer, que foi recebido postumamente como o 13\u00ba membro, elogiou o pioneiro su\u00ed\u00e7o da avia\u00e7\u00e3o. Mittelholzer foi cofundador da Swissair, fot\u00f3grafo, piloto e escritor de viagens. Kurrus destacou as condi\u00e7\u00f5es aventureiras do primeiro verdadeiro voo de passageiros em 1921 com cinco passageiros no Junker F-13, que na \u00e9poca ainda n\u00e3o tinha cabine de passageiros e assentos. O pr\u00eamio foi recebido pelo neto Thomas Mittelholzer, que n\u00e3o teve a oportunidade de conhecer seu av\u00f4.<\/p>\n<p>[caption id=&#8221;attachment_14442&#8243; align=&#8221;alignnone&#8221; width=&#8221;1024&#8243;&gt;<img loading=\"lazy\" decoding=\"async\" class=\"size-large wp-image-14442\" src=\"https:\/\/loginfo24.com\/wp-content\/uploads\/sites\/7\/2025\/12\/SHOF_24.9.21_4.jpg\" alt=\"\" width=\"1024\" height=\"680\" \/> Walter Mittelholzer<\/caption>\n<h5><\/h5>\n<h5><\/h5>\n<p>&nbsp;<\/p>\n<h5><strong>Lucro da Gala em Pro da Iniciativa &#8220;Viver a Log\u00edstica&#8221;<\/strong><\/h5>\n<p>A organizadora &#8220;Funda\u00e7\u00e3o Log\u00edstica Su\u00ed\u00e7a&#8221; destinou o lucro da gala deste ano em prol da iniciativa &#8220;Viver a Log\u00edstica&#8221; no Verkehrshaus der Schweiz em Lucerna. Esta exposi\u00e7\u00e3o \u2013 apoiada por 80 associa\u00e7\u00f5es e empresas parceiras \u2013 apresenta os temas &#8220;Log\u00edstica, Tr\u00e1fego de Mercadorias e Cadeia de Suprimentos&#8221; de forma diversificada, com exposi\u00e7\u00f5es principais, atra\u00e7\u00f5es e eventos.<\/p>\n<p>&nbsp;<\/p>\n<p>[caption id=&#8221;attachment_14443&#8243; align=&#8221;alignnone&#8221; width=&#8221;1024&#8243;&gt;<img loading=\"lazy\" decoding=\"async\" class=\"wp-image-14443 size-large\" src=\"https:\/\/loginfo24.com\/wp-content\/uploads\/sites\/7\/2025\/12\/SHOF_24.9.21_3.jpg\" alt=\"\" width=\"1024\" height=\"670\" \/> Thomas Mittelholzer (esquerda) recebe o pr\u00eamio em nome de seu av\u00f4 Walter Mittelholzer do presidente do j\u00fari Prof. Dr. Herbert Ruile (centro). Laudador e ex-membro do conselho nacional Paul Kurrus (direita).<\/caption>\n<p>Fotos: \u00a9 Leistungsfotografie<\/p>\n","protected":false},"excerpt":{"rendered":"<p>Recep\u00e7\u00e3o de Roland Brack e Walter Mittelholzer (postumamente) como 13\u00ba e 14\u00ba membros na Swiss Supply Chain Hall of Fame. No Verkehrshaus der Schweiz em Lucerna,<span class=\"excerpt-hellip\"> [\u2026]<\/span><\/p>\n","protected":false},"author":0,"featured_media":12276,"comment_status":"open","ping_status":"open","sticky":false,"template":"","format":"standard","meta":{"_acf_changed":false,"footnotes":""},"categories":[1557,1561],"tags":[],"class_list":["post-52259","post","type-post","status-publish","format-standard","has-post-thumbnail","hentry","category-forwarding-logistics","category-regions"],"acf":[],"yoast_head":"<!-- This site is optimized with the Yoast SEO plugin v27.3 - https:\/\/yoast.com\/product\/yoast-seo-wordpress\/ -->\n<title>6. Gala Beneficente para o SWISS SUPPLY CHAIN HALL OF FAME 2021 - Loginfo24<\/title>\n<meta name=\"robots\" content=\"index, follow, max-snippet:-1, max-image-preview:large, max-video-preview:-1\" \/>\n<link rel=\"canonical\" href=\"https:\/\/loginfo24.com\/pt-pt\/2021\/09\/24\/6-gala-beneficente-para-o-swiss-supply-chain-hall-of-fame-2021\/\" \/>\n<meta property=\"og:locale\" content=\"pt_PT\" \/>\n<meta property=\"og:type\" content=\"article\" \/>\n<meta property=\"og:title\" content=\"6. Gala Beneficente para o SWISS SUPPLY CHAIN HALL OF FAME 2021 - Loginfo24\" \/>\n<meta property=\"og:description\" content=\"Recep\u00e7\u00e3o de Roland Brack e Walter Mittelholzer (postumamente) como 13\u00ba e 14\u00ba membros na Swiss Supply Chain Hall of Fame. No Verkehrshaus der Schweiz em Lucerna, [\u2026]\" \/>\n<meta property=\"og:url\" content=\"https:\/\/loginfo24.com\/pt-pt\/2021\/09\/24\/6-gala-beneficente-para-o-swiss-supply-chain-hall-of-fame-2021\/\" \/>\n<meta property=\"og:site_name\" content=\"Loginfo24\" \/>\n<meta property=\"article:publisher\" content=\"https:\/\/www.facebook.com\/people\/Loginfo24\/100057360583332\/\" \/>\n<meta property=\"article:published_time\" content=\"2021-09-24T16:06:36+00:00\" \/>\n<meta property=\"og:image\" content=\"https:\/\/loginfo24.com\/wp-content\/uploads\/sites\/7\/2025\/12\/SHOF_24.9.21_1-1.jpg\" \/>\n\t<meta property=\"og:image:width\" content=\"1232\" \/>\n\t<meta property=\"og:image:height\" content=\"847\" \/>\n\t<meta property=\"og:image:type\" content=\"image\/jpeg\" \/>\n<meta name=\"twitter:card\" content=\"summary_large_image\" \/>\n<meta name=\"twitter:label1\" content=\"Tempo estimado de leitura\" \/>\n\t<meta name=\"twitter:data1\" content=\"2 minutos\" \/>\n<script type=\"application\/ld+json\" class=\"yoast-schema-graph\">{\"@context\":\"https:\\\/\\\/schema.org\",\"@graph\":[{\"@type\":\"Article\",\"@id\":\"https:\\\/\\\/loginfo24.com\\\/pt-pt\\\/2021\\\/09\\\/24\\\/6-gala-beneficente-para-o-swiss-supply-chain-hall-of-fame-2021\\\/#article\",\"isPartOf\":{\"@id\":\"https:\\\/\\\/loginfo24.com\\\/pt-pt\\\/2021\\\/09\\\/24\\\/6-gala-beneficente-para-o-swiss-supply-chain-hall-of-fame-2021\\\/\"},\"author\":{\"name\":\"\",\"@id\":\"\"},\"headline\":\"6. Gala Beneficente para o SWISS SUPPLY CHAIN HALL OF FAME 2021\",\"datePublished\":\"2021-09-24T16:06:36+00:00\",\"mainEntityOfPage\":{\"@id\":\"https:\\\/\\\/loginfo24.com\\\/pt-pt\\\/2021\\\/09\\\/24\\\/6-gala-beneficente-para-o-swiss-supply-chain-hall-of-fame-2021\\\/\"},\"wordCount\":429,\"commentCount\":0,\"publisher\":{\"@id\":\"https:\\\/\\\/loginfo24.com\\\/pt-pt\\\/#organization\"},\"image\":{\"@id\":\"https:\\\/\\\/loginfo24.com\\\/pt-pt\\\/2021\\\/09\\\/24\\\/6-gala-beneficente-para-o-swiss-supply-chain-hall-of-fame-2021\\\/#primaryimage\"},\"thumbnailUrl\":\"https:\\\/\\\/loginfo24.com\\\/wp-content\\\/uploads\\\/sites\\\/7\\\/2025\\\/12\\\/SHOF_24.9.21_1-1.jpg\",\"articleSection\":[\"Forwarding &amp; Logistics\",\"Regions\"],\"inLanguage\":\"pt-PT\",\"potentialAction\":[{\"@type\":\"CommentAction\",\"name\":\"Comment\",\"target\":[\"https:\\\/\\\/loginfo24.com\\\/pt-pt\\\/2021\\\/09\\\/24\\\/6-gala-beneficente-para-o-swiss-supply-chain-hall-of-fame-2021\\\/#respond\"]}]},{\"@type\":\"WebPage\",\"@id\":\"https:\\\/\\\/loginfo24.com\\\/pt-pt\\\/2021\\\/09\\\/24\\\/6-gala-beneficente-para-o-swiss-supply-chain-hall-of-fame-2021\\\/\",\"url\":\"https:\\\/\\\/loginfo24.com\\\/pt-pt\\\/2021\\\/09\\\/24\\\/6-gala-beneficente-para-o-swiss-supply-chain-hall-of-fame-2021\\\/\",\"name\":\"6. Gala Beneficente para o SWISS SUPPLY CHAIN HALL OF FAME 2021 - Loginfo24\",\"isPartOf\":{\"@id\":\"https:\\\/\\\/loginfo24.com\\\/pt-pt\\\/#website\"},\"primaryImageOfPage\":{\"@id\":\"https:\\\/\\\/loginfo24.com\\\/pt-pt\\\/2021\\\/09\\\/24\\\/6-gala-beneficente-para-o-swiss-supply-chain-hall-of-fame-2021\\\/#primaryimage\"},\"image\":{\"@id\":\"https:\\\/\\\/loginfo24.com\\\/pt-pt\\\/2021\\\/09\\\/24\\\/6-gala-beneficente-para-o-swiss-supply-chain-hall-of-fame-2021\\\/#primaryimage\"},\"thumbnailUrl\":\"https:\\\/\\\/loginfo24.com\\\/wp-content\\\/uploads\\\/sites\\\/7\\\/2025\\\/12\\\/SHOF_24.9.21_1-1.jpg\",\"datePublished\":\"2021-09-24T16:06:36+00:00\",\"breadcrumb\":{\"@id\":\"https:\\\/\\\/loginfo24.com\\\/pt-pt\\\/2021\\\/09\\\/24\\\/6-gala-beneficente-para-o-swiss-supply-chain-hall-of-fame-2021\\\/#breadcrumb\"},\"inLanguage\":\"pt-PT\",\"potentialAction\":[{\"@type\":\"ReadAction\",\"target\":[\"https:\\\/\\\/loginfo24.com\\\/pt-pt\\\/2021\\\/09\\\/24\\\/6-gala-beneficente-para-o-swiss-supply-chain-hall-of-fame-2021\\\/\"]}]},{\"@type\":\"ImageObject\",\"inLanguage\":\"pt-PT\",\"@id\":\"https:\\\/\\\/loginfo24.com\\\/pt-pt\\\/2021\\\/09\\\/24\\\/6-gala-beneficente-para-o-swiss-supply-chain-hall-of-fame-2021\\\/#primaryimage\",\"url\":\"https:\\\/\\\/loginfo24.com\\\/wp-content\\\/uploads\\\/sites\\\/7\\\/2025\\\/12\\\/SHOF_24.9.21_1-1.jpg\",\"contentUrl\":\"https:\\\/\\\/loginfo24.com\\\/wp-content\\\/uploads\\\/sites\\\/7\\\/2025\\\/12\\\/SHOF_24.9.21_1-1.jpg\",\"width\":1232,\"height\":847},{\"@type\":\"BreadcrumbList\",\"@id\":\"https:\\\/\\\/loginfo24.com\\\/pt-pt\\\/2021\\\/09\\\/24\\\/6-gala-beneficente-para-o-swiss-supply-chain-hall-of-fame-2021\\\/#breadcrumb\",\"itemListElement\":[{\"@type\":\"ListItem\",\"position\":1,\"name\":\"Startseite\",\"item\":\"https:\\\/\\\/loginfo24.com\\\/pt-pt\\\/\"},{\"@type\":\"ListItem\",\"position\":2,\"name\":\"6. Gala Beneficente para o SWISS SUPPLY CHAIN HALL OF FAME 2021\"}]},{\"@type\":\"WebSite\",\"@id\":\"https:\\\/\\\/loginfo24.com\\\/pt-pt\\\/#website\",\"url\":\"https:\\\/\\\/loginfo24.com\\\/pt-pt\\\/\",\"name\":\"Loginfo24\",\"description\":\"Loginfo24 \u00e9 a plataforma dedicada \u00e0 log\u00edstica e \u00e0s cadeias de abastecimento, com informa\u00e7\u00f5es dispon\u00edveis 24 horas por dia.\",\"publisher\":{\"@id\":\"https:\\\/\\\/loginfo24.com\\\/pt-pt\\\/#organization\"},\"potentialAction\":[{\"@type\":\"SearchAction\",\"target\":{\"@type\":\"EntryPoint\",\"urlTemplate\":\"https:\\\/\\\/loginfo24.com\\\/pt-pt\\\/?s={search_term_string}\"},\"query-input\":{\"@type\":\"PropertyValueSpecification\",\"valueRequired\":true,\"valueName\":\"search_term_string\"}}],\"inLanguage\":\"pt-PT\"},{\"@type\":\"Organization\",\"@id\":\"https:\\\/\\\/loginfo24.com\\\/pt-pt\\\/#organization\",\"name\":\"Logismedia Group AG\",\"url\":\"https:\\\/\\\/loginfo24.com\\\/pt-pt\\\/\",\"logo\":{\"@type\":\"ImageObject\",\"inLanguage\":\"pt-PT\",\"@id\":\"https:\\\/\\\/loginfo24.com\\\/pt-pt\\\/#\\\/schema\\\/logo\\\/image\\\/\",\"url\":\"https:\\\/\\\/loginfo24.com\\\/wp-content\\\/uploads\\\/sites\\\/7\\\/2026\\\/01\\\/Logo_LogInfo24.png\",\"contentUrl\":\"https:\\\/\\\/loginfo24.com\\\/wp-content\\\/uploads\\\/sites\\\/7\\\/2026\\\/01\\\/Logo_LogInfo24.png\",\"width\":938,\"height\":351,\"caption\":\"Logismedia Group AG\"},\"image\":{\"@id\":\"https:\\\/\\\/loginfo24.com\\\/pt-pt\\\/#\\\/schema\\\/logo\\\/image\\\/\"},\"sameAs\":[\"https:\\\/\\\/www.facebook.com\\\/people\\\/Loginfo24\\\/100057360583332\\\/\",\"https:\\\/\\\/www.linkedin.com\\\/company\\\/lofinfo24\\\/\"]}]}<\/script>\n<!-- \/ Yoast SEO plugin. -->","yoast_head_json":{"title":"6. Gala Beneficente para o SWISS SUPPLY CHAIN HALL OF FAME 2021 - Loginfo24","robots":{"index":"index","follow":"follow","max-snippet":"max-snippet:-1","max-image-preview":"max-image-preview:large","max-video-preview":"max-video-preview:-1"},"canonical":"https:\/\/loginfo24.com\/pt-pt\/2021\/09\/24\/6-gala-beneficente-para-o-swiss-supply-chain-hall-of-fame-2021\/","og_locale":"pt_PT","og_type":"article","og_title":"6. Gala Beneficente para o SWISS SUPPLY CHAIN HALL OF FAME 2021 - Loginfo24","og_description":"Recep\u00e7\u00e3o de Roland Brack e Walter Mittelholzer (postumamente) como 13\u00ba e 14\u00ba membros na Swiss Supply Chain Hall of Fame. No Verkehrshaus der Schweiz em Lucerna, [\u2026]","og_url":"https:\/\/loginfo24.com\/pt-pt\/2021\/09\/24\/6-gala-beneficente-para-o-swiss-supply-chain-hall-of-fame-2021\/","og_site_name":"Loginfo24","article_publisher":"https:\/\/www.facebook.com\/people\/Loginfo24\/100057360583332\/","article_published_time":"2021-09-24T16:06:36+00:00","og_image":[{"width":1232,"height":847,"url":"https:\/\/loginfo24.com\/wp-content\/uploads\/sites\/7\/2025\/12\/SHOF_24.9.21_1-1.jpg","type":"image\/jpeg"}],"twitter_card":"summary_large_image","twitter_misc":{"Tempo estimado de leitura":"2 minutos"},"schema":{"@context":"https:\/\/schema.org","@graph":[{"@type":"Article","@id":"https:\/\/loginfo24.com\/pt-pt\/2021\/09\/24\/6-gala-beneficente-para-o-swiss-supply-chain-hall-of-fame-2021\/#article","isPartOf":{"@id":"https:\/\/loginfo24.com\/pt-pt\/2021\/09\/24\/6-gala-beneficente-para-o-swiss-supply-chain-hall-of-fame-2021\/"},"author":{"name":"","@id":""},"headline":"6. Gala Beneficente para o SWISS SUPPLY CHAIN HALL OF FAME 2021","datePublished":"2021-09-24T16:06:36+00:00","mainEntityOfPage":{"@id":"https:\/\/loginfo24.com\/pt-pt\/2021\/09\/24\/6-gala-beneficente-para-o-swiss-supply-chain-hall-of-fame-2021\/"},"wordCount":429,"commentCount":0,"publisher":{"@id":"https:\/\/loginfo24.com\/pt-pt\/#organization"},"image":{"@id":"https:\/\/loginfo24.com\/pt-pt\/2021\/09\/24\/6-gala-beneficente-para-o-swiss-supply-chain-hall-of-fame-2021\/#primaryimage"},"thumbnailUrl":"https:\/\/loginfo24.com\/wp-content\/uploads\/sites\/7\/2025\/12\/SHOF_24.9.21_1-1.jpg","articleSection":["Forwarding &amp; Logistics","Regions"],"inLanguage":"pt-PT","potentialAction":[{"@type":"CommentAction","name":"Comment","target":["https:\/\/loginfo24.com\/pt-pt\/2021\/09\/24\/6-gala-beneficente-para-o-swiss-supply-chain-hall-of-fame-2021\/#respond"]}]},{"@type":"WebPage","@id":"https:\/\/loginfo24.com\/pt-pt\/2021\/09\/24\/6-gala-beneficente-para-o-swiss-supply-chain-hall-of-fame-2021\/","url":"https:\/\/loginfo24.com\/pt-pt\/2021\/09\/24\/6-gala-beneficente-para-o-swiss-supply-chain-hall-of-fame-2021\/","name":"6. Gala Beneficente para o SWISS SUPPLY CHAIN HALL OF FAME 2021 - Loginfo24","isPartOf":{"@id":"https:\/\/loginfo24.com\/pt-pt\/#website"},"primaryImageOfPage":{"@id":"https:\/\/loginfo24.com\/pt-pt\/2021\/09\/24\/6-gala-beneficente-para-o-swiss-supply-chain-hall-of-fame-2021\/#primaryimage"},"image":{"@id":"https:\/\/loginfo24.com\/pt-pt\/2021\/09\/24\/6-gala-beneficente-para-o-swiss-supply-chain-hall-of-fame-2021\/#primaryimage"},"thumbnailUrl":"https:\/\/loginfo24.com\/wp-content\/uploads\/sites\/7\/2025\/12\/SHOF_24.9.21_1-1.jpg","datePublished":"2021-09-24T16:06:36+00:00","breadcrumb":{"@id":"https:\/\/loginfo24.com\/pt-pt\/2021\/09\/24\/6-gala-beneficente-para-o-swiss-supply-chain-hall-of-fame-2021\/#breadcrumb"},"inLanguage":"pt-PT","potentialAction":[{"@type":"ReadAction","target":["https:\/\/loginfo24.com\/pt-pt\/2021\/09\/24\/6-gala-beneficente-para-o-swiss-supply-chain-hall-of-fame-2021\/"]}]},{"@type":"ImageObject","inLanguage":"pt-PT","@id":"https:\/\/loginfo24.com\/pt-pt\/2021\/09\/24\/6-gala-beneficente-para-o-swiss-supply-chain-hall-of-fame-2021\/#primaryimage","url":"https:\/\/loginfo24.com\/wp-content\/uploads\/sites\/7\/2025\/12\/SHOF_24.9.21_1-1.jpg","contentUrl":"https:\/\/loginfo24.com\/wp-content\/uploads\/sites\/7\/2025\/12\/SHOF_24.9.21_1-1.jpg","width":1232,"height":847},{"@type":"BreadcrumbList","@id":"https:\/\/loginfo24.com\/pt-pt\/2021\/09\/24\/6-gala-beneficente-para-o-swiss-supply-chain-hall-of-fame-2021\/#breadcrumb","itemListElement":[{"@type":"ListItem","position":1,"name":"Startseite","item":"https:\/\/loginfo24.com\/pt-pt\/"},{"@type":"ListItem","position":2,"name":"6. Gala Beneficente para o SWISS SUPPLY CHAIN HALL OF FAME 2021"}]},{"@type":"WebSite","@id":"https:\/\/loginfo24.com\/pt-pt\/#website","url":"https:\/\/loginfo24.com\/pt-pt\/","name":"Loginfo24","description":"Loginfo24 \u00e9 a plataforma dedicada \u00e0 log\u00edstica e \u00e0s cadeias de abastecimento, com informa\u00e7\u00f5es dispon\u00edveis 24 horas por dia.","publisher":{"@id":"https:\/\/loginfo24.com\/pt-pt\/#organization"},"potentialAction":[{"@type":"SearchAction","target":{"@type":"EntryPoint","urlTemplate":"https:\/\/loginfo24.com\/pt-pt\/?s={search_term_string}"},"query-input":{"@type":"PropertyValueSpecification","valueRequired":true,"valueName":"search_term_string"}}],"inLanguage":"pt-PT"},{"@type":"Organization","@id":"https:\/\/loginfo24.com\/pt-pt\/#organization","name":"Logismedia Group AG","url":"https:\/\/loginfo24.com\/pt-pt\/","logo":{"@type":"ImageObject","inLanguage":"pt-PT","@id":"https:\/\/loginfo24.com\/pt-pt\/#\/schema\/logo\/image\/","url":"https:\/\/loginfo24.com\/wp-content\/uploads\/sites\/7\/2026\/01\/Logo_LogInfo24.png","contentUrl":"https:\/\/loginfo24.com\/wp-content\/uploads\/sites\/7\/2026\/01\/Logo_LogInfo24.png","width":938,"height":351,"caption":"Logismedia Group AG"},"image":{"@id":"https:\/\/loginfo24.com\/pt-pt\/#\/schema\/logo\/image\/"},"sameAs":["https:\/\/www.facebook.com\/people\/Loginfo24\/100057360583332\/","https:\/\/www.linkedin.com\/company\/lofinfo24\/"]}]}},"_links":{"self":[{"href":"https:\/\/loginfo24.com\/pt-pt\/wp-json\/wp\/v2\/posts\/52259","targetHints":{"allow":["GET"]}}],"collection":[{"href":"https:\/\/loginfo24.com\/pt-pt\/wp-json\/wp\/v2\/posts"}],"about":[{"href":"https:\/\/loginfo24.com\/pt-pt\/wp-json\/wp\/v2\/types\/post"}],"replies":[{"embeddable":true,"href":"https:\/\/loginfo24.com\/pt-pt\/wp-json\/wp\/v2\/comments?post=52259"}],"version-history":[{"count":0,"href":"https:\/\/loginfo24.com\/pt-pt\/wp-json\/wp\/v2\/posts\/52259\/revisions"}],"wp:featuredmedia":[{"embeddable":true,"href":"https:\/\/loginfo24.com\/pt-pt\/wp-json\/wp\/v2\/media\/12276"}],"wp:attachment":[{"href":"https:\/\/loginfo24.com\/pt-pt\/wp-json\/wp\/v2\/media?parent=52259"}],"wp:term":[{"taxonomy":"category","embeddable":true,"href":"https:\/\/loginfo24.com\/pt-pt\/wp-json\/wp\/v2\/categories?post=52259"},{"taxonomy":"post_tag","embeddable":true,"href":"https:\/\/loginfo24.com\/pt-pt\/wp-json\/wp\/v2\/tags?post=52259"}],"curies":[{"name":"wp","href":"https:\/\/api.w.org\/{rel}","templated":true}]}}