{"id":52086,"date":"2021-09-18T10:47:21","date_gmt":"2021-09-18T08:47:21","guid":{"rendered":"https:\/\/blog.brand-architecture.at\/2021\/09\/18\/o-prestador-de-servicos-expresso-trans-o-flex-planeia-a-oferta-publica-inicial\/"},"modified":"2021-09-18T10:47:21","modified_gmt":"2021-09-18T08:47:21","slug":"o-prestador-de-servicos-expresso-trans-o-flex-planeia-a-oferta-publica-inicial","status":"publish","type":"post","link":"https:\/\/loginfo24.com\/pt-pt\/2021\/09\/18\/o-prestador-de-servicos-expresso-trans-o-flex-planeia-a-oferta-publica-inicial\/","title":{"rendered":"O prestador de servi\u00e7os expresso trans-o-flex planeia a oferta p\u00fablica inicial"},"content":{"rendered":"<h5><strong>A trans-o-flex Express GmbH, cuja forma jur\u00eddica ser\u00e1 provavelmente transformada em uma<\/strong> sociedade em comandita por a\u00e7\u00f5es com o nome trans-o-flex Express GmbH &amp; Co. KGaA (a &#8220;empresa&#8221;), est\u00e1 a preparar uma oferta p\u00fablica inicial (&#8220;IPO&#8221;) e a listagem das suas a\u00e7\u00f5es no mercado regulamentado da Bolsa de Valores de Frankfurt (Prime Standard). A oferta p\u00fablica inicial est\u00e1 prevista para este ano no quarto trimestre.<\/h5>\n<p>(Weinheim) A trans-o-flex Express GmbH planeia, dependendo das condi\u00e7\u00f5es de mercado, concluir a oferta no Q4 de 2021. A oferta dever\u00e1 incluir a\u00e7\u00f5es ordin\u00e1rias rec\u00e9m-emissoras ao portador sem valor nominal provenientes de um aumento de capital contra aportes em dinheiro, a\u00e7\u00f5es ordin\u00e1rias existentes ao portador sem valor nominal dos acionistas atuais, bem como a\u00e7\u00f5es ordin\u00e1rias ao portador sem valor nominal relacionadas a poss\u00edveis aloca\u00e7\u00f5es adicionais (a &#8220;oferta&#8221;), que s\u00e3o cobertas por uma op\u00e7\u00e3o de aloca\u00e7\u00e3o adicional (Greenshoe) dos acionistas existentes. A oferta inclui uma oferta p\u00fablica de a\u00e7\u00f5es na Alemanha, bem como coloca\u00e7\u00f5es privadas de a\u00e7\u00f5es em determinadas jurisdi\u00e7\u00f5es fora da Alemanha.<\/p>\n<h5><strong>Log\u00edstica conforme GDP de medicamentos sens\u00edveis na Alemanha<\/strong><\/h5>\n<p>A trans-o-flex \u00e9 o principal prestador de servi\u00e7os de log\u00edstica de servi\u00e7o completo para clientes nos setores farmac\u00eautico e de sa\u00fade e um fornecedor premium l\u00edder de solu\u00e7\u00f5es log\u00edsticas para outros bens de alta qualidade na Alemanha. A empresa<br \/>\nopera duas redes de log\u00edstica expressa ativamente controladas por temperatura em todo o pa\u00eds, &#8220;trans-o-flex ThermoMed&#8221; (2\u20138\u00b0C) e &#8220;trans-o-flex Express&#8221; (15\u201325\u00b0C), que cumprem plenamente os padr\u00f5es da diretiva da UE sobre GDP (Boas Pr\u00e1ticas de Distribui\u00e7\u00e3o). Com suas redes altamente flex\u00edveis baseadas na abordagem Asset-Light, a trans-o-flex oferece uma entrega segura de medicamentos, dispositivos sens\u00edveis para empresas de ci\u00eancias da vida, produtos de beleza e outros bens de alta qualidade (por exemplo, eletr\u00f4nicos de consumo e entretenimento) dentro de 24 horas na Alemanha e na \u00c1ustria.<\/p>\n<h4><a href=\"\/Users\/andre\/AppData\/Local\/Temp\/trans-o-flex_plant_Borsengang_in_Q4_2021.pdf\" target=\"_blank\" rel=\"noopener noreferrer\">O comunicado da trans-o-flex em detalhe<\/a><\/h4>\n<p>Foto: \u00a9 trans-o-flex<\/p>\n","protected":false},"excerpt":{"rendered":"<p>A trans-o-flex Express GmbH, cuja forma jur\u00eddica ser\u00e1 provavelmente transformada em uma sociedade em comandita por a\u00e7\u00f5es com o nome trans-o-flex Express GmbH &amp; Co. KGaA<span class=\"excerpt-hellip\"> [\u2026]<\/span><\/p>\n","protected":false},"author":0,"featured_media":12336,"comment_status":"open","ping_status":"open","sticky":false,"template":"","format":"standard","meta":{"_acf_changed":false,"footnotes":""},"categories":[1557,1556,1561],"tags":[],"class_list":["post-52086","post","type-post","status-publish","format-standard","has-post-thumbnail","hentry","category-forwarding-logistics","category-intermodal-road","category-regions"],"acf":[],"yoast_head":"<!-- This site is optimized with the Yoast SEO plugin v27.3 - https:\/\/yoast.com\/product\/yoast-seo-wordpress\/ -->\n<title>O prestador de servi\u00e7os expresso trans-o-flex planeia a oferta p\u00fablica inicial - Loginfo24<\/title>\n<meta name=\"robots\" content=\"index, follow, max-snippet:-1, max-image-preview:large, max-video-preview:-1\" \/>\n<link rel=\"canonical\" href=\"https:\/\/loginfo24.com\/pt-pt\/2021\/09\/18\/o-prestador-de-servicos-expresso-trans-o-flex-planeia-a-oferta-publica-inicial\/\" \/>\n<meta property=\"og:locale\" content=\"pt_PT\" \/>\n<meta property=\"og:type\" content=\"article\" \/>\n<meta property=\"og:title\" content=\"O prestador de servi\u00e7os expresso trans-o-flex planeia a oferta p\u00fablica inicial - Loginfo24\" \/>\n<meta property=\"og:description\" content=\"A trans-o-flex Express GmbH, cuja forma jur\u00eddica ser\u00e1 provavelmente transformada em uma sociedade em comandita por a\u00e7\u00f5es com o nome trans-o-flex Express GmbH &amp; Co. KGaA [\u2026]\" \/>\n<meta property=\"og:url\" content=\"https:\/\/loginfo24.com\/pt-pt\/2021\/09\/18\/o-prestador-de-servicos-expresso-trans-o-flex-planeia-a-oferta-publica-inicial\/\" \/>\n<meta property=\"og:site_name\" content=\"Loginfo24\" \/>\n<meta property=\"article:publisher\" content=\"https:\/\/www.facebook.com\/people\/Loginfo24\/100057360583332\/\" \/>\n<meta property=\"article:published_time\" content=\"2021-09-18T08:47:21+00:00\" \/>\n<meta property=\"og:image\" content=\"https:\/\/loginfo24.com\/wp-content\/uploads\/sites\/7\/2025\/12\/trans-o-flex_18.9.21.jpg\" \/>\n\t<meta property=\"og:image:width\" content=\"1247\" \/>\n\t<meta property=\"og:image:height\" content=\"814\" \/>\n\t<meta property=\"og:image:type\" content=\"image\/jpeg\" \/>\n<meta name=\"twitter:card\" content=\"summary_large_image\" \/>\n<meta name=\"twitter:label1\" content=\"Tempo estimado de leitura\" \/>\n\t<meta name=\"twitter:data1\" content=\"2 minutos\" \/>\n<script type=\"application\/ld+json\" class=\"yoast-schema-graph\">{\"@context\":\"https:\\\/\\\/schema.org\",\"@graph\":[{\"@type\":\"Article\",\"@id\":\"https:\\\/\\\/loginfo24.com\\\/pt-pt\\\/2021\\\/09\\\/18\\\/o-prestador-de-servicos-expresso-trans-o-flex-planeia-a-oferta-publica-inicial\\\/#article\",\"isPartOf\":{\"@id\":\"https:\\\/\\\/loginfo24.com\\\/pt-pt\\\/2021\\\/09\\\/18\\\/o-prestador-de-servicos-expresso-trans-o-flex-planeia-a-oferta-publica-inicial\\\/\"},\"author\":{\"name\":\"\",\"@id\":\"\"},\"headline\":\"O prestador de servi\u00e7os expresso trans-o-flex planeia a oferta p\u00fablica inicial\",\"datePublished\":\"2021-09-18T08:47:21+00:00\",\"mainEntityOfPage\":{\"@id\":\"https:\\\/\\\/loginfo24.com\\\/pt-pt\\\/2021\\\/09\\\/18\\\/o-prestador-de-servicos-expresso-trans-o-flex-planeia-a-oferta-publica-inicial\\\/\"},\"wordCount\":360,\"commentCount\":0,\"publisher\":{\"@id\":\"https:\\\/\\\/loginfo24.com\\\/pt-pt\\\/#organization\"},\"image\":{\"@id\":\"https:\\\/\\\/loginfo24.com\\\/pt-pt\\\/2021\\\/09\\\/18\\\/o-prestador-de-servicos-expresso-trans-o-flex-planeia-a-oferta-publica-inicial\\\/#primaryimage\"},\"thumbnailUrl\":\"https:\\\/\\\/loginfo24.com\\\/wp-content\\\/uploads\\\/sites\\\/7\\\/2025\\\/12\\\/trans-o-flex_18.9.21.jpg\",\"articleSection\":[\"Forwarding &amp; Logistics\",\"Intermodal \\\/ Road\",\"Regions\"],\"inLanguage\":\"pt-PT\",\"potentialAction\":[{\"@type\":\"CommentAction\",\"name\":\"Comment\",\"target\":[\"https:\\\/\\\/loginfo24.com\\\/pt-pt\\\/2021\\\/09\\\/18\\\/o-prestador-de-servicos-expresso-trans-o-flex-planeia-a-oferta-publica-inicial\\\/#respond\"]}]},{\"@type\":\"WebPage\",\"@id\":\"https:\\\/\\\/loginfo24.com\\\/pt-pt\\\/2021\\\/09\\\/18\\\/o-prestador-de-servicos-expresso-trans-o-flex-planeia-a-oferta-publica-inicial\\\/\",\"url\":\"https:\\\/\\\/loginfo24.com\\\/pt-pt\\\/2021\\\/09\\\/18\\\/o-prestador-de-servicos-expresso-trans-o-flex-planeia-a-oferta-publica-inicial\\\/\",\"name\":\"O prestador de servi\u00e7os expresso trans-o-flex planeia a oferta p\u00fablica inicial - Loginfo24\",\"isPartOf\":{\"@id\":\"https:\\\/\\\/loginfo24.com\\\/pt-pt\\\/#website\"},\"primaryImageOfPage\":{\"@id\":\"https:\\\/\\\/loginfo24.com\\\/pt-pt\\\/2021\\\/09\\\/18\\\/o-prestador-de-servicos-expresso-trans-o-flex-planeia-a-oferta-publica-inicial\\\/#primaryimage\"},\"image\":{\"@id\":\"https:\\\/\\\/loginfo24.com\\\/pt-pt\\\/2021\\\/09\\\/18\\\/o-prestador-de-servicos-expresso-trans-o-flex-planeia-a-oferta-publica-inicial\\\/#primaryimage\"},\"thumbnailUrl\":\"https:\\\/\\\/loginfo24.com\\\/wp-content\\\/uploads\\\/sites\\\/7\\\/2025\\\/12\\\/trans-o-flex_18.9.21.jpg\",\"datePublished\":\"2021-09-18T08:47:21+00:00\",\"breadcrumb\":{\"@id\":\"https:\\\/\\\/loginfo24.com\\\/pt-pt\\\/2021\\\/09\\\/18\\\/o-prestador-de-servicos-expresso-trans-o-flex-planeia-a-oferta-publica-inicial\\\/#breadcrumb\"},\"inLanguage\":\"pt-PT\",\"potentialAction\":[{\"@type\":\"ReadAction\",\"target\":[\"https:\\\/\\\/loginfo24.com\\\/pt-pt\\\/2021\\\/09\\\/18\\\/o-prestador-de-servicos-expresso-trans-o-flex-planeia-a-oferta-publica-inicial\\\/\"]}]},{\"@type\":\"ImageObject\",\"inLanguage\":\"pt-PT\",\"@id\":\"https:\\\/\\\/loginfo24.com\\\/pt-pt\\\/2021\\\/09\\\/18\\\/o-prestador-de-servicos-expresso-trans-o-flex-planeia-a-oferta-publica-inicial\\\/#primaryimage\",\"url\":\"https:\\\/\\\/loginfo24.com\\\/wp-content\\\/uploads\\\/sites\\\/7\\\/2025\\\/12\\\/trans-o-flex_18.9.21.jpg\",\"contentUrl\":\"https:\\\/\\\/loginfo24.com\\\/wp-content\\\/uploads\\\/sites\\\/7\\\/2025\\\/12\\\/trans-o-flex_18.9.21.jpg\",\"width\":1247,\"height\":814},{\"@type\":\"BreadcrumbList\",\"@id\":\"https:\\\/\\\/loginfo24.com\\\/pt-pt\\\/2021\\\/09\\\/18\\\/o-prestador-de-servicos-expresso-trans-o-flex-planeia-a-oferta-publica-inicial\\\/#breadcrumb\",\"itemListElement\":[{\"@type\":\"ListItem\",\"position\":1,\"name\":\"Startseite\",\"item\":\"https:\\\/\\\/loginfo24.com\\\/pt-pt\\\/\"},{\"@type\":\"ListItem\",\"position\":2,\"name\":\"O prestador de servi\u00e7os expresso trans-o-flex planeia a oferta p\u00fablica inicial\"}]},{\"@type\":\"WebSite\",\"@id\":\"https:\\\/\\\/loginfo24.com\\\/pt-pt\\\/#website\",\"url\":\"https:\\\/\\\/loginfo24.com\\\/pt-pt\\\/\",\"name\":\"Loginfo24\",\"description\":\"Loginfo24 \u00e9 a plataforma dedicada \u00e0 log\u00edstica e \u00e0s cadeias de abastecimento, com informa\u00e7\u00f5es dispon\u00edveis 24 horas por dia.\",\"publisher\":{\"@id\":\"https:\\\/\\\/loginfo24.com\\\/pt-pt\\\/#organization\"},\"potentialAction\":[{\"@type\":\"SearchAction\",\"target\":{\"@type\":\"EntryPoint\",\"urlTemplate\":\"https:\\\/\\\/loginfo24.com\\\/pt-pt\\\/?s={search_term_string}\"},\"query-input\":{\"@type\":\"PropertyValueSpecification\",\"valueRequired\":true,\"valueName\":\"search_term_string\"}}],\"inLanguage\":\"pt-PT\"},{\"@type\":\"Organization\",\"@id\":\"https:\\\/\\\/loginfo24.com\\\/pt-pt\\\/#organization\",\"name\":\"Logismedia Group AG\",\"url\":\"https:\\\/\\\/loginfo24.com\\\/pt-pt\\\/\",\"logo\":{\"@type\":\"ImageObject\",\"inLanguage\":\"pt-PT\",\"@id\":\"https:\\\/\\\/loginfo24.com\\\/pt-pt\\\/#\\\/schema\\\/logo\\\/image\\\/\",\"url\":\"https:\\\/\\\/loginfo24.com\\\/wp-content\\\/uploads\\\/sites\\\/7\\\/2026\\\/01\\\/Logo_LogInfo24.png\",\"contentUrl\":\"https:\\\/\\\/loginfo24.com\\\/wp-content\\\/uploads\\\/sites\\\/7\\\/2026\\\/01\\\/Logo_LogInfo24.png\",\"width\":938,\"height\":351,\"caption\":\"Logismedia Group AG\"},\"image\":{\"@id\":\"https:\\\/\\\/loginfo24.com\\\/pt-pt\\\/#\\\/schema\\\/logo\\\/image\\\/\"},\"sameAs\":[\"https:\\\/\\\/www.facebook.com\\\/people\\\/Loginfo24\\\/100057360583332\\\/\",\"https:\\\/\\\/www.linkedin.com\\\/company\\\/lofinfo24\\\/\"]}]}<\/script>\n<!-- \/ Yoast SEO plugin. -->","yoast_head_json":{"title":"O prestador de servi\u00e7os expresso trans-o-flex planeia a oferta p\u00fablica inicial - Loginfo24","robots":{"index":"index","follow":"follow","max-snippet":"max-snippet:-1","max-image-preview":"max-image-preview:large","max-video-preview":"max-video-preview:-1"},"canonical":"https:\/\/loginfo24.com\/pt-pt\/2021\/09\/18\/o-prestador-de-servicos-expresso-trans-o-flex-planeia-a-oferta-publica-inicial\/","og_locale":"pt_PT","og_type":"article","og_title":"O prestador de servi\u00e7os expresso trans-o-flex planeia a oferta p\u00fablica inicial - Loginfo24","og_description":"A trans-o-flex Express GmbH, cuja forma jur\u00eddica ser\u00e1 provavelmente transformada em uma sociedade em comandita por a\u00e7\u00f5es com o nome trans-o-flex Express GmbH &amp; Co. KGaA [\u2026]","og_url":"https:\/\/loginfo24.com\/pt-pt\/2021\/09\/18\/o-prestador-de-servicos-expresso-trans-o-flex-planeia-a-oferta-publica-inicial\/","og_site_name":"Loginfo24","article_publisher":"https:\/\/www.facebook.com\/people\/Loginfo24\/100057360583332\/","article_published_time":"2021-09-18T08:47:21+00:00","og_image":[{"width":1247,"height":814,"url":"https:\/\/loginfo24.com\/wp-content\/uploads\/sites\/7\/2025\/12\/trans-o-flex_18.9.21.jpg","type":"image\/jpeg"}],"twitter_card":"summary_large_image","twitter_misc":{"Tempo estimado de leitura":"2 minutos"},"schema":{"@context":"https:\/\/schema.org","@graph":[{"@type":"Article","@id":"https:\/\/loginfo24.com\/pt-pt\/2021\/09\/18\/o-prestador-de-servicos-expresso-trans-o-flex-planeia-a-oferta-publica-inicial\/#article","isPartOf":{"@id":"https:\/\/loginfo24.com\/pt-pt\/2021\/09\/18\/o-prestador-de-servicos-expresso-trans-o-flex-planeia-a-oferta-publica-inicial\/"},"author":{"name":"","@id":""},"headline":"O prestador de servi\u00e7os expresso trans-o-flex planeia a oferta p\u00fablica inicial","datePublished":"2021-09-18T08:47:21+00:00","mainEntityOfPage":{"@id":"https:\/\/loginfo24.com\/pt-pt\/2021\/09\/18\/o-prestador-de-servicos-expresso-trans-o-flex-planeia-a-oferta-publica-inicial\/"},"wordCount":360,"commentCount":0,"publisher":{"@id":"https:\/\/loginfo24.com\/pt-pt\/#organization"},"image":{"@id":"https:\/\/loginfo24.com\/pt-pt\/2021\/09\/18\/o-prestador-de-servicos-expresso-trans-o-flex-planeia-a-oferta-publica-inicial\/#primaryimage"},"thumbnailUrl":"https:\/\/loginfo24.com\/wp-content\/uploads\/sites\/7\/2025\/12\/trans-o-flex_18.9.21.jpg","articleSection":["Forwarding &amp; Logistics","Intermodal \/ Road","Regions"],"inLanguage":"pt-PT","potentialAction":[{"@type":"CommentAction","name":"Comment","target":["https:\/\/loginfo24.com\/pt-pt\/2021\/09\/18\/o-prestador-de-servicos-expresso-trans-o-flex-planeia-a-oferta-publica-inicial\/#respond"]}]},{"@type":"WebPage","@id":"https:\/\/loginfo24.com\/pt-pt\/2021\/09\/18\/o-prestador-de-servicos-expresso-trans-o-flex-planeia-a-oferta-publica-inicial\/","url":"https:\/\/loginfo24.com\/pt-pt\/2021\/09\/18\/o-prestador-de-servicos-expresso-trans-o-flex-planeia-a-oferta-publica-inicial\/","name":"O prestador de servi\u00e7os expresso trans-o-flex planeia a oferta p\u00fablica inicial - Loginfo24","isPartOf":{"@id":"https:\/\/loginfo24.com\/pt-pt\/#website"},"primaryImageOfPage":{"@id":"https:\/\/loginfo24.com\/pt-pt\/2021\/09\/18\/o-prestador-de-servicos-expresso-trans-o-flex-planeia-a-oferta-publica-inicial\/#primaryimage"},"image":{"@id":"https:\/\/loginfo24.com\/pt-pt\/2021\/09\/18\/o-prestador-de-servicos-expresso-trans-o-flex-planeia-a-oferta-publica-inicial\/#primaryimage"},"thumbnailUrl":"https:\/\/loginfo24.com\/wp-content\/uploads\/sites\/7\/2025\/12\/trans-o-flex_18.9.21.jpg","datePublished":"2021-09-18T08:47:21+00:00","breadcrumb":{"@id":"https:\/\/loginfo24.com\/pt-pt\/2021\/09\/18\/o-prestador-de-servicos-expresso-trans-o-flex-planeia-a-oferta-publica-inicial\/#breadcrumb"},"inLanguage":"pt-PT","potentialAction":[{"@type":"ReadAction","target":["https:\/\/loginfo24.com\/pt-pt\/2021\/09\/18\/o-prestador-de-servicos-expresso-trans-o-flex-planeia-a-oferta-publica-inicial\/"]}]},{"@type":"ImageObject","inLanguage":"pt-PT","@id":"https:\/\/loginfo24.com\/pt-pt\/2021\/09\/18\/o-prestador-de-servicos-expresso-trans-o-flex-planeia-a-oferta-publica-inicial\/#primaryimage","url":"https:\/\/loginfo24.com\/wp-content\/uploads\/sites\/7\/2025\/12\/trans-o-flex_18.9.21.jpg","contentUrl":"https:\/\/loginfo24.com\/wp-content\/uploads\/sites\/7\/2025\/12\/trans-o-flex_18.9.21.jpg","width":1247,"height":814},{"@type":"BreadcrumbList","@id":"https:\/\/loginfo24.com\/pt-pt\/2021\/09\/18\/o-prestador-de-servicos-expresso-trans-o-flex-planeia-a-oferta-publica-inicial\/#breadcrumb","itemListElement":[{"@type":"ListItem","position":1,"name":"Startseite","item":"https:\/\/loginfo24.com\/pt-pt\/"},{"@type":"ListItem","position":2,"name":"O prestador de servi\u00e7os expresso trans-o-flex planeia a oferta p\u00fablica inicial"}]},{"@type":"WebSite","@id":"https:\/\/loginfo24.com\/pt-pt\/#website","url":"https:\/\/loginfo24.com\/pt-pt\/","name":"Loginfo24","description":"Loginfo24 \u00e9 a plataforma dedicada \u00e0 log\u00edstica e \u00e0s cadeias de abastecimento, com informa\u00e7\u00f5es dispon\u00edveis 24 horas por dia.","publisher":{"@id":"https:\/\/loginfo24.com\/pt-pt\/#organization"},"potentialAction":[{"@type":"SearchAction","target":{"@type":"EntryPoint","urlTemplate":"https:\/\/loginfo24.com\/pt-pt\/?s={search_term_string}"},"query-input":{"@type":"PropertyValueSpecification","valueRequired":true,"valueName":"search_term_string"}}],"inLanguage":"pt-PT"},{"@type":"Organization","@id":"https:\/\/loginfo24.com\/pt-pt\/#organization","name":"Logismedia Group AG","url":"https:\/\/loginfo24.com\/pt-pt\/","logo":{"@type":"ImageObject","inLanguage":"pt-PT","@id":"https:\/\/loginfo24.com\/pt-pt\/#\/schema\/logo\/image\/","url":"https:\/\/loginfo24.com\/wp-content\/uploads\/sites\/7\/2026\/01\/Logo_LogInfo24.png","contentUrl":"https:\/\/loginfo24.com\/wp-content\/uploads\/sites\/7\/2026\/01\/Logo_LogInfo24.png","width":938,"height":351,"caption":"Logismedia Group AG"},"image":{"@id":"https:\/\/loginfo24.com\/pt-pt\/#\/schema\/logo\/image\/"},"sameAs":["https:\/\/www.facebook.com\/people\/Loginfo24\/100057360583332\/","https:\/\/www.linkedin.com\/company\/lofinfo24\/"]}]}},"_links":{"self":[{"href":"https:\/\/loginfo24.com\/pt-pt\/wp-json\/wp\/v2\/posts\/52086","targetHints":{"allow":["GET"]}}],"collection":[{"href":"https:\/\/loginfo24.com\/pt-pt\/wp-json\/wp\/v2\/posts"}],"about":[{"href":"https:\/\/loginfo24.com\/pt-pt\/wp-json\/wp\/v2\/types\/post"}],"replies":[{"embeddable":true,"href":"https:\/\/loginfo24.com\/pt-pt\/wp-json\/wp\/v2\/comments?post=52086"}],"version-history":[{"count":0,"href":"https:\/\/loginfo24.com\/pt-pt\/wp-json\/wp\/v2\/posts\/52086\/revisions"}],"wp:featuredmedia":[{"embeddable":true,"href":"https:\/\/loginfo24.com\/pt-pt\/wp-json\/wp\/v2\/media\/12336"}],"wp:attachment":[{"href":"https:\/\/loginfo24.com\/pt-pt\/wp-json\/wp\/v2\/media?parent=52086"}],"wp:term":[{"taxonomy":"category","embeddable":true,"href":"https:\/\/loginfo24.com\/pt-pt\/wp-json\/wp\/v2\/categories?post=52086"},{"taxonomy":"post_tag","embeddable":true,"href":"https:\/\/loginfo24.com\/pt-pt\/wp-json\/wp\/v2\/tags?post=52086"}],"curies":[{"name":"wp","href":"https:\/\/api.w.org\/{rel}","templated":true}]}}