{"id":52080,"date":"2021-09-17T16:24:48","date_gmt":"2021-09-17T14:24:48","guid":{"rendered":"https:\/\/blog.brand-architecture.at\/2021\/09\/17\/correios-da-austria-celebram-expansao-do-centro-logistico-de-vorarlberg\/"},"modified":"2021-09-17T16:24:48","modified_gmt":"2021-09-17T14:24:48","slug":"correios-da-austria-celebram-expansao-do-centro-logistico-de-vorarlberg","status":"publish","type":"post","link":"https:\/\/loginfo24.com\/pt-pt\/2021\/09\/17\/correios-da-austria-celebram-expansao-do-centro-logistico-de-vorarlberg\/","title":{"rendered":"Correios da \u00c1ustria celebram expans\u00e3o do centro log\u00edstico de Vorarlberg"},"content":{"rendered":"<h5><strong>Os correios austr\u00edacos expandiram seu centro log\u00edstico em Wolfurt, Vorarlberg, devido ao aumento acentuado no volume de pacotes. A expans\u00e3o foi iniciada na presen\u00e7a da pol\u00edtica local. A capacidade em Wolfurt dever\u00e1 ser ampliada para 8.000 pacotes por hora. Al\u00e9m disso, 40 novos postos de trabalho ser\u00e3o criados. No total, haver\u00e1 ent\u00e3o 160 colaboradores.<\/strong><\/h5>\n<p>(Wien\/Wolfurt) Devido ao aumento significativo nas quantidades de pacotes, a \u00d6sterreichische Post AG est\u00e1 expandindo sua infraestrutura log\u00edstica, com mais de 500 milh\u00f5es de euros sendo investidos nos pr\u00f3ximos anos na expans\u00e3o de centros log\u00edsticos e bases postais. Um marco importante para o oeste da \u00c1ustria foi alcan\u00e7ado hoje em Vorarlberg, onde os correios inauguraram a expans\u00e3o do centro log\u00edstico em Wolfurt, em uma cerim\u00f4nia com a Dra. Barbara Sch\u00f6bi-Fink, vice-governadora de Vorarlberg, Angelika Moosbrugger, vice-prefeita de Wolfurt, e DI Dr. Georg P\u00f6lzl, diretor-geral da \u00d6sterreichische Post AG.<\/p>\n<p>&#8220;Como um local de neg\u00f3cios altamente orientado para a exporta\u00e7\u00e3o e competitivo, Vorarlberg \u00e9 uma das regi\u00f5es mais produtivas da Europa. Isso pode ser claramente observado no desenvolvimento econ\u00f4mico positivo. Estou feliz que os correios tenham expandido o centro log\u00edstico em Vorarlberg para se tornar um local importante para o oeste da \u00c1ustria e parabenizo todos os envolvidos. A expans\u00e3o do centro log\u00edstico dos correios em Wolfurt \u00e9 uma vantagem tanto para o mercado de trabalho quanto para as empresas locais e a popula\u00e7\u00e3o&#8221;, disse a vice-governadora de Vorarlberg, Dra. Barbara Sch\u00f6bi-Fink.<\/p>\n<h5><strong>A expans\u00e3o \u00e9 uma declara\u00e7\u00e3o de compromisso com a localiza\u00e7\u00e3o<\/strong><\/h5>\n<p>&#8220;No ano excepcional de 2020, registramos um aumento de 30% nas quantidades de pacotes e, no futuro, continuaremos a transportar cada vez mais pacotes anualmente. Para garantir a alta qualidade de nossos servi\u00e7os, estamos investindo massivamente em nossa infraestrutura. O centro log\u00edstico de Vorarlberg \u00e9 uma etapa importante de expans\u00e3o, com a qual n\u00e3o apenas aumentamos a capacidade de triagem no local para 8.000 pacotes por hora, mas tamb\u00e9m criamos 40 novos postos de trabalho&#8221;, disse o diretor-geral dos correios, DI Dr. Georg P\u00f6lzl.<\/p>\n<p>&#8220;O novo centro log\u00edstico \u00e9 uma declara\u00e7\u00e3o de compromisso para toda a regi\u00e3o e n\u00e3o significa apenas um servi\u00e7o de entrega de pacotes garantido, mas tamb\u00e9m cria novos postos de trabalho. Estamos felizes que os correios tenham estabelecido um alto padr\u00e3o arquitet\u00f4nico para a implementa\u00e7\u00e3o. Um ambicioso conceito de espa\u00e7o externo e verde atende aos objetivos de design neste atraente local comercial. Agrade\u00e7o expressamente pelo engajamento e pelas conversas construtivas para disponibilizar as \u00e1reas necess\u00e1rias para as futuras medidas de infraestrutura, que contribuir\u00e3o significativamente para a melhoria da situa\u00e7\u00e3o de tr\u00e1fego&#8221;, tamb\u00e9m se alegra o prefeito de Wolfurt, Christian Natter.<\/p>\n<h5><strong>Moderno, compacto e sustent\u00e1vel<\/strong><\/h5>\n<p>As obras de constru\u00e7\u00e3o, que duraram um ano e meio, ocorreram durante a opera\u00e7\u00e3o e em um espa\u00e7o muito limitado. Com a expans\u00e3o do centro log\u00edstico, a capacidade de triagem foi aumentada de cerca de 5.000 pacotes para 8.000 pacotes por hora. Isso tamb\u00e9m resultou na cria\u00e7\u00e3o de 40 novos postos de trabalho, e no futuro, cerca de 160 colaboradores estar\u00e3o ativos no local, dos quais 70 na base de entrega de pacotes. O volume de investimento para a expans\u00e3o \u00e9 de 27 milh\u00f5es de euros.<\/p>\n<p>Apesar das condi\u00e7\u00f5es compactas na \u00e1rea industrial, a sustentabilidade e a prote\u00e7\u00e3o ambiental tamb\u00e9m foram prioridades para os correios: a expans\u00e3o foi realizada de forma a economizar espa\u00e7o e sem mais impermeabiliza\u00e7\u00e3o do solo. A constru\u00e7\u00e3o de um estacionamento subterr\u00e2neo com 111 vagas para carros e op\u00e7\u00f5es adicionais de estacionamento para bicicletas permitiu que essas \u00e1reas fossem colocadas sob a terra, e a expans\u00e3o foi ent\u00e3o implementada. No telhado do centro log\u00edstico, foi instalada uma nova usina fotovoltaica com uma capacidade de 360 quilowatts pico. Os espa\u00e7os externos foram projetados de forma ambientalmente amig\u00e1vel, sustent\u00e1vel e ecol\u00f3gica por paisagistas e jardineiros. Isso gera um efeito positivo para o clima, a fauna e a flora, e n\u00e3o menos importante, para os colaboradores.<\/p>\n<h5><strong>Em 2022, a fachada do edif\u00edcio administrativo ser\u00e1 renovada<\/strong><\/h5>\n<p>O centro log\u00edstico de Vorarlberg em Wolfurt est\u00e1 tecnicamente atualizado com a expans\u00e3o e \u00e9 um dos locais mais modernos dos correios austr\u00edacos. Pequenas obras de constru\u00e7\u00e3o seguir\u00e3o em 2022, quando a fachada do edif\u00edcio administrativo ser\u00e1 renovada.<\/p>\n<p>Foto: \u00a9 \u00d6sterreichische Post \/ <strong><em>Legenda da imagem:<\/em> <\/strong><em>(da esquerda para a direita): Angelika Moosbrugger, vice-prefeita de Wolfurt, Dra. Barbara Sch\u00f6bi-Fink, vice-governadora de Vorarlberg, DI Dr. Georg P\u00f6lzl, diretor-geral da \u00d6sterreichische Post AG, e Tobias Nu\u00dfbaumer, gerente de produ\u00e7\u00e3o do centro log\u00edstico de Vorarlberg<\/em><\/p>\n","protected":false},"excerpt":{"rendered":"<p>Os correios austr\u00edacos expandiram seu centro log\u00edstico em Wolfurt, Vorarlberg, devido ao aumento acentuado no volume de pacotes. A expans\u00e3o foi iniciada na presen\u00e7a da pol\u00edtica<span class=\"excerpt-hellip\"> [\u2026]<\/span><\/p>\n","protected":false},"author":0,"featured_media":12338,"comment_status":"open","ping_status":"open","sticky":false,"template":"","format":"standard","meta":{"_acf_changed":false,"footnotes":""},"categories":[1557,1560,1561],"tags":[],"class_list":["post-52080","post","type-post","status-publish","format-standard","has-post-thumbnail","hentry","category-forwarding-logistics","category-intralogistics","category-regions"],"acf":[],"yoast_head":"<!-- This site is optimized with the Yoast SEO plugin v27.3 - https:\/\/yoast.com\/product\/yoast-seo-wordpress\/ -->\n<title>Correios da \u00c1ustria celebram expans\u00e3o do centro log\u00edstico de Vorarlberg - Loginfo24<\/title>\n<meta name=\"robots\" content=\"index, follow, max-snippet:-1, max-image-preview:large, max-video-preview:-1\" \/>\n<link rel=\"canonical\" href=\"https:\/\/loginfo24.com\/pt-pt\/2021\/09\/17\/correios-da-austria-celebram-expansao-do-centro-logistico-de-vorarlberg\/\" \/>\n<meta property=\"og:locale\" content=\"pt_PT\" \/>\n<meta property=\"og:type\" content=\"article\" \/>\n<meta property=\"og:title\" content=\"Correios da \u00c1ustria celebram expans\u00e3o do centro log\u00edstico de Vorarlberg - Loginfo24\" \/>\n<meta property=\"og:description\" content=\"Os correios austr\u00edacos expandiram seu centro log\u00edstico em Wolfurt, Vorarlberg, devido ao aumento acentuado no volume de pacotes. A expans\u00e3o foi iniciada na presen\u00e7a da pol\u00edtica [\u2026]\" \/>\n<meta property=\"og:url\" content=\"https:\/\/loginfo24.com\/pt-pt\/2021\/09\/17\/correios-da-austria-celebram-expansao-do-centro-logistico-de-vorarlberg\/\" \/>\n<meta property=\"og:site_name\" content=\"Loginfo24\" \/>\n<meta property=\"article:publisher\" content=\"https:\/\/www.facebook.com\/people\/Loginfo24\/100057360583332\/\" \/>\n<meta property=\"article:published_time\" content=\"2021-09-17T14:24:48+00:00\" \/>\n<meta property=\"og:image\" content=\"https:\/\/loginfo24.com\/wp-content\/uploads\/sites\/7\/2025\/12\/Post_AT_17.9.21.jpg\" \/>\n\t<meta property=\"og:image:width\" content=\"1230\" \/>\n\t<meta property=\"og:image:height\" content=\"817\" \/>\n\t<meta property=\"og:image:type\" content=\"image\/jpeg\" \/>\n<meta name=\"twitter:card\" content=\"summary_large_image\" \/>\n<meta name=\"twitter:label1\" content=\"Tempo estimado de leitura\" \/>\n\t<meta name=\"twitter:data1\" content=\"4 minutos\" \/>\n<script type=\"application\/ld+json\" class=\"yoast-schema-graph\">{\"@context\":\"https:\\\/\\\/schema.org\",\"@graph\":[{\"@type\":\"Article\",\"@id\":\"https:\\\/\\\/loginfo24.com\\\/pt-pt\\\/2021\\\/09\\\/17\\\/correios-da-austria-celebram-expansao-do-centro-logistico-de-vorarlberg\\\/#article\",\"isPartOf\":{\"@id\":\"https:\\\/\\\/loginfo24.com\\\/pt-pt\\\/2021\\\/09\\\/17\\\/correios-da-austria-celebram-expansao-do-centro-logistico-de-vorarlberg\\\/\"},\"author\":{\"name\":\"\",\"@id\":\"\"},\"headline\":\"Correios da \u00c1ustria celebram expans\u00e3o do centro log\u00edstico de Vorarlberg\",\"datePublished\":\"2021-09-17T14:24:48+00:00\",\"mainEntityOfPage\":{\"@id\":\"https:\\\/\\\/loginfo24.com\\\/pt-pt\\\/2021\\\/09\\\/17\\\/correios-da-austria-celebram-expansao-do-centro-logistico-de-vorarlberg\\\/\"},\"wordCount\":809,\"commentCount\":0,\"publisher\":{\"@id\":\"https:\\\/\\\/loginfo24.com\\\/pt-pt\\\/#organization\"},\"image\":{\"@id\":\"https:\\\/\\\/loginfo24.com\\\/pt-pt\\\/2021\\\/09\\\/17\\\/correios-da-austria-celebram-expansao-do-centro-logistico-de-vorarlberg\\\/#primaryimage\"},\"thumbnailUrl\":\"https:\\\/\\\/loginfo24.com\\\/wp-content\\\/uploads\\\/sites\\\/7\\\/2025\\\/12\\\/Post_AT_17.9.21.jpg\",\"articleSection\":[\"Forwarding &amp; Logistics\",\"Intralogistics\",\"Regions\"],\"inLanguage\":\"pt-PT\",\"potentialAction\":[{\"@type\":\"CommentAction\",\"name\":\"Comment\",\"target\":[\"https:\\\/\\\/loginfo24.com\\\/pt-pt\\\/2021\\\/09\\\/17\\\/correios-da-austria-celebram-expansao-do-centro-logistico-de-vorarlberg\\\/#respond\"]}]},{\"@type\":\"WebPage\",\"@id\":\"https:\\\/\\\/loginfo24.com\\\/pt-pt\\\/2021\\\/09\\\/17\\\/correios-da-austria-celebram-expansao-do-centro-logistico-de-vorarlberg\\\/\",\"url\":\"https:\\\/\\\/loginfo24.com\\\/pt-pt\\\/2021\\\/09\\\/17\\\/correios-da-austria-celebram-expansao-do-centro-logistico-de-vorarlberg\\\/\",\"name\":\"Correios da \u00c1ustria celebram expans\u00e3o do centro log\u00edstico de Vorarlberg - Loginfo24\",\"isPartOf\":{\"@id\":\"https:\\\/\\\/loginfo24.com\\\/pt-pt\\\/#website\"},\"primaryImageOfPage\":{\"@id\":\"https:\\\/\\\/loginfo24.com\\\/pt-pt\\\/2021\\\/09\\\/17\\\/correios-da-austria-celebram-expansao-do-centro-logistico-de-vorarlberg\\\/#primaryimage\"},\"image\":{\"@id\":\"https:\\\/\\\/loginfo24.com\\\/pt-pt\\\/2021\\\/09\\\/17\\\/correios-da-austria-celebram-expansao-do-centro-logistico-de-vorarlberg\\\/#primaryimage\"},\"thumbnailUrl\":\"https:\\\/\\\/loginfo24.com\\\/wp-content\\\/uploads\\\/sites\\\/7\\\/2025\\\/12\\\/Post_AT_17.9.21.jpg\",\"datePublished\":\"2021-09-17T14:24:48+00:00\",\"breadcrumb\":{\"@id\":\"https:\\\/\\\/loginfo24.com\\\/pt-pt\\\/2021\\\/09\\\/17\\\/correios-da-austria-celebram-expansao-do-centro-logistico-de-vorarlberg\\\/#breadcrumb\"},\"inLanguage\":\"pt-PT\",\"potentialAction\":[{\"@type\":\"ReadAction\",\"target\":[\"https:\\\/\\\/loginfo24.com\\\/pt-pt\\\/2021\\\/09\\\/17\\\/correios-da-austria-celebram-expansao-do-centro-logistico-de-vorarlberg\\\/\"]}]},{\"@type\":\"ImageObject\",\"inLanguage\":\"pt-PT\",\"@id\":\"https:\\\/\\\/loginfo24.com\\\/pt-pt\\\/2021\\\/09\\\/17\\\/correios-da-austria-celebram-expansao-do-centro-logistico-de-vorarlberg\\\/#primaryimage\",\"url\":\"https:\\\/\\\/loginfo24.com\\\/wp-content\\\/uploads\\\/sites\\\/7\\\/2025\\\/12\\\/Post_AT_17.9.21.jpg\",\"contentUrl\":\"https:\\\/\\\/loginfo24.com\\\/wp-content\\\/uploads\\\/sites\\\/7\\\/2025\\\/12\\\/Post_AT_17.9.21.jpg\",\"width\":1230,\"height\":817},{\"@type\":\"BreadcrumbList\",\"@id\":\"https:\\\/\\\/loginfo24.com\\\/pt-pt\\\/2021\\\/09\\\/17\\\/correios-da-austria-celebram-expansao-do-centro-logistico-de-vorarlberg\\\/#breadcrumb\",\"itemListElement\":[{\"@type\":\"ListItem\",\"position\":1,\"name\":\"Startseite\",\"item\":\"https:\\\/\\\/loginfo24.com\\\/pt-pt\\\/\"},{\"@type\":\"ListItem\",\"position\":2,\"name\":\"Correios da \u00c1ustria celebram expans\u00e3o do centro log\u00edstico de Vorarlberg\"}]},{\"@type\":\"WebSite\",\"@id\":\"https:\\\/\\\/loginfo24.com\\\/pt-pt\\\/#website\",\"url\":\"https:\\\/\\\/loginfo24.com\\\/pt-pt\\\/\",\"name\":\"Loginfo24\",\"description\":\"Loginfo24 \u00e9 a plataforma dedicada \u00e0 log\u00edstica e \u00e0s cadeias de abastecimento, com informa\u00e7\u00f5es dispon\u00edveis 24 horas por dia.\",\"publisher\":{\"@id\":\"https:\\\/\\\/loginfo24.com\\\/pt-pt\\\/#organization\"},\"potentialAction\":[{\"@type\":\"SearchAction\",\"target\":{\"@type\":\"EntryPoint\",\"urlTemplate\":\"https:\\\/\\\/loginfo24.com\\\/pt-pt\\\/?s={search_term_string}\"},\"query-input\":{\"@type\":\"PropertyValueSpecification\",\"valueRequired\":true,\"valueName\":\"search_term_string\"}}],\"inLanguage\":\"pt-PT\"},{\"@type\":\"Organization\",\"@id\":\"https:\\\/\\\/loginfo24.com\\\/pt-pt\\\/#organization\",\"name\":\"Logismedia Group AG\",\"url\":\"https:\\\/\\\/loginfo24.com\\\/pt-pt\\\/\",\"logo\":{\"@type\":\"ImageObject\",\"inLanguage\":\"pt-PT\",\"@id\":\"https:\\\/\\\/loginfo24.com\\\/pt-pt\\\/#\\\/schema\\\/logo\\\/image\\\/\",\"url\":\"https:\\\/\\\/loginfo24.com\\\/wp-content\\\/uploads\\\/sites\\\/7\\\/2026\\\/01\\\/Logo_LogInfo24.png\",\"contentUrl\":\"https:\\\/\\\/loginfo24.com\\\/wp-content\\\/uploads\\\/sites\\\/7\\\/2026\\\/01\\\/Logo_LogInfo24.png\",\"width\":938,\"height\":351,\"caption\":\"Logismedia Group AG\"},\"image\":{\"@id\":\"https:\\\/\\\/loginfo24.com\\\/pt-pt\\\/#\\\/schema\\\/logo\\\/image\\\/\"},\"sameAs\":[\"https:\\\/\\\/www.facebook.com\\\/people\\\/Loginfo24\\\/100057360583332\\\/\",\"https:\\\/\\\/www.linkedin.com\\\/company\\\/lofinfo24\\\/\"]}]}<\/script>\n<!-- \/ Yoast SEO plugin. -->","yoast_head_json":{"title":"Correios da \u00c1ustria celebram expans\u00e3o do centro log\u00edstico de Vorarlberg - Loginfo24","robots":{"index":"index","follow":"follow","max-snippet":"max-snippet:-1","max-image-preview":"max-image-preview:large","max-video-preview":"max-video-preview:-1"},"canonical":"https:\/\/loginfo24.com\/pt-pt\/2021\/09\/17\/correios-da-austria-celebram-expansao-do-centro-logistico-de-vorarlberg\/","og_locale":"pt_PT","og_type":"article","og_title":"Correios da \u00c1ustria celebram expans\u00e3o do centro log\u00edstico de Vorarlberg - Loginfo24","og_description":"Os correios austr\u00edacos expandiram seu centro log\u00edstico em Wolfurt, Vorarlberg, devido ao aumento acentuado no volume de pacotes. A expans\u00e3o foi iniciada na presen\u00e7a da pol\u00edtica [\u2026]","og_url":"https:\/\/loginfo24.com\/pt-pt\/2021\/09\/17\/correios-da-austria-celebram-expansao-do-centro-logistico-de-vorarlberg\/","og_site_name":"Loginfo24","article_publisher":"https:\/\/www.facebook.com\/people\/Loginfo24\/100057360583332\/","article_published_time":"2021-09-17T14:24:48+00:00","og_image":[{"width":1230,"height":817,"url":"https:\/\/loginfo24.com\/wp-content\/uploads\/sites\/7\/2025\/12\/Post_AT_17.9.21.jpg","type":"image\/jpeg"}],"twitter_card":"summary_large_image","twitter_misc":{"Tempo estimado de leitura":"4 minutos"},"schema":{"@context":"https:\/\/schema.org","@graph":[{"@type":"Article","@id":"https:\/\/loginfo24.com\/pt-pt\/2021\/09\/17\/correios-da-austria-celebram-expansao-do-centro-logistico-de-vorarlberg\/#article","isPartOf":{"@id":"https:\/\/loginfo24.com\/pt-pt\/2021\/09\/17\/correios-da-austria-celebram-expansao-do-centro-logistico-de-vorarlberg\/"},"author":{"name":"","@id":""},"headline":"Correios da \u00c1ustria celebram expans\u00e3o do centro log\u00edstico de Vorarlberg","datePublished":"2021-09-17T14:24:48+00:00","mainEntityOfPage":{"@id":"https:\/\/loginfo24.com\/pt-pt\/2021\/09\/17\/correios-da-austria-celebram-expansao-do-centro-logistico-de-vorarlberg\/"},"wordCount":809,"commentCount":0,"publisher":{"@id":"https:\/\/loginfo24.com\/pt-pt\/#organization"},"image":{"@id":"https:\/\/loginfo24.com\/pt-pt\/2021\/09\/17\/correios-da-austria-celebram-expansao-do-centro-logistico-de-vorarlberg\/#primaryimage"},"thumbnailUrl":"https:\/\/loginfo24.com\/wp-content\/uploads\/sites\/7\/2025\/12\/Post_AT_17.9.21.jpg","articleSection":["Forwarding &amp; Logistics","Intralogistics","Regions"],"inLanguage":"pt-PT","potentialAction":[{"@type":"CommentAction","name":"Comment","target":["https:\/\/loginfo24.com\/pt-pt\/2021\/09\/17\/correios-da-austria-celebram-expansao-do-centro-logistico-de-vorarlberg\/#respond"]}]},{"@type":"WebPage","@id":"https:\/\/loginfo24.com\/pt-pt\/2021\/09\/17\/correios-da-austria-celebram-expansao-do-centro-logistico-de-vorarlberg\/","url":"https:\/\/loginfo24.com\/pt-pt\/2021\/09\/17\/correios-da-austria-celebram-expansao-do-centro-logistico-de-vorarlberg\/","name":"Correios da \u00c1ustria celebram expans\u00e3o do centro log\u00edstico de Vorarlberg - Loginfo24","isPartOf":{"@id":"https:\/\/loginfo24.com\/pt-pt\/#website"},"primaryImageOfPage":{"@id":"https:\/\/loginfo24.com\/pt-pt\/2021\/09\/17\/correios-da-austria-celebram-expansao-do-centro-logistico-de-vorarlberg\/#primaryimage"},"image":{"@id":"https:\/\/loginfo24.com\/pt-pt\/2021\/09\/17\/correios-da-austria-celebram-expansao-do-centro-logistico-de-vorarlberg\/#primaryimage"},"thumbnailUrl":"https:\/\/loginfo24.com\/wp-content\/uploads\/sites\/7\/2025\/12\/Post_AT_17.9.21.jpg","datePublished":"2021-09-17T14:24:48+00:00","breadcrumb":{"@id":"https:\/\/loginfo24.com\/pt-pt\/2021\/09\/17\/correios-da-austria-celebram-expansao-do-centro-logistico-de-vorarlberg\/#breadcrumb"},"inLanguage":"pt-PT","potentialAction":[{"@type":"ReadAction","target":["https:\/\/loginfo24.com\/pt-pt\/2021\/09\/17\/correios-da-austria-celebram-expansao-do-centro-logistico-de-vorarlberg\/"]}]},{"@type":"ImageObject","inLanguage":"pt-PT","@id":"https:\/\/loginfo24.com\/pt-pt\/2021\/09\/17\/correios-da-austria-celebram-expansao-do-centro-logistico-de-vorarlberg\/#primaryimage","url":"https:\/\/loginfo24.com\/wp-content\/uploads\/sites\/7\/2025\/12\/Post_AT_17.9.21.jpg","contentUrl":"https:\/\/loginfo24.com\/wp-content\/uploads\/sites\/7\/2025\/12\/Post_AT_17.9.21.jpg","width":1230,"height":817},{"@type":"BreadcrumbList","@id":"https:\/\/loginfo24.com\/pt-pt\/2021\/09\/17\/correios-da-austria-celebram-expansao-do-centro-logistico-de-vorarlberg\/#breadcrumb","itemListElement":[{"@type":"ListItem","position":1,"name":"Startseite","item":"https:\/\/loginfo24.com\/pt-pt\/"},{"@type":"ListItem","position":2,"name":"Correios da \u00c1ustria celebram expans\u00e3o do centro log\u00edstico de Vorarlberg"}]},{"@type":"WebSite","@id":"https:\/\/loginfo24.com\/pt-pt\/#website","url":"https:\/\/loginfo24.com\/pt-pt\/","name":"Loginfo24","description":"Loginfo24 \u00e9 a plataforma dedicada \u00e0 log\u00edstica e \u00e0s cadeias de abastecimento, com informa\u00e7\u00f5es dispon\u00edveis 24 horas por dia.","publisher":{"@id":"https:\/\/loginfo24.com\/pt-pt\/#organization"},"potentialAction":[{"@type":"SearchAction","target":{"@type":"EntryPoint","urlTemplate":"https:\/\/loginfo24.com\/pt-pt\/?s={search_term_string}"},"query-input":{"@type":"PropertyValueSpecification","valueRequired":true,"valueName":"search_term_string"}}],"inLanguage":"pt-PT"},{"@type":"Organization","@id":"https:\/\/loginfo24.com\/pt-pt\/#organization","name":"Logismedia Group AG","url":"https:\/\/loginfo24.com\/pt-pt\/","logo":{"@type":"ImageObject","inLanguage":"pt-PT","@id":"https:\/\/loginfo24.com\/pt-pt\/#\/schema\/logo\/image\/","url":"https:\/\/loginfo24.com\/wp-content\/uploads\/sites\/7\/2026\/01\/Logo_LogInfo24.png","contentUrl":"https:\/\/loginfo24.com\/wp-content\/uploads\/sites\/7\/2026\/01\/Logo_LogInfo24.png","width":938,"height":351,"caption":"Logismedia Group AG"},"image":{"@id":"https:\/\/loginfo24.com\/pt-pt\/#\/schema\/logo\/image\/"},"sameAs":["https:\/\/www.facebook.com\/people\/Loginfo24\/100057360583332\/","https:\/\/www.linkedin.com\/company\/lofinfo24\/"]}]}},"_links":{"self":[{"href":"https:\/\/loginfo24.com\/pt-pt\/wp-json\/wp\/v2\/posts\/52080","targetHints":{"allow":["GET"]}}],"collection":[{"href":"https:\/\/loginfo24.com\/pt-pt\/wp-json\/wp\/v2\/posts"}],"about":[{"href":"https:\/\/loginfo24.com\/pt-pt\/wp-json\/wp\/v2\/types\/post"}],"replies":[{"embeddable":true,"href":"https:\/\/loginfo24.com\/pt-pt\/wp-json\/wp\/v2\/comments?post=52080"}],"version-history":[{"count":0,"href":"https:\/\/loginfo24.com\/pt-pt\/wp-json\/wp\/v2\/posts\/52080\/revisions"}],"wp:featuredmedia":[{"embeddable":true,"href":"https:\/\/loginfo24.com\/pt-pt\/wp-json\/wp\/v2\/media\/12338"}],"wp:attachment":[{"href":"https:\/\/loginfo24.com\/pt-pt\/wp-json\/wp\/v2\/media?parent=52080"}],"wp:term":[{"taxonomy":"category","embeddable":true,"href":"https:\/\/loginfo24.com\/pt-pt\/wp-json\/wp\/v2\/categories?post=52080"},{"taxonomy":"post_tag","embeddable":true,"href":"https:\/\/loginfo24.com\/pt-pt\/wp-json\/wp\/v2\/tags?post=52080"}],"curies":[{"name":"wp","href":"https:\/\/api.w.org\/{rel}","templated":true}]}}