{"id":52044,"date":"2021-09-16T14:05:41","date_gmt":"2021-09-16T12:05:41","guid":{"rendered":"https:\/\/blog.brand-architecture.at\/2021\/09\/16\/maior-quota-ferroviaria-no-transporte-de-mercadorias-atraves-dos-alpes-em-25-anos\/"},"modified":"2021-09-16T14:05:41","modified_gmt":"2021-09-16T12:05:41","slug":"maior-quota-ferroviaria-no-transporte-de-mercadorias-atraves-dos-alpes-em-25-anos","status":"publish","type":"post","link":"https:\/\/loginfo24.com\/pt-pt\/2021\/09\/16\/maior-quota-ferroviaria-no-transporte-de-mercadorias-atraves-dos-alpes-em-25-anos\/","title":{"rendered":"Maior quota ferrovi\u00e1ria no transporte de mercadorias atrav\u00e9s dos Alpes em 25 anos"},"content":{"rendered":"<h5><strong>Gra\u00e7as \u00e0 abertura do t\u00fanel base de Ceneri e do corredor de 4 metros, o transporte ferrovi\u00e1rio conseguiu, no primeiro semestre de 2021, expandir sua posi\u00e7\u00e3o no transporte de mercadorias atrav\u00e9s dos Alpes su\u00ed\u00e7os: agora atinge uma quota de 74,4 por cento \u2013 o valor mais alto em um quarto de s\u00e9culo. O n\u00famero de viagens de caminh\u00e3o aumentou ligeiramente ap\u00f3s a queda devido \u00e0 pandemia, mas continua a diminuir em compara\u00e7\u00e3o a longo prazo.<\/strong><\/h5>\n<p>(Berna) O Escrit\u00f3rio Federal dos Transportes da Su\u00ed\u00e7a (BAV) publicou hoje o relat\u00f3rio sobre o transporte de mercadorias atravessando os Alpes no primeiro semestre de 2021. Foram transportadas 15,2 por cento mais mercadorias atrav\u00e9s dos Alpes do que no primeiro semestre de 2020 e tamb\u00e9m mais do que no primeiro semestre de 2019. O transporte de mercadorias atrav\u00e9s dos Alpes se recuperou da crise da Corona.<\/p>\n<h5> <strong>Valor recorde para a ferrovia<\/strong><\/h5>\n<p>A ferrovia conseguiu um aumento desproporcional. O principal motivo para esse desenvolvimento \u00e9 a conclus\u00e3o da NEAT com a abertura do t\u00fanel base de Ceneri, bem como a entrada em opera\u00e7\u00e3o do corredor cont\u00ednuo de 4 metros. Desde o final de 2020, isso permite que mais trens longos e pesados circulem no eixo de Gotthard. Com a possibilidade de agora tamb\u00e9m transportar semirreboques com uma altura de canto de 4 metros pelo eixo de Gotthard, foi conquistado um segmento adicional para a ferrovia. A ferrovia conseguiu aumentar sua quota no total do transporte de mercadorias atravessando os Alpes em 3 pontos percentuais. Esse desenvolvimento tamb\u00e9m foi favorecido pelos subs\u00eddios financeiros com os quais v\u00e1rios pa\u00edses europeus apoiaram o transporte ferrovi\u00e1rio durante a pandemia da Corona. Agora, ele atinge uma quota de mercado de 74,4 por cento. Este \u00e9 o valor mais alto em 25 anos.<\/p>\n<p>Enquanto isso, no primeiro semestre, 453.000 caminh\u00f5es atravessaram os Alpes su\u00ed\u00e7os. Isso representa 40.000 viagens a mais do que no primeiro semestre de 2020, que foi marcado pela pandemia da Corona e pelas medidas de prote\u00e7\u00e3o adotadas. Em compara\u00e7\u00e3o com o primeiro semestre de 2019, no entanto, as viagens de caminh\u00e3o continuaram a diminuir.<\/p>\n<h5><strong>Outras medidas com o relat\u00f3rio de deslocamento<\/strong><\/h5>\n<p>O governo pretende fortalecer ainda mais a transfer\u00eancia de transportes de mercadorias da estrada para a ferrovia e a prote\u00e7\u00e3o dos Alpes. Com o pr\u00f3ximo relat\u00f3rio de deslocamento, o Conselho Federal analisar\u00e1 detalhadamente a situa\u00e7\u00e3o da pol\u00edtica de deslocamento no outono e apresentar\u00e1 mais medidas.<\/p>\n<p>Foto: \u00a9 Hupac<\/p>\n","protected":false},"excerpt":{"rendered":"<p>Gra\u00e7as \u00e0 abertura do t\u00fanel base de Ceneri e do corredor de 4 metros, o transporte ferrovi\u00e1rio conseguiu, no primeiro semestre de 2021, expandir sua posi\u00e7\u00e3o<span class=\"excerpt-hellip\"> [\u2026]<\/span><\/p>\n","protected":false},"author":0,"featured_media":12352,"comment_status":"open","ping_status":"open","sticky":false,"template":"","format":"standard","meta":{"_acf_changed":false,"footnotes":""},"categories":[1559],"tags":[],"class_list":["post-52044","post","type-post","status-publish","format-standard","has-post-thumbnail","hentry","category-shipping-ports"],"acf":[],"yoast_head":"<!-- This site is optimized with the Yoast SEO plugin v27.3 - https:\/\/yoast.com\/product\/yoast-seo-wordpress\/ -->\n<title>Maior quota ferrovi\u00e1ria no transporte de mercadorias atrav\u00e9s dos Alpes em 25 anos - Loginfo24<\/title>\n<meta name=\"robots\" content=\"index, follow, max-snippet:-1, max-image-preview:large, max-video-preview:-1\" \/>\n<link rel=\"canonical\" href=\"https:\/\/loginfo24.com\/pt-pt\/2021\/09\/16\/maior-quota-ferroviaria-no-transporte-de-mercadorias-atraves-dos-alpes-em-25-anos\/\" \/>\n<meta property=\"og:locale\" content=\"pt_PT\" \/>\n<meta property=\"og:type\" content=\"article\" \/>\n<meta property=\"og:title\" content=\"Maior quota ferrovi\u00e1ria no transporte de mercadorias atrav\u00e9s dos Alpes em 25 anos - Loginfo24\" \/>\n<meta property=\"og:description\" content=\"Gra\u00e7as \u00e0 abertura do t\u00fanel base de Ceneri e do corredor de 4 metros, o transporte ferrovi\u00e1rio conseguiu, no primeiro semestre de 2021, expandir sua posi\u00e7\u00e3o [\u2026]\" \/>\n<meta property=\"og:url\" content=\"https:\/\/loginfo24.com\/pt-pt\/2021\/09\/16\/maior-quota-ferroviaria-no-transporte-de-mercadorias-atraves-dos-alpes-em-25-anos\/\" \/>\n<meta property=\"og:site_name\" content=\"Loginfo24\" \/>\n<meta property=\"article:publisher\" content=\"https:\/\/www.facebook.com\/people\/Loginfo24\/100057360583332\/\" \/>\n<meta property=\"article:published_time\" content=\"2021-09-16T12:05:41+00:00\" \/>\n<meta property=\"og:image\" content=\"https:\/\/loginfo24.com\/wp-content\/uploads\/sites\/7\/2025\/12\/BAV_16.9.21.jpg\" \/>\n\t<meta property=\"og:image:width\" content=\"1232\" \/>\n\t<meta property=\"og:image:height\" content=\"578\" \/>\n\t<meta property=\"og:image:type\" content=\"image\/jpeg\" \/>\n<meta name=\"twitter:card\" content=\"summary_large_image\" \/>\n<meta name=\"twitter:label1\" content=\"Tempo estimado de leitura\" \/>\n\t<meta name=\"twitter:data1\" content=\"2 minutos\" \/>\n<script type=\"application\/ld+json\" class=\"yoast-schema-graph\">{\"@context\":\"https:\\\/\\\/schema.org\",\"@graph\":[{\"@type\":\"Article\",\"@id\":\"https:\\\/\\\/loginfo24.com\\\/pt-pt\\\/2021\\\/09\\\/16\\\/maior-quota-ferroviaria-no-transporte-de-mercadorias-atraves-dos-alpes-em-25-anos\\\/#article\",\"isPartOf\":{\"@id\":\"https:\\\/\\\/loginfo24.com\\\/pt-pt\\\/2021\\\/09\\\/16\\\/maior-quota-ferroviaria-no-transporte-de-mercadorias-atraves-dos-alpes-em-25-anos\\\/\"},\"author\":{\"name\":\"\",\"@id\":\"\"},\"headline\":\"Maior quota ferrovi\u00e1ria no transporte de mercadorias atrav\u00e9s dos Alpes em 25 anos\",\"datePublished\":\"2021-09-16T12:05:41+00:00\",\"mainEntityOfPage\":{\"@id\":\"https:\\\/\\\/loginfo24.com\\\/pt-pt\\\/2021\\\/09\\\/16\\\/maior-quota-ferroviaria-no-transporte-de-mercadorias-atraves-dos-alpes-em-25-anos\\\/\"},\"wordCount\":430,\"commentCount\":0,\"publisher\":{\"@id\":\"https:\\\/\\\/loginfo24.com\\\/pt-pt\\\/#organization\"},\"image\":{\"@id\":\"https:\\\/\\\/loginfo24.com\\\/pt-pt\\\/2021\\\/09\\\/16\\\/maior-quota-ferroviaria-no-transporte-de-mercadorias-atraves-dos-alpes-em-25-anos\\\/#primaryimage\"},\"thumbnailUrl\":\"https:\\\/\\\/loginfo24.com\\\/wp-content\\\/uploads\\\/sites\\\/7\\\/2025\\\/12\\\/BAV_16.9.21.jpg\",\"articleSection\":[\"Shipping &amp; Ports\"],\"inLanguage\":\"pt-PT\",\"potentialAction\":[{\"@type\":\"CommentAction\",\"name\":\"Comment\",\"target\":[\"https:\\\/\\\/loginfo24.com\\\/pt-pt\\\/2021\\\/09\\\/16\\\/maior-quota-ferroviaria-no-transporte-de-mercadorias-atraves-dos-alpes-em-25-anos\\\/#respond\"]}]},{\"@type\":\"WebPage\",\"@id\":\"https:\\\/\\\/loginfo24.com\\\/pt-pt\\\/2021\\\/09\\\/16\\\/maior-quota-ferroviaria-no-transporte-de-mercadorias-atraves-dos-alpes-em-25-anos\\\/\",\"url\":\"https:\\\/\\\/loginfo24.com\\\/pt-pt\\\/2021\\\/09\\\/16\\\/maior-quota-ferroviaria-no-transporte-de-mercadorias-atraves-dos-alpes-em-25-anos\\\/\",\"name\":\"Maior quota ferrovi\u00e1ria no transporte de mercadorias atrav\u00e9s dos Alpes em 25 anos - Loginfo24\",\"isPartOf\":{\"@id\":\"https:\\\/\\\/loginfo24.com\\\/pt-pt\\\/#website\"},\"primaryImageOfPage\":{\"@id\":\"https:\\\/\\\/loginfo24.com\\\/pt-pt\\\/2021\\\/09\\\/16\\\/maior-quota-ferroviaria-no-transporte-de-mercadorias-atraves-dos-alpes-em-25-anos\\\/#primaryimage\"},\"image\":{\"@id\":\"https:\\\/\\\/loginfo24.com\\\/pt-pt\\\/2021\\\/09\\\/16\\\/maior-quota-ferroviaria-no-transporte-de-mercadorias-atraves-dos-alpes-em-25-anos\\\/#primaryimage\"},\"thumbnailUrl\":\"https:\\\/\\\/loginfo24.com\\\/wp-content\\\/uploads\\\/sites\\\/7\\\/2025\\\/12\\\/BAV_16.9.21.jpg\",\"datePublished\":\"2021-09-16T12:05:41+00:00\",\"breadcrumb\":{\"@id\":\"https:\\\/\\\/loginfo24.com\\\/pt-pt\\\/2021\\\/09\\\/16\\\/maior-quota-ferroviaria-no-transporte-de-mercadorias-atraves-dos-alpes-em-25-anos\\\/#breadcrumb\"},\"inLanguage\":\"pt-PT\",\"potentialAction\":[{\"@type\":\"ReadAction\",\"target\":[\"https:\\\/\\\/loginfo24.com\\\/pt-pt\\\/2021\\\/09\\\/16\\\/maior-quota-ferroviaria-no-transporte-de-mercadorias-atraves-dos-alpes-em-25-anos\\\/\"]}]},{\"@type\":\"ImageObject\",\"inLanguage\":\"pt-PT\",\"@id\":\"https:\\\/\\\/loginfo24.com\\\/pt-pt\\\/2021\\\/09\\\/16\\\/maior-quota-ferroviaria-no-transporte-de-mercadorias-atraves-dos-alpes-em-25-anos\\\/#primaryimage\",\"url\":\"https:\\\/\\\/loginfo24.com\\\/wp-content\\\/uploads\\\/sites\\\/7\\\/2025\\\/12\\\/BAV_16.9.21.jpg\",\"contentUrl\":\"https:\\\/\\\/loginfo24.com\\\/wp-content\\\/uploads\\\/sites\\\/7\\\/2025\\\/12\\\/BAV_16.9.21.jpg\",\"width\":1232,\"height\":578},{\"@type\":\"BreadcrumbList\",\"@id\":\"https:\\\/\\\/loginfo24.com\\\/pt-pt\\\/2021\\\/09\\\/16\\\/maior-quota-ferroviaria-no-transporte-de-mercadorias-atraves-dos-alpes-em-25-anos\\\/#breadcrumb\",\"itemListElement\":[{\"@type\":\"ListItem\",\"position\":1,\"name\":\"Startseite\",\"item\":\"https:\\\/\\\/loginfo24.com\\\/pt-pt\\\/\"},{\"@type\":\"ListItem\",\"position\":2,\"name\":\"Maior quota ferrovi\u00e1ria no transporte de mercadorias atrav\u00e9s dos Alpes em 25 anos\"}]},{\"@type\":\"WebSite\",\"@id\":\"https:\\\/\\\/loginfo24.com\\\/pt-pt\\\/#website\",\"url\":\"https:\\\/\\\/loginfo24.com\\\/pt-pt\\\/\",\"name\":\"Loginfo24\",\"description\":\"Loginfo24 \u00e9 a plataforma dedicada \u00e0 log\u00edstica e \u00e0s cadeias de abastecimento, com informa\u00e7\u00f5es dispon\u00edveis 24 horas por dia.\",\"publisher\":{\"@id\":\"https:\\\/\\\/loginfo24.com\\\/pt-pt\\\/#organization\"},\"potentialAction\":[{\"@type\":\"SearchAction\",\"target\":{\"@type\":\"EntryPoint\",\"urlTemplate\":\"https:\\\/\\\/loginfo24.com\\\/pt-pt\\\/?s={search_term_string}\"},\"query-input\":{\"@type\":\"PropertyValueSpecification\",\"valueRequired\":true,\"valueName\":\"search_term_string\"}}],\"inLanguage\":\"pt-PT\"},{\"@type\":\"Organization\",\"@id\":\"https:\\\/\\\/loginfo24.com\\\/pt-pt\\\/#organization\",\"name\":\"Logismedia Group AG\",\"url\":\"https:\\\/\\\/loginfo24.com\\\/pt-pt\\\/\",\"logo\":{\"@type\":\"ImageObject\",\"inLanguage\":\"pt-PT\",\"@id\":\"https:\\\/\\\/loginfo24.com\\\/pt-pt\\\/#\\\/schema\\\/logo\\\/image\\\/\",\"url\":\"https:\\\/\\\/loginfo24.com\\\/wp-content\\\/uploads\\\/sites\\\/7\\\/2026\\\/01\\\/Logo_LogInfo24.png\",\"contentUrl\":\"https:\\\/\\\/loginfo24.com\\\/wp-content\\\/uploads\\\/sites\\\/7\\\/2026\\\/01\\\/Logo_LogInfo24.png\",\"width\":938,\"height\":351,\"caption\":\"Logismedia Group AG\"},\"image\":{\"@id\":\"https:\\\/\\\/loginfo24.com\\\/pt-pt\\\/#\\\/schema\\\/logo\\\/image\\\/\"},\"sameAs\":[\"https:\\\/\\\/www.facebook.com\\\/people\\\/Loginfo24\\\/100057360583332\\\/\",\"https:\\\/\\\/www.linkedin.com\\\/company\\\/lofinfo24\\\/\"]}]}<\/script>\n<!-- \/ Yoast SEO plugin. -->","yoast_head_json":{"title":"Maior quota ferrovi\u00e1ria no transporte de mercadorias atrav\u00e9s dos Alpes em 25 anos - Loginfo24","robots":{"index":"index","follow":"follow","max-snippet":"max-snippet:-1","max-image-preview":"max-image-preview:large","max-video-preview":"max-video-preview:-1"},"canonical":"https:\/\/loginfo24.com\/pt-pt\/2021\/09\/16\/maior-quota-ferroviaria-no-transporte-de-mercadorias-atraves-dos-alpes-em-25-anos\/","og_locale":"pt_PT","og_type":"article","og_title":"Maior quota ferrovi\u00e1ria no transporte de mercadorias atrav\u00e9s dos Alpes em 25 anos - Loginfo24","og_description":"Gra\u00e7as \u00e0 abertura do t\u00fanel base de Ceneri e do corredor de 4 metros, o transporte ferrovi\u00e1rio conseguiu, no primeiro semestre de 2021, expandir sua posi\u00e7\u00e3o [\u2026]","og_url":"https:\/\/loginfo24.com\/pt-pt\/2021\/09\/16\/maior-quota-ferroviaria-no-transporte-de-mercadorias-atraves-dos-alpes-em-25-anos\/","og_site_name":"Loginfo24","article_publisher":"https:\/\/www.facebook.com\/people\/Loginfo24\/100057360583332\/","article_published_time":"2021-09-16T12:05:41+00:00","og_image":[{"width":1232,"height":578,"url":"https:\/\/loginfo24.com\/wp-content\/uploads\/sites\/7\/2025\/12\/BAV_16.9.21.jpg","type":"image\/jpeg"}],"twitter_card":"summary_large_image","twitter_misc":{"Tempo estimado de leitura":"2 minutos"},"schema":{"@context":"https:\/\/schema.org","@graph":[{"@type":"Article","@id":"https:\/\/loginfo24.com\/pt-pt\/2021\/09\/16\/maior-quota-ferroviaria-no-transporte-de-mercadorias-atraves-dos-alpes-em-25-anos\/#article","isPartOf":{"@id":"https:\/\/loginfo24.com\/pt-pt\/2021\/09\/16\/maior-quota-ferroviaria-no-transporte-de-mercadorias-atraves-dos-alpes-em-25-anos\/"},"author":{"name":"","@id":""},"headline":"Maior quota ferrovi\u00e1ria no transporte de mercadorias atrav\u00e9s dos Alpes em 25 anos","datePublished":"2021-09-16T12:05:41+00:00","mainEntityOfPage":{"@id":"https:\/\/loginfo24.com\/pt-pt\/2021\/09\/16\/maior-quota-ferroviaria-no-transporte-de-mercadorias-atraves-dos-alpes-em-25-anos\/"},"wordCount":430,"commentCount":0,"publisher":{"@id":"https:\/\/loginfo24.com\/pt-pt\/#organization"},"image":{"@id":"https:\/\/loginfo24.com\/pt-pt\/2021\/09\/16\/maior-quota-ferroviaria-no-transporte-de-mercadorias-atraves-dos-alpes-em-25-anos\/#primaryimage"},"thumbnailUrl":"https:\/\/loginfo24.com\/wp-content\/uploads\/sites\/7\/2025\/12\/BAV_16.9.21.jpg","articleSection":["Shipping &amp; Ports"],"inLanguage":"pt-PT","potentialAction":[{"@type":"CommentAction","name":"Comment","target":["https:\/\/loginfo24.com\/pt-pt\/2021\/09\/16\/maior-quota-ferroviaria-no-transporte-de-mercadorias-atraves-dos-alpes-em-25-anos\/#respond"]}]},{"@type":"WebPage","@id":"https:\/\/loginfo24.com\/pt-pt\/2021\/09\/16\/maior-quota-ferroviaria-no-transporte-de-mercadorias-atraves-dos-alpes-em-25-anos\/","url":"https:\/\/loginfo24.com\/pt-pt\/2021\/09\/16\/maior-quota-ferroviaria-no-transporte-de-mercadorias-atraves-dos-alpes-em-25-anos\/","name":"Maior quota ferrovi\u00e1ria no transporte de mercadorias atrav\u00e9s dos Alpes em 25 anos - Loginfo24","isPartOf":{"@id":"https:\/\/loginfo24.com\/pt-pt\/#website"},"primaryImageOfPage":{"@id":"https:\/\/loginfo24.com\/pt-pt\/2021\/09\/16\/maior-quota-ferroviaria-no-transporte-de-mercadorias-atraves-dos-alpes-em-25-anos\/#primaryimage"},"image":{"@id":"https:\/\/loginfo24.com\/pt-pt\/2021\/09\/16\/maior-quota-ferroviaria-no-transporte-de-mercadorias-atraves-dos-alpes-em-25-anos\/#primaryimage"},"thumbnailUrl":"https:\/\/loginfo24.com\/wp-content\/uploads\/sites\/7\/2025\/12\/BAV_16.9.21.jpg","datePublished":"2021-09-16T12:05:41+00:00","breadcrumb":{"@id":"https:\/\/loginfo24.com\/pt-pt\/2021\/09\/16\/maior-quota-ferroviaria-no-transporte-de-mercadorias-atraves-dos-alpes-em-25-anos\/#breadcrumb"},"inLanguage":"pt-PT","potentialAction":[{"@type":"ReadAction","target":["https:\/\/loginfo24.com\/pt-pt\/2021\/09\/16\/maior-quota-ferroviaria-no-transporte-de-mercadorias-atraves-dos-alpes-em-25-anos\/"]}]},{"@type":"ImageObject","inLanguage":"pt-PT","@id":"https:\/\/loginfo24.com\/pt-pt\/2021\/09\/16\/maior-quota-ferroviaria-no-transporte-de-mercadorias-atraves-dos-alpes-em-25-anos\/#primaryimage","url":"https:\/\/loginfo24.com\/wp-content\/uploads\/sites\/7\/2025\/12\/BAV_16.9.21.jpg","contentUrl":"https:\/\/loginfo24.com\/wp-content\/uploads\/sites\/7\/2025\/12\/BAV_16.9.21.jpg","width":1232,"height":578},{"@type":"BreadcrumbList","@id":"https:\/\/loginfo24.com\/pt-pt\/2021\/09\/16\/maior-quota-ferroviaria-no-transporte-de-mercadorias-atraves-dos-alpes-em-25-anos\/#breadcrumb","itemListElement":[{"@type":"ListItem","position":1,"name":"Startseite","item":"https:\/\/loginfo24.com\/pt-pt\/"},{"@type":"ListItem","position":2,"name":"Maior quota ferrovi\u00e1ria no transporte de mercadorias atrav\u00e9s dos Alpes em 25 anos"}]},{"@type":"WebSite","@id":"https:\/\/loginfo24.com\/pt-pt\/#website","url":"https:\/\/loginfo24.com\/pt-pt\/","name":"Loginfo24","description":"Loginfo24 \u00e9 a plataforma dedicada \u00e0 log\u00edstica e \u00e0s cadeias de abastecimento, com informa\u00e7\u00f5es dispon\u00edveis 24 horas por dia.","publisher":{"@id":"https:\/\/loginfo24.com\/pt-pt\/#organization"},"potentialAction":[{"@type":"SearchAction","target":{"@type":"EntryPoint","urlTemplate":"https:\/\/loginfo24.com\/pt-pt\/?s={search_term_string}"},"query-input":{"@type":"PropertyValueSpecification","valueRequired":true,"valueName":"search_term_string"}}],"inLanguage":"pt-PT"},{"@type":"Organization","@id":"https:\/\/loginfo24.com\/pt-pt\/#organization","name":"Logismedia Group AG","url":"https:\/\/loginfo24.com\/pt-pt\/","logo":{"@type":"ImageObject","inLanguage":"pt-PT","@id":"https:\/\/loginfo24.com\/pt-pt\/#\/schema\/logo\/image\/","url":"https:\/\/loginfo24.com\/wp-content\/uploads\/sites\/7\/2026\/01\/Logo_LogInfo24.png","contentUrl":"https:\/\/loginfo24.com\/wp-content\/uploads\/sites\/7\/2026\/01\/Logo_LogInfo24.png","width":938,"height":351,"caption":"Logismedia Group AG"},"image":{"@id":"https:\/\/loginfo24.com\/pt-pt\/#\/schema\/logo\/image\/"},"sameAs":["https:\/\/www.facebook.com\/people\/Loginfo24\/100057360583332\/","https:\/\/www.linkedin.com\/company\/lofinfo24\/"]}]}},"_links":{"self":[{"href":"https:\/\/loginfo24.com\/pt-pt\/wp-json\/wp\/v2\/posts\/52044","targetHints":{"allow":["GET"]}}],"collection":[{"href":"https:\/\/loginfo24.com\/pt-pt\/wp-json\/wp\/v2\/posts"}],"about":[{"href":"https:\/\/loginfo24.com\/pt-pt\/wp-json\/wp\/v2\/types\/post"}],"replies":[{"embeddable":true,"href":"https:\/\/loginfo24.com\/pt-pt\/wp-json\/wp\/v2\/comments?post=52044"}],"version-history":[{"count":0,"href":"https:\/\/loginfo24.com\/pt-pt\/wp-json\/wp\/v2\/posts\/52044\/revisions"}],"wp:featuredmedia":[{"embeddable":true,"href":"https:\/\/loginfo24.com\/pt-pt\/wp-json\/wp\/v2\/media\/12352"}],"wp:attachment":[{"href":"https:\/\/loginfo24.com\/pt-pt\/wp-json\/wp\/v2\/media?parent=52044"}],"wp:term":[{"taxonomy":"category","embeddable":true,"href":"https:\/\/loginfo24.com\/pt-pt\/wp-json\/wp\/v2\/categories?post=52044"},{"taxonomy":"post_tag","embeddable":true,"href":"https:\/\/loginfo24.com\/pt-pt\/wp-json\/wp\/v2\/tags?post=52044"}],"curies":[{"name":"wp","href":"https:\/\/api.w.org\/{rel}","templated":true}]}}