{"id":51978,"date":"2021-09-15T18:53:42","date_gmt":"2021-09-15T16:53:42","guid":{"rendered":"https:\/\/blog.brand-architecture.at\/2021\/09\/15\/congresso-alemao-de-logistica-da-bvl-de-20-a-22-de-outubro\/"},"modified":"2021-09-15T18:53:42","modified_gmt":"2021-09-15T16:53:42","slug":"congresso-alemao-de-logistica-da-bvl-de-20-a-22-de-outubro","status":"publish","type":"post","link":"https:\/\/loginfo24.com\/pt-pt\/2021\/09\/15\/congresso-alemao-de-logistica-da-bvl-de-20-a-22-de-outubro\/","title":{"rendered":"Congresso Alem\u00e3o de Log\u00edstica da BVL de 20 a 22 de Outubro"},"content":{"rendered":"<h5><strong>O Congresso Alem\u00e3o de Log\u00edstica de 20 a 22 de Outubro n\u00e3o ocorrer\u00e1 apenas digitalmente na internet, mas como um evento h\u00edbrido \u2013 com uma parte presencial em Berlim, que finalmente coloca os encontros pessoais no centro das aten\u00e7\u00f5es. O networking ser\u00e1 poss\u00edvel, com base em um conceito de seguran\u00e7a e higiene. O congresso \u00e9 apoiado pelo Senado de Berlim para Economia, Energia e Empresas, pois contribui para a revitaliza\u00e7\u00e3o da economia de eventos B2B.<\/strong><\/h5>\n<p>(Bremen\/Berlim) No \u00e2mbito do apoio, a Associa\u00e7\u00e3o Federal de Log\u00edstica (BVL) como organizadora tamb\u00e9m se compromete com um Sustainable Event Scorecard. Os crit\u00e9rios incluem, al\u00e9m da compensa\u00e7\u00e3o das emiss\u00f5es de CO\u00b2 n\u00e3o redut\u00edveis, por exemplo, o planejamento do catering sob aspectos de sustentabilidade, a acomoda\u00e7\u00e3o de todos os envolvidos no local do evento ou em um raio de tr\u00eas quil\u00f4metros, ou a oferta com desconto de op\u00e7\u00f5es de transporte sustent\u00e1vel de trem.<\/p>\n<p>O conceito de higiene baseia-se em diretrizes oficiais e considera experi\u00eancias e conhecimentos que a BVL e seus parceiros adquiriram em outros eventos. Al\u00e9m disso, a expertise do Estado de Berlim \u00e9 incorporada, assim como a do epidemiologista Prof. Brinks da Universidade de Witten-Herdecke. Brinks disse em uma entrevista para a BVL que, devido \u00e0 boa efic\u00e1cia da vacina, ele acredita que o congresso em Outubro pode ser realizado de forma adequada e respons\u00e1vel com um conceito de higiene seguro. &#8220;Talvez isso conven\u00e7a alguns indecisos&#8221;, diz o presidente do conselho da BVL, Prof. Thomas Wimmer.<\/p>\n<h5><strong>O lema do congresso: Aproveitar oportunidades \u2013 Adaptar para liderar<\/strong><\/h5>\n<p>Os conte\u00fados do congresso est\u00e3o sob o lema &#8220;Aproveitar oportunidades \u2013 Adaptar para liderar&#8221;. O indicador de log\u00edstica para o terceiro trimestre mostrou: O impulso do m\u00eas de Junho est\u00e1 diminuindo, apesar de uma situa\u00e7\u00e3o de neg\u00f3cios muito razo\u00e1vel. N\u00e3o \u00e9 tanto a pandemia, mas sim desafios econ\u00f4micos concretos que colocam a recupera\u00e7\u00e3o em quest\u00e3o. &#8220;N\u00e3o s\u00e3o apenas os &#8216;chips&#8217; que est\u00e3o em falta e levam a paradas de produ\u00e7\u00e3o tempor\u00e1rias&#8221;, diz Wimmer, acrescentando: &#8220;A escassez e o aumento de pre\u00e7os afetam todas as ind\u00fastrias, incluindo a\u00e7o, madeira e outros materiais de constru\u00e7\u00e3o e mat\u00e9rias-primas, bem como fontes de energia.&#8221; A log\u00edstica e a gest\u00e3o da cadeia de suprimentos s\u00e3o agora desafiadas a encontrar novas maneiras de lidar com isso. &#8220;N\u00e3o \u00e9 a primeira vez que fazemos isso, e fazemos bem&#8221;, diz Wimmer.<\/p>\n<p>A gest\u00e3o da cadeia de suprimentos e a log\u00edstica n\u00e3o est\u00e3o em transforma\u00e7\u00e3o apenas desde a pandemia de Corona. Quais tecnologias influenciar\u00e3o as cadeias de valor? Como alcan\u00e7amos a verdadeira neutralidade clim\u00e1tica? Como nos protegemos contra crimes cibern\u00e9ticos? Palestrantes de alto n\u00edvel compartilhar\u00e3o sua expertise e fornecer\u00e3o impulsos interessantes.<\/p>\n<h5><strong>Pr\u00eamio Alem\u00e3o de Log\u00edstica e Pr\u00eamio de Ci\u00eancia em Log\u00edstica<\/strong><\/h5>\n<p>A noite de quarta-feira \u00e9 tradicionalmente marcada pela entrega do Pr\u00eamio Alem\u00e3o de Log\u00edstica. Na manh\u00e3 de sexta-feira, a BVL, com o apoio da McKinsey, entrega o Pr\u00eamio de Ci\u00eancia em Log\u00edstica. As apresenta\u00e7\u00f5es dos cientistas que chegam \u00e0 final ocorrer\u00e3o desta vez como um pr\u00e9-evento digital antes do congresso.<\/p>\n<h5><strong>Detalhes do programa e inscri\u00e7\u00e3o<\/strong><\/h5>\n<p>O programa para o Congresso Alem\u00e3o de Log\u00edstica 2021 est\u00e1 dispon\u00edvel a partir de agora como PDF para download em<\/p>\n<p><a href=\"https:\/\/www.bvl.de\/dlk-programm\" target=\"_blank\" rel=\"noopener noreferrer\">www.bvl.de\/dlk-programm<\/a><\/p>\n<p>Alternativamente \u00e0 parte presencial, tamb\u00e9m \u00e9 poss\u00edvel uma participa\u00e7\u00e3o <strong>digital<\/strong> no congresso, e isso gratuitamente. Para isso, \u00e9 necess\u00e1rio um registro separado.<\/p>\n<p>O registro de participantes pode ser feito para ambos os formatos atrav\u00e9s da p\u00e1gina inicial do congresso:<\/p>\n<p><u><a href=\"https:\/\/www.bvl.de\/dlk\" target=\"_blank\" rel=\"noopener noreferrer\">www.bvl.de\/dlk<\/a><\/u><\/p>\n<p>Foto: \u00a9 BVL<\/p>\n","protected":false},"excerpt":{"rendered":"<p>O Congresso Alem\u00e3o de Log\u00edstica de 20 a 22 de Outubro n\u00e3o ocorrer\u00e1 apenas digitalmente na internet, mas como um evento h\u00edbrido \u2013 com uma parte<span class=\"excerpt-hellip\"> [\u2026]<\/span><\/p>\n","protected":false},"author":0,"featured_media":0,"comment_status":"open","ping_status":"open","sticky":false,"template":"","format":"standard","meta":{"_acf_changed":false,"footnotes":""},"categories":[1557,1561],"tags":[],"class_list":["post-51978","post","type-post","status-publish","format-standard","hentry","category-forwarding-logistics","category-regions"],"acf":[],"yoast_head":"<!-- This site is optimized with the Yoast SEO plugin v27.3 - https:\/\/yoast.com\/product\/yoast-seo-wordpress\/ -->\n<title>Congresso Alem\u00e3o de Log\u00edstica da BVL de 20 a 22 de Outubro - Loginfo24<\/title>\n<meta name=\"robots\" content=\"index, follow, max-snippet:-1, max-image-preview:large, max-video-preview:-1\" \/>\n<link rel=\"canonical\" href=\"https:\/\/loginfo24.com\/pt-pt\/2021\/09\/15\/congresso-alemao-de-logistica-da-bvl-de-20-a-22-de-outubro\/\" \/>\n<meta property=\"og:locale\" content=\"pt_PT\" \/>\n<meta property=\"og:type\" content=\"article\" \/>\n<meta property=\"og:title\" content=\"Congresso Alem\u00e3o de Log\u00edstica da BVL de 20 a 22 de Outubro - Loginfo24\" \/>\n<meta property=\"og:description\" content=\"O Congresso Alem\u00e3o de Log\u00edstica de 20 a 22 de Outubro n\u00e3o ocorrer\u00e1 apenas digitalmente na internet, mas como um evento h\u00edbrido \u2013 com uma parte [\u2026]\" \/>\n<meta property=\"og:url\" content=\"https:\/\/loginfo24.com\/pt-pt\/2021\/09\/15\/congresso-alemao-de-logistica-da-bvl-de-20-a-22-de-outubro\/\" \/>\n<meta property=\"og:site_name\" content=\"Loginfo24\" \/>\n<meta property=\"article:publisher\" content=\"https:\/\/www.facebook.com\/people\/Loginfo24\/100057360583332\/\" \/>\n<meta property=\"article:published_time\" content=\"2021-09-15T16:53:42+00:00\" \/>\n<meta name=\"twitter:card\" content=\"summary_large_image\" \/>\n<meta name=\"twitter:label1\" content=\"Tempo estimado de leitura\" \/>\n\t<meta name=\"twitter:data1\" content=\"3 minutos\" \/>\n<script type=\"application\/ld+json\" class=\"yoast-schema-graph\">{\"@context\":\"https:\\\/\\\/schema.org\",\"@graph\":[{\"@type\":\"Article\",\"@id\":\"https:\\\/\\\/loginfo24.com\\\/pt-pt\\\/2021\\\/09\\\/15\\\/congresso-alemao-de-logistica-da-bvl-de-20-a-22-de-outubro\\\/#article\",\"isPartOf\":{\"@id\":\"https:\\\/\\\/loginfo24.com\\\/pt-pt\\\/2021\\\/09\\\/15\\\/congresso-alemao-de-logistica-da-bvl-de-20-a-22-de-outubro\\\/\"},\"author\":{\"name\":\"\",\"@id\":\"\"},\"headline\":\"Congresso Alem\u00e3o de Log\u00edstica da BVL de 20 a 22 de Outubro\",\"datePublished\":\"2021-09-15T16:53:42+00:00\",\"mainEntityOfPage\":{\"@id\":\"https:\\\/\\\/loginfo24.com\\\/pt-pt\\\/2021\\\/09\\\/15\\\/congresso-alemao-de-logistica-da-bvl-de-20-a-22-de-outubro\\\/\"},\"wordCount\":656,\"commentCount\":0,\"publisher\":{\"@id\":\"https:\\\/\\\/loginfo24.com\\\/pt-pt\\\/#organization\"},\"articleSection\":[\"Forwarding &amp; Logistics\",\"Regions\"],\"inLanguage\":\"pt-PT\",\"potentialAction\":[{\"@type\":\"CommentAction\",\"name\":\"Comment\",\"target\":[\"https:\\\/\\\/loginfo24.com\\\/pt-pt\\\/2021\\\/09\\\/15\\\/congresso-alemao-de-logistica-da-bvl-de-20-a-22-de-outubro\\\/#respond\"]}]},{\"@type\":\"WebPage\",\"@id\":\"https:\\\/\\\/loginfo24.com\\\/pt-pt\\\/2021\\\/09\\\/15\\\/congresso-alemao-de-logistica-da-bvl-de-20-a-22-de-outubro\\\/\",\"url\":\"https:\\\/\\\/loginfo24.com\\\/pt-pt\\\/2021\\\/09\\\/15\\\/congresso-alemao-de-logistica-da-bvl-de-20-a-22-de-outubro\\\/\",\"name\":\"Congresso Alem\u00e3o de Log\u00edstica da BVL de 20 a 22 de Outubro - Loginfo24\",\"isPartOf\":{\"@id\":\"https:\\\/\\\/loginfo24.com\\\/pt-pt\\\/#website\"},\"datePublished\":\"2021-09-15T16:53:42+00:00\",\"breadcrumb\":{\"@id\":\"https:\\\/\\\/loginfo24.com\\\/pt-pt\\\/2021\\\/09\\\/15\\\/congresso-alemao-de-logistica-da-bvl-de-20-a-22-de-outubro\\\/#breadcrumb\"},\"inLanguage\":\"pt-PT\",\"potentialAction\":[{\"@type\":\"ReadAction\",\"target\":[\"https:\\\/\\\/loginfo24.com\\\/pt-pt\\\/2021\\\/09\\\/15\\\/congresso-alemao-de-logistica-da-bvl-de-20-a-22-de-outubro\\\/\"]}]},{\"@type\":\"BreadcrumbList\",\"@id\":\"https:\\\/\\\/loginfo24.com\\\/pt-pt\\\/2021\\\/09\\\/15\\\/congresso-alemao-de-logistica-da-bvl-de-20-a-22-de-outubro\\\/#breadcrumb\",\"itemListElement\":[{\"@type\":\"ListItem\",\"position\":1,\"name\":\"Startseite\",\"item\":\"https:\\\/\\\/loginfo24.com\\\/pt-pt\\\/\"},{\"@type\":\"ListItem\",\"position\":2,\"name\":\"Congresso Alem\u00e3o de Log\u00edstica da BVL de 20 a 22 de Outubro\"}]},{\"@type\":\"WebSite\",\"@id\":\"https:\\\/\\\/loginfo24.com\\\/pt-pt\\\/#website\",\"url\":\"https:\\\/\\\/loginfo24.com\\\/pt-pt\\\/\",\"name\":\"Loginfo24\",\"description\":\"Loginfo24 \u00e9 a plataforma dedicada \u00e0 log\u00edstica e \u00e0s cadeias de abastecimento, com informa\u00e7\u00f5es dispon\u00edveis 24 horas por dia.\",\"publisher\":{\"@id\":\"https:\\\/\\\/loginfo24.com\\\/pt-pt\\\/#organization\"},\"potentialAction\":[{\"@type\":\"SearchAction\",\"target\":{\"@type\":\"EntryPoint\",\"urlTemplate\":\"https:\\\/\\\/loginfo24.com\\\/pt-pt\\\/?s={search_term_string}\"},\"query-input\":{\"@type\":\"PropertyValueSpecification\",\"valueRequired\":true,\"valueName\":\"search_term_string\"}}],\"inLanguage\":\"pt-PT\"},{\"@type\":\"Organization\",\"@id\":\"https:\\\/\\\/loginfo24.com\\\/pt-pt\\\/#organization\",\"name\":\"Logismedia Group AG\",\"url\":\"https:\\\/\\\/loginfo24.com\\\/pt-pt\\\/\",\"logo\":{\"@type\":\"ImageObject\",\"inLanguage\":\"pt-PT\",\"@id\":\"https:\\\/\\\/loginfo24.com\\\/pt-pt\\\/#\\\/schema\\\/logo\\\/image\\\/\",\"url\":\"https:\\\/\\\/loginfo24.com\\\/wp-content\\\/uploads\\\/sites\\\/7\\\/2026\\\/01\\\/Logo_LogInfo24.png\",\"contentUrl\":\"https:\\\/\\\/loginfo24.com\\\/wp-content\\\/uploads\\\/sites\\\/7\\\/2026\\\/01\\\/Logo_LogInfo24.png\",\"width\":938,\"height\":351,\"caption\":\"Logismedia Group AG\"},\"image\":{\"@id\":\"https:\\\/\\\/loginfo24.com\\\/pt-pt\\\/#\\\/schema\\\/logo\\\/image\\\/\"},\"sameAs\":[\"https:\\\/\\\/www.facebook.com\\\/people\\\/Loginfo24\\\/100057360583332\\\/\",\"https:\\\/\\\/www.linkedin.com\\\/company\\\/lofinfo24\\\/\"]}]}<\/script>\n<!-- \/ Yoast SEO plugin. -->","yoast_head_json":{"title":"Congresso Alem\u00e3o de Log\u00edstica da BVL de 20 a 22 de Outubro - Loginfo24","robots":{"index":"index","follow":"follow","max-snippet":"max-snippet:-1","max-image-preview":"max-image-preview:large","max-video-preview":"max-video-preview:-1"},"canonical":"https:\/\/loginfo24.com\/pt-pt\/2021\/09\/15\/congresso-alemao-de-logistica-da-bvl-de-20-a-22-de-outubro\/","og_locale":"pt_PT","og_type":"article","og_title":"Congresso Alem\u00e3o de Log\u00edstica da BVL de 20 a 22 de Outubro - Loginfo24","og_description":"O Congresso Alem\u00e3o de Log\u00edstica de 20 a 22 de Outubro n\u00e3o ocorrer\u00e1 apenas digitalmente na internet, mas como um evento h\u00edbrido \u2013 com uma parte [\u2026]","og_url":"https:\/\/loginfo24.com\/pt-pt\/2021\/09\/15\/congresso-alemao-de-logistica-da-bvl-de-20-a-22-de-outubro\/","og_site_name":"Loginfo24","article_publisher":"https:\/\/www.facebook.com\/people\/Loginfo24\/100057360583332\/","article_published_time":"2021-09-15T16:53:42+00:00","twitter_card":"summary_large_image","twitter_misc":{"Tempo estimado de leitura":"3 minutos"},"schema":{"@context":"https:\/\/schema.org","@graph":[{"@type":"Article","@id":"https:\/\/loginfo24.com\/pt-pt\/2021\/09\/15\/congresso-alemao-de-logistica-da-bvl-de-20-a-22-de-outubro\/#article","isPartOf":{"@id":"https:\/\/loginfo24.com\/pt-pt\/2021\/09\/15\/congresso-alemao-de-logistica-da-bvl-de-20-a-22-de-outubro\/"},"author":{"name":"","@id":""},"headline":"Congresso Alem\u00e3o de Log\u00edstica da BVL de 20 a 22 de Outubro","datePublished":"2021-09-15T16:53:42+00:00","mainEntityOfPage":{"@id":"https:\/\/loginfo24.com\/pt-pt\/2021\/09\/15\/congresso-alemao-de-logistica-da-bvl-de-20-a-22-de-outubro\/"},"wordCount":656,"commentCount":0,"publisher":{"@id":"https:\/\/loginfo24.com\/pt-pt\/#organization"},"articleSection":["Forwarding &amp; Logistics","Regions"],"inLanguage":"pt-PT","potentialAction":[{"@type":"CommentAction","name":"Comment","target":["https:\/\/loginfo24.com\/pt-pt\/2021\/09\/15\/congresso-alemao-de-logistica-da-bvl-de-20-a-22-de-outubro\/#respond"]}]},{"@type":"WebPage","@id":"https:\/\/loginfo24.com\/pt-pt\/2021\/09\/15\/congresso-alemao-de-logistica-da-bvl-de-20-a-22-de-outubro\/","url":"https:\/\/loginfo24.com\/pt-pt\/2021\/09\/15\/congresso-alemao-de-logistica-da-bvl-de-20-a-22-de-outubro\/","name":"Congresso Alem\u00e3o de Log\u00edstica da BVL de 20 a 22 de Outubro - Loginfo24","isPartOf":{"@id":"https:\/\/loginfo24.com\/pt-pt\/#website"},"datePublished":"2021-09-15T16:53:42+00:00","breadcrumb":{"@id":"https:\/\/loginfo24.com\/pt-pt\/2021\/09\/15\/congresso-alemao-de-logistica-da-bvl-de-20-a-22-de-outubro\/#breadcrumb"},"inLanguage":"pt-PT","potentialAction":[{"@type":"ReadAction","target":["https:\/\/loginfo24.com\/pt-pt\/2021\/09\/15\/congresso-alemao-de-logistica-da-bvl-de-20-a-22-de-outubro\/"]}]},{"@type":"BreadcrumbList","@id":"https:\/\/loginfo24.com\/pt-pt\/2021\/09\/15\/congresso-alemao-de-logistica-da-bvl-de-20-a-22-de-outubro\/#breadcrumb","itemListElement":[{"@type":"ListItem","position":1,"name":"Startseite","item":"https:\/\/loginfo24.com\/pt-pt\/"},{"@type":"ListItem","position":2,"name":"Congresso Alem\u00e3o de Log\u00edstica da BVL de 20 a 22 de Outubro"}]},{"@type":"WebSite","@id":"https:\/\/loginfo24.com\/pt-pt\/#website","url":"https:\/\/loginfo24.com\/pt-pt\/","name":"Loginfo24","description":"Loginfo24 \u00e9 a plataforma dedicada \u00e0 log\u00edstica e \u00e0s cadeias de abastecimento, com informa\u00e7\u00f5es dispon\u00edveis 24 horas por dia.","publisher":{"@id":"https:\/\/loginfo24.com\/pt-pt\/#organization"},"potentialAction":[{"@type":"SearchAction","target":{"@type":"EntryPoint","urlTemplate":"https:\/\/loginfo24.com\/pt-pt\/?s={search_term_string}"},"query-input":{"@type":"PropertyValueSpecification","valueRequired":true,"valueName":"search_term_string"}}],"inLanguage":"pt-PT"},{"@type":"Organization","@id":"https:\/\/loginfo24.com\/pt-pt\/#organization","name":"Logismedia Group AG","url":"https:\/\/loginfo24.com\/pt-pt\/","logo":{"@type":"ImageObject","inLanguage":"pt-PT","@id":"https:\/\/loginfo24.com\/pt-pt\/#\/schema\/logo\/image\/","url":"https:\/\/loginfo24.com\/wp-content\/uploads\/sites\/7\/2026\/01\/Logo_LogInfo24.png","contentUrl":"https:\/\/loginfo24.com\/wp-content\/uploads\/sites\/7\/2026\/01\/Logo_LogInfo24.png","width":938,"height":351,"caption":"Logismedia Group AG"},"image":{"@id":"https:\/\/loginfo24.com\/pt-pt\/#\/schema\/logo\/image\/"},"sameAs":["https:\/\/www.facebook.com\/people\/Loginfo24\/100057360583332\/","https:\/\/www.linkedin.com\/company\/lofinfo24\/"]}]}},"_links":{"self":[{"href":"https:\/\/loginfo24.com\/pt-pt\/wp-json\/wp\/v2\/posts\/51978","targetHints":{"allow":["GET"]}}],"collection":[{"href":"https:\/\/loginfo24.com\/pt-pt\/wp-json\/wp\/v2\/posts"}],"about":[{"href":"https:\/\/loginfo24.com\/pt-pt\/wp-json\/wp\/v2\/types\/post"}],"replies":[{"embeddable":true,"href":"https:\/\/loginfo24.com\/pt-pt\/wp-json\/wp\/v2\/comments?post=51978"}],"version-history":[{"count":0,"href":"https:\/\/loginfo24.com\/pt-pt\/wp-json\/wp\/v2\/posts\/51978\/revisions"}],"wp:attachment":[{"href":"https:\/\/loginfo24.com\/pt-pt\/wp-json\/wp\/v2\/media?parent=51978"}],"wp:term":[{"taxonomy":"category","embeddable":true,"href":"https:\/\/loginfo24.com\/pt-pt\/wp-json\/wp\/v2\/categories?post=51978"},{"taxonomy":"post_tag","embeddable":true,"href":"https:\/\/loginfo24.com\/pt-pt\/wp-json\/wp\/v2\/tags?post=51978"}],"curies":[{"name":"wp","href":"https:\/\/api.w.org\/{rel}","templated":true}]}}