{"id":51733,"date":"2021-09-08T17:07:48","date_gmt":"2021-09-08T15:07:48","guid":{"rendered":"https:\/\/blog.brand-architecture.at\/2021\/09\/08\/primeiro-comboio-de-reboque-de-curtici-no-trailerport-alberthafen-dresden\/"},"modified":"2021-09-08T17:07:48","modified_gmt":"2021-09-08T15:07:48","slug":"primeiro-comboio-de-reboque-de-curtici-no-trailerport-alberthafen-dresden","status":"publish","type":"post","link":"https:\/\/loginfo24.com\/pt-pt\/2021\/09\/08\/primeiro-comboio-de-reboque-de-curtici-no-trailerport-alberthafen-dresden\/","title":{"rendered":"Primeiro comboio de reboque de Curtici no TrailerPort Alberthafen Dresden"},"content":{"rendered":"<p>A Secret\u00e1ria de Estado da Digitaliza\u00e7\u00e3o e Mobilidade da Sax\u00f4nia, Ines Fr\u00f6hlich, recebeu hoje o primeiro comboio de reboque de Curtici (RO) no TrailerPort Alberthafen Dresden. Desde o in\u00edcio do ano, a Saxon Inland Ports Oberelbe GmbH (SBO) carrega diariamente semirreboques (trailers) para a ferrovia em dire\u00e7\u00e3o a Rostock e, em seguida, rumo \u00e0 Escandin\u00e1via.<\/p>\n<p>(Dresden) A oferta no porto de Alberthafen em Dresden agora \u00e9 ampliada com a rota Dresden-Curtici. O operador dos comboios de reboque \u00e9 a LKW Walter Internationale Transportorganisation AG, com sede na \u00c1ustria. A Secret\u00e1ria de Estado Ines Fr\u00f6hlich afirmou: &#8220;Aumentar o transporte de mercadorias da estrada para a ferrovia \u00e9 um componente importante da mudan\u00e7a no transporte e no clima. Isso alivia as autoestradas e \u00e9 extremamente amigo do clima em compara\u00e7\u00e3o. Portanto, estou muito feliz com o empenho da SBO, juntamente com a LKW Walter, em oferecer \u00e0s empresas de log\u00edstica aqui no TrailerPort uma alternativa economicamente vi\u00e1vel ao transporte rodovi\u00e1rio de mercadorias. A nova conex\u00e3o agora cria uma liga\u00e7\u00e3o da regi\u00e3o sul da Escandin\u00e1via com os Estados B\u00e1lticos e conecta a Europa mais uma vez.&#8221; <\/p>\n<h5><strong>Nove comboios de reboque por semana<\/strong><\/h5>\n<p> No TrailerPort Alberthafen Dresden, agora s\u00e3o carregados um total de nove comboios de reboque por semana: 7x Dresden-Rostock, 2x Dresden-Curtici. Assim, as regi\u00f5es do sul da Su\u00e9cia e da Dinamarca est\u00e3o diretamente ligadas \u00e0 Sax\u00f4nia, Rep\u00fablica Checa e Rom\u00eania. &#8220;Estamos felizes que, com a nova conex\u00e3o Dresden-Curtici, o sudeste da Europa tamb\u00e9m obtenha uma liga\u00e7\u00e3o ferrovi\u00e1ria direta para a regi\u00e3o B\u00e1ltica atrav\u00e9s da Sax\u00f4nia&#8221;, disse o diretor executivo da SBO, Heiko Loroff. &#8220;Ao mesmo tempo, podemos complementar os tr\u00e1fegos cruzados de leste-oeste com a rela\u00e7\u00e3o sul da Europa a partir de Dresden.&#8221; <\/p>\n<h5><strong>Contexto<\/strong><\/h5>\n<p> No final de 2019, a SBO, no \u00e2mbito do projeto da UE CorCap*, no qual tamb\u00e9m o Estado Livre da Sax\u00f4nia e a SBO com sua subsidi\u00e1ria checa CSP colaboram como parceiros do projeto, entrou em contato com a empresa LKW Walter, que tamb\u00e9m estava envolvida como parceira do projeto. Juntos, conseguiram desenvolver a ideia de um TrailerPort, que foi implementada na pr\u00e1tica desde janeiro de 2021. Al\u00e9m da utiliza\u00e7\u00e3o da infraestrutura existente, a SBO investiu cerca de 500.000 euros de recursos pr\u00f3prios nas \u00e1reas de TI, despacho, disponibiliza\u00e7\u00e3o de \u00e1reas e tecnologia de manuseio. <em>*CorCap \u00e9 um sin\u00f4nimo para \u201cCapitalising TEN-T corridors for regional development and logistics\u201d e trata da melhoria das conex\u00f5es de transporte no corredor Orient\/East-Med (OEM), que no sistema de transporte transeuropeu TEN-V, entre outros, se estende dos portos mar\u00edtimos e interiores alem\u00e3es atrav\u00e9s da Rep\u00fablica Checa e da Eslov\u00e1quia at\u00e9 a Hungria. O projeto come\u00e7ou em abril de 2019 e dever\u00e1 ser conclu\u00eddo em 2022. O corredor OEM conecta a Europa Central e Sudeste. Devido aos gargalos que se aproximam na se\u00e7\u00e3o Dresden-Praga e \u00e0 capacidade limitada ao longo de corredores alternativos do TEN-V, que s\u00e3o operados atrav\u00e9s do n\u00f3 de Viena, s\u00e3o necess\u00e1rias medidas urgentes para melhorar o acesso multimodal aos transportes ferrovi\u00e1rios e fluviais.<\/em> <br \/>Foto: \u00a9 S\u00e4chsische Binnenh\u00e4fen Oberelbe GmbH<\/p>\n","protected":false},"excerpt":{"rendered":"<p>A Secret\u00e1ria de Estado da Digitaliza\u00e7\u00e3o e Mobilidade da Sax\u00f4nia, Ines Fr\u00f6hlich, recebeu hoje o primeiro comboio de reboque de Curtici (RO) no TrailerPort Alberthafen Dresden.<span class=\"excerpt-hellip\"> [\u2026]<\/span><\/p>\n","protected":false},"author":0,"featured_media":0,"comment_status":"open","ping_status":"open","sticky":false,"template":"","format":"standard","meta":{"_acf_changed":false,"footnotes":""},"categories":[1557,1561,1559],"tags":[],"class_list":["post-51733","post","type-post","status-publish","format-standard","hentry","category-forwarding-logistics","category-regions","category-shipping-ports"],"acf":[],"yoast_head":"<!-- This site is optimized with the Yoast SEO plugin v27.3 - https:\/\/yoast.com\/product\/yoast-seo-wordpress\/ -->\n<title>Primeiro comboio de reboque de Curtici no TrailerPort Alberthafen Dresden - Loginfo24<\/title>\n<meta name=\"robots\" content=\"index, follow, max-snippet:-1, max-image-preview:large, max-video-preview:-1\" \/>\n<link rel=\"canonical\" href=\"https:\/\/loginfo24.com\/pt-pt\/2021\/09\/08\/primeiro-comboio-de-reboque-de-curtici-no-trailerport-alberthafen-dresden\/\" \/>\n<meta property=\"og:locale\" content=\"pt_PT\" \/>\n<meta property=\"og:type\" content=\"article\" \/>\n<meta property=\"og:title\" content=\"Primeiro comboio de reboque de Curtici no TrailerPort Alberthafen Dresden - Loginfo24\" \/>\n<meta property=\"og:description\" content=\"A Secret\u00e1ria de Estado da Digitaliza\u00e7\u00e3o e Mobilidade da Sax\u00f4nia, Ines Fr\u00f6hlich, recebeu hoje o primeiro comboio de reboque de Curtici (RO) no TrailerPort Alberthafen Dresden. [\u2026]\" \/>\n<meta property=\"og:url\" content=\"https:\/\/loginfo24.com\/pt-pt\/2021\/09\/08\/primeiro-comboio-de-reboque-de-curtici-no-trailerport-alberthafen-dresden\/\" \/>\n<meta property=\"og:site_name\" content=\"Loginfo24\" \/>\n<meta property=\"article:publisher\" content=\"https:\/\/www.facebook.com\/people\/Loginfo24\/100057360583332\/\" \/>\n<meta property=\"article:published_time\" content=\"2021-09-08T15:07:48+00:00\" \/>\n<meta name=\"twitter:card\" content=\"summary_large_image\" \/>\n<meta name=\"twitter:label1\" content=\"Tempo estimado de leitura\" \/>\n\t<meta name=\"twitter:data1\" content=\"3 minutos\" \/>\n<script type=\"application\/ld+json\" class=\"yoast-schema-graph\">{\"@context\":\"https:\\\/\\\/schema.org\",\"@graph\":[{\"@type\":\"Article\",\"@id\":\"https:\\\/\\\/loginfo24.com\\\/pt-pt\\\/2021\\\/09\\\/08\\\/primeiro-comboio-de-reboque-de-curtici-no-trailerport-alberthafen-dresden\\\/#article\",\"isPartOf\":{\"@id\":\"https:\\\/\\\/loginfo24.com\\\/pt-pt\\\/2021\\\/09\\\/08\\\/primeiro-comboio-de-reboque-de-curtici-no-trailerport-alberthafen-dresden\\\/\"},\"author\":{\"name\":\"\",\"@id\":\"\"},\"headline\":\"Primeiro comboio de reboque de Curtici no TrailerPort Alberthafen Dresden\",\"datePublished\":\"2021-09-08T15:07:48+00:00\",\"mainEntityOfPage\":{\"@id\":\"https:\\\/\\\/loginfo24.com\\\/pt-pt\\\/2021\\\/09\\\/08\\\/primeiro-comboio-de-reboque-de-curtici-no-trailerport-alberthafen-dresden\\\/\"},\"wordCount\":558,\"commentCount\":0,\"publisher\":{\"@id\":\"https:\\\/\\\/loginfo24.com\\\/pt-pt\\\/#organization\"},\"articleSection\":[\"Forwarding &amp; Logistics\",\"Regions\",\"Shipping &amp; Ports\"],\"inLanguage\":\"pt-PT\",\"potentialAction\":[{\"@type\":\"CommentAction\",\"name\":\"Comment\",\"target\":[\"https:\\\/\\\/loginfo24.com\\\/pt-pt\\\/2021\\\/09\\\/08\\\/primeiro-comboio-de-reboque-de-curtici-no-trailerport-alberthafen-dresden\\\/#respond\"]}]},{\"@type\":\"WebPage\",\"@id\":\"https:\\\/\\\/loginfo24.com\\\/pt-pt\\\/2021\\\/09\\\/08\\\/primeiro-comboio-de-reboque-de-curtici-no-trailerport-alberthafen-dresden\\\/\",\"url\":\"https:\\\/\\\/loginfo24.com\\\/pt-pt\\\/2021\\\/09\\\/08\\\/primeiro-comboio-de-reboque-de-curtici-no-trailerport-alberthafen-dresden\\\/\",\"name\":\"Primeiro comboio de reboque de Curtici no TrailerPort Alberthafen Dresden - Loginfo24\",\"isPartOf\":{\"@id\":\"https:\\\/\\\/loginfo24.com\\\/pt-pt\\\/#website\"},\"datePublished\":\"2021-09-08T15:07:48+00:00\",\"breadcrumb\":{\"@id\":\"https:\\\/\\\/loginfo24.com\\\/pt-pt\\\/2021\\\/09\\\/08\\\/primeiro-comboio-de-reboque-de-curtici-no-trailerport-alberthafen-dresden\\\/#breadcrumb\"},\"inLanguage\":\"pt-PT\",\"potentialAction\":[{\"@type\":\"ReadAction\",\"target\":[\"https:\\\/\\\/loginfo24.com\\\/pt-pt\\\/2021\\\/09\\\/08\\\/primeiro-comboio-de-reboque-de-curtici-no-trailerport-alberthafen-dresden\\\/\"]}]},{\"@type\":\"BreadcrumbList\",\"@id\":\"https:\\\/\\\/loginfo24.com\\\/pt-pt\\\/2021\\\/09\\\/08\\\/primeiro-comboio-de-reboque-de-curtici-no-trailerport-alberthafen-dresden\\\/#breadcrumb\",\"itemListElement\":[{\"@type\":\"ListItem\",\"position\":1,\"name\":\"Startseite\",\"item\":\"https:\\\/\\\/loginfo24.com\\\/pt-pt\\\/\"},{\"@type\":\"ListItem\",\"position\":2,\"name\":\"Primeiro comboio de reboque de Curtici no TrailerPort Alberthafen Dresden\"}]},{\"@type\":\"WebSite\",\"@id\":\"https:\\\/\\\/loginfo24.com\\\/pt-pt\\\/#website\",\"url\":\"https:\\\/\\\/loginfo24.com\\\/pt-pt\\\/\",\"name\":\"Loginfo24\",\"description\":\"Loginfo24 \u00e9 a plataforma dedicada \u00e0 log\u00edstica e \u00e0s cadeias de abastecimento, com informa\u00e7\u00f5es dispon\u00edveis 24 horas por dia.\",\"publisher\":{\"@id\":\"https:\\\/\\\/loginfo24.com\\\/pt-pt\\\/#organization\"},\"potentialAction\":[{\"@type\":\"SearchAction\",\"target\":{\"@type\":\"EntryPoint\",\"urlTemplate\":\"https:\\\/\\\/loginfo24.com\\\/pt-pt\\\/?s={search_term_string}\"},\"query-input\":{\"@type\":\"PropertyValueSpecification\",\"valueRequired\":true,\"valueName\":\"search_term_string\"}}],\"inLanguage\":\"pt-PT\"},{\"@type\":\"Organization\",\"@id\":\"https:\\\/\\\/loginfo24.com\\\/pt-pt\\\/#organization\",\"name\":\"Logismedia Group AG\",\"url\":\"https:\\\/\\\/loginfo24.com\\\/pt-pt\\\/\",\"logo\":{\"@type\":\"ImageObject\",\"inLanguage\":\"pt-PT\",\"@id\":\"https:\\\/\\\/loginfo24.com\\\/pt-pt\\\/#\\\/schema\\\/logo\\\/image\\\/\",\"url\":\"https:\\\/\\\/loginfo24.com\\\/wp-content\\\/uploads\\\/sites\\\/7\\\/2026\\\/01\\\/Logo_LogInfo24.png\",\"contentUrl\":\"https:\\\/\\\/loginfo24.com\\\/wp-content\\\/uploads\\\/sites\\\/7\\\/2026\\\/01\\\/Logo_LogInfo24.png\",\"width\":938,\"height\":351,\"caption\":\"Logismedia Group AG\"},\"image\":{\"@id\":\"https:\\\/\\\/loginfo24.com\\\/pt-pt\\\/#\\\/schema\\\/logo\\\/image\\\/\"},\"sameAs\":[\"https:\\\/\\\/www.facebook.com\\\/people\\\/Loginfo24\\\/100057360583332\\\/\",\"https:\\\/\\\/www.linkedin.com\\\/company\\\/lofinfo24\\\/\"]}]}<\/script>\n<!-- \/ Yoast SEO plugin. -->","yoast_head_json":{"title":"Primeiro comboio de reboque de Curtici no TrailerPort Alberthafen Dresden - Loginfo24","robots":{"index":"index","follow":"follow","max-snippet":"max-snippet:-1","max-image-preview":"max-image-preview:large","max-video-preview":"max-video-preview:-1"},"canonical":"https:\/\/loginfo24.com\/pt-pt\/2021\/09\/08\/primeiro-comboio-de-reboque-de-curtici-no-trailerport-alberthafen-dresden\/","og_locale":"pt_PT","og_type":"article","og_title":"Primeiro comboio de reboque de Curtici no TrailerPort Alberthafen Dresden - Loginfo24","og_description":"A Secret\u00e1ria de Estado da Digitaliza\u00e7\u00e3o e Mobilidade da Sax\u00f4nia, Ines Fr\u00f6hlich, recebeu hoje o primeiro comboio de reboque de Curtici (RO) no TrailerPort Alberthafen Dresden. [\u2026]","og_url":"https:\/\/loginfo24.com\/pt-pt\/2021\/09\/08\/primeiro-comboio-de-reboque-de-curtici-no-trailerport-alberthafen-dresden\/","og_site_name":"Loginfo24","article_publisher":"https:\/\/www.facebook.com\/people\/Loginfo24\/100057360583332\/","article_published_time":"2021-09-08T15:07:48+00:00","twitter_card":"summary_large_image","twitter_misc":{"Tempo estimado de leitura":"3 minutos"},"schema":{"@context":"https:\/\/schema.org","@graph":[{"@type":"Article","@id":"https:\/\/loginfo24.com\/pt-pt\/2021\/09\/08\/primeiro-comboio-de-reboque-de-curtici-no-trailerport-alberthafen-dresden\/#article","isPartOf":{"@id":"https:\/\/loginfo24.com\/pt-pt\/2021\/09\/08\/primeiro-comboio-de-reboque-de-curtici-no-trailerport-alberthafen-dresden\/"},"author":{"name":"","@id":""},"headline":"Primeiro comboio de reboque de Curtici no TrailerPort Alberthafen Dresden","datePublished":"2021-09-08T15:07:48+00:00","mainEntityOfPage":{"@id":"https:\/\/loginfo24.com\/pt-pt\/2021\/09\/08\/primeiro-comboio-de-reboque-de-curtici-no-trailerport-alberthafen-dresden\/"},"wordCount":558,"commentCount":0,"publisher":{"@id":"https:\/\/loginfo24.com\/pt-pt\/#organization"},"articleSection":["Forwarding &amp; Logistics","Regions","Shipping &amp; Ports"],"inLanguage":"pt-PT","potentialAction":[{"@type":"CommentAction","name":"Comment","target":["https:\/\/loginfo24.com\/pt-pt\/2021\/09\/08\/primeiro-comboio-de-reboque-de-curtici-no-trailerport-alberthafen-dresden\/#respond"]}]},{"@type":"WebPage","@id":"https:\/\/loginfo24.com\/pt-pt\/2021\/09\/08\/primeiro-comboio-de-reboque-de-curtici-no-trailerport-alberthafen-dresden\/","url":"https:\/\/loginfo24.com\/pt-pt\/2021\/09\/08\/primeiro-comboio-de-reboque-de-curtici-no-trailerport-alberthafen-dresden\/","name":"Primeiro comboio de reboque de Curtici no TrailerPort Alberthafen Dresden - Loginfo24","isPartOf":{"@id":"https:\/\/loginfo24.com\/pt-pt\/#website"},"datePublished":"2021-09-08T15:07:48+00:00","breadcrumb":{"@id":"https:\/\/loginfo24.com\/pt-pt\/2021\/09\/08\/primeiro-comboio-de-reboque-de-curtici-no-trailerport-alberthafen-dresden\/#breadcrumb"},"inLanguage":"pt-PT","potentialAction":[{"@type":"ReadAction","target":["https:\/\/loginfo24.com\/pt-pt\/2021\/09\/08\/primeiro-comboio-de-reboque-de-curtici-no-trailerport-alberthafen-dresden\/"]}]},{"@type":"BreadcrumbList","@id":"https:\/\/loginfo24.com\/pt-pt\/2021\/09\/08\/primeiro-comboio-de-reboque-de-curtici-no-trailerport-alberthafen-dresden\/#breadcrumb","itemListElement":[{"@type":"ListItem","position":1,"name":"Startseite","item":"https:\/\/loginfo24.com\/pt-pt\/"},{"@type":"ListItem","position":2,"name":"Primeiro comboio de reboque de Curtici no TrailerPort Alberthafen Dresden"}]},{"@type":"WebSite","@id":"https:\/\/loginfo24.com\/pt-pt\/#website","url":"https:\/\/loginfo24.com\/pt-pt\/","name":"Loginfo24","description":"Loginfo24 \u00e9 a plataforma dedicada \u00e0 log\u00edstica e \u00e0s cadeias de abastecimento, com informa\u00e7\u00f5es dispon\u00edveis 24 horas por dia.","publisher":{"@id":"https:\/\/loginfo24.com\/pt-pt\/#organization"},"potentialAction":[{"@type":"SearchAction","target":{"@type":"EntryPoint","urlTemplate":"https:\/\/loginfo24.com\/pt-pt\/?s={search_term_string}"},"query-input":{"@type":"PropertyValueSpecification","valueRequired":true,"valueName":"search_term_string"}}],"inLanguage":"pt-PT"},{"@type":"Organization","@id":"https:\/\/loginfo24.com\/pt-pt\/#organization","name":"Logismedia Group AG","url":"https:\/\/loginfo24.com\/pt-pt\/","logo":{"@type":"ImageObject","inLanguage":"pt-PT","@id":"https:\/\/loginfo24.com\/pt-pt\/#\/schema\/logo\/image\/","url":"https:\/\/loginfo24.com\/wp-content\/uploads\/sites\/7\/2026\/01\/Logo_LogInfo24.png","contentUrl":"https:\/\/loginfo24.com\/wp-content\/uploads\/sites\/7\/2026\/01\/Logo_LogInfo24.png","width":938,"height":351,"caption":"Logismedia Group AG"},"image":{"@id":"https:\/\/loginfo24.com\/pt-pt\/#\/schema\/logo\/image\/"},"sameAs":["https:\/\/www.facebook.com\/people\/Loginfo24\/100057360583332\/","https:\/\/www.linkedin.com\/company\/lofinfo24\/"]}]}},"_links":{"self":[{"href":"https:\/\/loginfo24.com\/pt-pt\/wp-json\/wp\/v2\/posts\/51733","targetHints":{"allow":["GET"]}}],"collection":[{"href":"https:\/\/loginfo24.com\/pt-pt\/wp-json\/wp\/v2\/posts"}],"about":[{"href":"https:\/\/loginfo24.com\/pt-pt\/wp-json\/wp\/v2\/types\/post"}],"replies":[{"embeddable":true,"href":"https:\/\/loginfo24.com\/pt-pt\/wp-json\/wp\/v2\/comments?post=51733"}],"version-history":[{"count":0,"href":"https:\/\/loginfo24.com\/pt-pt\/wp-json\/wp\/v2\/posts\/51733\/revisions"}],"wp:attachment":[{"href":"https:\/\/loginfo24.com\/pt-pt\/wp-json\/wp\/v2\/media?parent=51733"}],"wp:term":[{"taxonomy":"category","embeddable":true,"href":"https:\/\/loginfo24.com\/pt-pt\/wp-json\/wp\/v2\/categories?post=51733"},{"taxonomy":"post_tag","embeddable":true,"href":"https:\/\/loginfo24.com\/pt-pt\/wp-json\/wp\/v2\/tags?post=51733"}],"curies":[{"name":"wp","href":"https:\/\/api.w.org\/{rel}","templated":true}]}}