{"id":51661,"date":"2021-09-06T16:12:46","date_gmt":"2021-09-06T14:12:46","guid":{"rendered":"https:\/\/blog.brand-architecture.at\/2021\/09\/06\/o-porta-voz-do-conselho-volker-seefeldt-renuncia-ao-cargo-na-htag-de-colonia\/"},"modified":"2021-09-06T16:12:46","modified_gmt":"2021-09-06T14:12:46","slug":"o-porta-voz-do-conselho-volker-seefeldt-renuncia-ao-cargo-na-htag-de-colonia","status":"publish","type":"post","link":"https:\/\/loginfo24.com\/pt-pt\/2021\/09\/06\/o-porta-voz-do-conselho-volker-seefeldt-renuncia-ao-cargo-na-htag-de-colonia\/","title":{"rendered":"O porta-voz do conselho Volker Seefeldt renuncia ao cargo na HTAG de Col\u00f4nia"},"content":{"rendered":"<p>Ap\u00f3s 30 anos ao servi\u00e7o da sua empresa, Volker Seefeldt renuncia ao cargo de porta-voz do conselho da HTAG H\u00e4fen und Transport AG a partir de 30 de setembro de 2021 e sai do servi\u00e7o ativo. Esta decis\u00e3o foi tomada pelo homem de 64 anos em estreita coordena\u00e7\u00e3o com o conselho de supervis\u00e3o da HTAG. Andreas Grzib foi nomeado para o outro cargo de conselho da HTAG.<\/p>\n<p class=\"Default\"><span style=\"font-family: 'Cambria',serif\">(Col\u00f4nia) &#8220;Com a separa\u00e7\u00e3o planejada da \u00e1rea de navega\u00e7\u00e3o da HTAG no final do ano e a subsequente transfer\u00eancia da empresa para uma nova estrutura de propriedade na \u00e1rea de neg\u00f3cios da HGK Logistics and Intermodal, tanto a orienta\u00e7\u00e3o da empresa quanto a natureza da fun\u00e7\u00e3o de lideran\u00e7a mudar\u00e3o significativamente. Para mim, \u00e9 o momento perfeito para passar o bast\u00e3o \u00e0 pr\u00f3xima gera\u00e7\u00e3o ap\u00f3s 47 anos de uma carreira profissional bem-sucedida&#8221;, explica Volker Seefeldt sua decis\u00e3o.<\/span><\/p>\n<p class=\"Default\"><span style=\"font-family: 'Cambria',serif\">O experiente gerente tem uma longa carreira na \u00e1rea de navega\u00e7\u00e3o interior, transporte e log\u00edstica. Volker Seefeldt come\u00e7ou sua trajet\u00f3ria profissional em 1974 com um est\u00e1gio na Stinnes Reederei AG em Duisburg, onde permaneceu at\u00e9 1991. A partir da\u00ed, o economista (VWA) mudou-se para a HTAG, anteriormente Harpen Transport AG, onde ocupou v\u00e1rias posi\u00e7\u00f5es. Nos \u00faltimos 21 anos, ele esteve inicialmente como membro do conselho e desde 2011 como porta-voz do conselho da HTAG \u00e0 frente da empresa. Entre 2015 e 2019, Volker Seefeldt tamb\u00e9m liderou a subsidi\u00e1ria da HGK, neska, como presidente da administra\u00e7\u00e3o.<\/span><\/p>\n<h4><b><span style=\"font-family: 'Cambria',serif\">Agradecimento e reconhecimento pelos servi\u00e7os prestados<\/span><\/b><\/h4>\n<p class=\"Default\"><span style=\"font-family: 'Cambria',serif\">Volker Seefeldt tamb\u00e9m se envolve em v\u00e1rias associa\u00e7\u00f5es do setor. Desde 2003, ele foi membro do conselho e at\u00e9 maio de 2013 presidente da &#8220;Associa\u00e7\u00e3o dos Empregadores da Navega\u00e7\u00e3o Interior Alem\u00e3 e.V.&#8221; (AdB). No &#8220;Associa\u00e7\u00e3o Federal da Navega\u00e7\u00e3o Interior Alem\u00e3 e.V.&#8221; (BDB), ele \u00e9 membro do conselho desde 2008. Desde a fus\u00e3o do BDB com o AdB em 2013, Volker Seefeldt atua como vice-presidente do BDB. No &#8220;Clube para a Navega\u00e7\u00e3o Interior Europeia e Vias Naveg\u00e1veis e.V.&#8221;, ele ocupa o cargo de vice-presidente desde 2015. &#8220;Com Volker Seefeldt, uma personalidade marcante deixa o grupo HGK, que fez muito em sua empresa.<\/span><\/p>\n<p class=\"Default\"><span style=\"font-family: 'Cambria',serif\">Gra\u00e7as \u00e0 sua experi\u00eancia, a HTAG conseguiu se afirmar como um dos grandes players na log\u00edstica de granel&#8221;, explica Uwe Wedig, presidente do conselho da H\u00e4fen und G\u00fcterverkehr K\u00f6ln AG. &#8220;A HGK AG agradece imensamente ao Sr. Seefeldt por seus servi\u00e7os e deseja-lhe tudo de bom para o seu futuro&#8221;, acrescenta Uwe Wedig.<\/span><\/p>\n<p class=\"Default\"><span style=\"font-family: 'Cambria',serif\">Com efeito a partir de 3 de setembro de 2021, o conselho de supervis\u00e3o da HTAG nomeou Andreas Grzib para o outro cargo de conselho da HTAG. O homem de 54 anos exercer\u00e1 este mandato em adi\u00e7\u00e3o \u00e0s suas fun\u00e7\u00f5es como diretor-geral da neska Schiffahrts- und Speditions-kontor GmbH, uma empresa da \u00e1rea de log\u00edstica e intermodal da HGK.<\/span><\/p>\n<p class=\"Default\"><span style=\"font-family: 'Cambria',serif\">Foto: \u00a9 HTAG \/ <b><i>Legenda da imagem:<\/i><\/b><i> Mudan\u00e7as na lideran\u00e7a do conselho da HTAG: Volker Seefeldt (esquerda) renuncia. Andreas Grzib (direita) assume.<\/i><\/span><\/p>\n","protected":false},"excerpt":{"rendered":"<p>Ap\u00f3s 30 anos ao servi\u00e7o da sua empresa, Volker Seefeldt renuncia ao cargo de porta-voz do conselho da HTAG H\u00e4fen und Transport AG a partir de<span class=\"excerpt-hellip\"> [\u2026]<\/span><\/p>\n","protected":false},"author":0,"featured_media":0,"comment_status":"open","ping_status":"open","sticky":false,"template":"","format":"standard","meta":{"_acf_changed":false,"footnotes":""},"categories":[1557,1561,1559],"tags":[],"class_list":["post-51661","post","type-post","status-publish","format-standard","hentry","category-forwarding-logistics","category-regions","category-shipping-ports"],"acf":[],"yoast_head":"<!-- This site is optimized with the Yoast SEO plugin v27.3 - https:\/\/yoast.com\/product\/yoast-seo-wordpress\/ -->\n<title>O porta-voz do conselho Volker Seefeldt renuncia ao cargo na HTAG de Col\u00f4nia - Loginfo24<\/title>\n<meta name=\"robots\" content=\"index, follow, max-snippet:-1, max-image-preview:large, max-video-preview:-1\" \/>\n<link rel=\"canonical\" href=\"https:\/\/loginfo24.com\/pt-pt\/2021\/09\/06\/o-porta-voz-do-conselho-volker-seefeldt-renuncia-ao-cargo-na-htag-de-colonia\/\" \/>\n<meta property=\"og:locale\" content=\"pt_PT\" \/>\n<meta property=\"og:type\" content=\"article\" \/>\n<meta property=\"og:title\" content=\"O porta-voz do conselho Volker Seefeldt renuncia ao cargo na HTAG de Col\u00f4nia - Loginfo24\" \/>\n<meta property=\"og:description\" content=\"Ap\u00f3s 30 anos ao servi\u00e7o da sua empresa, Volker Seefeldt renuncia ao cargo de porta-voz do conselho da HTAG H\u00e4fen und Transport AG a partir de [\u2026]\" \/>\n<meta property=\"og:url\" content=\"https:\/\/loginfo24.com\/pt-pt\/2021\/09\/06\/o-porta-voz-do-conselho-volker-seefeldt-renuncia-ao-cargo-na-htag-de-colonia\/\" \/>\n<meta property=\"og:site_name\" content=\"Loginfo24\" \/>\n<meta property=\"article:publisher\" content=\"https:\/\/www.facebook.com\/people\/Loginfo24\/100057360583332\/\" \/>\n<meta property=\"article:published_time\" content=\"2021-09-06T14:12:46+00:00\" \/>\n<meta name=\"twitter:card\" content=\"summary_large_image\" \/>\n<meta name=\"twitter:label1\" content=\"Tempo estimado de leitura\" \/>\n\t<meta name=\"twitter:data1\" content=\"3 minutos\" \/>\n<script type=\"application\/ld+json\" class=\"yoast-schema-graph\">{\"@context\":\"https:\\\/\\\/schema.org\",\"@graph\":[{\"@type\":\"Article\",\"@id\":\"https:\\\/\\\/loginfo24.com\\\/pt-pt\\\/2021\\\/09\\\/06\\\/o-porta-voz-do-conselho-volker-seefeldt-renuncia-ao-cargo-na-htag-de-colonia\\\/#article\",\"isPartOf\":{\"@id\":\"https:\\\/\\\/loginfo24.com\\\/pt-pt\\\/2021\\\/09\\\/06\\\/o-porta-voz-do-conselho-volker-seefeldt-renuncia-ao-cargo-na-htag-de-colonia\\\/\"},\"author\":{\"name\":\"\",\"@id\":\"\"},\"headline\":\"O porta-voz do conselho Volker Seefeldt renuncia ao cargo na HTAG de Col\u00f4nia\",\"datePublished\":\"2021-09-06T14:12:46+00:00\",\"mainEntityOfPage\":{\"@id\":\"https:\\\/\\\/loginfo24.com\\\/pt-pt\\\/2021\\\/09\\\/06\\\/o-porta-voz-do-conselho-volker-seefeldt-renuncia-ao-cargo-na-htag-de-colonia\\\/\"},\"wordCount\":524,\"commentCount\":0,\"publisher\":{\"@id\":\"https:\\\/\\\/loginfo24.com\\\/pt-pt\\\/#organization\"},\"articleSection\":[\"Forwarding &amp; Logistics\",\"Regions\",\"Shipping &amp; Ports\"],\"inLanguage\":\"pt-PT\",\"potentialAction\":[{\"@type\":\"CommentAction\",\"name\":\"Comment\",\"target\":[\"https:\\\/\\\/loginfo24.com\\\/pt-pt\\\/2021\\\/09\\\/06\\\/o-porta-voz-do-conselho-volker-seefeldt-renuncia-ao-cargo-na-htag-de-colonia\\\/#respond\"]}]},{\"@type\":\"WebPage\",\"@id\":\"https:\\\/\\\/loginfo24.com\\\/pt-pt\\\/2021\\\/09\\\/06\\\/o-porta-voz-do-conselho-volker-seefeldt-renuncia-ao-cargo-na-htag-de-colonia\\\/\",\"url\":\"https:\\\/\\\/loginfo24.com\\\/pt-pt\\\/2021\\\/09\\\/06\\\/o-porta-voz-do-conselho-volker-seefeldt-renuncia-ao-cargo-na-htag-de-colonia\\\/\",\"name\":\"O porta-voz do conselho Volker Seefeldt renuncia ao cargo na HTAG de Col\u00f4nia - Loginfo24\",\"isPartOf\":{\"@id\":\"https:\\\/\\\/loginfo24.com\\\/pt-pt\\\/#website\"},\"datePublished\":\"2021-09-06T14:12:46+00:00\",\"breadcrumb\":{\"@id\":\"https:\\\/\\\/loginfo24.com\\\/pt-pt\\\/2021\\\/09\\\/06\\\/o-porta-voz-do-conselho-volker-seefeldt-renuncia-ao-cargo-na-htag-de-colonia\\\/#breadcrumb\"},\"inLanguage\":\"pt-PT\",\"potentialAction\":[{\"@type\":\"ReadAction\",\"target\":[\"https:\\\/\\\/loginfo24.com\\\/pt-pt\\\/2021\\\/09\\\/06\\\/o-porta-voz-do-conselho-volker-seefeldt-renuncia-ao-cargo-na-htag-de-colonia\\\/\"]}]},{\"@type\":\"BreadcrumbList\",\"@id\":\"https:\\\/\\\/loginfo24.com\\\/pt-pt\\\/2021\\\/09\\\/06\\\/o-porta-voz-do-conselho-volker-seefeldt-renuncia-ao-cargo-na-htag-de-colonia\\\/#breadcrumb\",\"itemListElement\":[{\"@type\":\"ListItem\",\"position\":1,\"name\":\"Startseite\",\"item\":\"https:\\\/\\\/loginfo24.com\\\/pt-pt\\\/\"},{\"@type\":\"ListItem\",\"position\":2,\"name\":\"O porta-voz do conselho Volker Seefeldt renuncia ao cargo na HTAG de Col\u00f4nia\"}]},{\"@type\":\"WebSite\",\"@id\":\"https:\\\/\\\/loginfo24.com\\\/pt-pt\\\/#website\",\"url\":\"https:\\\/\\\/loginfo24.com\\\/pt-pt\\\/\",\"name\":\"Loginfo24\",\"description\":\"Loginfo24 \u00e9 a plataforma dedicada \u00e0 log\u00edstica e \u00e0s cadeias de abastecimento, com informa\u00e7\u00f5es dispon\u00edveis 24 horas por dia.\",\"publisher\":{\"@id\":\"https:\\\/\\\/loginfo24.com\\\/pt-pt\\\/#organization\"},\"potentialAction\":[{\"@type\":\"SearchAction\",\"target\":{\"@type\":\"EntryPoint\",\"urlTemplate\":\"https:\\\/\\\/loginfo24.com\\\/pt-pt\\\/?s={search_term_string}\"},\"query-input\":{\"@type\":\"PropertyValueSpecification\",\"valueRequired\":true,\"valueName\":\"search_term_string\"}}],\"inLanguage\":\"pt-PT\"},{\"@type\":\"Organization\",\"@id\":\"https:\\\/\\\/loginfo24.com\\\/pt-pt\\\/#organization\",\"name\":\"Logismedia Group AG\",\"url\":\"https:\\\/\\\/loginfo24.com\\\/pt-pt\\\/\",\"logo\":{\"@type\":\"ImageObject\",\"inLanguage\":\"pt-PT\",\"@id\":\"https:\\\/\\\/loginfo24.com\\\/pt-pt\\\/#\\\/schema\\\/logo\\\/image\\\/\",\"url\":\"https:\\\/\\\/loginfo24.com\\\/wp-content\\\/uploads\\\/sites\\\/7\\\/2026\\\/01\\\/Logo_LogInfo24.png\",\"contentUrl\":\"https:\\\/\\\/loginfo24.com\\\/wp-content\\\/uploads\\\/sites\\\/7\\\/2026\\\/01\\\/Logo_LogInfo24.png\",\"width\":938,\"height\":351,\"caption\":\"Logismedia Group AG\"},\"image\":{\"@id\":\"https:\\\/\\\/loginfo24.com\\\/pt-pt\\\/#\\\/schema\\\/logo\\\/image\\\/\"},\"sameAs\":[\"https:\\\/\\\/www.facebook.com\\\/people\\\/Loginfo24\\\/100057360583332\\\/\",\"https:\\\/\\\/www.linkedin.com\\\/company\\\/lofinfo24\\\/\"]}]}<\/script>\n<!-- \/ Yoast SEO plugin. -->","yoast_head_json":{"title":"O porta-voz do conselho Volker Seefeldt renuncia ao cargo na HTAG de Col\u00f4nia - Loginfo24","robots":{"index":"index","follow":"follow","max-snippet":"max-snippet:-1","max-image-preview":"max-image-preview:large","max-video-preview":"max-video-preview:-1"},"canonical":"https:\/\/loginfo24.com\/pt-pt\/2021\/09\/06\/o-porta-voz-do-conselho-volker-seefeldt-renuncia-ao-cargo-na-htag-de-colonia\/","og_locale":"pt_PT","og_type":"article","og_title":"O porta-voz do conselho Volker Seefeldt renuncia ao cargo na HTAG de Col\u00f4nia - Loginfo24","og_description":"Ap\u00f3s 30 anos ao servi\u00e7o da sua empresa, Volker Seefeldt renuncia ao cargo de porta-voz do conselho da HTAG H\u00e4fen und Transport AG a partir de [\u2026]","og_url":"https:\/\/loginfo24.com\/pt-pt\/2021\/09\/06\/o-porta-voz-do-conselho-volker-seefeldt-renuncia-ao-cargo-na-htag-de-colonia\/","og_site_name":"Loginfo24","article_publisher":"https:\/\/www.facebook.com\/people\/Loginfo24\/100057360583332\/","article_published_time":"2021-09-06T14:12:46+00:00","twitter_card":"summary_large_image","twitter_misc":{"Tempo estimado de leitura":"3 minutos"},"schema":{"@context":"https:\/\/schema.org","@graph":[{"@type":"Article","@id":"https:\/\/loginfo24.com\/pt-pt\/2021\/09\/06\/o-porta-voz-do-conselho-volker-seefeldt-renuncia-ao-cargo-na-htag-de-colonia\/#article","isPartOf":{"@id":"https:\/\/loginfo24.com\/pt-pt\/2021\/09\/06\/o-porta-voz-do-conselho-volker-seefeldt-renuncia-ao-cargo-na-htag-de-colonia\/"},"author":{"name":"","@id":""},"headline":"O porta-voz do conselho Volker Seefeldt renuncia ao cargo na HTAG de Col\u00f4nia","datePublished":"2021-09-06T14:12:46+00:00","mainEntityOfPage":{"@id":"https:\/\/loginfo24.com\/pt-pt\/2021\/09\/06\/o-porta-voz-do-conselho-volker-seefeldt-renuncia-ao-cargo-na-htag-de-colonia\/"},"wordCount":524,"commentCount":0,"publisher":{"@id":"https:\/\/loginfo24.com\/pt-pt\/#organization"},"articleSection":["Forwarding &amp; Logistics","Regions","Shipping &amp; Ports"],"inLanguage":"pt-PT","potentialAction":[{"@type":"CommentAction","name":"Comment","target":["https:\/\/loginfo24.com\/pt-pt\/2021\/09\/06\/o-porta-voz-do-conselho-volker-seefeldt-renuncia-ao-cargo-na-htag-de-colonia\/#respond"]}]},{"@type":"WebPage","@id":"https:\/\/loginfo24.com\/pt-pt\/2021\/09\/06\/o-porta-voz-do-conselho-volker-seefeldt-renuncia-ao-cargo-na-htag-de-colonia\/","url":"https:\/\/loginfo24.com\/pt-pt\/2021\/09\/06\/o-porta-voz-do-conselho-volker-seefeldt-renuncia-ao-cargo-na-htag-de-colonia\/","name":"O porta-voz do conselho Volker Seefeldt renuncia ao cargo na HTAG de Col\u00f4nia - Loginfo24","isPartOf":{"@id":"https:\/\/loginfo24.com\/pt-pt\/#website"},"datePublished":"2021-09-06T14:12:46+00:00","breadcrumb":{"@id":"https:\/\/loginfo24.com\/pt-pt\/2021\/09\/06\/o-porta-voz-do-conselho-volker-seefeldt-renuncia-ao-cargo-na-htag-de-colonia\/#breadcrumb"},"inLanguage":"pt-PT","potentialAction":[{"@type":"ReadAction","target":["https:\/\/loginfo24.com\/pt-pt\/2021\/09\/06\/o-porta-voz-do-conselho-volker-seefeldt-renuncia-ao-cargo-na-htag-de-colonia\/"]}]},{"@type":"BreadcrumbList","@id":"https:\/\/loginfo24.com\/pt-pt\/2021\/09\/06\/o-porta-voz-do-conselho-volker-seefeldt-renuncia-ao-cargo-na-htag-de-colonia\/#breadcrumb","itemListElement":[{"@type":"ListItem","position":1,"name":"Startseite","item":"https:\/\/loginfo24.com\/pt-pt\/"},{"@type":"ListItem","position":2,"name":"O porta-voz do conselho Volker Seefeldt renuncia ao cargo na HTAG de Col\u00f4nia"}]},{"@type":"WebSite","@id":"https:\/\/loginfo24.com\/pt-pt\/#website","url":"https:\/\/loginfo24.com\/pt-pt\/","name":"Loginfo24","description":"Loginfo24 \u00e9 a plataforma dedicada \u00e0 log\u00edstica e \u00e0s cadeias de abastecimento, com informa\u00e7\u00f5es dispon\u00edveis 24 horas por dia.","publisher":{"@id":"https:\/\/loginfo24.com\/pt-pt\/#organization"},"potentialAction":[{"@type":"SearchAction","target":{"@type":"EntryPoint","urlTemplate":"https:\/\/loginfo24.com\/pt-pt\/?s={search_term_string}"},"query-input":{"@type":"PropertyValueSpecification","valueRequired":true,"valueName":"search_term_string"}}],"inLanguage":"pt-PT"},{"@type":"Organization","@id":"https:\/\/loginfo24.com\/pt-pt\/#organization","name":"Logismedia Group AG","url":"https:\/\/loginfo24.com\/pt-pt\/","logo":{"@type":"ImageObject","inLanguage":"pt-PT","@id":"https:\/\/loginfo24.com\/pt-pt\/#\/schema\/logo\/image\/","url":"https:\/\/loginfo24.com\/wp-content\/uploads\/sites\/7\/2026\/01\/Logo_LogInfo24.png","contentUrl":"https:\/\/loginfo24.com\/wp-content\/uploads\/sites\/7\/2026\/01\/Logo_LogInfo24.png","width":938,"height":351,"caption":"Logismedia Group AG"},"image":{"@id":"https:\/\/loginfo24.com\/pt-pt\/#\/schema\/logo\/image\/"},"sameAs":["https:\/\/www.facebook.com\/people\/Loginfo24\/100057360583332\/","https:\/\/www.linkedin.com\/company\/lofinfo24\/"]}]}},"_links":{"self":[{"href":"https:\/\/loginfo24.com\/pt-pt\/wp-json\/wp\/v2\/posts\/51661","targetHints":{"allow":["GET"]}}],"collection":[{"href":"https:\/\/loginfo24.com\/pt-pt\/wp-json\/wp\/v2\/posts"}],"about":[{"href":"https:\/\/loginfo24.com\/pt-pt\/wp-json\/wp\/v2\/types\/post"}],"replies":[{"embeddable":true,"href":"https:\/\/loginfo24.com\/pt-pt\/wp-json\/wp\/v2\/comments?post=51661"}],"version-history":[{"count":0,"href":"https:\/\/loginfo24.com\/pt-pt\/wp-json\/wp\/v2\/posts\/51661\/revisions"}],"wp:attachment":[{"href":"https:\/\/loginfo24.com\/pt-pt\/wp-json\/wp\/v2\/media?parent=51661"}],"wp:term":[{"taxonomy":"category","embeddable":true,"href":"https:\/\/loginfo24.com\/pt-pt\/wp-json\/wp\/v2\/categories?post=51661"},{"taxonomy":"post_tag","embeddable":true,"href":"https:\/\/loginfo24.com\/pt-pt\/wp-json\/wp\/v2\/tags?post=51661"}],"curies":[{"name":"wp","href":"https:\/\/api.w.org\/{rel}","templated":true}]}}