{"id":51335,"date":"2021-08-18T19:42:23","date_gmt":"2021-08-18T17:42:23","guid":{"rendered":"https:\/\/blog.brand-architecture.at\/2021\/08\/18\/dr-trefzger-e-bicil-como-keynotes-no-supply-chain-innovation-day\/"},"modified":"2021-08-18T19:42:23","modified_gmt":"2021-08-18T17:42:23","slug":"dr-trefzger-e-bicil-como-keynotes-no-supply-chain-innovation-day","status":"publish","type":"post","link":"https:\/\/loginfo24.com\/pt-pt\/2021\/08\/18\/dr-trefzger-e-bicil-como-keynotes-no-supply-chain-innovation-day\/","title":{"rendered":"Dr. Trefzger e Bicil como Keynotes no Supply Chain Innovation Day"},"content":{"rendered":"<p>O Instituto de Gest\u00e3o da Cadeia de Suprimentos da Universidade de St.Gallen (ISCM-HSG) realiza este ano, no dia 28 de setembro de 2021, no W\u00fcrth Haus Rorschach, o Supply Chain Innovation Day 2021 (SCID). Este evento emblem\u00e1tico de um dia tornou-se, nos \u00faltimos anos, uma parte fixa do calend\u00e1rio da comunidade de log\u00edstica e cadeia de suprimentos e pode agora, ap\u00f3s duas adiamentos devido \u00e0 pandemia, finalmente ocorrer fisicamente novamente.<\/p>\n<p>(St. Gallen\/Rorschach) O ISCM-HSG tem sido, h\u00e1 muitos anos, um garante de uma troca \u00fanica com especialistas de alto n\u00edvel da ind\u00fastria, pesquisa e pr\u00e1tica, com representantes de empresas renomadas, bem como com startups inovadoras da \u00e1rea de SCM.<\/p>\n<p>Este ano, o SCID ocorre sob o lema: \u00abGest\u00e3o da Cadeia de Suprimentos em Tempos Desafiadores \u2013 Redu\u00e7\u00f5es de Custos e Aumento de Efici\u00eancia atrav\u00e9s de Inova\u00e7\u00f5es na Cadeia de Suprimentos\u00bb e se destina especialmente a l\u00edderes, tomadores de decis\u00e3o, interessados e startups da comunidade de log\u00edstica e cadeia de suprimentos.<\/p>\n<p>Como um dos primeiros formatos no mercado, o SCID aposta novamente em um evento f\u00edsico. Naturalmente, um abrangente conceito de higiene est\u00e1 em vigor no local, que se orienta estritamente pelas disposi\u00e7\u00f5es aplic\u00e1veis no momento do evento. Os amplos espa\u00e7os na exclusiva localiza\u00e7\u00e3o do evento oferecem aos participantes tanto: espa\u00e7o suficiente de um lado, combinado com troca interativa e pessoal do outro lado.<\/p>\n<h5><strong>Destaques s\u00e3o Disrup\u00e7\u00e3o, Aumento de Efici\u00eancia e Resili\u00eancia<\/strong><\/h5>\n<p>O programa ser\u00e1 emoldurado por duas palestras proeminentes. Este ano, Dr. Detlef Trefzger, CEO da K\u00fchne + Nagel International, e Hakan Bicil, CEO da Imperial Logistics International, foram convidados como palestrantes para o evento.<\/p>\n<p>Os principais t\u00f3picos do SCID s\u00e3o as seguintes tr\u00eas sess\u00f5es tem\u00e1ticas:<\/p>\n<ul>\n<li>Mais estabilidade na cadeia de suprimentos \u2013 Gest\u00e3o de Disrup\u00e7\u00e3o ou Redesign?<\/li>\n<li>Novos servi\u00e7os digitais \u2013 Aumento de efici\u00eancia ou gera\u00e7\u00e3o de valor?<\/li>\n<li>Resili\u00eancia \u2013 Uma nova dimens\u00e3o de desempenho para cadeias de suprimentos?<\/li>\n<\/ul>\n<p>Especialistas selecionados ter\u00e3o a oportunidade de compartilhar suas experi\u00eancias e expertise no palco durante as sess\u00f5es de uma hora, antes que a discuss\u00e3o seja interativamente ampliada para o p\u00fablico especializado por nossos moderadores experientes. Pois os participantes est\u00e3o no centro do SCID.<\/p>\n<p>Em pausas deliberadamente generosas, o bem-estar e uma oportunidade relaxante para troca est\u00e3o garantidos: com nosso conceito de mudan\u00e7a integrado nas pausas, voc\u00ea ter\u00e1 a oportunidade de entrar em contato direto com os profissionais e l\u00edderes das empresas patrocinadoras e startups participantes em muitos estandes de empresas e expandir sua rede.<\/p>\n<h5><strong>Startups desempenham um papel especial<\/strong><\/h5>\n<p>Startups, como o ep\u00edtome de empresas que impulsionam e criam inova\u00e7\u00e3o, desempenham um papel muito especial no evento. Al\u00e9m dos estandes de empresas mencionados, as startups participantes apresentar\u00e3o seus modelos de neg\u00f3cios inovadores em uma sess\u00e3o central para o plen\u00e1rio do evento. Representantes das corporativas t\u00eam, paralelamente, a oportunidade de agendar \u00abSpeed-Dates\u00bb individuais com as startups de forma simples atrav\u00e9s de uma ferramenta online. Os din\u00e2micos Speed-Dates ocorrem paralelamente ao programa do SCID nos estandes das startups.<\/p>\n<p>Estamos felizes em apresentar, como outro destaque do nosso evento, nas duas sess\u00f5es \u00abArena das Solu\u00e7\u00f5es \u2013 Vencedores em Gest\u00e3o da Cadeia de Suprimentos\u00bb com o Grupo BMW e a Log\u00edstica do Grupo Volkswagen, os atuais vencedores do VDA Logistik Award 2021, bem como com a Cooperativa Migros da Su\u00ed\u00e7a Oriental e a Sch\u00f6ni Transport AG, os dois atuais vencedores do Eco Performance Award 2020. Prepare-se para conceitos e implementa\u00e7\u00f5es altamente inovadoras e sustent\u00e1veis das empresas premiadas.<\/p>\n<h5><strong>Evento da Noite: Management Board Summit<\/strong><\/h5>\n<p>Ap\u00f3s a conclus\u00e3o do programa, segue-se o evento da noite, o Management Board Summit, a parte descontra\u00edda do evento. Com um buffet de grelhados exclusivo e bebidas \u00e0 sua escolha, voc\u00ea ser\u00e1 recebido inicialmente com um estimulante jantar com os MotionMiners de Dortmund (Alemanha). A startup demonstrou com a inovadora expans\u00e3o de seu modelo de neg\u00f3cios uma criatividade \u00fanica em tempos desafiadores \u2013 especialmente para microempresas \u2013 durante a crise da Corona. Ap\u00f3s um breve discurso de boas-vindas da associa\u00e7\u00e3o de apoio do ISCM-HSG, o restante da noite estar\u00e1 \u00e0 sua disposi\u00e7\u00e3o. Continue a trocar ideias animadamente e desfrute da atmosfera descontra\u00edda \u00e0 beira do belo Lago de Constan\u00e7a. O evento termina \u00e0s 22 horas e ocorrer\u00e1 novamente no dia 27 de setembro de 2022 no local habitual.<\/p>\n<p>O SCID tem sido, h\u00e1 anos, um s\u00edmbolo de uma atmosfera descontra\u00edda e familiar. Portanto, roupas de neg\u00f3cios podem ficar em casa. O c\u00f3digo de vestimenta \u00e9 casual \/ esportivo.<\/p>\n<h3><a href=\"https:\/\/iscm.unisg.ch\/de\/weiterbildung-und-events\/supply-chain-innovation-day\" target=\"_blank\" rel=\"noopener noreferrer\"><strong>Mais informa\u00e7\u00f5es e inscri\u00e7\u00e3o online para o evento<\/strong><\/a><\/h3>\n","protected":false},"excerpt":{"rendered":"<p>O Instituto de Gest\u00e3o da Cadeia de Suprimentos da Universidade de St.Gallen (ISCM-HSG) realiza este ano, no dia 28 de setembro de 2021, no W\u00fcrth Haus<span class=\"excerpt-hellip\"> [\u2026]<\/span><\/p>\n","protected":false},"author":0,"featured_media":0,"comment_status":"open","ping_status":"open","sticky":false,"template":"","format":"standard","meta":{"_acf_changed":false,"footnotes":""},"categories":[1665,1557,1561],"tags":[],"class_list":["post-51335","post","type-post","status-publish","format-standard","hentry","category-categories","category-forwarding-logistics","category-regions"],"acf":[],"yoast_head":"<!-- This site is optimized with the Yoast SEO plugin v27.3 - https:\/\/yoast.com\/product\/yoast-seo-wordpress\/ -->\n<title>Dr. Trefzger e Bicil como Keynotes no Supply Chain Innovation Day - Loginfo24<\/title>\n<meta name=\"robots\" content=\"index, follow, max-snippet:-1, max-image-preview:large, max-video-preview:-1\" \/>\n<link rel=\"canonical\" href=\"https:\/\/loginfo24.com\/pt-pt\/2021\/08\/18\/dr-trefzger-e-bicil-como-keynotes-no-supply-chain-innovation-day\/\" \/>\n<meta property=\"og:locale\" content=\"pt_PT\" \/>\n<meta property=\"og:type\" content=\"article\" \/>\n<meta property=\"og:title\" content=\"Dr. Trefzger e Bicil como Keynotes no Supply Chain Innovation Day - Loginfo24\" \/>\n<meta property=\"og:description\" content=\"O Instituto de Gest\u00e3o da Cadeia de Suprimentos da Universidade de St.Gallen (ISCM-HSG) realiza este ano, no dia 28 de setembro de 2021, no W\u00fcrth Haus [\u2026]\" \/>\n<meta property=\"og:url\" content=\"https:\/\/loginfo24.com\/pt-pt\/2021\/08\/18\/dr-trefzger-e-bicil-como-keynotes-no-supply-chain-innovation-day\/\" \/>\n<meta property=\"og:site_name\" content=\"Loginfo24\" \/>\n<meta property=\"article:publisher\" content=\"https:\/\/www.facebook.com\/people\/Loginfo24\/100057360583332\/\" \/>\n<meta property=\"article:published_time\" content=\"2021-08-18T17:42:23+00:00\" \/>\n<meta name=\"twitter:card\" content=\"summary_large_image\" \/>\n<meta name=\"twitter:label1\" content=\"Tempo estimado de leitura\" \/>\n\t<meta name=\"twitter:data1\" content=\"4 minutos\" \/>\n<script type=\"application\/ld+json\" class=\"yoast-schema-graph\">{\"@context\":\"https:\\\/\\\/schema.org\",\"@graph\":[{\"@type\":\"Article\",\"@id\":\"https:\\\/\\\/loginfo24.com\\\/pt-pt\\\/2021\\\/08\\\/18\\\/dr-trefzger-e-bicil-como-keynotes-no-supply-chain-innovation-day\\\/#article\",\"isPartOf\":{\"@id\":\"https:\\\/\\\/loginfo24.com\\\/pt-pt\\\/2021\\\/08\\\/18\\\/dr-trefzger-e-bicil-como-keynotes-no-supply-chain-innovation-day\\\/\"},\"author\":{\"name\":\"\",\"@id\":\"\"},\"headline\":\"Dr. Trefzger e Bicil como Keynotes no Supply Chain Innovation Day\",\"datePublished\":\"2021-08-18T17:42:23+00:00\",\"mainEntityOfPage\":{\"@id\":\"https:\\\/\\\/loginfo24.com\\\/pt-pt\\\/2021\\\/08\\\/18\\\/dr-trefzger-e-bicil-como-keynotes-no-supply-chain-innovation-day\\\/\"},\"wordCount\":808,\"commentCount\":0,\"publisher\":{\"@id\":\"https:\\\/\\\/loginfo24.com\\\/pt-pt\\\/#organization\"},\"articleSection\":[\"Categories\",\"Forwarding &amp; Logistics\",\"Regions\"],\"inLanguage\":\"pt-PT\",\"potentialAction\":[{\"@type\":\"CommentAction\",\"name\":\"Comment\",\"target\":[\"https:\\\/\\\/loginfo24.com\\\/pt-pt\\\/2021\\\/08\\\/18\\\/dr-trefzger-e-bicil-como-keynotes-no-supply-chain-innovation-day\\\/#respond\"]}]},{\"@type\":\"WebPage\",\"@id\":\"https:\\\/\\\/loginfo24.com\\\/pt-pt\\\/2021\\\/08\\\/18\\\/dr-trefzger-e-bicil-como-keynotes-no-supply-chain-innovation-day\\\/\",\"url\":\"https:\\\/\\\/loginfo24.com\\\/pt-pt\\\/2021\\\/08\\\/18\\\/dr-trefzger-e-bicil-como-keynotes-no-supply-chain-innovation-day\\\/\",\"name\":\"Dr. Trefzger e Bicil como Keynotes no Supply Chain Innovation Day - Loginfo24\",\"isPartOf\":{\"@id\":\"https:\\\/\\\/loginfo24.com\\\/pt-pt\\\/#website\"},\"datePublished\":\"2021-08-18T17:42:23+00:00\",\"breadcrumb\":{\"@id\":\"https:\\\/\\\/loginfo24.com\\\/pt-pt\\\/2021\\\/08\\\/18\\\/dr-trefzger-e-bicil-como-keynotes-no-supply-chain-innovation-day\\\/#breadcrumb\"},\"inLanguage\":\"pt-PT\",\"potentialAction\":[{\"@type\":\"ReadAction\",\"target\":[\"https:\\\/\\\/loginfo24.com\\\/pt-pt\\\/2021\\\/08\\\/18\\\/dr-trefzger-e-bicil-como-keynotes-no-supply-chain-innovation-day\\\/\"]}]},{\"@type\":\"BreadcrumbList\",\"@id\":\"https:\\\/\\\/loginfo24.com\\\/pt-pt\\\/2021\\\/08\\\/18\\\/dr-trefzger-e-bicil-como-keynotes-no-supply-chain-innovation-day\\\/#breadcrumb\",\"itemListElement\":[{\"@type\":\"ListItem\",\"position\":1,\"name\":\"Startseite\",\"item\":\"https:\\\/\\\/loginfo24.com\\\/pt-pt\\\/\"},{\"@type\":\"ListItem\",\"position\":2,\"name\":\"Dr. Trefzger e Bicil como Keynotes no Supply Chain Innovation Day\"}]},{\"@type\":\"WebSite\",\"@id\":\"https:\\\/\\\/loginfo24.com\\\/pt-pt\\\/#website\",\"url\":\"https:\\\/\\\/loginfo24.com\\\/pt-pt\\\/\",\"name\":\"Loginfo24\",\"description\":\"Loginfo24 \u00e9 a plataforma dedicada \u00e0 log\u00edstica e \u00e0s cadeias de abastecimento, com informa\u00e7\u00f5es dispon\u00edveis 24 horas por dia.\",\"publisher\":{\"@id\":\"https:\\\/\\\/loginfo24.com\\\/pt-pt\\\/#organization\"},\"potentialAction\":[{\"@type\":\"SearchAction\",\"target\":{\"@type\":\"EntryPoint\",\"urlTemplate\":\"https:\\\/\\\/loginfo24.com\\\/pt-pt\\\/?s={search_term_string}\"},\"query-input\":{\"@type\":\"PropertyValueSpecification\",\"valueRequired\":true,\"valueName\":\"search_term_string\"}}],\"inLanguage\":\"pt-PT\"},{\"@type\":\"Organization\",\"@id\":\"https:\\\/\\\/loginfo24.com\\\/pt-pt\\\/#organization\",\"name\":\"Logismedia Group AG\",\"url\":\"https:\\\/\\\/loginfo24.com\\\/pt-pt\\\/\",\"logo\":{\"@type\":\"ImageObject\",\"inLanguage\":\"pt-PT\",\"@id\":\"https:\\\/\\\/loginfo24.com\\\/pt-pt\\\/#\\\/schema\\\/logo\\\/image\\\/\",\"url\":\"https:\\\/\\\/loginfo24.com\\\/wp-content\\\/uploads\\\/sites\\\/7\\\/2026\\\/01\\\/Logo_LogInfo24.png\",\"contentUrl\":\"https:\\\/\\\/loginfo24.com\\\/wp-content\\\/uploads\\\/sites\\\/7\\\/2026\\\/01\\\/Logo_LogInfo24.png\",\"width\":938,\"height\":351,\"caption\":\"Logismedia Group AG\"},\"image\":{\"@id\":\"https:\\\/\\\/loginfo24.com\\\/pt-pt\\\/#\\\/schema\\\/logo\\\/image\\\/\"},\"sameAs\":[\"https:\\\/\\\/www.facebook.com\\\/people\\\/Loginfo24\\\/100057360583332\\\/\",\"https:\\\/\\\/www.linkedin.com\\\/company\\\/lofinfo24\\\/\"]}]}<\/script>\n<!-- \/ Yoast SEO plugin. -->","yoast_head_json":{"title":"Dr. Trefzger e Bicil como Keynotes no Supply Chain Innovation Day - Loginfo24","robots":{"index":"index","follow":"follow","max-snippet":"max-snippet:-1","max-image-preview":"max-image-preview:large","max-video-preview":"max-video-preview:-1"},"canonical":"https:\/\/loginfo24.com\/pt-pt\/2021\/08\/18\/dr-trefzger-e-bicil-como-keynotes-no-supply-chain-innovation-day\/","og_locale":"pt_PT","og_type":"article","og_title":"Dr. Trefzger e Bicil como Keynotes no Supply Chain Innovation Day - Loginfo24","og_description":"O Instituto de Gest\u00e3o da Cadeia de Suprimentos da Universidade de St.Gallen (ISCM-HSG) realiza este ano, no dia 28 de setembro de 2021, no W\u00fcrth Haus [\u2026]","og_url":"https:\/\/loginfo24.com\/pt-pt\/2021\/08\/18\/dr-trefzger-e-bicil-como-keynotes-no-supply-chain-innovation-day\/","og_site_name":"Loginfo24","article_publisher":"https:\/\/www.facebook.com\/people\/Loginfo24\/100057360583332\/","article_published_time":"2021-08-18T17:42:23+00:00","twitter_card":"summary_large_image","twitter_misc":{"Tempo estimado de leitura":"4 minutos"},"schema":{"@context":"https:\/\/schema.org","@graph":[{"@type":"Article","@id":"https:\/\/loginfo24.com\/pt-pt\/2021\/08\/18\/dr-trefzger-e-bicil-como-keynotes-no-supply-chain-innovation-day\/#article","isPartOf":{"@id":"https:\/\/loginfo24.com\/pt-pt\/2021\/08\/18\/dr-trefzger-e-bicil-como-keynotes-no-supply-chain-innovation-day\/"},"author":{"name":"","@id":""},"headline":"Dr. Trefzger e Bicil como Keynotes no Supply Chain Innovation Day","datePublished":"2021-08-18T17:42:23+00:00","mainEntityOfPage":{"@id":"https:\/\/loginfo24.com\/pt-pt\/2021\/08\/18\/dr-trefzger-e-bicil-como-keynotes-no-supply-chain-innovation-day\/"},"wordCount":808,"commentCount":0,"publisher":{"@id":"https:\/\/loginfo24.com\/pt-pt\/#organization"},"articleSection":["Categories","Forwarding &amp; Logistics","Regions"],"inLanguage":"pt-PT","potentialAction":[{"@type":"CommentAction","name":"Comment","target":["https:\/\/loginfo24.com\/pt-pt\/2021\/08\/18\/dr-trefzger-e-bicil-como-keynotes-no-supply-chain-innovation-day\/#respond"]}]},{"@type":"WebPage","@id":"https:\/\/loginfo24.com\/pt-pt\/2021\/08\/18\/dr-trefzger-e-bicil-como-keynotes-no-supply-chain-innovation-day\/","url":"https:\/\/loginfo24.com\/pt-pt\/2021\/08\/18\/dr-trefzger-e-bicil-como-keynotes-no-supply-chain-innovation-day\/","name":"Dr. Trefzger e Bicil como Keynotes no Supply Chain Innovation Day - Loginfo24","isPartOf":{"@id":"https:\/\/loginfo24.com\/pt-pt\/#website"},"datePublished":"2021-08-18T17:42:23+00:00","breadcrumb":{"@id":"https:\/\/loginfo24.com\/pt-pt\/2021\/08\/18\/dr-trefzger-e-bicil-como-keynotes-no-supply-chain-innovation-day\/#breadcrumb"},"inLanguage":"pt-PT","potentialAction":[{"@type":"ReadAction","target":["https:\/\/loginfo24.com\/pt-pt\/2021\/08\/18\/dr-trefzger-e-bicil-como-keynotes-no-supply-chain-innovation-day\/"]}]},{"@type":"BreadcrumbList","@id":"https:\/\/loginfo24.com\/pt-pt\/2021\/08\/18\/dr-trefzger-e-bicil-como-keynotes-no-supply-chain-innovation-day\/#breadcrumb","itemListElement":[{"@type":"ListItem","position":1,"name":"Startseite","item":"https:\/\/loginfo24.com\/pt-pt\/"},{"@type":"ListItem","position":2,"name":"Dr. Trefzger e Bicil como Keynotes no Supply Chain Innovation Day"}]},{"@type":"WebSite","@id":"https:\/\/loginfo24.com\/pt-pt\/#website","url":"https:\/\/loginfo24.com\/pt-pt\/","name":"Loginfo24","description":"Loginfo24 \u00e9 a plataforma dedicada \u00e0 log\u00edstica e \u00e0s cadeias de abastecimento, com informa\u00e7\u00f5es dispon\u00edveis 24 horas por dia.","publisher":{"@id":"https:\/\/loginfo24.com\/pt-pt\/#organization"},"potentialAction":[{"@type":"SearchAction","target":{"@type":"EntryPoint","urlTemplate":"https:\/\/loginfo24.com\/pt-pt\/?s={search_term_string}"},"query-input":{"@type":"PropertyValueSpecification","valueRequired":true,"valueName":"search_term_string"}}],"inLanguage":"pt-PT"},{"@type":"Organization","@id":"https:\/\/loginfo24.com\/pt-pt\/#organization","name":"Logismedia Group AG","url":"https:\/\/loginfo24.com\/pt-pt\/","logo":{"@type":"ImageObject","inLanguage":"pt-PT","@id":"https:\/\/loginfo24.com\/pt-pt\/#\/schema\/logo\/image\/","url":"https:\/\/loginfo24.com\/wp-content\/uploads\/sites\/7\/2026\/01\/Logo_LogInfo24.png","contentUrl":"https:\/\/loginfo24.com\/wp-content\/uploads\/sites\/7\/2026\/01\/Logo_LogInfo24.png","width":938,"height":351,"caption":"Logismedia Group AG"},"image":{"@id":"https:\/\/loginfo24.com\/pt-pt\/#\/schema\/logo\/image\/"},"sameAs":["https:\/\/www.facebook.com\/people\/Loginfo24\/100057360583332\/","https:\/\/www.linkedin.com\/company\/lofinfo24\/"]}]}},"_links":{"self":[{"href":"https:\/\/loginfo24.com\/pt-pt\/wp-json\/wp\/v2\/posts\/51335","targetHints":{"allow":["GET"]}}],"collection":[{"href":"https:\/\/loginfo24.com\/pt-pt\/wp-json\/wp\/v2\/posts"}],"about":[{"href":"https:\/\/loginfo24.com\/pt-pt\/wp-json\/wp\/v2\/types\/post"}],"replies":[{"embeddable":true,"href":"https:\/\/loginfo24.com\/pt-pt\/wp-json\/wp\/v2\/comments?post=51335"}],"version-history":[{"count":0,"href":"https:\/\/loginfo24.com\/pt-pt\/wp-json\/wp\/v2\/posts\/51335\/revisions"}],"wp:attachment":[{"href":"https:\/\/loginfo24.com\/pt-pt\/wp-json\/wp\/v2\/media?parent=51335"}],"wp:term":[{"taxonomy":"category","embeddable":true,"href":"https:\/\/loginfo24.com\/pt-pt\/wp-json\/wp\/v2\/categories?post=51335"},{"taxonomy":"post_tag","embeddable":true,"href":"https:\/\/loginfo24.com\/pt-pt\/wp-json\/wp\/v2\/tags?post=51335"}],"curies":[{"name":"wp","href":"https:\/\/api.w.org\/{rel}","templated":true}]}}