{"id":27926,"date":"2021-07-21T19:00:46","date_gmt":"2021-07-21T17:00:46","guid":{"rendered":"https:\/\/blog.brand-architecture.at\/2021\/07\/21\/rede-de-carga-parcial-elvis-celebra-seu-decimo-aniversario\/"},"modified":"2025-12-15T13:12:27","modified_gmt":"2025-12-15T12:12:27","slug":"rede-de-carga-parcial-elvis-celebra-seu-decimo-aniversario","status":"publish","type":"post","link":"https:\/\/loginfo24.com\/pt-pt\/2021\/07\/21\/rede-de-carga-parcial-elvis-celebra-seu-decimo-aniversario\/","title":{"rendered":"Rede de Carga Parcial ELVIS celebra seu d\u00e9cimo anivers\u00e1rio"},"content":{"rendered":"<p>O sistema de carga parcial da Europ\u00e4ischer Ladungsverbund Internationaler Spediteure AG (ELVIS) celebra seu d\u00e9cimo anivers\u00e1rio. A ideia de sistematizar o transporte de cargas parciais e torn\u00e1-lo mais econ\u00f4mico foi discutida pela primeira vez em agosto de 2009 no conselho de supervis\u00e3o da ELVIS. Dois meses depois, durante uma reuni\u00e3o de parceiros, foi decidido tentar. Agora est\u00e1 claro: a rede de carga parcial n\u00e3o s\u00f3 funciona, como \u00e9 um sucesso total e atualmente a maior do seu tipo na Europa.<\/p>\n<p>(Alzenau) &#8220;Com base em v\u00e1rias tentativas fracassadas de outros participantes do mercado, inicialmente havia muitas reservas na ind\u00fastria em rela\u00e7\u00e3o a um sistema de carga parcial. Foi necess\u00e1rio muito trabalho de convencimento&#8221;, lembra Jochen Eschborn, membro do conselho da ELVIS. &#8220;Mas o esfor\u00e7o valeu a pena. Hoje, o conceito \u00e9 parte integrante do modelo de neg\u00f3cios de quase todos os transportadores e operadores de carga associados.&#8221;<\/p>\n<p>Um sucesso que tamb\u00e9m pode ser visto nos n\u00fameros: Iniciado em maio de 2011 com a participa\u00e7\u00e3o de 27 parceiros, no primeiro m\u00eas foram processadas 5.512 remessas, ocupando um total de 27.074 espa\u00e7os de carga. Hoje, a rede conta com 130 parceiros que atendem o hub em Kn\u00fcllwald durante a noite. Juntos, eles processam em m\u00e9dia mais de 16.000 remessas com mais de 90.000 espa\u00e7os de carga em um m\u00eas. &#8220;N\u00fameros como esses n\u00e3o poder\u00edamos imaginar h\u00e1 dez anos&#8221;, conclui Eschborn.<\/p>\n<h5><strong>Taxa de danos de 0,09 por cento<\/strong><\/h5>\n<p>O sistema de carga parcial tamb\u00e9m atende a todas as expectativas em termos de qualidade. A taxa de danos, por exemplo, est\u00e1 atualmente em apenas 0,09 por cento. Isso se deve, em grande parte, ao sistema de carga e descarga. Pois, ao contr\u00e1rio do que se conhecia at\u00e9 agora, por exemplo, de sistemas de carga unit\u00e1ria, o hub da ELVIS n\u00e3o \u00e9 equipado com rampas. Em vez disso, os caminh\u00f5es entram completamente nos armaz\u00e9ns que, no total, medem 20.000 metros quadrados, onde s\u00e3o descarregados e, finalmente, carregados novamente com empilhadeiras.<\/p>\n<p>Para isso, a ELVIS, em conjunto com o fabricante de ve\u00edculos Krone, desenvolveu em 2011 um trailer que, com 60 espa\u00e7os para paletes, quase duplica a capacidade de carga por trem. &#8220;Particularmente com paletes empilhados de forma plana, o caminh\u00e3o transporta metade de ar. N\u00e3o quer\u00edamos deixar esse potencial inexplorado&#8221;, explica Eschborn. O trailer tamb\u00e9m foi equipado com uma guia de lona prolongada, que permite que o ve\u00edculo se abra por toda a extens\u00e3o, sem que a lona recolhida cubra parte da abertura. Dessa forma, a carga pode ser realizada de maneira mais r\u00e1pida e eficaz.<\/p>\n<h5><strong>EDV desenvolvida internamente<\/strong><\/h5>\n<p>Outro fator de sucesso \u00e9 o sistema de EDV desenvolvido internamente para controlar as remessas. Steffen Renner, procurador do sistema de carga parcial da ELVIS: &#8220;Atrav\u00e9s de GPS e geofencing, sabemos exatamente quando uma remessa chegar\u00e1 at\u00e9 n\u00f3s. Assim, podemos planejar os processos no hub da melhor maneira poss\u00edvel e garantir que os caminh\u00f5es partam novamente ap\u00f3s o menor tempo de perman\u00eancia e com a melhor carga poss\u00edvel.&#8221; Como resultado, o sistema de carga parcial da ELVIS demonstra sua capacidade mesmo na situa\u00e7\u00e3o atual \u2013 espa\u00e7o de carga escasso com um alto volume de remessas. &#8220;Em vez de ter que restringir a entrada, conseguimos at\u00e9 mesmo aceitar quantidades adicionais recentemente&#8221;, relata Renner.<\/p>\n<p>Antes de existir o sistema de carga parcial da ELVIS, essas cargas eram processadas, mais mal do que bem, atrav\u00e9s de sistemas de carga unit\u00e1ria ou eram retiradas de forma n\u00e3o sistem\u00e1tica pelos transportadores. Isso resultou em uma alta taxa de quil\u00f4metros vazios nessa \u00e1rea. &#8220;N\u00e3o raramente, os transportadores at\u00e9 perdiam dinheiro em tais pedidos, apenas para n\u00e3o desagradar um cliente&#8221;, lembra Renner.<\/p>\n<p>Foto: \u00a9 ELVIS<\/p>\n","protected":false},"excerpt":{"rendered":"<p>O sistema de carga parcial da Europ\u00e4ischer Ladungsverbund Internationaler Spediteure AG (ELVIS) celebra seu d\u00e9cimo anivers\u00e1rio. A ideia de sistematizar o transporte de cargas parciais e<span class=\"excerpt-hellip\"> [\u2026]<\/span><\/p>\n","protected":false},"author":0,"featured_media":0,"comment_status":"open","ping_status":"open","sticky":false,"template":"","format":"standard","meta":{"_acf_changed":false,"footnotes":""},"categories":[1557,1556,1561],"tags":[],"class_list":["post-27926","post","type-post","status-publish","format-standard","hentry","category-forwarding-logistics","category-intermodal-road","category-regions"],"acf":[],"yoast_head":"<!-- This site is optimized with the Yoast SEO plugin v27.3 - https:\/\/yoast.com\/product\/yoast-seo-wordpress\/ -->\n<title>Rede de Carga Parcial ELVIS celebra seu d\u00e9cimo anivers\u00e1rio - Loginfo24<\/title>\n<meta name=\"robots\" content=\"index, follow, max-snippet:-1, max-image-preview:large, max-video-preview:-1\" \/>\n<link rel=\"canonical\" href=\"https:\/\/loginfo24.com\/pt-pt\/2021\/07\/21\/rede-de-carga-parcial-elvis-celebra-seu-decimo-aniversario\/\" \/>\n<meta property=\"og:locale\" content=\"pt_PT\" \/>\n<meta property=\"og:type\" content=\"article\" \/>\n<meta property=\"og:title\" content=\"Rede de Carga Parcial ELVIS celebra seu d\u00e9cimo anivers\u00e1rio - Loginfo24\" \/>\n<meta property=\"og:description\" content=\"O sistema de carga parcial da Europ\u00e4ischer Ladungsverbund Internationaler Spediteure AG (ELVIS) celebra seu d\u00e9cimo anivers\u00e1rio. A ideia de sistematizar o transporte de cargas parciais e [\u2026]\" \/>\n<meta property=\"og:url\" content=\"https:\/\/loginfo24.com\/pt-pt\/2021\/07\/21\/rede-de-carga-parcial-elvis-celebra-seu-decimo-aniversario\/\" \/>\n<meta property=\"og:site_name\" content=\"Loginfo24\" \/>\n<meta property=\"article:publisher\" content=\"https:\/\/www.facebook.com\/people\/Loginfo24\/100057360583332\/\" \/>\n<meta property=\"article:published_time\" content=\"2021-07-21T17:00:46+00:00\" \/>\n<meta property=\"article:modified_time\" content=\"2025-12-15T12:12:27+00:00\" \/>\n<meta name=\"twitter:card\" content=\"summary_large_image\" \/>\n<meta name=\"twitter:label1\" content=\"Tempo estimado de leitura\" \/>\n\t<meta name=\"twitter:data1\" content=\"3 minutos\" \/>\n<script type=\"application\/ld+json\" class=\"yoast-schema-graph\">{\"@context\":\"https:\\\/\\\/schema.org\",\"@graph\":[{\"@type\":\"Article\",\"@id\":\"https:\\\/\\\/loginfo24.com\\\/pt-pt\\\/2021\\\/07\\\/21\\\/rede-de-carga-parcial-elvis-celebra-seu-decimo-aniversario\\\/#article\",\"isPartOf\":{\"@id\":\"https:\\\/\\\/loginfo24.com\\\/pt-pt\\\/2021\\\/07\\\/21\\\/rede-de-carga-parcial-elvis-celebra-seu-decimo-aniversario\\\/\"},\"author\":{\"name\":\"\",\"@id\":\"\"},\"headline\":\"Rede de Carga Parcial ELVIS celebra seu d\u00e9cimo anivers\u00e1rio\",\"datePublished\":\"2021-07-21T17:00:46+00:00\",\"dateModified\":\"2025-12-15T12:12:27+00:00\",\"mainEntityOfPage\":{\"@id\":\"https:\\\/\\\/loginfo24.com\\\/pt-pt\\\/2021\\\/07\\\/21\\\/rede-de-carga-parcial-elvis-celebra-seu-decimo-aniversario\\\/\"},\"wordCount\":652,\"commentCount\":0,\"publisher\":{\"@id\":\"https:\\\/\\\/loginfo24.com\\\/pt-pt\\\/#organization\"},\"articleSection\":[\"Forwarding &amp; Logistics\",\"Intermodal \\\/ Road\",\"Regions\"],\"inLanguage\":\"pt-PT\",\"potentialAction\":[{\"@type\":\"CommentAction\",\"name\":\"Comment\",\"target\":[\"https:\\\/\\\/loginfo24.com\\\/pt-pt\\\/2021\\\/07\\\/21\\\/rede-de-carga-parcial-elvis-celebra-seu-decimo-aniversario\\\/#respond\"]}]},{\"@type\":\"WebPage\",\"@id\":\"https:\\\/\\\/loginfo24.com\\\/pt-pt\\\/2021\\\/07\\\/21\\\/rede-de-carga-parcial-elvis-celebra-seu-decimo-aniversario\\\/\",\"url\":\"https:\\\/\\\/loginfo24.com\\\/pt-pt\\\/2021\\\/07\\\/21\\\/rede-de-carga-parcial-elvis-celebra-seu-decimo-aniversario\\\/\",\"name\":\"Rede de Carga Parcial ELVIS celebra seu d\u00e9cimo anivers\u00e1rio - Loginfo24\",\"isPartOf\":{\"@id\":\"https:\\\/\\\/loginfo24.com\\\/pt-pt\\\/#website\"},\"datePublished\":\"2021-07-21T17:00:46+00:00\",\"dateModified\":\"2025-12-15T12:12:27+00:00\",\"breadcrumb\":{\"@id\":\"https:\\\/\\\/loginfo24.com\\\/pt-pt\\\/2021\\\/07\\\/21\\\/rede-de-carga-parcial-elvis-celebra-seu-decimo-aniversario\\\/#breadcrumb\"},\"inLanguage\":\"pt-PT\",\"potentialAction\":[{\"@type\":\"ReadAction\",\"target\":[\"https:\\\/\\\/loginfo24.com\\\/pt-pt\\\/2021\\\/07\\\/21\\\/rede-de-carga-parcial-elvis-celebra-seu-decimo-aniversario\\\/\"]}]},{\"@type\":\"BreadcrumbList\",\"@id\":\"https:\\\/\\\/loginfo24.com\\\/pt-pt\\\/2021\\\/07\\\/21\\\/rede-de-carga-parcial-elvis-celebra-seu-decimo-aniversario\\\/#breadcrumb\",\"itemListElement\":[{\"@type\":\"ListItem\",\"position\":1,\"name\":\"Startseite\",\"item\":\"https:\\\/\\\/loginfo24.com\\\/pt-pt\\\/\"},{\"@type\":\"ListItem\",\"position\":2,\"name\":\"Rede de Carga Parcial ELVIS celebra seu d\u00e9cimo anivers\u00e1rio\"}]},{\"@type\":\"WebSite\",\"@id\":\"https:\\\/\\\/loginfo24.com\\\/pt-pt\\\/#website\",\"url\":\"https:\\\/\\\/loginfo24.com\\\/pt-pt\\\/\",\"name\":\"Loginfo24\",\"description\":\"Loginfo24 \u00e9 a plataforma dedicada \u00e0 log\u00edstica e \u00e0s cadeias de abastecimento, com informa\u00e7\u00f5es dispon\u00edveis 24 horas por dia.\",\"publisher\":{\"@id\":\"https:\\\/\\\/loginfo24.com\\\/pt-pt\\\/#organization\"},\"potentialAction\":[{\"@type\":\"SearchAction\",\"target\":{\"@type\":\"EntryPoint\",\"urlTemplate\":\"https:\\\/\\\/loginfo24.com\\\/pt-pt\\\/?s={search_term_string}\"},\"query-input\":{\"@type\":\"PropertyValueSpecification\",\"valueRequired\":true,\"valueName\":\"search_term_string\"}}],\"inLanguage\":\"pt-PT\"},{\"@type\":\"Organization\",\"@id\":\"https:\\\/\\\/loginfo24.com\\\/pt-pt\\\/#organization\",\"name\":\"Logismedia Group AG\",\"url\":\"https:\\\/\\\/loginfo24.com\\\/pt-pt\\\/\",\"logo\":{\"@type\":\"ImageObject\",\"inLanguage\":\"pt-PT\",\"@id\":\"https:\\\/\\\/loginfo24.com\\\/pt-pt\\\/#\\\/schema\\\/logo\\\/image\\\/\",\"url\":\"https:\\\/\\\/loginfo24.com\\\/wp-content\\\/uploads\\\/sites\\\/7\\\/2026\\\/01\\\/Logo_LogInfo24.png\",\"contentUrl\":\"https:\\\/\\\/loginfo24.com\\\/wp-content\\\/uploads\\\/sites\\\/7\\\/2026\\\/01\\\/Logo_LogInfo24.png\",\"width\":938,\"height\":351,\"caption\":\"Logismedia Group AG\"},\"image\":{\"@id\":\"https:\\\/\\\/loginfo24.com\\\/pt-pt\\\/#\\\/schema\\\/logo\\\/image\\\/\"},\"sameAs\":[\"https:\\\/\\\/www.facebook.com\\\/people\\\/Loginfo24\\\/100057360583332\\\/\",\"https:\\\/\\\/www.linkedin.com\\\/company\\\/lofinfo24\\\/\"]}]}<\/script>\n<!-- \/ Yoast SEO plugin. -->","yoast_head_json":{"title":"Rede de Carga Parcial ELVIS celebra seu d\u00e9cimo anivers\u00e1rio - Loginfo24","robots":{"index":"index","follow":"follow","max-snippet":"max-snippet:-1","max-image-preview":"max-image-preview:large","max-video-preview":"max-video-preview:-1"},"canonical":"https:\/\/loginfo24.com\/pt-pt\/2021\/07\/21\/rede-de-carga-parcial-elvis-celebra-seu-decimo-aniversario\/","og_locale":"pt_PT","og_type":"article","og_title":"Rede de Carga Parcial ELVIS celebra seu d\u00e9cimo anivers\u00e1rio - Loginfo24","og_description":"O sistema de carga parcial da Europ\u00e4ischer Ladungsverbund Internationaler Spediteure AG (ELVIS) celebra seu d\u00e9cimo anivers\u00e1rio. A ideia de sistematizar o transporte de cargas parciais e [\u2026]","og_url":"https:\/\/loginfo24.com\/pt-pt\/2021\/07\/21\/rede-de-carga-parcial-elvis-celebra-seu-decimo-aniversario\/","og_site_name":"Loginfo24","article_publisher":"https:\/\/www.facebook.com\/people\/Loginfo24\/100057360583332\/","article_published_time":"2021-07-21T17:00:46+00:00","article_modified_time":"2025-12-15T12:12:27+00:00","twitter_card":"summary_large_image","twitter_misc":{"Tempo estimado de leitura":"3 minutos"},"schema":{"@context":"https:\/\/schema.org","@graph":[{"@type":"Article","@id":"https:\/\/loginfo24.com\/pt-pt\/2021\/07\/21\/rede-de-carga-parcial-elvis-celebra-seu-decimo-aniversario\/#article","isPartOf":{"@id":"https:\/\/loginfo24.com\/pt-pt\/2021\/07\/21\/rede-de-carga-parcial-elvis-celebra-seu-decimo-aniversario\/"},"author":{"name":"","@id":""},"headline":"Rede de Carga Parcial ELVIS celebra seu d\u00e9cimo anivers\u00e1rio","datePublished":"2021-07-21T17:00:46+00:00","dateModified":"2025-12-15T12:12:27+00:00","mainEntityOfPage":{"@id":"https:\/\/loginfo24.com\/pt-pt\/2021\/07\/21\/rede-de-carga-parcial-elvis-celebra-seu-decimo-aniversario\/"},"wordCount":652,"commentCount":0,"publisher":{"@id":"https:\/\/loginfo24.com\/pt-pt\/#organization"},"articleSection":["Forwarding &amp; Logistics","Intermodal \/ Road","Regions"],"inLanguage":"pt-PT","potentialAction":[{"@type":"CommentAction","name":"Comment","target":["https:\/\/loginfo24.com\/pt-pt\/2021\/07\/21\/rede-de-carga-parcial-elvis-celebra-seu-decimo-aniversario\/#respond"]}]},{"@type":"WebPage","@id":"https:\/\/loginfo24.com\/pt-pt\/2021\/07\/21\/rede-de-carga-parcial-elvis-celebra-seu-decimo-aniversario\/","url":"https:\/\/loginfo24.com\/pt-pt\/2021\/07\/21\/rede-de-carga-parcial-elvis-celebra-seu-decimo-aniversario\/","name":"Rede de Carga Parcial ELVIS celebra seu d\u00e9cimo anivers\u00e1rio - Loginfo24","isPartOf":{"@id":"https:\/\/loginfo24.com\/pt-pt\/#website"},"datePublished":"2021-07-21T17:00:46+00:00","dateModified":"2025-12-15T12:12:27+00:00","breadcrumb":{"@id":"https:\/\/loginfo24.com\/pt-pt\/2021\/07\/21\/rede-de-carga-parcial-elvis-celebra-seu-decimo-aniversario\/#breadcrumb"},"inLanguage":"pt-PT","potentialAction":[{"@type":"ReadAction","target":["https:\/\/loginfo24.com\/pt-pt\/2021\/07\/21\/rede-de-carga-parcial-elvis-celebra-seu-decimo-aniversario\/"]}]},{"@type":"BreadcrumbList","@id":"https:\/\/loginfo24.com\/pt-pt\/2021\/07\/21\/rede-de-carga-parcial-elvis-celebra-seu-decimo-aniversario\/#breadcrumb","itemListElement":[{"@type":"ListItem","position":1,"name":"Startseite","item":"https:\/\/loginfo24.com\/pt-pt\/"},{"@type":"ListItem","position":2,"name":"Rede de Carga Parcial ELVIS celebra seu d\u00e9cimo anivers\u00e1rio"}]},{"@type":"WebSite","@id":"https:\/\/loginfo24.com\/pt-pt\/#website","url":"https:\/\/loginfo24.com\/pt-pt\/","name":"Loginfo24","description":"Loginfo24 \u00e9 a plataforma dedicada \u00e0 log\u00edstica e \u00e0s cadeias de abastecimento, com informa\u00e7\u00f5es dispon\u00edveis 24 horas por dia.","publisher":{"@id":"https:\/\/loginfo24.com\/pt-pt\/#organization"},"potentialAction":[{"@type":"SearchAction","target":{"@type":"EntryPoint","urlTemplate":"https:\/\/loginfo24.com\/pt-pt\/?s={search_term_string}"},"query-input":{"@type":"PropertyValueSpecification","valueRequired":true,"valueName":"search_term_string"}}],"inLanguage":"pt-PT"},{"@type":"Organization","@id":"https:\/\/loginfo24.com\/pt-pt\/#organization","name":"Logismedia Group AG","url":"https:\/\/loginfo24.com\/pt-pt\/","logo":{"@type":"ImageObject","inLanguage":"pt-PT","@id":"https:\/\/loginfo24.com\/pt-pt\/#\/schema\/logo\/image\/","url":"https:\/\/loginfo24.com\/wp-content\/uploads\/sites\/7\/2026\/01\/Logo_LogInfo24.png","contentUrl":"https:\/\/loginfo24.com\/wp-content\/uploads\/sites\/7\/2026\/01\/Logo_LogInfo24.png","width":938,"height":351,"caption":"Logismedia Group AG"},"image":{"@id":"https:\/\/loginfo24.com\/pt-pt\/#\/schema\/logo\/image\/"},"sameAs":["https:\/\/www.facebook.com\/people\/Loginfo24\/100057360583332\/","https:\/\/www.linkedin.com\/company\/lofinfo24\/"]}]}},"_links":{"self":[{"href":"https:\/\/loginfo24.com\/pt-pt\/wp-json\/wp\/v2\/posts\/27926","targetHints":{"allow":["GET"]}}],"collection":[{"href":"https:\/\/loginfo24.com\/pt-pt\/wp-json\/wp\/v2\/posts"}],"about":[{"href":"https:\/\/loginfo24.com\/pt-pt\/wp-json\/wp\/v2\/types\/post"}],"replies":[{"embeddable":true,"href":"https:\/\/loginfo24.com\/pt-pt\/wp-json\/wp\/v2\/comments?post=27926"}],"version-history":[{"count":1,"href":"https:\/\/loginfo24.com\/pt-pt\/wp-json\/wp\/v2\/posts\/27926\/revisions"}],"predecessor-version":[{"id":50111,"href":"https:\/\/loginfo24.com\/pt-pt\/wp-json\/wp\/v2\/posts\/27926\/revisions\/50111"}],"wp:attachment":[{"href":"https:\/\/loginfo24.com\/pt-pt\/wp-json\/wp\/v2\/media?parent=27926"}],"wp:term":[{"taxonomy":"category","embeddable":true,"href":"https:\/\/loginfo24.com\/pt-pt\/wp-json\/wp\/v2\/categories?post=27926"},{"taxonomy":"post_tag","embeddable":true,"href":"https:\/\/loginfo24.com\/pt-pt\/wp-json\/wp\/v2\/tags?post=27926"}],"curies":[{"name":"wp","href":"https:\/\/api.w.org\/{rel}","templated":true}]}}