{"id":27692,"date":"2021-07-13T17:13:25","date_gmt":"2021-07-13T15:13:25","guid":{"rendered":"https:\/\/blog.brand-architecture.at\/2021\/07\/13\/hellmann-nomeia-marc-wijnen-como-global-head-of-ecommerce\/"},"modified":"2025-12-15T13:11:17","modified_gmt":"2025-12-15T12:11:17","slug":"hellmann-nomeia-marc-wijnen-como-global-head-of-ecommerce","status":"publish","type":"post","link":"https:\/\/loginfo24.com\/pt-pt\/2021\/07\/13\/hellmann-nomeia-marc-wijnen-como-global-head-of-ecommerce\/","title":{"rendered":"Hellmann nomeia Marc Wijnen como Global Head of eCommerce"},"content":{"rendered":"<p>O prestador de servi\u00e7os Full-Service global Hellmann Worldwide Logistics nomeia Marc Wijnen como Global Head of eCommerce. Nesta nova posi\u00e7\u00e3o, ele ser\u00e1 respons\u00e1vel pelo desenvolvimento cont\u00ednuo do produto eCommerce, que est\u00e1 associado ao segmento de Log\u00edstica Contratada, em todo o mundo. Ao mesmo tempo, Marc Wijnen continuar\u00e1 a atuar como Chief Operating Officer na \u00e1rea de Log\u00edstica Contratada na Europa.<\/p>\n<p>(Osnabr\u00fcck) A Hellmann Worldwide Logistics est\u00e1 se reestruturando na \u00e1rea de eCommerce e nomeia Marc Wijnen como Global Head of eCommerce. Como fornecedor de solu\u00e7\u00f5es de ponta a ponta, a Hellmann \u00e9 parceira de neg\u00f3cios para clientes em todo o mundo. A empresa j\u00e1 oferece solu\u00e7\u00f5es personalizadas para o planejamento log\u00edstico e a execu\u00e7\u00e3o de todo o com\u00e9rcio online de uma s\u00f3 fonte. Diante do cont\u00ednuo crescimento do com\u00e9rcio online, acelerado ainda mais pela pandemia de COVID-19, a empresa est\u00e1 agora reestruturando estrategicamente o segmento de produtos eCommerce.<\/p>\n<p>O objetivo \u00e9 crescer de forma sustent\u00e1vel, especialmente nas \u00e1reas de moda e estilo de vida, oferecendo solu\u00e7\u00f5es que abrangem toda a cadeia de fulfillment \u2013 desde a cria\u00e7\u00e3o de uma loja virtual at\u00e9 o armazenamento, passando pelo desenvolvimento e integra\u00e7\u00e3o de sistemas de gerenciamento de pedidos e servi\u00e7os de pagamento. Como parceiro integrado de E-Fulfillment, o neg\u00f3cio B2C e B2B deve ser expandido globalmente.<\/p>\n<h5><strong>Mercado de eCommerce extremamente din\u00e2mico<\/strong><\/h5>\n<p>&#8220;O mercado de eCommerce \u00e9 extremamente din\u00e2mico. Para atender \u00e0 crescente demanda de nossos clientes por solu\u00e7\u00f5es inovadoras no futuro, estamos atualmente construindo um &#8216;Centro de Excel\u00eancia&#8217; com Marc Wijnen como Global Head of eCommerce, onde, por um lado, reunimos nosso know-how e o aplicamos globalmente. Por outro lado, tamb\u00e9m testamos novas abordagens de solu\u00e7\u00e3o e desenvolvemos continuamente nossa oferta de produtos. Assim, garantimos que possamos oferecer servi\u00e7os personalizados que estejam na vanguarda&#8221;, diz Volker Sauerborn, Chief Operating Officer de Log\u00edstica Contratada, Hellmann Worldwide Logistics.<\/p>\n<p>Foto: \u00a9 Hellmann<\/p>\n","protected":false},"excerpt":{"rendered":"<p>O prestador de servi\u00e7os Full-Service global Hellmann Worldwide Logistics nomeia Marc Wijnen como Global Head of eCommerce. Nesta nova posi\u00e7\u00e3o, ele ser\u00e1 respons\u00e1vel pelo desenvolvimento cont\u00ednuo<span class=\"excerpt-hellip\"> [\u2026]<\/span><\/p>\n","protected":false},"author":0,"featured_media":0,"comment_status":"open","ping_status":"open","sticky":false,"template":"","format":"standard","meta":{"_acf_changed":false,"footnotes":""},"categories":[1557,1560,1561],"tags":[],"class_list":["post-27692","post","type-post","status-publish","format-standard","hentry","category-forwarding-logistics","category-intralogistics","category-regions"],"acf":[],"yoast_head":"<!-- This site is optimized with the Yoast SEO plugin v27.3 - https:\/\/yoast.com\/product\/yoast-seo-wordpress\/ -->\n<title>Hellmann nomeia Marc Wijnen como Global Head of eCommerce - Loginfo24<\/title>\n<meta name=\"robots\" content=\"index, follow, max-snippet:-1, max-image-preview:large, max-video-preview:-1\" \/>\n<link rel=\"canonical\" href=\"https:\/\/loginfo24.com\/pt-pt\/2021\/07\/13\/hellmann-nomeia-marc-wijnen-como-global-head-of-ecommerce\/\" \/>\n<meta property=\"og:locale\" content=\"pt_PT\" \/>\n<meta property=\"og:type\" content=\"article\" \/>\n<meta property=\"og:title\" content=\"Hellmann nomeia Marc Wijnen como Global Head of eCommerce - Loginfo24\" \/>\n<meta property=\"og:description\" content=\"O prestador de servi\u00e7os Full-Service global Hellmann Worldwide Logistics nomeia Marc Wijnen como Global Head of eCommerce. Nesta nova posi\u00e7\u00e3o, ele ser\u00e1 respons\u00e1vel pelo desenvolvimento cont\u00ednuo [\u2026]\" \/>\n<meta property=\"og:url\" content=\"https:\/\/loginfo24.com\/pt-pt\/2021\/07\/13\/hellmann-nomeia-marc-wijnen-como-global-head-of-ecommerce\/\" \/>\n<meta property=\"og:site_name\" content=\"Loginfo24\" \/>\n<meta property=\"article:publisher\" content=\"https:\/\/www.facebook.com\/people\/Loginfo24\/100057360583332\/\" \/>\n<meta property=\"article:published_time\" content=\"2021-07-13T15:13:25+00:00\" \/>\n<meta property=\"article:modified_time\" content=\"2025-12-15T12:11:17+00:00\" \/>\n<meta name=\"twitter:card\" content=\"summary_large_image\" \/>\n<meta name=\"twitter:label1\" content=\"Tempo estimado de leitura\" \/>\n\t<meta name=\"twitter:data1\" content=\"2 minutos\" \/>\n<script type=\"application\/ld+json\" class=\"yoast-schema-graph\">{\"@context\":\"https:\\\/\\\/schema.org\",\"@graph\":[{\"@type\":\"Article\",\"@id\":\"https:\\\/\\\/loginfo24.com\\\/pt-pt\\\/2021\\\/07\\\/13\\\/hellmann-nomeia-marc-wijnen-como-global-head-of-ecommerce\\\/#article\",\"isPartOf\":{\"@id\":\"https:\\\/\\\/loginfo24.com\\\/pt-pt\\\/2021\\\/07\\\/13\\\/hellmann-nomeia-marc-wijnen-como-global-head-of-ecommerce\\\/\"},\"author\":{\"name\":\"\",\"@id\":\"\"},\"headline\":\"Hellmann nomeia Marc Wijnen como Global Head of eCommerce\",\"datePublished\":\"2021-07-13T15:13:25+00:00\",\"dateModified\":\"2025-12-15T12:11:17+00:00\",\"mainEntityOfPage\":{\"@id\":\"https:\\\/\\\/loginfo24.com\\\/pt-pt\\\/2021\\\/07\\\/13\\\/hellmann-nomeia-marc-wijnen-como-global-head-of-ecommerce\\\/\"},\"wordCount\":340,\"commentCount\":0,\"publisher\":{\"@id\":\"https:\\\/\\\/loginfo24.com\\\/pt-pt\\\/#organization\"},\"articleSection\":[\"Forwarding &amp; Logistics\",\"Intralogistics\",\"Regions\"],\"inLanguage\":\"pt-PT\",\"potentialAction\":[{\"@type\":\"CommentAction\",\"name\":\"Comment\",\"target\":[\"https:\\\/\\\/loginfo24.com\\\/pt-pt\\\/2021\\\/07\\\/13\\\/hellmann-nomeia-marc-wijnen-como-global-head-of-ecommerce\\\/#respond\"]}]},{\"@type\":\"WebPage\",\"@id\":\"https:\\\/\\\/loginfo24.com\\\/pt-pt\\\/2021\\\/07\\\/13\\\/hellmann-nomeia-marc-wijnen-como-global-head-of-ecommerce\\\/\",\"url\":\"https:\\\/\\\/loginfo24.com\\\/pt-pt\\\/2021\\\/07\\\/13\\\/hellmann-nomeia-marc-wijnen-como-global-head-of-ecommerce\\\/\",\"name\":\"Hellmann nomeia Marc Wijnen como Global Head of eCommerce - Loginfo24\",\"isPartOf\":{\"@id\":\"https:\\\/\\\/loginfo24.com\\\/pt-pt\\\/#website\"},\"datePublished\":\"2021-07-13T15:13:25+00:00\",\"dateModified\":\"2025-12-15T12:11:17+00:00\",\"breadcrumb\":{\"@id\":\"https:\\\/\\\/loginfo24.com\\\/pt-pt\\\/2021\\\/07\\\/13\\\/hellmann-nomeia-marc-wijnen-como-global-head-of-ecommerce\\\/#breadcrumb\"},\"inLanguage\":\"pt-PT\",\"potentialAction\":[{\"@type\":\"ReadAction\",\"target\":[\"https:\\\/\\\/loginfo24.com\\\/pt-pt\\\/2021\\\/07\\\/13\\\/hellmann-nomeia-marc-wijnen-como-global-head-of-ecommerce\\\/\"]}]},{\"@type\":\"BreadcrumbList\",\"@id\":\"https:\\\/\\\/loginfo24.com\\\/pt-pt\\\/2021\\\/07\\\/13\\\/hellmann-nomeia-marc-wijnen-como-global-head-of-ecommerce\\\/#breadcrumb\",\"itemListElement\":[{\"@type\":\"ListItem\",\"position\":1,\"name\":\"Startseite\",\"item\":\"https:\\\/\\\/loginfo24.com\\\/pt-pt\\\/\"},{\"@type\":\"ListItem\",\"position\":2,\"name\":\"Hellmann nomeia Marc Wijnen como Global Head of eCommerce\"}]},{\"@type\":\"WebSite\",\"@id\":\"https:\\\/\\\/loginfo24.com\\\/pt-pt\\\/#website\",\"url\":\"https:\\\/\\\/loginfo24.com\\\/pt-pt\\\/\",\"name\":\"Loginfo24\",\"description\":\"Loginfo24 \u00e9 a plataforma dedicada \u00e0 log\u00edstica e \u00e0s cadeias de abastecimento, com informa\u00e7\u00f5es dispon\u00edveis 24 horas por dia.\",\"publisher\":{\"@id\":\"https:\\\/\\\/loginfo24.com\\\/pt-pt\\\/#organization\"},\"potentialAction\":[{\"@type\":\"SearchAction\",\"target\":{\"@type\":\"EntryPoint\",\"urlTemplate\":\"https:\\\/\\\/loginfo24.com\\\/pt-pt\\\/?s={search_term_string}\"},\"query-input\":{\"@type\":\"PropertyValueSpecification\",\"valueRequired\":true,\"valueName\":\"search_term_string\"}}],\"inLanguage\":\"pt-PT\"},{\"@type\":\"Organization\",\"@id\":\"https:\\\/\\\/loginfo24.com\\\/pt-pt\\\/#organization\",\"name\":\"Logismedia Group AG\",\"url\":\"https:\\\/\\\/loginfo24.com\\\/pt-pt\\\/\",\"logo\":{\"@type\":\"ImageObject\",\"inLanguage\":\"pt-PT\",\"@id\":\"https:\\\/\\\/loginfo24.com\\\/pt-pt\\\/#\\\/schema\\\/logo\\\/image\\\/\",\"url\":\"https:\\\/\\\/loginfo24.com\\\/wp-content\\\/uploads\\\/sites\\\/7\\\/2026\\\/01\\\/Logo_LogInfo24.png\",\"contentUrl\":\"https:\\\/\\\/loginfo24.com\\\/wp-content\\\/uploads\\\/sites\\\/7\\\/2026\\\/01\\\/Logo_LogInfo24.png\",\"width\":938,\"height\":351,\"caption\":\"Logismedia Group AG\"},\"image\":{\"@id\":\"https:\\\/\\\/loginfo24.com\\\/pt-pt\\\/#\\\/schema\\\/logo\\\/image\\\/\"},\"sameAs\":[\"https:\\\/\\\/www.facebook.com\\\/people\\\/Loginfo24\\\/100057360583332\\\/\",\"https:\\\/\\\/www.linkedin.com\\\/company\\\/lofinfo24\\\/\"]}]}<\/script>\n<!-- \/ Yoast SEO plugin. -->","yoast_head_json":{"title":"Hellmann nomeia Marc Wijnen como Global Head of eCommerce - Loginfo24","robots":{"index":"index","follow":"follow","max-snippet":"max-snippet:-1","max-image-preview":"max-image-preview:large","max-video-preview":"max-video-preview:-1"},"canonical":"https:\/\/loginfo24.com\/pt-pt\/2021\/07\/13\/hellmann-nomeia-marc-wijnen-como-global-head-of-ecommerce\/","og_locale":"pt_PT","og_type":"article","og_title":"Hellmann nomeia Marc Wijnen como Global Head of eCommerce - Loginfo24","og_description":"O prestador de servi\u00e7os Full-Service global Hellmann Worldwide Logistics nomeia Marc Wijnen como Global Head of eCommerce. Nesta nova posi\u00e7\u00e3o, ele ser\u00e1 respons\u00e1vel pelo desenvolvimento cont\u00ednuo [\u2026]","og_url":"https:\/\/loginfo24.com\/pt-pt\/2021\/07\/13\/hellmann-nomeia-marc-wijnen-como-global-head-of-ecommerce\/","og_site_name":"Loginfo24","article_publisher":"https:\/\/www.facebook.com\/people\/Loginfo24\/100057360583332\/","article_published_time":"2021-07-13T15:13:25+00:00","article_modified_time":"2025-12-15T12:11:17+00:00","twitter_card":"summary_large_image","twitter_misc":{"Tempo estimado de leitura":"2 minutos"},"schema":{"@context":"https:\/\/schema.org","@graph":[{"@type":"Article","@id":"https:\/\/loginfo24.com\/pt-pt\/2021\/07\/13\/hellmann-nomeia-marc-wijnen-como-global-head-of-ecommerce\/#article","isPartOf":{"@id":"https:\/\/loginfo24.com\/pt-pt\/2021\/07\/13\/hellmann-nomeia-marc-wijnen-como-global-head-of-ecommerce\/"},"author":{"name":"","@id":""},"headline":"Hellmann nomeia Marc Wijnen como Global Head of eCommerce","datePublished":"2021-07-13T15:13:25+00:00","dateModified":"2025-12-15T12:11:17+00:00","mainEntityOfPage":{"@id":"https:\/\/loginfo24.com\/pt-pt\/2021\/07\/13\/hellmann-nomeia-marc-wijnen-como-global-head-of-ecommerce\/"},"wordCount":340,"commentCount":0,"publisher":{"@id":"https:\/\/loginfo24.com\/pt-pt\/#organization"},"articleSection":["Forwarding &amp; Logistics","Intralogistics","Regions"],"inLanguage":"pt-PT","potentialAction":[{"@type":"CommentAction","name":"Comment","target":["https:\/\/loginfo24.com\/pt-pt\/2021\/07\/13\/hellmann-nomeia-marc-wijnen-como-global-head-of-ecommerce\/#respond"]}]},{"@type":"WebPage","@id":"https:\/\/loginfo24.com\/pt-pt\/2021\/07\/13\/hellmann-nomeia-marc-wijnen-como-global-head-of-ecommerce\/","url":"https:\/\/loginfo24.com\/pt-pt\/2021\/07\/13\/hellmann-nomeia-marc-wijnen-como-global-head-of-ecommerce\/","name":"Hellmann nomeia Marc Wijnen como Global Head of eCommerce - Loginfo24","isPartOf":{"@id":"https:\/\/loginfo24.com\/pt-pt\/#website"},"datePublished":"2021-07-13T15:13:25+00:00","dateModified":"2025-12-15T12:11:17+00:00","breadcrumb":{"@id":"https:\/\/loginfo24.com\/pt-pt\/2021\/07\/13\/hellmann-nomeia-marc-wijnen-como-global-head-of-ecommerce\/#breadcrumb"},"inLanguage":"pt-PT","potentialAction":[{"@type":"ReadAction","target":["https:\/\/loginfo24.com\/pt-pt\/2021\/07\/13\/hellmann-nomeia-marc-wijnen-como-global-head-of-ecommerce\/"]}]},{"@type":"BreadcrumbList","@id":"https:\/\/loginfo24.com\/pt-pt\/2021\/07\/13\/hellmann-nomeia-marc-wijnen-como-global-head-of-ecommerce\/#breadcrumb","itemListElement":[{"@type":"ListItem","position":1,"name":"Startseite","item":"https:\/\/loginfo24.com\/pt-pt\/"},{"@type":"ListItem","position":2,"name":"Hellmann nomeia Marc Wijnen como Global Head of eCommerce"}]},{"@type":"WebSite","@id":"https:\/\/loginfo24.com\/pt-pt\/#website","url":"https:\/\/loginfo24.com\/pt-pt\/","name":"Loginfo24","description":"Loginfo24 \u00e9 a plataforma dedicada \u00e0 log\u00edstica e \u00e0s cadeias de abastecimento, com informa\u00e7\u00f5es dispon\u00edveis 24 horas por dia.","publisher":{"@id":"https:\/\/loginfo24.com\/pt-pt\/#organization"},"potentialAction":[{"@type":"SearchAction","target":{"@type":"EntryPoint","urlTemplate":"https:\/\/loginfo24.com\/pt-pt\/?s={search_term_string}"},"query-input":{"@type":"PropertyValueSpecification","valueRequired":true,"valueName":"search_term_string"}}],"inLanguage":"pt-PT"},{"@type":"Organization","@id":"https:\/\/loginfo24.com\/pt-pt\/#organization","name":"Logismedia Group AG","url":"https:\/\/loginfo24.com\/pt-pt\/","logo":{"@type":"ImageObject","inLanguage":"pt-PT","@id":"https:\/\/loginfo24.com\/pt-pt\/#\/schema\/logo\/image\/","url":"https:\/\/loginfo24.com\/wp-content\/uploads\/sites\/7\/2026\/01\/Logo_LogInfo24.png","contentUrl":"https:\/\/loginfo24.com\/wp-content\/uploads\/sites\/7\/2026\/01\/Logo_LogInfo24.png","width":938,"height":351,"caption":"Logismedia Group AG"},"image":{"@id":"https:\/\/loginfo24.com\/pt-pt\/#\/schema\/logo\/image\/"},"sameAs":["https:\/\/www.facebook.com\/people\/Loginfo24\/100057360583332\/","https:\/\/www.linkedin.com\/company\/lofinfo24\/"]}]}},"_links":{"self":[{"href":"https:\/\/loginfo24.com\/pt-pt\/wp-json\/wp\/v2\/posts\/27692","targetHints":{"allow":["GET"]}}],"collection":[{"href":"https:\/\/loginfo24.com\/pt-pt\/wp-json\/wp\/v2\/posts"}],"about":[{"href":"https:\/\/loginfo24.com\/pt-pt\/wp-json\/wp\/v2\/types\/post"}],"replies":[{"embeddable":true,"href":"https:\/\/loginfo24.com\/pt-pt\/wp-json\/wp\/v2\/comments?post=27692"}],"version-history":[{"count":1,"href":"https:\/\/loginfo24.com\/pt-pt\/wp-json\/wp\/v2\/posts\/27692\/revisions"}],"predecessor-version":[{"id":49644,"href":"https:\/\/loginfo24.com\/pt-pt\/wp-json\/wp\/v2\/posts\/27692\/revisions\/49644"}],"wp:attachment":[{"href":"https:\/\/loginfo24.com\/pt-pt\/wp-json\/wp\/v2\/media?parent=27692"}],"wp:term":[{"taxonomy":"category","embeddable":true,"href":"https:\/\/loginfo24.com\/pt-pt\/wp-json\/wp\/v2\/categories?post=27692"},{"taxonomy":"post_tag","embeddable":true,"href":"https:\/\/loginfo24.com\/pt-pt\/wp-json\/wp\/v2\/tags?post=27692"}],"curies":[{"name":"wp","href":"https:\/\/api.w.org\/{rel}","templated":true}]}}