{"id":27662,"date":"2021-07-12T14:28:05","date_gmt":"2021-07-12T12:28:05","guid":{"rendered":"https:\/\/blog.brand-architecture.at\/2021\/07\/12\/cargobeamer-inaugura-o-primeiro-terminal-proprio-em-calais\/"},"modified":"2025-12-15T13:11:12","modified_gmt":"2025-12-15T12:11:12","slug":"cargobeamer-inaugura-o-primeiro-terminal-proprio-em-calais","status":"publish","type":"post","link":"https:\/\/loginfo24.com\/pt-pt\/2021\/07\/12\/cargobeamer-inaugura-o-primeiro-terminal-proprio-em-calais\/","title":{"rendered":"CargoBeamer inaugura o primeiro terminal pr\u00f3prio em Calais"},"content":{"rendered":"<p>O prestador de servi\u00e7os log\u00edsticos de Leipzig, CargoBeamer, colocou em opera\u00e7\u00e3o no s\u00e1bado seu primeiro terminal pr\u00f3prio. A empresa utiliza pela primeira vez sua tecnologia patenteada de transbordo horizontal para semirreboques de caminh\u00f5es para a ferrovia no mercado de acesso livre. Entre Calais e Perpignan, no sul da Fran\u00e7a, haver\u00e1 quatro rotas semanais, e pelo menos um novo destino ser\u00e1 adicionado at\u00e9 o final do ano.<\/p>\n<p>(Leipzig\/Calais) A instala\u00e7\u00e3o de transbordo, localizada nas proximidades do porto de Calais e da influente conex\u00e3o Eurotunnel para o Reino Unido, deve se desenvolver a m\u00e9dio prazo em um importante ponto de conex\u00e3o para os fluxos de transporte internacionais da empresa. Atrav\u00e9s da rota interna francesa para Perpignan, perto da fronteira franco-espanhola, ser\u00e3o possibilitados transportes para o Mediterr\u00e2neo e para a Pen\u00ednsula Ib\u00e9rica. Ap\u00f3s uma fase inicial de uma semana com duas rotas, a linha ser\u00e1 permanentemente atendida a partir de 17 de julho com quatro rotas semanais. Como parceiro de tra\u00e7\u00e3o, foi conquistada a Euro Cargo Rail (ECR), uma subsidi\u00e1ria francesa da DB Cargo. Os trens t\u00eam um total de 36 espa\u00e7os para trailers, compostos por 24 vag\u00f5es especiais da CargoBeamer e seis vag\u00f5es convencionais de duas bolsas. Al\u00e9m dos fluxos de mercadorias para o sul, a m\u00e9dio prazo tamb\u00e9m ser\u00e3o atendidos transportes em dire\u00e7\u00e3o \u00e0 Europa Central e Oriental. A partir do quarto trimestre de 2021, a linha entre Calais e Domodossola, no norte da It\u00e1lia, ser\u00e1 oferecida, onde a CargoBeamer j\u00e1 est\u00e1 ativa desde 2015.<\/p>\n<h5><strong>Transbordo de at\u00e9 doze pares de trens por dia<\/strong><\/h5>\n<p>A instala\u00e7\u00e3o do terminal em Calais permite inicialmente o transbordo de seis pares de trens, ou seja, seis trens de carga partindo e seis chegando por dia. Com isso, um total de 432 semirreboques pode ser processado diariamente. Em uma segunda fase de expans\u00e3o, planejada para 2023, o terminal poder\u00e1 ser ampliado para uma capacidade de doze pares de trens por dia. O processo de transbordo, com carga e descarga completas de um trem inteiro, ocorre em cerca de 20 minutos. Na constru\u00e7\u00e3o da instala\u00e7\u00e3o nos \u00faltimos onze meses, a CargoBeamer trabalhou com a empresa francesa de constru\u00e7\u00e3o e concess\u00e3o Eiffage. Al\u00e9m disso, o projeto de constru\u00e7\u00e3o recebeu apoio financeiro da Uni\u00e3o Europeia no \u00e2mbito da <em>Connecting Europe Facility<\/em> (&#8220;CEF&#8221;), do Estado franc\u00eas e da regi\u00e3o de Hauts-de-France.<\/p>\n<h5><strong>Marco e salto qu\u00e2ntico<\/strong><\/h5>\n<p>&#8220;A inaugura\u00e7\u00e3o do nosso primeiro terminal \u00e9 um marco extremamente importante e um verdadeiro salto qu\u00e2ntico para o desenvolvimento da nossa empresa. Aqui em Calais, podemos utilizar nossa tecnologia plenamente no mercado e fortalecer ainda mais a transfer\u00eancia de transportes para a ferrovia ecol\u00f3gica. Portanto, gostar\u00edamos de agradecer a todos os parceiros, patrocinadores e investidores pela confian\u00e7a depositada em n\u00f3s e pela excelente colabora\u00e7\u00e3o&#8221;, explica Hans-J\u00fcrgen Weidemann, CEO e fundador da CargoBeamer. &#8220;Vemos o local como o in\u00edcio de uma rede europeia de terminais e rotas de KV, da qual Calais ser\u00e1 um pilar importante. A partir daqui, queremos criar conex\u00f5es ferrovi\u00e1rias para o sul, centro e leste da Europa. Ao mesmo tempo, a localiza\u00e7\u00e3o oferece um enorme potencial em termos de fluxos de mercadorias mar\u00edtimas e cadeias de transporte atrav\u00e9s do Eurotunnel para o Reino Unido. Vamos expandir a rede ferrovi\u00e1ria nos pr\u00f3ximos anos para transferir mais transporte de mercadorias das estradas congestionadas para a ferrovia ecol\u00f3gica.&#8221;<br \/>Foto: \u00a9 CargoBeamer<\/p>\n","protected":false},"excerpt":{"rendered":"<p>O prestador de servi\u00e7os log\u00edsticos de Leipzig, CargoBeamer, colocou em opera\u00e7\u00e3o no s\u00e1bado seu primeiro terminal pr\u00f3prio. A empresa utiliza pela primeira vez sua tecnologia patenteada<span class=\"excerpt-hellip\"> [\u2026]<\/span><\/p>\n","protected":false},"author":0,"featured_media":0,"comment_status":"open","ping_status":"open","sticky":false,"template":"","format":"standard","meta":{"_acf_changed":false,"footnotes":""},"categories":[1557,1556,1561],"tags":[],"class_list":["post-27662","post","type-post","status-publish","format-standard","hentry","category-forwarding-logistics","category-intermodal-road","category-regions"],"acf":[],"yoast_head":"<!-- This site is optimized with the Yoast SEO plugin v27.3 - https:\/\/yoast.com\/product\/yoast-seo-wordpress\/ -->\n<title>CargoBeamer inaugura o primeiro terminal pr\u00f3prio em Calais - Loginfo24<\/title>\n<meta name=\"robots\" content=\"index, follow, max-snippet:-1, max-image-preview:large, max-video-preview:-1\" \/>\n<link rel=\"canonical\" href=\"https:\/\/loginfo24.com\/pt-pt\/2021\/07\/12\/cargobeamer-inaugura-o-primeiro-terminal-proprio-em-calais\/\" \/>\n<meta property=\"og:locale\" content=\"pt_PT\" \/>\n<meta property=\"og:type\" content=\"article\" \/>\n<meta property=\"og:title\" content=\"CargoBeamer inaugura o primeiro terminal pr\u00f3prio em Calais - Loginfo24\" \/>\n<meta property=\"og:description\" content=\"O prestador de servi\u00e7os log\u00edsticos de Leipzig, CargoBeamer, colocou em opera\u00e7\u00e3o no s\u00e1bado seu primeiro terminal pr\u00f3prio. A empresa utiliza pela primeira vez sua tecnologia patenteada [\u2026]\" \/>\n<meta property=\"og:url\" content=\"https:\/\/loginfo24.com\/pt-pt\/2021\/07\/12\/cargobeamer-inaugura-o-primeiro-terminal-proprio-em-calais\/\" \/>\n<meta property=\"og:site_name\" content=\"Loginfo24\" \/>\n<meta property=\"article:publisher\" content=\"https:\/\/www.facebook.com\/people\/Loginfo24\/100057360583332\/\" \/>\n<meta property=\"article:published_time\" content=\"2021-07-12T12:28:05+00:00\" \/>\n<meta property=\"article:modified_time\" content=\"2025-12-15T12:11:12+00:00\" \/>\n<meta name=\"twitter:card\" content=\"summary_large_image\" \/>\n<meta name=\"twitter:label1\" content=\"Tempo estimado de leitura\" \/>\n\t<meta name=\"twitter:data1\" content=\"3 minutos\" \/>\n<script type=\"application\/ld+json\" class=\"yoast-schema-graph\">{\"@context\":\"https:\\\/\\\/schema.org\",\"@graph\":[{\"@type\":\"Article\",\"@id\":\"https:\\\/\\\/loginfo24.com\\\/pt-pt\\\/2021\\\/07\\\/12\\\/cargobeamer-inaugura-o-primeiro-terminal-proprio-em-calais\\\/#article\",\"isPartOf\":{\"@id\":\"https:\\\/\\\/loginfo24.com\\\/pt-pt\\\/2021\\\/07\\\/12\\\/cargobeamer-inaugura-o-primeiro-terminal-proprio-em-calais\\\/\"},\"author\":{\"name\":\"\",\"@id\":\"\"},\"headline\":\"CargoBeamer inaugura o primeiro terminal pr\u00f3prio em Calais\",\"datePublished\":\"2021-07-12T12:28:05+00:00\",\"dateModified\":\"2025-12-15T12:11:12+00:00\",\"mainEntityOfPage\":{\"@id\":\"https:\\\/\\\/loginfo24.com\\\/pt-pt\\\/2021\\\/07\\\/12\\\/cargobeamer-inaugura-o-primeiro-terminal-proprio-em-calais\\\/\"},\"wordCount\":604,\"commentCount\":0,\"publisher\":{\"@id\":\"https:\\\/\\\/loginfo24.com\\\/pt-pt\\\/#organization\"},\"articleSection\":[\"Forwarding &amp; Logistics\",\"Intermodal \\\/ Road\",\"Regions\"],\"inLanguage\":\"pt-PT\",\"potentialAction\":[{\"@type\":\"CommentAction\",\"name\":\"Comment\",\"target\":[\"https:\\\/\\\/loginfo24.com\\\/pt-pt\\\/2021\\\/07\\\/12\\\/cargobeamer-inaugura-o-primeiro-terminal-proprio-em-calais\\\/#respond\"]}]},{\"@type\":\"WebPage\",\"@id\":\"https:\\\/\\\/loginfo24.com\\\/pt-pt\\\/2021\\\/07\\\/12\\\/cargobeamer-inaugura-o-primeiro-terminal-proprio-em-calais\\\/\",\"url\":\"https:\\\/\\\/loginfo24.com\\\/pt-pt\\\/2021\\\/07\\\/12\\\/cargobeamer-inaugura-o-primeiro-terminal-proprio-em-calais\\\/\",\"name\":\"CargoBeamer inaugura o primeiro terminal pr\u00f3prio em Calais - Loginfo24\",\"isPartOf\":{\"@id\":\"https:\\\/\\\/loginfo24.com\\\/pt-pt\\\/#website\"},\"datePublished\":\"2021-07-12T12:28:05+00:00\",\"dateModified\":\"2025-12-15T12:11:12+00:00\",\"breadcrumb\":{\"@id\":\"https:\\\/\\\/loginfo24.com\\\/pt-pt\\\/2021\\\/07\\\/12\\\/cargobeamer-inaugura-o-primeiro-terminal-proprio-em-calais\\\/#breadcrumb\"},\"inLanguage\":\"pt-PT\",\"potentialAction\":[{\"@type\":\"ReadAction\",\"target\":[\"https:\\\/\\\/loginfo24.com\\\/pt-pt\\\/2021\\\/07\\\/12\\\/cargobeamer-inaugura-o-primeiro-terminal-proprio-em-calais\\\/\"]}]},{\"@type\":\"BreadcrumbList\",\"@id\":\"https:\\\/\\\/loginfo24.com\\\/pt-pt\\\/2021\\\/07\\\/12\\\/cargobeamer-inaugura-o-primeiro-terminal-proprio-em-calais\\\/#breadcrumb\",\"itemListElement\":[{\"@type\":\"ListItem\",\"position\":1,\"name\":\"Startseite\",\"item\":\"https:\\\/\\\/loginfo24.com\\\/pt-pt\\\/\"},{\"@type\":\"ListItem\",\"position\":2,\"name\":\"CargoBeamer inaugura o primeiro terminal pr\u00f3prio em Calais\"}]},{\"@type\":\"WebSite\",\"@id\":\"https:\\\/\\\/loginfo24.com\\\/pt-pt\\\/#website\",\"url\":\"https:\\\/\\\/loginfo24.com\\\/pt-pt\\\/\",\"name\":\"Loginfo24\",\"description\":\"Loginfo24 \u00e9 a plataforma dedicada \u00e0 log\u00edstica e \u00e0s cadeias de abastecimento, com informa\u00e7\u00f5es dispon\u00edveis 24 horas por dia.\",\"publisher\":{\"@id\":\"https:\\\/\\\/loginfo24.com\\\/pt-pt\\\/#organization\"},\"potentialAction\":[{\"@type\":\"SearchAction\",\"target\":{\"@type\":\"EntryPoint\",\"urlTemplate\":\"https:\\\/\\\/loginfo24.com\\\/pt-pt\\\/?s={search_term_string}\"},\"query-input\":{\"@type\":\"PropertyValueSpecification\",\"valueRequired\":true,\"valueName\":\"search_term_string\"}}],\"inLanguage\":\"pt-PT\"},{\"@type\":\"Organization\",\"@id\":\"https:\\\/\\\/loginfo24.com\\\/pt-pt\\\/#organization\",\"name\":\"Logismedia Group AG\",\"url\":\"https:\\\/\\\/loginfo24.com\\\/pt-pt\\\/\",\"logo\":{\"@type\":\"ImageObject\",\"inLanguage\":\"pt-PT\",\"@id\":\"https:\\\/\\\/loginfo24.com\\\/pt-pt\\\/#\\\/schema\\\/logo\\\/image\\\/\",\"url\":\"https:\\\/\\\/loginfo24.com\\\/wp-content\\\/uploads\\\/sites\\\/7\\\/2026\\\/01\\\/Logo_LogInfo24.png\",\"contentUrl\":\"https:\\\/\\\/loginfo24.com\\\/wp-content\\\/uploads\\\/sites\\\/7\\\/2026\\\/01\\\/Logo_LogInfo24.png\",\"width\":938,\"height\":351,\"caption\":\"Logismedia Group AG\"},\"image\":{\"@id\":\"https:\\\/\\\/loginfo24.com\\\/pt-pt\\\/#\\\/schema\\\/logo\\\/image\\\/\"},\"sameAs\":[\"https:\\\/\\\/www.facebook.com\\\/people\\\/Loginfo24\\\/100057360583332\\\/\",\"https:\\\/\\\/www.linkedin.com\\\/company\\\/lofinfo24\\\/\"]}]}<\/script>\n<!-- \/ Yoast SEO plugin. -->","yoast_head_json":{"title":"CargoBeamer inaugura o primeiro terminal pr\u00f3prio em Calais - Loginfo24","robots":{"index":"index","follow":"follow","max-snippet":"max-snippet:-1","max-image-preview":"max-image-preview:large","max-video-preview":"max-video-preview:-1"},"canonical":"https:\/\/loginfo24.com\/pt-pt\/2021\/07\/12\/cargobeamer-inaugura-o-primeiro-terminal-proprio-em-calais\/","og_locale":"pt_PT","og_type":"article","og_title":"CargoBeamer inaugura o primeiro terminal pr\u00f3prio em Calais - Loginfo24","og_description":"O prestador de servi\u00e7os log\u00edsticos de Leipzig, CargoBeamer, colocou em opera\u00e7\u00e3o no s\u00e1bado seu primeiro terminal pr\u00f3prio. A empresa utiliza pela primeira vez sua tecnologia patenteada [\u2026]","og_url":"https:\/\/loginfo24.com\/pt-pt\/2021\/07\/12\/cargobeamer-inaugura-o-primeiro-terminal-proprio-em-calais\/","og_site_name":"Loginfo24","article_publisher":"https:\/\/www.facebook.com\/people\/Loginfo24\/100057360583332\/","article_published_time":"2021-07-12T12:28:05+00:00","article_modified_time":"2025-12-15T12:11:12+00:00","twitter_card":"summary_large_image","twitter_misc":{"Tempo estimado de leitura":"3 minutos"},"schema":{"@context":"https:\/\/schema.org","@graph":[{"@type":"Article","@id":"https:\/\/loginfo24.com\/pt-pt\/2021\/07\/12\/cargobeamer-inaugura-o-primeiro-terminal-proprio-em-calais\/#article","isPartOf":{"@id":"https:\/\/loginfo24.com\/pt-pt\/2021\/07\/12\/cargobeamer-inaugura-o-primeiro-terminal-proprio-em-calais\/"},"author":{"name":"","@id":""},"headline":"CargoBeamer inaugura o primeiro terminal pr\u00f3prio em Calais","datePublished":"2021-07-12T12:28:05+00:00","dateModified":"2025-12-15T12:11:12+00:00","mainEntityOfPage":{"@id":"https:\/\/loginfo24.com\/pt-pt\/2021\/07\/12\/cargobeamer-inaugura-o-primeiro-terminal-proprio-em-calais\/"},"wordCount":604,"commentCount":0,"publisher":{"@id":"https:\/\/loginfo24.com\/pt-pt\/#organization"},"articleSection":["Forwarding &amp; Logistics","Intermodal \/ Road","Regions"],"inLanguage":"pt-PT","potentialAction":[{"@type":"CommentAction","name":"Comment","target":["https:\/\/loginfo24.com\/pt-pt\/2021\/07\/12\/cargobeamer-inaugura-o-primeiro-terminal-proprio-em-calais\/#respond"]}]},{"@type":"WebPage","@id":"https:\/\/loginfo24.com\/pt-pt\/2021\/07\/12\/cargobeamer-inaugura-o-primeiro-terminal-proprio-em-calais\/","url":"https:\/\/loginfo24.com\/pt-pt\/2021\/07\/12\/cargobeamer-inaugura-o-primeiro-terminal-proprio-em-calais\/","name":"CargoBeamer inaugura o primeiro terminal pr\u00f3prio em Calais - Loginfo24","isPartOf":{"@id":"https:\/\/loginfo24.com\/pt-pt\/#website"},"datePublished":"2021-07-12T12:28:05+00:00","dateModified":"2025-12-15T12:11:12+00:00","breadcrumb":{"@id":"https:\/\/loginfo24.com\/pt-pt\/2021\/07\/12\/cargobeamer-inaugura-o-primeiro-terminal-proprio-em-calais\/#breadcrumb"},"inLanguage":"pt-PT","potentialAction":[{"@type":"ReadAction","target":["https:\/\/loginfo24.com\/pt-pt\/2021\/07\/12\/cargobeamer-inaugura-o-primeiro-terminal-proprio-em-calais\/"]}]},{"@type":"BreadcrumbList","@id":"https:\/\/loginfo24.com\/pt-pt\/2021\/07\/12\/cargobeamer-inaugura-o-primeiro-terminal-proprio-em-calais\/#breadcrumb","itemListElement":[{"@type":"ListItem","position":1,"name":"Startseite","item":"https:\/\/loginfo24.com\/pt-pt\/"},{"@type":"ListItem","position":2,"name":"CargoBeamer inaugura o primeiro terminal pr\u00f3prio em Calais"}]},{"@type":"WebSite","@id":"https:\/\/loginfo24.com\/pt-pt\/#website","url":"https:\/\/loginfo24.com\/pt-pt\/","name":"Loginfo24","description":"Loginfo24 \u00e9 a plataforma dedicada \u00e0 log\u00edstica e \u00e0s cadeias de abastecimento, com informa\u00e7\u00f5es dispon\u00edveis 24 horas por dia.","publisher":{"@id":"https:\/\/loginfo24.com\/pt-pt\/#organization"},"potentialAction":[{"@type":"SearchAction","target":{"@type":"EntryPoint","urlTemplate":"https:\/\/loginfo24.com\/pt-pt\/?s={search_term_string}"},"query-input":{"@type":"PropertyValueSpecification","valueRequired":true,"valueName":"search_term_string"}}],"inLanguage":"pt-PT"},{"@type":"Organization","@id":"https:\/\/loginfo24.com\/pt-pt\/#organization","name":"Logismedia Group AG","url":"https:\/\/loginfo24.com\/pt-pt\/","logo":{"@type":"ImageObject","inLanguage":"pt-PT","@id":"https:\/\/loginfo24.com\/pt-pt\/#\/schema\/logo\/image\/","url":"https:\/\/loginfo24.com\/wp-content\/uploads\/sites\/7\/2026\/01\/Logo_LogInfo24.png","contentUrl":"https:\/\/loginfo24.com\/wp-content\/uploads\/sites\/7\/2026\/01\/Logo_LogInfo24.png","width":938,"height":351,"caption":"Logismedia Group AG"},"image":{"@id":"https:\/\/loginfo24.com\/pt-pt\/#\/schema\/logo\/image\/"},"sameAs":["https:\/\/www.facebook.com\/people\/Loginfo24\/100057360583332\/","https:\/\/www.linkedin.com\/company\/lofinfo24\/"]}]}},"_links":{"self":[{"href":"https:\/\/loginfo24.com\/pt-pt\/wp-json\/wp\/v2\/posts\/27662","targetHints":{"allow":["GET"]}}],"collection":[{"href":"https:\/\/loginfo24.com\/pt-pt\/wp-json\/wp\/v2\/posts"}],"about":[{"href":"https:\/\/loginfo24.com\/pt-pt\/wp-json\/wp\/v2\/types\/post"}],"replies":[{"embeddable":true,"href":"https:\/\/loginfo24.com\/pt-pt\/wp-json\/wp\/v2\/comments?post=27662"}],"version-history":[{"count":1,"href":"https:\/\/loginfo24.com\/pt-pt\/wp-json\/wp\/v2\/posts\/27662\/revisions"}],"predecessor-version":[{"id":49584,"href":"https:\/\/loginfo24.com\/pt-pt\/wp-json\/wp\/v2\/posts\/27662\/revisions\/49584"}],"wp:attachment":[{"href":"https:\/\/loginfo24.com\/pt-pt\/wp-json\/wp\/v2\/media?parent=27662"}],"wp:term":[{"taxonomy":"category","embeddable":true,"href":"https:\/\/loginfo24.com\/pt-pt\/wp-json\/wp\/v2\/categories?post=27662"},{"taxonomy":"post_tag","embeddable":true,"href":"https:\/\/loginfo24.com\/pt-pt\/wp-json\/wp\/v2\/tags?post=27662"}],"curies":[{"name":"wp","href":"https:\/\/api.w.org\/{rel}","templated":true}]}}