{"id":27299,"date":"2021-06-28T18:02:36","date_gmt":"2021-06-28T16:02:36","guid":{"rendered":"https:\/\/blog.brand-architecture.at\/2021\/06\/28\/cargologic-e-weckpoller-na-rede-logistica-da-alemanha-central\/"},"modified":"2025-12-15T13:09:17","modified_gmt":"2025-12-15T12:09:17","slug":"cargologic-e-weckpoller-na-rede-logistica-da-alemanha-central","status":"publish","type":"post","link":"https:\/\/loginfo24.com\/pt-pt\/2021\/06\/28\/cargologic-e-weckpoller-na-rede-logistica-da-alemanha-central\/","title":{"rendered":"CargoLogic e Weck+Poller na Rede Log\u00edstica da Alemanha Central"},"content":{"rendered":"<p>Mais empresas se juntaram \u00e0 Rede Log\u00edstica da Alemanha Central. Com a companhia a\u00e9rea de carga CargoLogic Germany GmbH, com sede no Aeroporto de Leipzig\/Halle, e o prestador de servi\u00e7os log\u00edsticos Weck+Poller Holding GmbH, de Zwickau, a rede de coopera\u00e7\u00e3o agora conta com 133 membros. O objetivo \u00e9 desenvolver ainda mais a log\u00edstica na Alemanha Central por meio de projetos colaborativos e apresentar a localiza\u00e7\u00e3o internacionalmente.<\/p>\n<p>(Leipzig) Com a mais recente companhia a\u00e9rea de carga alem\u00e3, a CargoLogic Germany, mais uma empresa fortalece a rede no Aeroporto de Leipzig\/Halle. Especialmente o setor de carga expressa est\u00e1 se desenvolvendo rapidamente devido ao crescente com\u00e9rcio online. A companhia a\u00e9rea planeja aumentar sua frota em mais dois cargueiros at\u00e9 o final do ano, totalizando seis aeronaves do tipo Boeing 737-400F. Cada uma delas pode transportar at\u00e9 20 toneladas de carga. Al\u00e9m do grupo de operadores de carga a\u00e9rea, que est\u00e1 fortemente representado na rede, a Weck+Poller, como fornecedora de transportes rodovi\u00e1rios em toda a Europa e diversos servi\u00e7os log\u00edsticos, traz compet\u00eancias adicionais. Al\u00e9m disso, a empresa est\u00e1 ativa, entre outras \u00e1reas, na reciclagem de pl\u00e1sticos da ind\u00fastria automotiva e na produ\u00e7\u00e3o de esta\u00e7\u00f5es de carregamento para ve\u00edculos el\u00e9tricos.<\/p>\n<caption id=\"attachment_12373\" align=\"alignnone\"><img loading=\"lazy\" decoding=\"async\" class=\"wp-image-12373 size-full\" src=\"https:\/\/loginfo24.com\/wp-content\/uploads\/sites\/7\/2025\/12\/Netzwerk_MD_28.6.21_2.jpg\" alt=\"\" width=\"1383\" height=\"830\" \/> Uma aeronave cargueira do tipo Boeing 737-400F da CargoLogic Germany com a tripula\u00e7\u00e3o no Aeroporto de Leipzig\/Halle (Foto: \u00a9 Uwe Schossig)<\/caption>\n<h5><\/h5>\n<h5><strong>O interc\u00e2mbio na rede tem se mostrado eficaz<\/strong><\/h5>\n<p> &#8220;Com a CargoLogic Germany e a Weck+Poller, ganhamos duas empresas em ascens\u00e3o da Sax\u00f4nia. Ambas representam o desenvolvimento positivo do setor na Alemanha Central, de onde mercadorias podem rapidamente e eficientemente alcan\u00e7ar mercados em todo o mundo, independentemente do modo de transporte&#8221;, diz Toralf Wei\u00dfe, presidente da Rede Log\u00edstica da Alemanha Central, e acrescenta: &#8220;Nos \u00faltimos meses da pandemia, ficou claro qual papel essencial a log\u00edstica desempenha para a economia e a sociedade. Em tempos de restri\u00e7\u00f5es em constante mudan\u00e7a, o interc\u00e2mbio cont\u00ednuo na rede se mostrou eficaz. Com nosso crescente n\u00famero de membros, queremos continuar a estreita colabora\u00e7\u00e3o e fortalecer o setor para os grandes desafios nas \u00e1reas de sustentabilidade, seguran\u00e7a de pessoal e inova\u00e7\u00f5es.<\/p>\n<h5><strong>Rede Log\u00edstica da Alemanha Central e.V.<\/strong><\/h5>\n<p> Fundada em 2008, a Rede Log\u00edstica Leipzig-Halle e.V. passou a se chamar Rede Log\u00edstica da Alemanha Central e.V. em 2018, devido ao seu raio de a\u00e7\u00e3o ampliado. Ela re\u00fane, al\u00e9m de numerosos prestadores de servi\u00e7os log\u00edsticos &#8220;cl\u00e1ssicos&#8221;, empresas do setor de servi\u00e7os log\u00edsticos, do setor de pessoal e imobili\u00e1rio, entidades p\u00fablicas como as cidades de Leipzig e Halle, as c\u00e2maras de com\u00e9rcio e ind\u00fastria regionais, bem como institui\u00e7\u00f5es de pesquisa e educa\u00e7\u00e3o, incluindo oito universidades. Desde 2016, a rede possui escrit\u00f3rios regionais em Dresden e Chemnitz.<\/p>\n<p> A rede representa os estados federais da Sax\u00f4nia e Sax\u00f4nia-Anhalt na associa\u00e7\u00e3o de iniciativas log\u00edsticas da Alemanha. As principais tarefas da rede incluem, al\u00e9m de inova\u00e7\u00e3o, desenvolvimento de pessoal e neg\u00f3cios, a posicionamento da regi\u00e3o log\u00edstica da Alemanha Central como um gateway europeu estabelecido e um local central de distribui\u00e7\u00e3o com conex\u00f5es r\u00e1pidas, especialmente para os mercados da Europa Oriental e do Leste Asi\u00e1tico, para o qual uma coopera\u00e7\u00e3o com o Porto de Hamburgo e a regi\u00e3o log\u00edstica de Sassnitz-Mukran em Mecklemburgo-Pomer\u00e2nia Ocidental contribui significativamente.<\/p>\n<p> Foto do t\u00edtulo: \u00a9 Weck+Poller<\/p>\n","protected":false},"excerpt":{"rendered":"<p>Mais empresas se juntaram \u00e0 Rede Log\u00edstica da Alemanha Central. Com a companhia a\u00e9rea de carga CargoLogic Germany GmbH, com sede no Aeroporto de Leipzig\/Halle, e<span class=\"excerpt-hellip\"> [\u2026]<\/span><\/p>\n","protected":false},"author":0,"featured_media":0,"comment_status":"open","ping_status":"open","sticky":false,"template":"","format":"standard","meta":{"_acf_changed":false,"footnotes":""},"categories":[1557,1556,1561],"tags":[],"class_list":["post-27299","post","type-post","status-publish","format-standard","hentry","category-forwarding-logistics","category-intermodal-road","category-regions"],"acf":[],"yoast_head":"<!-- This site is optimized with the Yoast SEO plugin v27.3 - https:\/\/yoast.com\/product\/yoast-seo-wordpress\/ -->\n<title>CargoLogic e Weck+Poller na Rede Log\u00edstica da Alemanha Central - Loginfo24<\/title>\n<meta name=\"robots\" content=\"index, follow, max-snippet:-1, max-image-preview:large, max-video-preview:-1\" \/>\n<link rel=\"canonical\" href=\"https:\/\/loginfo24.com\/pt-pt\/2021\/06\/28\/cargologic-e-weckpoller-na-rede-logistica-da-alemanha-central\/\" \/>\n<meta property=\"og:locale\" content=\"pt_PT\" \/>\n<meta property=\"og:type\" content=\"article\" \/>\n<meta property=\"og:title\" content=\"CargoLogic e Weck+Poller na Rede Log\u00edstica da Alemanha Central - Loginfo24\" \/>\n<meta property=\"og:description\" content=\"Mais empresas se juntaram \u00e0 Rede Log\u00edstica da Alemanha Central. Com a companhia a\u00e9rea de carga CargoLogic Germany GmbH, com sede no Aeroporto de Leipzig\/Halle, e [\u2026]\" \/>\n<meta property=\"og:url\" content=\"https:\/\/loginfo24.com\/pt-pt\/2021\/06\/28\/cargologic-e-weckpoller-na-rede-logistica-da-alemanha-central\/\" \/>\n<meta property=\"og:site_name\" content=\"Loginfo24\" \/>\n<meta property=\"article:publisher\" content=\"https:\/\/www.facebook.com\/people\/Loginfo24\/100057360583332\/\" \/>\n<meta property=\"article:published_time\" content=\"2021-06-28T16:02:36+00:00\" \/>\n<meta property=\"article:modified_time\" content=\"2025-12-15T12:09:17+00:00\" \/>\n<meta property=\"og:image\" content=\"https:\/\/loginfo24.com\/wp-content\/uploads\/sites\/7\/2025\/12\/Netzwerk_MD_28.6.21_2.jpg\" \/>\n<meta name=\"twitter:card\" content=\"summary_large_image\" \/>\n<meta name=\"twitter:label1\" content=\"Tempo estimado de leitura\" \/>\n\t<meta name=\"twitter:data1\" content=\"3 minutos\" \/>\n<script type=\"application\/ld+json\" class=\"yoast-schema-graph\">{\"@context\":\"https:\\\/\\\/schema.org\",\"@graph\":[{\"@type\":\"Article\",\"@id\":\"https:\\\/\\\/loginfo24.com\\\/pt-pt\\\/2021\\\/06\\\/28\\\/cargologic-e-weckpoller-na-rede-logistica-da-alemanha-central\\\/#article\",\"isPartOf\":{\"@id\":\"https:\\\/\\\/loginfo24.com\\\/pt-pt\\\/2021\\\/06\\\/28\\\/cargologic-e-weckpoller-na-rede-logistica-da-alemanha-central\\\/\"},\"author\":{\"name\":\"\",\"@id\":\"\"},\"headline\":\"CargoLogic e Weck+Poller na Rede Log\u00edstica da Alemanha Central\",\"datePublished\":\"2021-06-28T16:02:36+00:00\",\"dateModified\":\"2025-12-15T12:09:17+00:00\",\"mainEntityOfPage\":{\"@id\":\"https:\\\/\\\/loginfo24.com\\\/pt-pt\\\/2021\\\/06\\\/28\\\/cargologic-e-weckpoller-na-rede-logistica-da-alemanha-central\\\/\"},\"wordCount\":612,\"commentCount\":0,\"publisher\":{\"@id\":\"https:\\\/\\\/loginfo24.com\\\/pt-pt\\\/#organization\"},\"image\":{\"@id\":\"https:\\\/\\\/loginfo24.com\\\/pt-pt\\\/2021\\\/06\\\/28\\\/cargologic-e-weckpoller-na-rede-logistica-da-alemanha-central\\\/#primaryimage\"},\"thumbnailUrl\":\"https:\\\/\\\/loginfo24.com\\\/wp-content\\\/uploads\\\/sites\\\/7\\\/2025\\\/12\\\/Netzwerk_MD_28.6.21_2.jpg\",\"articleSection\":[\"Forwarding &amp; Logistics\",\"Intermodal \\\/ Road\",\"Regions\"],\"inLanguage\":\"pt-PT\",\"potentialAction\":[{\"@type\":\"CommentAction\",\"name\":\"Comment\",\"target\":[\"https:\\\/\\\/loginfo24.com\\\/pt-pt\\\/2021\\\/06\\\/28\\\/cargologic-e-weckpoller-na-rede-logistica-da-alemanha-central\\\/#respond\"]}]},{\"@type\":\"WebPage\",\"@id\":\"https:\\\/\\\/loginfo24.com\\\/pt-pt\\\/2021\\\/06\\\/28\\\/cargologic-e-weckpoller-na-rede-logistica-da-alemanha-central\\\/\",\"url\":\"https:\\\/\\\/loginfo24.com\\\/pt-pt\\\/2021\\\/06\\\/28\\\/cargologic-e-weckpoller-na-rede-logistica-da-alemanha-central\\\/\",\"name\":\"CargoLogic e Weck+Poller na Rede Log\u00edstica da Alemanha Central - Loginfo24\",\"isPartOf\":{\"@id\":\"https:\\\/\\\/loginfo24.com\\\/pt-pt\\\/#website\"},\"primaryImageOfPage\":{\"@id\":\"https:\\\/\\\/loginfo24.com\\\/pt-pt\\\/2021\\\/06\\\/28\\\/cargologic-e-weckpoller-na-rede-logistica-da-alemanha-central\\\/#primaryimage\"},\"image\":{\"@id\":\"https:\\\/\\\/loginfo24.com\\\/pt-pt\\\/2021\\\/06\\\/28\\\/cargologic-e-weckpoller-na-rede-logistica-da-alemanha-central\\\/#primaryimage\"},\"thumbnailUrl\":\"https:\\\/\\\/loginfo24.com\\\/wp-content\\\/uploads\\\/sites\\\/7\\\/2025\\\/12\\\/Netzwerk_MD_28.6.21_2.jpg\",\"datePublished\":\"2021-06-28T16:02:36+00:00\",\"dateModified\":\"2025-12-15T12:09:17+00:00\",\"breadcrumb\":{\"@id\":\"https:\\\/\\\/loginfo24.com\\\/pt-pt\\\/2021\\\/06\\\/28\\\/cargologic-e-weckpoller-na-rede-logistica-da-alemanha-central\\\/#breadcrumb\"},\"inLanguage\":\"pt-PT\",\"potentialAction\":[{\"@type\":\"ReadAction\",\"target\":[\"https:\\\/\\\/loginfo24.com\\\/pt-pt\\\/2021\\\/06\\\/28\\\/cargologic-e-weckpoller-na-rede-logistica-da-alemanha-central\\\/\"]}]},{\"@type\":\"ImageObject\",\"inLanguage\":\"pt-PT\",\"@id\":\"https:\\\/\\\/loginfo24.com\\\/pt-pt\\\/2021\\\/06\\\/28\\\/cargologic-e-weckpoller-na-rede-logistica-da-alemanha-central\\\/#primaryimage\",\"url\":\"https:\\\/\\\/loginfo24.com\\\/wp-content\\\/uploads\\\/sites\\\/7\\\/2025\\\/12\\\/Netzwerk_MD_28.6.21_2.jpg\",\"contentUrl\":\"https:\\\/\\\/loginfo24.com\\\/wp-content\\\/uploads\\\/sites\\\/7\\\/2025\\\/12\\\/Netzwerk_MD_28.6.21_2.jpg\"},{\"@type\":\"BreadcrumbList\",\"@id\":\"https:\\\/\\\/loginfo24.com\\\/pt-pt\\\/2021\\\/06\\\/28\\\/cargologic-e-weckpoller-na-rede-logistica-da-alemanha-central\\\/#breadcrumb\",\"itemListElement\":[{\"@type\":\"ListItem\",\"position\":1,\"name\":\"Startseite\",\"item\":\"https:\\\/\\\/loginfo24.com\\\/pt-pt\\\/\"},{\"@type\":\"ListItem\",\"position\":2,\"name\":\"CargoLogic e Weck+Poller na Rede Log\u00edstica da Alemanha Central\"}]},{\"@type\":\"WebSite\",\"@id\":\"https:\\\/\\\/loginfo24.com\\\/pt-pt\\\/#website\",\"url\":\"https:\\\/\\\/loginfo24.com\\\/pt-pt\\\/\",\"name\":\"Loginfo24\",\"description\":\"Loginfo24 \u00e9 a plataforma dedicada \u00e0 log\u00edstica e \u00e0s cadeias de abastecimento, com informa\u00e7\u00f5es dispon\u00edveis 24 horas por dia.\",\"publisher\":{\"@id\":\"https:\\\/\\\/loginfo24.com\\\/pt-pt\\\/#organization\"},\"potentialAction\":[{\"@type\":\"SearchAction\",\"target\":{\"@type\":\"EntryPoint\",\"urlTemplate\":\"https:\\\/\\\/loginfo24.com\\\/pt-pt\\\/?s={search_term_string}\"},\"query-input\":{\"@type\":\"PropertyValueSpecification\",\"valueRequired\":true,\"valueName\":\"search_term_string\"}}],\"inLanguage\":\"pt-PT\"},{\"@type\":\"Organization\",\"@id\":\"https:\\\/\\\/loginfo24.com\\\/pt-pt\\\/#organization\",\"name\":\"Logismedia Group AG\",\"url\":\"https:\\\/\\\/loginfo24.com\\\/pt-pt\\\/\",\"logo\":{\"@type\":\"ImageObject\",\"inLanguage\":\"pt-PT\",\"@id\":\"https:\\\/\\\/loginfo24.com\\\/pt-pt\\\/#\\\/schema\\\/logo\\\/image\\\/\",\"url\":\"https:\\\/\\\/loginfo24.com\\\/wp-content\\\/uploads\\\/sites\\\/7\\\/2026\\\/01\\\/Logo_LogInfo24.png\",\"contentUrl\":\"https:\\\/\\\/loginfo24.com\\\/wp-content\\\/uploads\\\/sites\\\/7\\\/2026\\\/01\\\/Logo_LogInfo24.png\",\"width\":938,\"height\":351,\"caption\":\"Logismedia Group AG\"},\"image\":{\"@id\":\"https:\\\/\\\/loginfo24.com\\\/pt-pt\\\/#\\\/schema\\\/logo\\\/image\\\/\"},\"sameAs\":[\"https:\\\/\\\/www.facebook.com\\\/people\\\/Loginfo24\\\/100057360583332\\\/\",\"https:\\\/\\\/www.linkedin.com\\\/company\\\/lofinfo24\\\/\"]}]}<\/script>\n<!-- \/ Yoast SEO plugin. -->","yoast_head_json":{"title":"CargoLogic e Weck+Poller na Rede Log\u00edstica da Alemanha Central - Loginfo24","robots":{"index":"index","follow":"follow","max-snippet":"max-snippet:-1","max-image-preview":"max-image-preview:large","max-video-preview":"max-video-preview:-1"},"canonical":"https:\/\/loginfo24.com\/pt-pt\/2021\/06\/28\/cargologic-e-weckpoller-na-rede-logistica-da-alemanha-central\/","og_locale":"pt_PT","og_type":"article","og_title":"CargoLogic e Weck+Poller na Rede Log\u00edstica da Alemanha Central - Loginfo24","og_description":"Mais empresas se juntaram \u00e0 Rede Log\u00edstica da Alemanha Central. Com a companhia a\u00e9rea de carga CargoLogic Germany GmbH, com sede no Aeroporto de Leipzig\/Halle, e [\u2026]","og_url":"https:\/\/loginfo24.com\/pt-pt\/2021\/06\/28\/cargologic-e-weckpoller-na-rede-logistica-da-alemanha-central\/","og_site_name":"Loginfo24","article_publisher":"https:\/\/www.facebook.com\/people\/Loginfo24\/100057360583332\/","article_published_time":"2021-06-28T16:02:36+00:00","article_modified_time":"2025-12-15T12:09:17+00:00","og_image":[{"url":"https:\/\/loginfo24.com\/wp-content\/uploads\/sites\/7\/2025\/12\/Netzwerk_MD_28.6.21_2.jpg","type":"","width":"","height":""}],"twitter_card":"summary_large_image","twitter_misc":{"Tempo estimado de leitura":"3 minutos"},"schema":{"@context":"https:\/\/schema.org","@graph":[{"@type":"Article","@id":"https:\/\/loginfo24.com\/pt-pt\/2021\/06\/28\/cargologic-e-weckpoller-na-rede-logistica-da-alemanha-central\/#article","isPartOf":{"@id":"https:\/\/loginfo24.com\/pt-pt\/2021\/06\/28\/cargologic-e-weckpoller-na-rede-logistica-da-alemanha-central\/"},"author":{"name":"","@id":""},"headline":"CargoLogic e Weck+Poller na Rede Log\u00edstica da Alemanha Central","datePublished":"2021-06-28T16:02:36+00:00","dateModified":"2025-12-15T12:09:17+00:00","mainEntityOfPage":{"@id":"https:\/\/loginfo24.com\/pt-pt\/2021\/06\/28\/cargologic-e-weckpoller-na-rede-logistica-da-alemanha-central\/"},"wordCount":612,"commentCount":0,"publisher":{"@id":"https:\/\/loginfo24.com\/pt-pt\/#organization"},"image":{"@id":"https:\/\/loginfo24.com\/pt-pt\/2021\/06\/28\/cargologic-e-weckpoller-na-rede-logistica-da-alemanha-central\/#primaryimage"},"thumbnailUrl":"https:\/\/loginfo24.com\/wp-content\/uploads\/sites\/7\/2025\/12\/Netzwerk_MD_28.6.21_2.jpg","articleSection":["Forwarding &amp; Logistics","Intermodal \/ Road","Regions"],"inLanguage":"pt-PT","potentialAction":[{"@type":"CommentAction","name":"Comment","target":["https:\/\/loginfo24.com\/pt-pt\/2021\/06\/28\/cargologic-e-weckpoller-na-rede-logistica-da-alemanha-central\/#respond"]}]},{"@type":"WebPage","@id":"https:\/\/loginfo24.com\/pt-pt\/2021\/06\/28\/cargologic-e-weckpoller-na-rede-logistica-da-alemanha-central\/","url":"https:\/\/loginfo24.com\/pt-pt\/2021\/06\/28\/cargologic-e-weckpoller-na-rede-logistica-da-alemanha-central\/","name":"CargoLogic e Weck+Poller na Rede Log\u00edstica da Alemanha Central - Loginfo24","isPartOf":{"@id":"https:\/\/loginfo24.com\/pt-pt\/#website"},"primaryImageOfPage":{"@id":"https:\/\/loginfo24.com\/pt-pt\/2021\/06\/28\/cargologic-e-weckpoller-na-rede-logistica-da-alemanha-central\/#primaryimage"},"image":{"@id":"https:\/\/loginfo24.com\/pt-pt\/2021\/06\/28\/cargologic-e-weckpoller-na-rede-logistica-da-alemanha-central\/#primaryimage"},"thumbnailUrl":"https:\/\/loginfo24.com\/wp-content\/uploads\/sites\/7\/2025\/12\/Netzwerk_MD_28.6.21_2.jpg","datePublished":"2021-06-28T16:02:36+00:00","dateModified":"2025-12-15T12:09:17+00:00","breadcrumb":{"@id":"https:\/\/loginfo24.com\/pt-pt\/2021\/06\/28\/cargologic-e-weckpoller-na-rede-logistica-da-alemanha-central\/#breadcrumb"},"inLanguage":"pt-PT","potentialAction":[{"@type":"ReadAction","target":["https:\/\/loginfo24.com\/pt-pt\/2021\/06\/28\/cargologic-e-weckpoller-na-rede-logistica-da-alemanha-central\/"]}]},{"@type":"ImageObject","inLanguage":"pt-PT","@id":"https:\/\/loginfo24.com\/pt-pt\/2021\/06\/28\/cargologic-e-weckpoller-na-rede-logistica-da-alemanha-central\/#primaryimage","url":"https:\/\/loginfo24.com\/wp-content\/uploads\/sites\/7\/2025\/12\/Netzwerk_MD_28.6.21_2.jpg","contentUrl":"https:\/\/loginfo24.com\/wp-content\/uploads\/sites\/7\/2025\/12\/Netzwerk_MD_28.6.21_2.jpg"},{"@type":"BreadcrumbList","@id":"https:\/\/loginfo24.com\/pt-pt\/2021\/06\/28\/cargologic-e-weckpoller-na-rede-logistica-da-alemanha-central\/#breadcrumb","itemListElement":[{"@type":"ListItem","position":1,"name":"Startseite","item":"https:\/\/loginfo24.com\/pt-pt\/"},{"@type":"ListItem","position":2,"name":"CargoLogic e Weck+Poller na Rede Log\u00edstica da Alemanha Central"}]},{"@type":"WebSite","@id":"https:\/\/loginfo24.com\/pt-pt\/#website","url":"https:\/\/loginfo24.com\/pt-pt\/","name":"Loginfo24","description":"Loginfo24 \u00e9 a plataforma dedicada \u00e0 log\u00edstica e \u00e0s cadeias de abastecimento, com informa\u00e7\u00f5es dispon\u00edveis 24 horas por dia.","publisher":{"@id":"https:\/\/loginfo24.com\/pt-pt\/#organization"},"potentialAction":[{"@type":"SearchAction","target":{"@type":"EntryPoint","urlTemplate":"https:\/\/loginfo24.com\/pt-pt\/?s={search_term_string}"},"query-input":{"@type":"PropertyValueSpecification","valueRequired":true,"valueName":"search_term_string"}}],"inLanguage":"pt-PT"},{"@type":"Organization","@id":"https:\/\/loginfo24.com\/pt-pt\/#organization","name":"Logismedia Group AG","url":"https:\/\/loginfo24.com\/pt-pt\/","logo":{"@type":"ImageObject","inLanguage":"pt-PT","@id":"https:\/\/loginfo24.com\/pt-pt\/#\/schema\/logo\/image\/","url":"https:\/\/loginfo24.com\/wp-content\/uploads\/sites\/7\/2026\/01\/Logo_LogInfo24.png","contentUrl":"https:\/\/loginfo24.com\/wp-content\/uploads\/sites\/7\/2026\/01\/Logo_LogInfo24.png","width":938,"height":351,"caption":"Logismedia Group AG"},"image":{"@id":"https:\/\/loginfo24.com\/pt-pt\/#\/schema\/logo\/image\/"},"sameAs":["https:\/\/www.facebook.com\/people\/Loginfo24\/100057360583332\/","https:\/\/www.linkedin.com\/company\/lofinfo24\/"]}]}},"_links":{"self":[{"href":"https:\/\/loginfo24.com\/pt-pt\/wp-json\/wp\/v2\/posts\/27299","targetHints":{"allow":["GET"]}}],"collection":[{"href":"https:\/\/loginfo24.com\/pt-pt\/wp-json\/wp\/v2\/posts"}],"about":[{"href":"https:\/\/loginfo24.com\/pt-pt\/wp-json\/wp\/v2\/types\/post"}],"replies":[{"embeddable":true,"href":"https:\/\/loginfo24.com\/pt-pt\/wp-json\/wp\/v2\/comments?post=27299"}],"version-history":[{"count":1,"href":"https:\/\/loginfo24.com\/pt-pt\/wp-json\/wp\/v2\/posts\/27299\/revisions"}],"predecessor-version":[{"id":48864,"href":"https:\/\/loginfo24.com\/pt-pt\/wp-json\/wp\/v2\/posts\/27299\/revisions\/48864"}],"wp:attachment":[{"href":"https:\/\/loginfo24.com\/pt-pt\/wp-json\/wp\/v2\/media?parent=27299"}],"wp:term":[{"taxonomy":"category","embeddable":true,"href":"https:\/\/loginfo24.com\/pt-pt\/wp-json\/wp\/v2\/categories?post=27299"},{"taxonomy":"post_tag","embeddable":true,"href":"https:\/\/loginfo24.com\/pt-pt\/wp-json\/wp\/v2\/tags?post=27299"}],"curies":[{"name":"wp","href":"https:\/\/api.w.org\/{rel}","templated":true}]}}